{"id":4596,"date":"2009-09-25T23:11:31","date_gmt":"2009-09-25T22:11:31","guid":{"rendered":"http:\/\/www.hohenlohe-ungefiltert.de\/?p=4596"},"modified":"2009-09-26T12:43:59","modified_gmt":"2009-09-26T11:43:59","slug":"wir-mussen-vom-marktradikalismus-wegkommen-%e2%80%93-interview-mit-erhard-eppler-spd","status":"publish","type":"post","link":"https:\/\/www.hohenlohe-ungefiltert.de\/?p=4596","title":{"rendered":"&#8222;Wir m\u00fcssen vom Marktradikalismus wegkommen&#8220; \u2013 Ungefiltert-Interview mit Erhard Eppler (SPD) zum Anh\u00f6ren"},"content":{"rendered":"<p><strong>Nach einem Vortrag in der Schw\u00e4bisch Haller Hospitalkirche hat Erhard Eppler (SPD) heute (Freitag, 25. September 2009) mit Hohenlohe-ungefiltert \u00fcber die Gefahren des Marktradikalismus, aber auch \u00fcber guten und schlechten Journalismus gesprochen. Sein Urteil \u00fcber die lokalen Bl\u00e4tter im Landkreis Schw\u00e4bisch Hall: Die S\u00fcdwestpresse ist eine Provinzzeitung.<\/strong><\/p>\n<p><em>Von Ralf Garmatter, Hohenlohe-ungefiltert<\/em><\/p>\n<p><strong>Das Interview mit Erhard Eppler zum Nachh\u00f6ren <\/strong>(einfach auf den folgenden Link klicken)<strong>:<\/strong><a href=\"https:\/\/www.hohenlohe-ungefiltert.de\/wp-content\/uploads\/2009\/09\/Interview_Erhard_Eppler.mp3\"> Interview_Erhard_Eppler<\/a><\/p>\n<p><strong>Weitere Informationen zu Erhard Eppler im Internet:<\/strong><\/p>\n<p><a href=\"http:\/\/de.wikipedia.org\/wiki\/Erhard_Eppler\" target=\"_blank\">http:\/\/de.wikipedia.org\/wiki\/Erhard_Eppler<\/a><\/p>\n<p><a href=\"http:\/\/www.erhard-eppler.de\/\" target=\"_blank\">www.erhard-eppler.de\/<\/a><\/p>\n<p><a href=\"http:\/\/www.suhrkamp.de\/autoren\/erhard_eppler_1140.html\" target=\"_blank\">www.suhrkamp.de\/autoren\/erhard_eppler_1140.html<\/a><\/p>\n<p><a href=\"http:\/\/www.vorwaerts.de\/artikel\/das-besondere-lexikon\" target=\"_blank\">www.vorwaerts.de\/artikel\/das-besondere-lexikon<\/a><\/p>\n<p><a href=\"http:\/\/www.sueddeutsche.de\/politik\/332\/486744\/text\/\" target=\"_blank\">www.sueddeutsche.de\/politik\/332\/486744\/text\/<\/a><\/p>\n<p><a href=\"http:\/\/www.sueddeutsche.de\/politik\/354\/482805\/text\/\" target=\"_blank\">www.sueddeutsche.de\/politik\/354\/482805\/text\/<\/a><\/p>\n<p><a href=\"http:\/\/www.sueddeutsche.de\/politik\/293\/471824\/text\/\" target=\"_blank\">www.sueddeutsche.de\/politik\/293\/471824\/text\/<\/a><\/p>\n<p><a href=\"http:\/\/www.sueddeutsche.de\/politik\/713\/486132\/text\/\" target=\"_blank\">www.sueddeutsche.de\/politik\/713\/486132\/text\/<\/a><\/p>\n<div class=\"pdf24Plugin-cp\"> \t<form name=\"pdf24Form0\" method=\"post\" action=\"https:\/\/doc2pdf.pdf24.org\/wordpress.php\" target=\"pdf24PopWin\" onsubmit=\"var pdf24Win = window.open('about:blank', 'pdf24PopWin', 'resizable=yes,scrollbars=yes,width=600,height=250,left='+(screen.width\/2-300)+',top='+(screen.height\/3-125)+''); pdf24Win.focus(); if(typeof pdf24OnCreatePDF === 'function'){void(pdf24OnCreatePDF(this,pdf24Win));}\"> \t\t<input type=\"hidden\" name=\"blogCharset\" value=\"Cw1x07UAAA==\" \/><input type=\"hidden\" name=\"blogPosts\" value=\"MwQA\" \/><input type=\"hidden\" name=\"blogUrl\" value=\"yygpKSi20tcvLy\/Xy8jPSM3LARK6pXnpqWmZOSWpRSV6KakA\" \/><input type=\"hidden\" name=\"blogName\" value=\"88jPSM3LARK6pXnpqWmZOSWpRSUA\" \/><input type=\"hidden\" name=\"blogValueEncoding\" value=\"gzdeflate base64\" \/><input type=\"hidden\" name=\"postId_0\" value=\"MzG1NAMA\" \/><input type=\"hidden\" name=\"postTitle_0\" value=\"U1O2MDIysg7PLFLIPbynuDg1T6EsP1fBN7Eou6QoMSUzOzEnszi3tFihPDU9Oz83NzVPDaTDwFrhUcNkhdC89NS0zJyS1KISXc88IFWWmVqukJtZouBalJFYlKLgWlCQk1qkoBEc4KKpUFWaq+CYl3F4W1FqHgA=\" \/><input type=\"hidden\" name=\"postLink_0\" value=\"yygpKSi20tcvLy\/Xy8jPSM3LARK6pXnpqWmZOSWpRSV6Kan69gW2JqaWZgA=\" \/><input type=\"hidden\" name=\"postAuthor_0\" value=\"AwA=\" \/><input type=\"hidden\" name=\"postDateTime_0\" value=\"MzIwsNQFIiNTBSNjKwNLK2NDAA==\" \/><input type=\"hidden\" name=\"postContent_0\" value=\"nZTPbhoxEMbvfYoRp0QKa\/6lJIhwqJImrdIqKmp6RAbP7lrrtS3bm414njxDT7nxYh1DShMgSoqEVuzufN\/85hvD0I6GPjijs9F3PssBpcYSbo0LjmcgNQh0MJ7l9eJhKj0VXHGl6NGV8VYGrgrpZjlCzgNcuJw7ARfWxoKD8c35IeRYBYSDzw6pODuCznECY7QByynVdFqt00MoZSC7HLWiS7PSGaZSBXQBFo+xSkiES0x57jDiePjGXUF4QhZcSV9W\/gh4LOQV8a00GbXVUGkBxKxwlsfbr6Zy+kkCGXrrDLHrSESD\/nQBpXrWUxnyJ9kntXgIxAOyhGuuRUHD+K1MBnBOmvHiUdTog3XoPYL0YZko3DhzJ\/V8TjHQgMmQPWU+ZHb0YUg7wHJ0azT84CqFS+5KHjse7c5lyKh6rXxyOucevmh6fSexXmb6ch\/zqoS44XzxO+a4JjggvjRunlcppashNSpDHb9dS11AoeSsQH34t8\/gHzsHWkl61shDsH7AWF3XSb4LOBHIatucGeLTgVVWGS48i+tn9FljT1bIkxVyUtpuYwSvvB0yvpXBL4oXHZIkNTFCaTSNMa82oqA9Lk01hsH2Jp5PRUMJTGpZSItC8sS4jMU79gKlAYG7DMNZYzJVXBeN0fu1L8bYaB3zxGVxE1eJUI7bzXaWveXrq9wVvLSxllfB0JlgK5PJymTSbvdaSR5Ktbvjfxi8xXJnXM3pmPillwuyQMUE980pekMn0WFT4b0sjN6N8n7926mgEPSXRT9qjGbWKEl2rNvtsN7Jx36vxwLeB\/ZaJO9T701x3COfzknreC+KDfW+FJ3TLuv12yedvbLYVO9L0W93Y6ZtinYPik31muIP\" \/> \t\t<a href=\"https:\/\/www.pdf24.org\" target=\"_blank\" title=\"www.pdf24.org\" rel=\"nofollow\"><img src=\"https:\/\/www.hohenlohe-ungefiltert.de\/wp-content\/plugins\/pdf24-post-to-pdf\/img\/pdf_32x32.png\" alt=\"\" border=\"0\" height=\"32\" \/><\/a> \t\t<span class=\"pdf24Plugin-cp-space\">&nbsp;&nbsp;<\/span> \t\t<span class=\"pdf24Plugin-cp-text\">Sende Artikel als PDF<\/span> \t\t<span class=\"pdf24Plugin-cp-space\">&nbsp;&nbsp;<\/span> \t\t<input class=\"pdf24Plugin-cp-input\" style=\"margin: 0px;\" type=\"text\" name=\"sendEmailTo\" placeholder=\"Emailadresse\" \/> \t\t<input class=\"pdf24Plugin-cp-submit\" style=\"margin: 0px;\" type=\"submit\" value=\"Senden\" \/> \t<\/form> <\/div>","protected":false},"excerpt":{"rendered":"<p>Nach einem Vortrag in der Schw\u00e4bisch Haller Hospitalkirche hat Erhard Eppler (SPD) heute (Freitag, 25. September 2009) mit Hohenlohe-ungefiltert \u00fcber die Gefahren des Marktradikalismus, aber auch \u00fcber guten und schlechten Journalismus gesprochen. Sein Urteil \u00fcber die lokalen Bl\u00e4tter im Landkreis Schw\u00e4bisch Hall: Die S\u00fcdwestpresse ist eine Provinzzeitung. Von Ralf Garmatter, Hohenlohe-ungefiltert Das Interview mit Erhard [&hellip;]<\/p>\n","protected":false},"author":3,"featured_media":0,"comment_status":"open","ping_status":"open","sticky":false,"template":"","format":"standard","meta":[],"categories":[],"tags":[],"_links":{"self":[{"href":"https:\/\/www.hohenlohe-ungefiltert.de\/index.php?rest_route=\/wp\/v2\/posts\/4596"}],"collection":[{"href":"https:\/\/www.hohenlohe-ungefiltert.de\/index.php?rest_route=\/wp\/v2\/posts"}],"about":[{"href":"https:\/\/www.hohenlohe-ungefiltert.de\/index.php?rest_route=\/wp\/v2\/types\/post"}],"author":[{"embeddable":true,"href":"https:\/\/www.hohenlohe-ungefiltert.de\/index.php?rest_route=\/wp\/v2\/users\/3"}],"replies":[{"embeddable":true,"href":"https:\/\/www.hohenlohe-ungefiltert.de\/index.php?rest_route=%2Fwp%2Fv2%2Fcomments&post=4596"}],"version-history":[{"count":6,"href":"https:\/\/www.hohenlohe-ungefiltert.de\/index.php?rest_route=\/wp\/v2\/posts\/4596\/revisions"}],"predecessor-version":[{"id":4602,"href":"https:\/\/www.hohenlohe-ungefiltert.de\/index.php?rest_route=\/wp\/v2\/posts\/4596\/revisions\/4602"}],"wp:attachment":[{"href":"https:\/\/www.hohenlohe-ungefiltert.de\/index.php?rest_route=%2Fwp%2Fv2%2Fmedia&parent=4596"}],"wp:term":[{"taxonomy":"category","embeddable":true,"href":"https:\/\/www.hohenlohe-ungefiltert.de\/index.php?rest_route=%2Fwp%2Fv2%2Fcategories&post=4596"},{"taxonomy":"post_tag","embeddable":true,"href":"https:\/\/www.hohenlohe-ungefiltert.de\/index.php?rest_route=%2Fwp%2Fv2%2Ftags&post=4596"}],"curies":[{"name":"wp","href":"https:\/\/api.w.org\/{rel}","templated":true}]}}