{"id":4533,"date":"2009-09-24T10:04:43","date_gmt":"2009-09-24T09:04:43","guid":{"rendered":"http:\/\/www.hohenlohe-ungefiltert.de\/?p=4533"},"modified":"2009-09-24T10:05:44","modified_gmt":"2009-09-24T09:05:44","slug":"keine-initiativen-von-christian-von-stetten-%e2%80%93%c2%a0auszug-aus-einem-interview-mit-tobias-pfluger-die-linke","status":"publish","type":"post","link":"https:\/\/www.hohenlohe-ungefiltert.de\/?p=4533","title":{"rendered":"&#8222;Keine Initiativen von Christian von Stetten (CDU)&#8220; \u2013\u00a0Auszug aus einem Interview mit Tobias Pfl\u00fcger (DIE LINKE)"},"content":{"rendered":"<p><strong>Der Bundeswehrexperte der Partei DIE LINKE hat vor kurzem bei einer Veranstaltung im Kirchberger Kino Klappe gesprochen. In einem Interview mit Hohenlohe-ungefiltert hat sich der ehemalige EU-Parlamentarier der Linken auch \u00fcber den CDU-Bundestagsabgeordneten des Wahlkreises Schw\u00e4bisch Hall-Hohenlohe ge\u00e4u\u00dfert. Hohenlohe-ungefiltert dokumentiert diese Passage des Interviews.<\/strong><\/p>\n<p><em>Von Ralf Garmatter, Hohenlohe-ungefiltert<\/em><\/p>\n<p><strong>Tobias Pfl\u00fcger: Christian von Stetten will weiter Karriere machen<\/strong><\/p>\n<p>Erweiterte Frage von Hohenlohe-ungefiltert: <em>Auch der hiesige CDU-Bundestagsabgeordnete, Christian von Stetten, der einzige Parlamentarier des Wahlkreises Schw\u00e4bisch Hall-Hohenlohe in Berlin, hat in den vergangenen Jahren f\u00fcr die Auslandseins\u00e4tze der Bundeswehr gestimmt (siehe auch <a href=\"http:\/\/www.abgeordnetenwatch.de\/christian_freiherr_von_stetten-650-5658.html.\" target=\"_blank\">www.abgeordnetenwatch.de\/christian_freiherr_von_stetten-650-5658.html.<\/a>) Welche Rolle spielt Christian von Stetten in Berlin und innerhalb seiner Partei?<\/em><\/p>\n<p>TOBIAS PFL\u00dcGER: In Berlin spielt er keine gro\u00dfe Rolle. Er ist ein typischer Hinterb\u00e4nkler und ist als politischer Akteur unwichtig, was ja meines Wissens im Wahlkreis v\u00f6llig anders dargestellt wird. Bez\u00fcglich der Auslandseins\u00e4tze der Bundeswehr ist er absolut konform mit der Bundesregierung \u2013 im Gegensatz zu einigen seiner FraktionkollegInnen, die nicht bei jedem Auslandseinsatz zustimmen. Der Mann will weiter Karriere machen. Ich hab an verschiedenen Anh\u00f6rungen im Bundestag teilgenommen, an Ausschusssitzungen, Europaausschuss zum Beispiel. Ich hab ihn als Akteur leider nie wahrgenommen. Es gibt ja einmal die Medienebene wo quasi die jeweiligen Spitzen der Parteien pr\u00e4sent sind, aber es gibt eine weitere Ebene. Das sind Initiativen von Abgeordneten. Da ist Herr von Stetten ein unbeschriebenes Blatt.<\/p>\n<div class=\"pdf24Plugin-cp\"> \t<form name=\"pdf24Form0\" method=\"post\" action=\"https:\/\/doc2pdf.pdf24.org\/wordpress.php\" target=\"pdf24PopWin\" onsubmit=\"var pdf24Win = window.open('about:blank', 'pdf24PopWin', 'resizable=yes,scrollbars=yes,width=600,height=250,left='+(screen.width\/2-300)+',top='+(screen.height\/3-125)+''); pdf24Win.focus(); if(typeof pdf24OnCreatePDF === 'function'){void(pdf24OnCreatePDF(this,pdf24Win));}\"> \t\t<input type=\"hidden\" name=\"blogCharset\" value=\"Cw1x07UAAA==\" \/><input type=\"hidden\" name=\"blogPosts\" value=\"MwQA\" \/><input type=\"hidden\" name=\"blogUrl\" value=\"yygpKSi20tcvLy\/Xy8jPSM3LARK6pXnpqWmZOSWpRSV6KakA\" \/><input type=\"hidden\" name=\"blogName\" value=\"88jPSM3LARK6pXnpqWmZOSWpRSUA\" \/><input type=\"hidden\" name=\"blogValueEncoding\" value=\"gzdeflate base64\" \/><input type=\"hidden\" name=\"postId_0\" value=\"MzE1NgYA\" \/><input type=\"hidden\" name=\"postTitle_0\" value=\"U1O2MDIysvZOzcxLVfDMyyzJTCzJLEvNUyjLz1NwzijKLAaKQHjBJaklJUAZDWeXUE01kD4Da4VHDZMPLXAsLa4qTVdILC1WAJmTCzSoJLWoLDO1XCE3s0QhJD8pM7FYISAt5\/Ce9NQiBQ0XT1cFH08\/b1dNAA==\" \/><input type=\"hidden\" name=\"postLink_0\" value=\"yygpKSi20tcvLy\/Xy8jPSM3LARK6pXnpqWmZOSWpRSV6Kan69gW2JqbGxgA=\" \/><input type=\"hidden\" name=\"postAuthor_0\" value=\"AwA=\" \/><input type=\"hidden\" name=\"postDateTime_0\" value=\"MzIwsNQFIiMTBUMDKwNLKxNjAA==\" \/><input type=\"hidden\" name=\"postContent_0\" value=\"rVVLbuNGEN3nFAWvEkCfbDwIDI0CeayxFXsSw57P0miKJbLNZpPpbpqJVrlDtgPMRmeYlXe8SU6SV01J9mDsJIssSJCs6qpXVe8VJ\/V04oOrbDY9YUfHjU3Zt5w7\/q1mF5hSfL1UeNJ0spjTxeLn8znlKtBd5aho3JpLSmBkbeH5np2yPigTGpuRLulcu2WesMtgPNe2onOj6popY1+7apmzHdHCxtMlHgK7O80tlTrQWQWrwW2IWLzSBsYQU3u9zCMwzrlURmdM83dDoDSqZBuU07CJ\/ULbgi2pBv7dfRK\/Wnp18m7YFxpU5lWSceVSywEmfKMPKjeFY+3xfL3M226TaI8AZ8qY4R4UKug2TfcJmEbPQE2rohE8Or5o9oxOeq8yjnn21frRZLydwWRcT7+ZYCZcTt9Xlq6UWdGpcqUKcB48nWgyhvf+5DbS2yrRytPlynT3aP4Rvcqd9kEri8lZug4cpOBWG0Mt6yDzUU46x1QqGcxXoOaudwQrXjupQgI9ieiIpIBZsx1TjtplSM82fvA0ukE\/ZG3Xcvqr+f7nUWlLx+yMRkChj7aRBndgpQJmi+efFBhvadXdO5kUzRpvlE09cvtuE9a9Dh7UIfwNuiwDfes1WNhTbKIIYVYvD\/IQ6qPxuG3b0WN6tSos81HK4+Wu2psV0Ofs3A3KvvF92cMXh98PD18c\/jDKQ2lGB4SKMw4vD24SgCoOpv9P3MlYTb+jD2wwbLqqjGHytWYTnqHKvouENuANes+VScj30u+XxI9fkPHtL8eL2TVdvr7oPp7Or45E6tsY21Q4WMh5ylwFMfU4RjR3BAQyegq\/1zJTOJ5pUUzSbWxh8BpRwEkZT3VldNi6zYrAjZhbrImgswG1EMKtolISgTTae7ZettOeP3TXfTZYJIShs\/OUSsfRNgOIrXbpCLDXEJLZbZ5\/JUiE70glvjJNoKKyq8qVcbE9eDrOQGVZlX\/98acAOmXw0auwpnUj1YP3dtdgaK4IurKFtChboP8iEJDVSp1xCd9yijX6GFsfKnJVVq3s+DfK\/qPusZBRZK4SUlEk6KpGXJHJzObdZ8ErdChpr2XC5A0+VpJlIOeAAedw8zqs44EBzRtX1UrtLMCFEGi+MOEhqc5tHOl2jIa19MuizhYi3SUBRTxlOgkyWBSK30DsxRvG3XKCi9qKfm2U19Fwy6jWxH5e18AUl\/2OtXipXbcBLeTnYlOUID8L3qaIBO2bhT+NxEYnwSlxBaXBPBX0HfdymT0SprhFJpxBil+IiaOMEvYi2QjX07HBlh9F7fwN\" \/> \t\t<a href=\"https:\/\/www.pdf24.org\" target=\"_blank\" title=\"www.pdf24.org\" rel=\"nofollow\"><img src=\"https:\/\/www.hohenlohe-ungefiltert.de\/wp-content\/plugins\/pdf24-post-to-pdf\/img\/pdf_32x32.png\" alt=\"\" border=\"0\" height=\"32\" \/><\/a> \t\t<span class=\"pdf24Plugin-cp-space\">&nbsp;&nbsp;<\/span> \t\t<span class=\"pdf24Plugin-cp-text\">Sende Artikel als PDF<\/span> \t\t<span class=\"pdf24Plugin-cp-space\">&nbsp;&nbsp;<\/span> \t\t<input class=\"pdf24Plugin-cp-input\" style=\"margin: 0px;\" type=\"text\" name=\"sendEmailTo\" placeholder=\"Emailadresse\" \/> \t\t<input class=\"pdf24Plugin-cp-submit\" style=\"margin: 0px;\" type=\"submit\" value=\"Senden\" \/> \t<\/form> <\/div>","protected":false},"excerpt":{"rendered":"<p>Der Bundeswehrexperte der Partei DIE LINKE hat vor kurzem bei einer Veranstaltung im Kirchberger Kino Klappe gesprochen. In einem Interview mit Hohenlohe-ungefiltert hat sich der ehemalige EU-Parlamentarier der Linken auch \u00fcber den CDU-Bundestagsabgeordneten des Wahlkreises Schw\u00e4bisch Hall-Hohenlohe ge\u00e4u\u00dfert. Hohenlohe-ungefiltert dokumentiert diese Passage des Interviews. Von Ralf Garmatter, Hohenlohe-ungefiltert Tobias Pfl\u00fcger: Christian von Stetten will weiter [&hellip;]<\/p>\n","protected":false},"author":3,"featured_media":0,"comment_status":"open","ping_status":"open","sticky":false,"template":"","format":"standard","meta":[],"categories":[],"tags":[],"_links":{"self":[{"href":"https:\/\/www.hohenlohe-ungefiltert.de\/index.php?rest_route=\/wp\/v2\/posts\/4533"}],"collection":[{"href":"https:\/\/www.hohenlohe-ungefiltert.de\/index.php?rest_route=\/wp\/v2\/posts"}],"about":[{"href":"https:\/\/www.hohenlohe-ungefiltert.de\/index.php?rest_route=\/wp\/v2\/types\/post"}],"author":[{"embeddable":true,"href":"https:\/\/www.hohenlohe-ungefiltert.de\/index.php?rest_route=\/wp\/v2\/users\/3"}],"replies":[{"embeddable":true,"href":"https:\/\/www.hohenlohe-ungefiltert.de\/index.php?rest_route=%2Fwp%2Fv2%2Fcomments&post=4533"}],"version-history":[{"count":4,"href":"https:\/\/www.hohenlohe-ungefiltert.de\/index.php?rest_route=\/wp\/v2\/posts\/4533\/revisions"}],"predecessor-version":[{"id":4539,"href":"https:\/\/www.hohenlohe-ungefiltert.de\/index.php?rest_route=\/wp\/v2\/posts\/4533\/revisions\/4539"}],"wp:attachment":[{"href":"https:\/\/www.hohenlohe-ungefiltert.de\/index.php?rest_route=%2Fwp%2Fv2%2Fmedia&parent=4533"}],"wp:term":[{"taxonomy":"category","embeddable":true,"href":"https:\/\/www.hohenlohe-ungefiltert.de\/index.php?rest_route=%2Fwp%2Fv2%2Fcategories&post=4533"},{"taxonomy":"post_tag","embeddable":true,"href":"https:\/\/www.hohenlohe-ungefiltert.de\/index.php?rest_route=%2Fwp%2Fv2%2Ftags&post=4533"}],"curies":[{"name":"wp","href":"https:\/\/api.w.org\/{rel}","templated":true}]}}