{"id":4505,"date":"2009-09-23T11:16:25","date_gmt":"2009-09-23T10:16:25","guid":{"rendered":"http:\/\/www.hohenlohe-ungefiltert.de\/?p=4505"},"modified":"2009-09-23T11:16:25","modified_gmt":"2009-09-23T10:16:25","slug":"letzte-gelegenheiten-zum-gesprach-vor-der-wahl-harald-ebner-an-infostanden-in-ohringen-und-niedernhall","status":"publish","type":"post","link":"https:\/\/www.hohenlohe-ungefiltert.de\/?p=4505","title":{"rendered":"Letzte Gelegenheiten zum Gespr\u00e4ch vor der Wahl: Harald Ebner an Infost\u00e4nden in \u00d6hringen und Niedernhall"},"content":{"rendered":"<p>Der Bundestagskandidat Harald Ebner (B\u00fcndnis 90\/Die Gr\u00fcnen) ist am  Samstag, 26. September 2009, von 9 Uhr bis 10.30 Uhr am Infostand in \u00d6hringen anzutreffen. Anschlie\u00dfend f\u00e4hrt er weiter nach Niedernhall und stellt sich auch dort den Fragen der W\u00e4hlerinnen und W\u00e4hler. Dies ist vor der Bundestagswahl am Sonntag, 27. September 2009 eine letzte gute Gelegenheit f\u00fcr B\u00fcrgerinnen und B\u00fcrger, um mit Harald Ebner ins Gespr\u00e4ch zu kommen. (<em>Pressemitteilung des Gr\u00fcnen-Kreisb\u00fcros Schw\u00e4bisch Hall<\/em>)<\/p>\n<div class=\"pdf24Plugin-cp\"> \t<form name=\"pdf24Form0\" method=\"post\" action=\"https:\/\/doc2pdf.pdf24.org\/wordpress.php\" target=\"pdf24PopWin\" onsubmit=\"var pdf24Win = window.open('about:blank', 'pdf24PopWin', 'resizable=yes,scrollbars=yes,width=600,height=250,left='+(screen.width\/2-300)+',top='+(screen.height\/3-125)+''); pdf24Win.focus(); if(typeof pdf24OnCreatePDF === 'function'){void(pdf24OnCreatePDF(this,pdf24Win));}\"> \t\t<input type=\"hidden\" name=\"blogCharset\" value=\"Cw1x07UAAA==\" \/><input type=\"hidden\" name=\"blogPosts\" value=\"MwQA\" \/><input type=\"hidden\" name=\"blogUrl\" value=\"yygpKSi20tcvLy\/Xy8jPSM3LARK6pXnpqWmZOSWpRSV6KakA\" \/><input type=\"hidden\" name=\"blogName\" value=\"88jPSM3LARK6pXnpqWmZOSWpRSUA\" \/><input type=\"hidden\" name=\"blogValueEncoding\" value=\"gzdeflate base64\" \/><input type=\"hidden\" name=\"postId_0\" value=\"MzE1MAUA\" \/><input type=\"hidden\" name=\"postTitle_0\" value=\"DczBDcJADETRVqaO3BGJhLhyNlkTr2QmyNlwSCFUkE62MXz90vs3bUdTXNV1UZrWpsSxv7Nsn+jnbPiugaKBh5gPGCXECy5PZhJi4mvdWj9ZElai\/ywq84WdBfeqSWni\/gc=\" \/><input type=\"hidden\" name=\"postLink_0\" value=\"yygpKSi20tcvLy\/Xy8jPSM3LARK6pXnpqWmZOSWpRSV6Kan69gW2JqYGpgA=\" \/><input type=\"hidden\" name=\"postAuthor_0\" value=\"AwA=\" \/><input type=\"hidden\" name=\"postDateTime_0\" value=\"MzIwsNQFIiNjBUNDKwNLKyNTAA==\" \/><input type=\"hidden\" name=\"postContent_0\" value=\"XVHLSgNBELz7FXU0EJNVQQmEgMEngghBPE8ynZ0hs71hZjaBfIhXL\/kMb\/tjVmJEyaWH6e6q6uoeLke3EjFu1ErKpkwLo9Zbk\/FoogkWd1Nl\/XTcfqlVnzAo+rde8BCZEO3ApwxTARNT7fBdXFz1MJFllmpK4EVRDLpY1YoB3lzElBTnRe+y2P8IfNJ5TaBaeEX74aLXUhRGN02OMp+L9nCjaeaCl\/ZT2Ddvty5mkHwtPvNRM3N48WIlqjMhgGaQsoSQkTxrpmGwNUGW1PfR7BTYjXdSBaEkrexRh0QP9Jj23lZ13Lf+bWhtXNhNPqlVfxxfHzuGeBUEyZssKBuGBwlCVceJaeCLfAzlf+lDooumQuWP9u81kSItY7ullU2DRV1Vu9WcDqUavUZJSQjK4kOjJQdOvxc6e47i05TkdcJk5tbtljcgySM3NewT3Rn2l6OTbw==\" \/> \t\t<a href=\"https:\/\/www.pdf24.org\" target=\"_blank\" title=\"www.pdf24.org\" rel=\"nofollow\"><img src=\"https:\/\/www.hohenlohe-ungefiltert.de\/wp-content\/plugins\/pdf24-post-to-pdf\/img\/pdf_32x32.png\" alt=\"\" border=\"0\" height=\"32\" \/><\/a> \t\t<span class=\"pdf24Plugin-cp-space\">&nbsp;&nbsp;<\/span> \t\t<span class=\"pdf24Plugin-cp-text\">Sende Artikel als PDF<\/span> \t\t<span class=\"pdf24Plugin-cp-space\">&nbsp;&nbsp;<\/span> \t\t<input class=\"pdf24Plugin-cp-input\" style=\"margin: 0px;\" type=\"text\" name=\"sendEmailTo\" placeholder=\"Emailadresse\" \/> \t\t<input class=\"pdf24Plugin-cp-submit\" style=\"margin: 0px;\" type=\"submit\" value=\"Senden\" \/> \t<\/form> <\/div>","protected":false},"excerpt":{"rendered":"<p>Der Bundestagskandidat Harald Ebner (B\u00fcndnis 90\/Die Gr\u00fcnen) ist am Samstag, 26. September 2009, von 9 Uhr bis 10.30 Uhr am Infostand in \u00d6hringen anzutreffen. Anschlie\u00dfend f\u00e4hrt er weiter nach Niedernhall und stellt sich auch dort den Fragen der W\u00e4hlerinnen und W\u00e4hler. Dies ist vor der Bundestagswahl am Sonntag, 27. September 2009 eine letzte gute Gelegenheit [&hellip;]<\/p>\n","protected":false},"author":3,"featured_media":0,"comment_status":"open","ping_status":"open","sticky":false,"template":"","format":"standard","meta":[],"categories":[],"tags":[],"_links":{"self":[{"href":"https:\/\/www.hohenlohe-ungefiltert.de\/index.php?rest_route=\/wp\/v2\/posts\/4505"}],"collection":[{"href":"https:\/\/www.hohenlohe-ungefiltert.de\/index.php?rest_route=\/wp\/v2\/posts"}],"about":[{"href":"https:\/\/www.hohenlohe-ungefiltert.de\/index.php?rest_route=\/wp\/v2\/types\/post"}],"author":[{"embeddable":true,"href":"https:\/\/www.hohenlohe-ungefiltert.de\/index.php?rest_route=\/wp\/v2\/users\/3"}],"replies":[{"embeddable":true,"href":"https:\/\/www.hohenlohe-ungefiltert.de\/index.php?rest_route=%2Fwp%2Fv2%2Fcomments&post=4505"}],"version-history":[{"count":2,"href":"https:\/\/www.hohenlohe-ungefiltert.de\/index.php?rest_route=\/wp\/v2\/posts\/4505\/revisions"}],"predecessor-version":[{"id":4507,"href":"https:\/\/www.hohenlohe-ungefiltert.de\/index.php?rest_route=\/wp\/v2\/posts\/4505\/revisions\/4507"}],"wp:attachment":[{"href":"https:\/\/www.hohenlohe-ungefiltert.de\/index.php?rest_route=%2Fwp%2Fv2%2Fmedia&parent=4505"}],"wp:term":[{"taxonomy":"category","embeddable":true,"href":"https:\/\/www.hohenlohe-ungefiltert.de\/index.php?rest_route=%2Fwp%2Fv2%2Fcategories&post=4505"},{"taxonomy":"post_tag","embeddable":true,"href":"https:\/\/www.hohenlohe-ungefiltert.de\/index.php?rest_route=%2Fwp%2Fv2%2Ftags&post=4505"}],"curies":[{"name":"wp","href":"https:\/\/api.w.org\/{rel}","templated":true}]}}