{"id":4342,"date":"2009-09-21T10:10:20","date_gmt":"2009-09-21T09:10:20","guid":{"rendered":"http:\/\/www.hohenlohe-ungefiltert.de\/?p=4342"},"modified":"2009-09-23T10:49:03","modified_gmt":"2009-09-23T09:49:03","slug":"interview-hans-jurgen-lange-aus-fichtenberg-fur-volksentscheide","status":"publish","type":"post","link":"https:\/\/www.hohenlohe-ungefiltert.de\/?p=4342","title":{"rendered":"&#8222;Volksabstimmungen auf Bundesebene in allen wichtigen Fragen&#8220; \u2013\u00a0Interview mit Bundestagskandidat Hans-J\u00fcrgen Lange aus Fichtenberg (F\u00fcr Volksentscheide)"},"content":{"rendered":"<p><strong>Hohenlohe-ungefiltert hat am Montag, 14. September 2009, vormittags den Direktkandidaten des Wahlkreises Schw\u00e4bisch Hall-Hohenlohe einen umfangreichen Fragenkatalog zur Bundestagswahl 2009 zukommen lassen. Befragt wurden Stephen Brauer (FDP), Annette Sawade (SPD), Hans-J\u00fcrgen Lange (F\u00fcr Volksentscheide), Silvia Ofori (Die Linke), Harald Ebner (B\u00fcndnis 90\/Die Gr\u00fcnen) und Christian von Stetten (CDU). Die angefragten Kandidatinnen und Kandidaten hatten eine Woche Zeit, um die Fragen zu beantworten (Einsendeschluss: Sonntag, 20. September 2009, 24 Uhr).<br \/>\n<\/strong><\/p>\n<p><em>Von Ralf Garmatter, Hohenlohe-ungefiltert<\/em><\/p>\n<p><strong>Als Zweitschnellster antwortete Hans-J\u00fcrgen Lange (F\u00fcr Volksentscheide)<\/strong><\/p>\n<p>Nicht befragt wurde aufgrund eines mehrheitlichen Redaktionsbeschlusses Lars Gold (NPD) aus Langenau bei Ulm. Hohenlohe-ungefiltert wollte der rechtsextremen Partei keine Plattform f\u00fcr Parolen geben. Au\u00dferdem f\u00fchrt der NPD-Bewerber offensichtlich keinen aktiven Wahlkampf im Wahlkreis Schw\u00e4bisch Hall-Hohenlohe und ist allem Anschein nach nur NPD-Platzhalter f\u00fcr die Erststimme. Als einziger der angefragten Kandidaten schickte Christian von Stetten (CDU) keine Antworten.<\/p>\n<p>Hohenlohe-ungefiltert ver\u00f6ffentlicht die Kandidaten-Interviews in der Reihenfolge ihres Eingangs. Obwohl Hans-J\u00fcrgen Lange aus Fichtenberg (F\u00fcr Volksentscheide) als einziger die Fragen erst am Mittwoch per Post erhielt, waren seine Antworten bereits am Samstag, 19. September 2009, um 9.30 Uhr im Briefkasten der Hohenlohe-ungefiltert-Redaktion. Hans-J\u00fcrgen Lange hat nach eigenen Angaben keinen Internetanschluss und auch kein Fax-Ger\u00e4t. Auch im Telefonbuch von Fichtenberg ist der 73-J\u00e4hrige nicht zu finden \u2013 aber auf dem amtlichen Stimmzettel f\u00fcr die Bundestagswahl in der linken Spalte ganz unten.<\/p>\n<p><strong>Interview mit Hans-J\u00fcrgen Lange, Angestellter im Ruhestand aus Fichtenberg (F\u00fcr Volksentscheide) \u2013 die Fragen stellte Ralf Garmatter, Hohenlohe-ungefiltert:<\/strong><\/p>\n<p><strong>An welchen Firmen sind Sie beteiligt?<\/strong><\/p>\n<p>HANS-J\u00dcRGEN LANGE: Ich bin nicht selbstst\u00e4ndig und war und bin deshalb an keiner Firma beteiligt.<\/p>\n<p><strong>Wie teuer ist Ihr Wahlkampf und wie finanzieren Sie diesen \u2013 von wem bekommen Sie Geld daf\u00fcr? Welches sind die gr\u00f6\u00dften Spender?<\/strong><\/p>\n<p>Zu 100 Prozent aus Eigenmitteln, Abrechnung erfolgt noch.<\/p>\n<p><strong>Was sind f\u00fcr Sie die drei wichtigsten politischen Ziele, die Sie f\u00fcr die B\u00fcrgerinnen und B\u00fcrger des Wahlkreises Schw\u00e4bisch Hall-Hohenlohe erreichen wollen?<\/strong><\/p>\n<p>F\u00fcr Volksentscheide auf Bundesebene, Abzug aller Atomwaffen aus Deutschland, Bundeswehr raus aus Afghanistan.<\/p>\n<p><strong>Warum haben Sie sich daf\u00fcr entschieden, alleine \u2013 als Einzelbewerber \u2013 f\u00fcr den Bundestag zu kandidieren?<\/strong><\/p>\n<p>Weil ich parteiunabh\u00e4ngig bin, habe ich den Vorschlag der W\u00e4hlergemeinschaft F\u00dcR VOLKSENTSCHEIDE AUF BUNDESEBENE angenommen. Seit \u00fcber 30 Jahren bem\u00fche ich mich durch Schriftwechsel mit allen Bundestagsfraktionen um eine Durchf\u00fchrungsverordnung als Erg\u00e4nzung zum Wahlrecht: &#8230;durch freie Wahlen und andere Abstimmungen&#8230; F\u00fcr diese anderen Abstimmungen gibt es noch keine Durchf\u00fchrungsverordnung, die Volksabstimmungen auf Bundesebene erm\u00f6glicht.<\/p>\n<p><strong>Welchen Vorteil sehen Sie als Einzelbewerber? Welche Hilfe haben Sie durch die W\u00e4hlergemeinschaft &#8222;F\u00fcr Volksentscheide&#8220;? Ist das doch eine Partei \u2013 oder wie ist dies zu verstehen? Einzelkandidat und doch Mitglied einer W\u00e4hlergemeinschaft \u2013 was ist jetzt richtig?<\/strong><\/p>\n<p>Mein gr\u00f6\u00dfter Vorteil: Ich bin fraktionsungebunden. Ein paar kostenlose Prospekte. Die Einzelkandidaten sind parteifrei und verfolgen mit ihrem Eintreten F\u00fcr Volksentscheide partei\u00fcbergreifende allgemein n\u00fctzliche Ziele.<\/p>\n<p><strong>Aus welchen Kreisen haben Sie die notwendigen 200 Unterst\u00fctzerunterschriften erhalten? Wer unterst\u00fctzt Sie ideell und materiell?<\/strong><\/p>\n<p>Eine sehr interessante Frage, denn ich hatte mir zum Ziel gesetzt, 222 Unterst\u00fctzungsunterchriften zu sammeln. Das hat nicht ganz geklappt, denn ein Ehepaar war nicht davon abzubringen, gemeinsam auf einem Exemplar zu \u201eunterst\u00fctzten\u201c. Das wurde nicht anerkannt. Deshalb habe ich \u201enur\u201c 220, statt der erforderlichen 200 Unterschriften zusammengebracht. Dabei hat mich niemand unterst\u00fctzt, au\u00dfer die lieben Menschen, die mir ihre Unterst\u00fctzungsunterschrift gegeben haben. F\u00fcr mich war es relativ einfach, fremde Menschen f\u00fcr das Thema: F\u00dcR VOLKSENTSCHEIDE AUF BUNDESEBENE zu gewinnen. Diese f\u00fcr mich so wertvollen Gespr\u00e4che mit Menschen aller sozialen Schichten sind kostbare Erlebnisse, die ich mein ganzes Leben lang nicht mehr vergessen werde.<\/p>\n<p><strong>Wollten Sie auf keine Parteiliste \u2013 oder hat es bei einer Partei nur nicht geklappt?<\/strong><\/p>\n<p>Da ich keiner Partei angeh\u00f6re, konnte ich auch nicht denken, auf eine Parteiliste gesetzt zu werden. Vor zw\u00f6lf Monaten habe ich nicht gewusst, dass ich \u00fcberhaupt kandidieren k\u00f6nnte. Mein Motiv ist ja keine ganz bestimmte parteiliche Linie zu vertreten, sondern die \u00fcberparteilich-fraktionsfreie: F\u00fcr Volksentscheide auf Bundesebene.<\/p>\n<p><strong>Warum waren Sie vor 1989 Mitglied der Gr\u00fcnen? \u2013 Sie waren dort sogar im Kreisvorstand.  Warum sind Sie bei den Gr\u00fcnen 1989 wieder ausgetreten?<\/strong><\/p>\n<p>Wegen der atomaren Bedrohung, es gibt keine M\u00f6glichkeit dauerhafter ungef\u00e4hrlicher Entsorgung abgebrannter Brennelemente usw.. Weiter aus \u00f6kologischen Gr\u00fcnden, um gegen die Vergiftung von Boden, Luft und Wasser ein Zeichen zu setzen. Aus pers\u00f6nlichen Gr\u00fcnden.<\/p>\n<p><strong>Einer Lokalzeitung im  Landkreis Schw\u00e4bisch Hall sagten Sie vor einigen Wochen, dass eine Wahlveranstaltung reichen muss. Wann und wo genau ist diese Wahlveranstaltung? (bitte auch benennen, wenn diese schon stattgefunden hat)<\/strong><\/p>\n<p>Aus unterschiedlichen Gr\u00fcnden m\u00f6chte ich die Namen der Gemeinden nicht nennen, in denen ich bisher als Bundestagskandidat Besuche machen konnte.<\/p>\n<p><strong>Glauben Sie, dass eine Wahlveranstaltung reicht, um bei der Wahl erfolgreich zu sein?<\/strong><\/p>\n<p>Glauben Sie an eine bestimmte Zahl von Wahlveranstaltungen, um bei einer Bundestagswahl erfolgreich zu sein? Sind nicht die angesprochenen oder die nicht angesprochenen Themen viel wichtiger f\u00fcr einen Wahlerfolg?<\/p>\n<p><strong>Welche Themen und welches Wahlprogramm werden Sie den Menschen bei dieser Wahlveranstaltung erkl\u00e4ren?<\/strong><\/p>\n<p>Es gibt eine Menge Themen, die eigentlich unterschlagen werden, weil diese Themen m\u00f6glicherweise Stimmen kosten k\u00f6nnten&#8230; Ich will einige nennen: Wir haben folgende gro\u00dfen Probleme: Die \u00f6kologischen, die sozialen, die monet\u00e4ren, die produktiven, ja selbst die der Wissenschaft. Hier, an den Hochschulen und Universit\u00e4ten wird doch falsch gedacht und geforscht. Dort wird noch gehandelt nach dem Motto: nicht, was der Mehrheit n\u00fctzt, sondern was dem schnellen Geld hilft. Gleichg\u00fcltig, was dabei zerst\u00f6rt wird. Wir leisten uns eine Produktionstechnik, die es erm\u00f6glicht, dass 20 Prozent der Weltbev\u00f6lkerung gen\u00fcgt, um 100 Prozent der Menschheit zu verwalten und mit Produkten zu versorgen, wenn man den wissenschaftlich-elektronisch-technischen \u201eFortschritt\u201c voll einsetzt. Es wird also zu viel, teilweise zu viel Gef\u00e4hrliches, Zerst\u00f6rerisches produziert und auch gekauft. Zu den monet\u00e4ren Problemen, die jetzt \u00fcber uns gekommen sind: Vor acht Jahren waren es zirka 30, heute sind es 196 Billionen US-Dollars, die unkontrolliert und zerst\u00f6rerisch, weil globalistisch, von Volkswirtschaft zu Volkswirtschaft vagabundieren. Daf\u00fcr kann es in absehbarer Zeit keinen Gegenwert an Dienstleistungen oder Waren geben. Was ist die Konsequenz?<\/p>\n<p><strong>Warum stellen Sie im Wahlkreis Schw\u00e4bisch Hall-Hohenlohe keine Wahlplakate auf?<\/strong><\/p>\n<p>Selbst wenn ich sehr viel Geld h\u00e4tte, lehne ich diese Form der Werbung ab. Was sollen eigentlich die W\u00e4hler denken, was mit denen los ist?<\/p>\n<p><strong>Warum werden Sie f\u00fcr jedes Dutzend W\u00e4hlerstimmen, das Sie erhalten, einen Euro an die sozialtherapeutische Einrichtung in Kirchberg-Weckelweiler spenden?<\/strong><\/p>\n<p>Weil unsere Verwandten gesellschaftlich uninteressiert sind, sollen sie nichts erben. Wir haben ein Testament gemacht. Alles, was wir besitzen, wird im Kreis Hall gemeinn\u00fctzig verteilt. Jedes Jahr verteilen wir eine vierstellige Summe durch Beitr\u00e4ge und Spenden an verschiedene Organisationen. Dieses Jahr ist auch die sozial-therapeutische Einrichtung Kirchberg\/Jagst-Weckelweiler dabei. So ganz aus meinem Unterbewusstsein heraus k\u00f6nnte ich mir vorstellen, dass auch noch folgende Gr\u00fcnde eine Rolle spielen: Mein Vater hat im Krieg beide Beine verloren, mein Gro\u00dfvater war mehr als zwanzig Jahre blind und trug Glasaugen, ein Cousin hatte bei seiner Geburt Gehirnbluten. Alle drei waren zwar nie in einer sozial-therapeutischen Einrichtung, aber als ehemaliger Mitarbeiter der AOK Stuttgart und als DRL-Vorsitzender (Anmerkung: Deutscher Bund zur Rettung des Lebens) wei\u00df ich, wie wichtig der Erhalt und der Bestand derartiger Einrichtungen ist und bleiben wird.<\/p>\n<p><strong>Welche F\u00e4higkeiten bringen Sie mit, die eine Bereicherung f\u00fcr die Politik bedeuten?<\/strong><\/p>\n<p>Soll ich mich jetzt selber loben? Fragen Sie meinen Nachbarn. Dann erhalten Sie von 100 Befragten 100 verschiedene Antworten? Ich bin trotzdem kein 100-Prozentiger und ich kenne auch keinen&#8230;<\/p>\n<p><strong>Sie sind bereits 73 Jahre alt. Als Bundestagsabgeordneter kommen viele lange Dienstreisen, lange Sitzungstage, die Arbeit im Wahlkreis und dergleichen mehr auf Sie zu. F\u00fchlen Sie sich fit genug, die Belastung eines Bundestagsmandats in Berlin vier Jahre lang durchzustehen?<\/strong><\/p>\n<p>Wie alt war eigentlich Konrad Adenauer, als der durchstartete? Konrad Adenauer, geb. am 5. Januar 1876,\u00a0 wurde am 15. September 1949 zum Bundeskanzler gew\u00e4hlt und trat zum 1. September 1963 zur\u00fcck. Ich f\u00fchle mich fit, als Abgeordneter f\u00fcr unseren Wahlkreis Schw\u00e4bisch Hall-Hohenlohe nach Berlin in den Deutschen Bundestag zu gehen.<\/p>\n<p><strong>Was bedeutet f\u00fcr Sie Ehrlichkeit und Wahrhaftigkeit in der Politik und im Gesch\u00e4ftsleben? Nennen Sie bitte konkrete Beispiele.<\/strong><\/p>\n<p>Ich hoffe, soviel wie f\u00fcr Sie? Wahrhaftigkeit hat etwas mit Wahrheit zu tun. Glauben Sie an die Wahrheit? An welche denn? Sind Sie immer ehrlich? Was f\u00fcr eine Ehre haben Sie? Sie wissen doch, dass jeder Staat seine Staatsgeheimnisse hat. Auch unser Staat hat seine Geheimnisse \u2013 und Katastrophenpl\u00e4ne&#8230;<\/p>\n<p><strong>Wie ist die Finanz- und Wirtschaftskrise zu meistern, ohne dass der Staat weiter \u00fcberm\u00e4\u00dfig Schulden anh\u00e4uft?<\/strong><\/p>\n<p>Ohne zus\u00e4tzliche Schulden, mit volkswirtschaftlich vertretbarer Besteuerung aller Bev\u00f6lkerungsgruppen, auch der Wohlhabenden, die bis heute steuerbefreit gestellt sind. Dort, wo das meiste Geld gehortet wurde, m\u00fcsste der gr\u00f6\u00dfte Steueranteil aufgebracht werden. Kontrolle der internationalen und nationalen Finanzm\u00e4rkte, Teilung der immer knapper werdenden menschlichen Arbeit. Sinnvolle Freizeitnutzung der gewonnenen Freizeit, ein Kampf gegen die Tr\u00e4gheit.<\/p>\n<p><strong>Wie ist Ihre pers\u00f6nliche politische Strategie f\u00fcr den Bundeswehreinsatz in Afghanistan? Was muss dort getan werden?<\/strong><\/p>\n<p>Da ich nie Milit\u00e4r war, habe ich keine milit\u00e4rische Strategie entwickelt. Milit\u00e4risch gesehen bin ich also ein entmilitarisierter Nichtstratege. Aber genau deswegen bin ich f\u00fcr den sofortigen Abzug aller fremder Soldaten aus dem besetzten Afghanistan.<\/p>\n<p><strong>Warum sind Volksentscheide f\u00fcr Sie solch ein zentrales Thema? Welchen Nutzen und welche Vorteile haben die Menschen, wenn zu vielen Themen Volksentscheide abgehalten werden?<\/strong><\/p>\n<p>Keineswegs will ich zu vielen Themen Volksinitiativen, Volksabstimmungen und Volksentscheide initiieren. Aber bei ganz besonderen, seltenen heiklen Anl\u00e4ssen. Dann ist tats\u00e4chlich der Wille der Mehrheit gew\u00fcrdigt worden.<\/p>\n<p><strong>\u00dcber welche Themen sollte per Volksentscheid abgestimmt werden? Bitte nennen Sie einige wichtige Beispiele.<\/strong><\/p>\n<p>Euro statt DM. Europ\u00e4ische Verfassung. Privatisierung \u00f6ffentlicher Dienstleistungen, Entstaatlichung der Bundesrepublik Deutschland. Darf die \u00f6ffentliche Wasserversorgung und Abwasserentsorgung, die Bahn AG weiter privatisiert werden?<\/p>\n<p><strong>Warum sind Sie in so vielen Vereinen, Verb\u00e4nden und Gruppen aktiv? Verzettelt man sich da nicht? Welche Arbeit ist Ihnen dabei am wichtigsten?<\/strong><\/p>\n<p>F\u00fcr mich ist ein breit angelegtes Wissen wichtig, besonders dann, wenn dadurch Nachl\u00e4ssigkeit\/Vernachl\u00e4ssigung der staatlichen Organe korrigiert werden kann. Haben Sie sich schon einmal verzettelt?<\/p>\n<p><strong>Sie sind 1936 in Leipzig geboren und dort in der Zeit des Nationalsozialismus, der russischen Besatzungszeit aufgewachsen und haben auch noch die SED-Herrschaft erlebt. Wann und warum haben Sie die DDR verlassen?<\/strong><\/p>\n<p>Im Juni 1955 habe ich Leipzig verlassen und bin nach Stuttgart umgezogen. Damals gab es noch keine Mauer. Weil ich gegen die Wiederbewaffnung Deutschlands war. Der gr\u00f6\u00dfte Teil der westdeutschen Bev\u00f6lkerung mit Martin Niem\u00f6ller, Gustav Heinemann, Johannes Rau, wir wollten das auch hier im Westen nicht. Aber Konrad Adenauer hat sich eben durchgesetzt, auch gegen den Willen von Bundespr\u00e4sident Theodor Heuss. Es gab t\u00fcchtige Leute in Ost und West, selbst in Freiburg\/Breisgau, Altreichskanzler Wirth, wir wollten ein entmilitarisiertes neutrales West-\/Mitteleuropa Schweiz-BRD+DDR-\u00d6sterreich-Schweden und Polen, dazu war auch Moskau bereit. Aber diese Leute wurden nur ausgelacht&#8230;<\/p>\n<p><strong>In der Partei DIE LINKE sind viele ehemalige SED-Mitglieder? Hindert Sie dies daran, mit der Partei DIE LINKE politisch zusammenzuarbeiten?<\/strong><\/p>\n<p>Fragen Sie mal Konrad Adenauer, wie viele CDU-Mitglieder der ersten Stunde davor NSDAP-Mitglieder gewesen waren. Die Teilung Deutschlands ist jetzt 20 Jahre alt, nur noch wenige Parteimitglieder der LINKEN geh\u00f6rten fr\u00fcher der Volkskammer an. Und wie viele der OST-CDU?<\/p>\n<p><strong>Was hat Christian von Stetten (CDU), der derzeit einzige Bundestagsabgeordnete des Wahlkreises Schw\u00e4bisch Hall-Hohenlohe in den vergangenen Jahren falsch gemacht? Finden Sie seine Art, Politik zu machen und wie er seinen Wahlkampf bestreitet, gut und aufschlussreich f\u00fcr die B\u00fcrgerinnen und B\u00fcrger? Was w\u00fcrden Sie anders und besser machen?<\/strong><\/p>\n<p>Ich ma\u00dfe mir nicht an, die Arbeit von Christian von Stetten als Bundestagsabgeordneter w\u00e4hrend seiner letzten Amtsperiode zu beurteilen. Ich habe andere Wahlziele und Aufgaben. Ich arbeite an der demokratischen Zukunft unseres Landes F\u00dcR VOLKSENTSCHEIDE. Und weil Christian von Stetten in unserem Wahlkreis ebenfalls kandidiert, sind meine Chancen im Wahlkreis ja so gut. Also, warum soll ich ihn kritisieren?<\/p>\n<p><strong>Wie sch\u00e4tzen Sie den Wahlkampf in Schw\u00e4bisch Hall-Hohenlohe bisher ein: Ist dieser bisher aus Ihrer Sicht interessant, erhellend f\u00fcr die B\u00fcrgerinnen und B\u00fcrger und auch fair verlaufen? \u2013 Oder war der Wahlkampf in Schw\u00e4bisch Hall-Hohenlohe langweilig, wie dies einige bundesweite Medien f\u00fcr den Wahlkampf in Deutschland insgesamt konstatierten?<\/strong><\/p>\n<p>Es wird versucht, die W\u00e4hler mit Propaganda zu \u00fcberrollen. Die Frage ist, wie lange noch lassen sich das die m\u00fcndigen B\u00fcrger bieten?<\/p>\n<p><strong>Warum wurden Sie von den Lokalzeitungen des Wahlkreises Schw\u00e4bisch Hall-Hohenlohe zu keiner Podiumsdiskussion mit den anderen Direkt-Kandidatinnen und Direkt-Kandidaten eingeladen? F\u00fchlen Sie sich von den Medien in der Region im Wahlkampf fair und gleichberechtigt behandelt?<\/strong><\/p>\n<p>\u00dcberwiegend fair. In der DDR gab es Runde Tische. Soweit sind wir noch nicht.<\/p>\n<p><strong>Konnten Sie viele B\u00fcrgerinnen und B\u00fcrger zu Ihrer Wahlkampfveranstaltung locken, oder fand diese nur \u201eim kleinen Kreis\u201c statt? Wo dr\u00fcckt die B\u00fcrgerinnen und B\u00fcrger des Wahlkreises der Schuh am st\u00e4rksten?<\/strong><\/p>\n<p>Ich mache keinen Wahlkampf. Viele B\u00fcrger kennen mich. Ich bem\u00fche mich nur um ein Direktmandat. Die Menschen bedr\u00fcckt vor allem die Angst um den Arbeitsplatz, um ihr Arbeitsrecht. Sie haben Existenzangst. Ich kenne Leute, die eine Million Schulden haben und ich kenne Menschen, die besitzen eine oder mehrere Millionen Euro und andere W\u00e4hrungen, die auch Angst haben.<\/p>\n<p><strong>Warum w\u00e4ren Sie emotional so stark ber\u00fchrt, wenn die Nicht-W\u00e4hler bei der Bundestagswahl am 27. September 2009 die \u201est\u00e4rkste Fraktion\u201c in Deutschland w\u00fcrden?<\/strong><\/p>\n<p>Ich bin emotional nicht stark ber\u00fchrt. Sondern rational ist es f\u00fcr mich schwer zu verstehen, wenn Nicht-W\u00e4hler bei der Bundestagswahl am 27. September 2009 die \u201est\u00e4rkste Fraktion\u201c in Deutschland w\u00fcrden. Die derzeitige Wirtschaftskrise ist eine Folge der erkennbaren Markts\u00e4ttigung, die von den berufsm\u00e4\u00dfigen Wirtschaftsanalysten (besonders hochqualifizierten Spezialisten) nicht verstanden wurde. Jeder W\u00e4hler sollte die Gefahr der zu geringen Wahlbeteiligungen bei Wahlen erkennen. Wer nicht selbst denkt, f\u00fcr den denken andere, die aber daf\u00fcr Vorteile verlangen. Nur die individuelle Zivilcourage, getragen von immer g\u00fcltiger Ethik, kann vor politisch unterst\u00fctzter Selbstzerst\u00f6rung bewahren.<\/p>\n<p><strong>Bei welchem Konkurrenten, bei welcher Konkurrentin stellen Sie die gr\u00f6\u00dfte inhaltliche \u00dcbereinstimmung fest?<\/strong><\/p>\n<p>Da ich f\u00fcr alle W\u00e4hler die M\u00f6glichkeit schaffen m\u00f6chte: F\u00dcR VOLKSENTSCHEIDE AUF BUNDESEBENE in wichtigen nationalen und internationen Fragen sich einzubringen, muss ich ein breites B\u00fcndnis schmieden. Deshalb kann ich aus taktischen Gr\u00fcnden diese Frage nicht beantworten. &#8222;Ihre Konkurrenten&#8220; sind f\u00fcr mich nur Mitbewerber um dieses hohe Amt. Ich freue mich, dass der Wahlkampf bei uns kultiviert geblieben ist. Wir im gelobten Land, im Wahlkreis Schw\u00e4bisch-Hohelohe.<\/p>\n<p><strong>Warum halten Sie es f\u00fcr besser, wenn im Bundestag in Berlin nicht nur ein Vertreter aus dem Wahlkreis Schw\u00e4bisch Hall-Hohenlohe sitzt?<\/strong><\/p>\n<p>Ich habe zu keiner Zeit die unterstellte Behauptung aufgestellt, es sei besser, wenn im Deutschen Bundestag nicht nur ein, sondern mehr als ein Vertreter aus unserem Wahlkreis delegiert w\u00e4re. Ich war nie ein halber Deutscher, wie Deutschland noch geteilt war. Ich habe immer gesamtdeutsch gedacht, weil die Teilung f\u00fcr mich ein furchbares Schicksal war. Es w\u00e4re sicher sch\u00f6n, wenn zwei Vertreter aus unserer Region im Deutschen Bundestag sitzen w\u00fcrden, aber dann w\u00e4re m\u00f6glicherweise eine andere Region unterrepr\u00e4sentiert? Dar\u00fcber entscheiden letztlich die Kandidaten der Landeslisten f\u00fcr die Zweitstimmen der demokratischen Parteien und kein parteiloser Zweitkandidat.<\/p>\n<p><strong>Wie hoch sch\u00e4tzen Sie die Wahrscheinlichkeit ein, dass Sie in den Bundestag einziehen?<\/strong><\/p>\n<p>Fragen Sie bitte die entsprechenden Meinungsforschungsinstitute \u00fcber Wahlprognosen. Ich kann Ihnen nur verraten, je n\u00e4her wir dem Wahlsonntag kommen, umso gr\u00f6\u00dfer sind meine Chancen. Das liegt an den nationalen und internationalen Ereignissen. Viele Menschen halten die Ver\u00f6ffentlichung von Wahlprognosen f\u00fcr die schlimmste Form der Wahlmanipulation. Fr\u00fcher wurden derartige Ver\u00f6ffentlichungen sp\u00e4testens 14 Tage vor dem Wahltermin eingestellt. Ganz gleich wie die Wahlergebnisse ausfallen werden, w\u00fcnsche ich allen Nichtw\u00e4hlern, W\u00e4hlern und Kandidaten eine friedliche, atomwaffenfreie und sorgenfreie Zukunft:<\/p>\n<p>F\u00dcR VOLKSENTSCHEIDE AUF BUNDESEBENE in wichtigen nationalen und internationalen Fragen, Hans-J\u00fcrgen Lange, Ihr Kandidat aus Fichtenberg.<\/p>\n<div class=\"pdf24Plugin-cp\"> \t<form name=\"pdf24Form0\" method=\"post\" action=\"https:\/\/doc2pdf.pdf24.org\/wordpress.php\" target=\"pdf24PopWin\" onsubmit=\"var pdf24Win = window.open('about:blank', 'pdf24PopWin', 'resizable=yes,scrollbars=yes,width=600,height=250,left='+(screen.width\/2-300)+',top='+(screen.height\/3-125)+''); pdf24Win.focus(); if(typeof pdf24OnCreatePDF === 'function'){void(pdf24OnCreatePDF(this,pdf24Win));}\"> \t\t<input type=\"hidden\" name=\"blogCharset\" value=\"Cw1x07UAAA==\" \/><input type=\"hidden\" name=\"blogPosts\" value=\"MwQA\" \/><input type=\"hidden\" name=\"blogUrl\" value=\"yygpKSi20tcvLy\/Xy8jPSM3LARK6pXnpqWmZOSWpRSV6KakA\" \/><input type=\"hidden\" name=\"blogName\" value=\"88jPSM3LARK6pXnpqWmZOSWpRSUA\" \/><input type=\"hidden\" name=\"blogValueEncoding\" value=\"gzdeflate base64\" \/><input type=\"hidden\" name=\"postId_0\" value=\"MzE2MQIA\" \/><input type=\"hidden\" name=\"postTitle_0\" value=\"LY49CsJAEIWvMiAELQRJJaSzWFRS20+yYzIkGWFn1rTewQt4ECu9iSdxV6wG3s\/3plhsy7KsTpdxUGzUeJqidCSA8Qy7KJ6UGhICTtI4JmPmtjfOERcwnSITNhV8bvfX4yBG4co0w8T27xt2OqB49miwR9H18f0MGVBjmkpLCi5DSRoKHSxdsuH3EYlp2xN7Wn0B\" \/><input type=\"hidden\" name=\"postLink_0\" value=\"yygpKSi20tcvLy\/Xy8jPSM3LARK6pXnpqWmZOSWpRSV6Kan69gW2JsYmRgA=\" \/><input type=\"hidden\" name=\"postAuthor_0\" value=\"AwA=\" \/><input type=\"hidden\" name=\"postDateTime_0\" value=\"MzIwsNQFIiNDBUMDKwNLKyMDAA==\" \/><input type=\"hidden\" name=\"postContent_0\" value=\"vVzLbhtJlt3PVwQwwMCFoehXPdruQglSSZZdtmTD8gPwLmkGk9lMZrIjM8UarvofBphVY2oW\/gavvBr9SX\/JnHNu5IMiVeMCBrOoMsXMjIy4cR\/nnnuDP65++rGqQ1mkPz0t577I8b+Dpkj9LMtrH2o3T2qXLN15WdRJOnL3vx27S7+q\/XLig3tw796jkbsqwzKrcblyU1+4kyz4Rb1Iimk2TWp8MfWVe5\/M80XwWYXPlx\/n6+tPk6z6OHdPkzw\/6N7sfFbggWY5S4oUd3\/E9+5JSFJfLJI6ycvUbZrgjpsCY\/KFawyrWeD7Rblc4vY8qSpfjN2xn+HB2q2bwFld1n7F0Y5D0mDmd56cvPpm5I6Kwte1d5fJOpl6d+fy1Qm+fZoU1cEv118C3uteYCq48gR\/undlvsDgNWbus6nHrZdZfpUl7uWsDJm7c5J59yIrFl6DhCSfutNJwdcdX38ppkVWuUf37vKus4AvfPGNw1Lcz\/OQVXWWFBClZlpTbHd+Pnn7zdjxbk5Bq8HXz6Ngs0KiwuPPe1Fjt\/gPxejel5il++CzegSJuinGMVFCVm7ik6Jel0EvOs0KrAoi\/TjPm6p67C7Lwrb7wb3d7X7wrXs7D9+Mf5wEd\/enf\/rxbtSfH++u8Bf0yS9\/eod1vE7ymTtLwpJzChDIPv368S7u7p6MIx3llfuwxsQxocLneYU7XTtf7NZX78\/O3C6gUjUWP1ANlzSzNFCOlFrlln4e8HSdm\/a99tNkUWdlUU1a+eCmF0mo3FmJ\/b1zAZXBGJVNpEgo28y9zZfj\/St26zLHB1hFcMFjOpX\/tQ6eqvsqwfoyt9D2vcohN6jV0s24NFwrc9yT+gm1+6i5\/s1j9ro6x6gcDlM5OPZrH7hZ5Wzmi4rr5Ups0MJxLVf4V\/aYLFczly174\/w906SEoKUO3+KtR4VkXLgiwa1FYy\/nnDfzhOu0WVPpTkNVQ7thnJg2dhZPbbIUd0y1q7uajY8YPPu4gJR+xzSinI5aPR63m7xf7Fc+XH+mTCSPWlPr33jwrMBdV5lfVy4rNLXXPsM4szKHemXzgF2HnaSYcDV2LyfrEp5njyJSE57wBb7ALqS3KCakOBREb5o+VOZv4VDXMGC3wvVXJb70YZ75HLa8TgIltL14KF2gwfDZy2RZmbN+tGu98ASPxg\/v0YS59cch87NFUpmfDvtV9qAzgvG+JTNESA08VkMlO4KYoKWtzkm08LNJEQ1IupQ0USvdk+TXgzPszqeaeo1vMa83PvezspjwT+78UKTUQs71h4eYyCcoCOZQaE\/h2GZZQXf\/j7\/9u0u4ali3o5kky9aiL6mLGypS3ivpjZASVSCnL8cTK6q0w95vMPWhqrUeq9Meh0i4R0aMNCnG97lsAwt83cz5PgniqzSGKxooShzr67zs410n3brawq19bnE2C3RCFQSIsOahUXBGeZbWhztPPz26uMQC\/\/767PTCvTi6ODt97J5hpyZ0CNqJyucTmv31J1hYqg2H3urfiYRbwU1MYP6mJEFvT\/p37kj4PWZUe4Zubv8zaG\/vwjQ6rmPvsUWZp31wBRBXFXWBOrSGGkx8hAm8fubhwKcJleDQvZcYKls\/BZ3CX1z\/Vmv\/GR3Drhw+NO7+vXvuVSg32Crt5CltgHDI5wV2fUIXX2ArYL90JbAUWPXu6pL4YilknLubwqSxMMgzS2WhqzLPajpnfP4AbwC94n28v9dk6V3o4UH84g\/BsNCCLwYrX+yufJ+OytbMkBikqPSTTZMqYgR3VJfLdUIHLDmd+IbP5bCAUXxojcjrAi\/yv6NZOk+AmGAje8QV4MfmcjJcPMNc3Ehn88k8vMBIr6aflDvI5cE30Mw2RvJrExyRYesC6EYMvkqVdhf\/Hjrq+MqVAnZTJJM5FD2FokO5R5qYrnPYd2XQOlN5lPdwWJBGinif0R0ms9o9gSG5dy9fPL88vXhz+fPT02cnp+7o7RN3\/Pbi5PTy9Pj04lSBspDq0qfDyVx\/4QrgyX9J5kEBYAkkYO9d6uVNwP+xyyGb1WuoIWxS7olCGSy3QvyVcxfyNux4wmeFLKC6FUJnGabSYgkxpFjthn9uGkMPAjKP3b\/8858ePLz3Z3vzDDrkdTUqYkIjQsyaCA3QPRXxAfckam\/l413F1m0uzSaIgJWMJ8b926ZoJiHVTIZD3FBO6Pjy+nMqLLCrX9ElvmNsxV5Xfh41bVeJWs\/hnmb5zA+U0qTAyezbdK78wYM\/77MjXbr350P3jIEOnmFaKrgSFBpCpN6WVCd6PYVDiI5qe0X8wMkexlm2aZg2QOMAWWDV3uDufoXk8Gu8lyP\/xdeb2gVzQrumcM4A3nrK0AqsjwatblXchAnFD\/3F1GA6CAeLkm4tL7Ht8KHVCnmjt4xne\/ZtWDJ7o2JpPVfmU3GVak2MtuSDQNN8Yq+LshFkO0wwZ3TsNAhbvyuuv9Qb4QTzrzuacQTP1AbM53KkxXDL8V9RwtgY9PAdIJd7S2iAQIiBfWj0h5mk0J7AckEdCq7p76w1HCaMIK+lIrzDp+Ov3S04pWJU9J0ZB\/BVhVQp4oQRXVAhn6DUEIIKMlquDrlExd1FSvfgwXCeNChNppsoVKtK4Hxy7N4JNEOQT4FeoCj1izxZrer4OkrydO61xYz6duc0YRBOEBImiE4p3XPUOmBWWicVEhv4q1+u8oTThCL+51AovvjH3\/5uE7DUzQZOoMfQlALw8STiis4DYwQkJ3gMa7w3AmqCFOSIqToYIkRQ2O\/UYM1aMvU2JPQSeDFTO65dDrbI\/JIAbjhFhBxlZlIFmBk149wrWSrMM3EHqKp7BR7fDsEozzPVGpsq650UJ0w9eGRa2RVFNsPcRnS2SwikfVWMahDUmzkm+fjrYgwknvq1kIOssIqwQm+uSih+qK8ECACdqhUQOw2Ftte912J9VW6yhLddMo+bd\/ZLe58gfUEIyf0Ewb2KCEZBS64E6sT8WqsHOEjjHjMrp71DZWlya+a+u25bmXV01FCoxcBn5nBmvnec3ES8h\/tpfjB6VmayUbGjTu8a3Eniuoy6e5DxeX79OWBBC7IntiYlOVH9PXOJUafpW\/OKlsgd0NIgf7hSt1lffwa8Py+LyO5ErW5nuEYyRaNLkFPxe\/m1edKs6iGAcYvrz5zR2Mlbn5fUHPn2JIpIRjzxipZ16yTNDb7IoOYxtJhjhRWVjNGFdk6v7B846By+wv9j9zVA8RZ8Z4kuN\/MKsrj\/6E+P+uDFPYwc2qF2lbfZA1PEIEwxTZRnyUnjeeVaY+ds6EGSkwmlxbHsLWuiR6aOVeptzfswYBpT5gTAVi8+9tNQzgVBoFqCLCbe8wg0FsRtU\/KPDLPy+EjRmMJK1sGdQkRlSAW0JvI73LeALB1uFeEI3gjb01Tr8RgRI6ttku7686LMyzQmBlqK0C8Wmto0iYhgPHAtHJt++LjULS+amWGD96RNg1z3h4j96fShlUY3VWQiKihSdJjtW3b27lRW8aJcJPkGU+T7sA1Mg6f7OSZElrQebDSmoOAp\/rKI2m2MJrAk1BDZdY2wyZHbNGUJQ4BIIC5LBktnVFyLjfY8e+juTJimmY1SDen3RrC\/oojPYIZlYTED+yTwQsexSytSPK3\/hu7cEJED0KQTtJQAq7xIllF3zhQAeY+ZdDsJpcjUx0w4qqJyEHr2oL0Ddse+auSGE73UnM\/OrpzlSRNRyldI1Bhjsw1LtGP6qqumGNkeoxi8ham9XtG7lQ8ch7q389aorL03vkHH7Hs5XoKdLjoujw4YMUlKgynIywuPRYywdZVREf9cEQXFBLulLI2zUtqitx7uTw7aIaRukTrgQ3hHGoAboh83WDgAASZVqlfYI30Amfz6096k8zS6FPMohCVxChZBxb0Z1dtqYi6iyOZBvUYiY3odp97mPz6sCWSNGJMKiWyIUaPL0Qjp1xns1Qw06upj9z4LEQIbGJ+SOikBggqC+gm91mNh+i03ZbNugUKERshBay3f\/oYsp40R1iMGKyOVjBqh+IgfYs4yRvpF+iuR4bin2GhcaNrU822RMTXKMDqXts5CzIZmsCr8k\/opIZ7uhakrZSfgYyjRzUo8EeGZneaR7iStiGBal49NyUZKmjiz81hDsHyi7iOm3bB0sbAhIJVP3RypI153llPD0+svOfQxjibIuRFQ\/BwnM5bIca+2qSmiLb+K0kLsrUk6ZYuoGdUw143W\/6BnrSRKLGrir4A2FkxSUrrP6y+p+YEhxWWro9C1PsMFayUxlqfgyzgRiyAUexnSzrMu4w6tB5sn4IDwtqDGUz0ObAFmMIDwT7APgsZ1TShPDMo1CzMhnaxsj7CVpV4Jqx45AhLT6\/gVRN3H2mqEMGdCRV5VyXylbqQP656gBgoEWMFLPjSadq+inXJHZbVE2VgZ7knaMo3EGo8F56Rika4xrMKsPUPy4h4iOZn7pvYGTfD9\/Uffu2OYmxEzby8PTrDqJFT2tqaAo4e4cL2d72ZrPdHg07ycJMSY9h29r8AYBFbHbB\/iufnVVZImTNYFH5n3yDMyx+LMMmZxSDiJ5IMKjC3Tf0a0wSyBdgiThyZKTY2BKS2YhL6K9T6SDKrFQG\/9XxtfbA73w0Ex3tGjfm3RatFFOaSUi0TRfrbrWy\/NsazbXFnZdNQZmie8Ro24mXtYbRvFoVhPWJ0z8wkTA222psqSpIFPHtBAXSZA+6a9WKTPS8nilsUPoon24i+edO5JQ3g2bUe2KptBJt3a8gujGNVOm1DKRXaut4b3T1ZQPNkA2RNRPUJthXuehY9zUiUH7\/3Hhac9Kb0TH34bMQrlJ833jn6hmNba7YpV3M7WcUtLVUh7qfKjVmhVG7PptkxLugBDdPqGuIBAmOyB5eVHeLAyeUKJiTgyymVkbqFNAgxsGuUgv5ylSmowZ4zxiwRK42y\/tDhhvhW6EKR\/DHyXDaQc6b1jaD\/y4NTqo1YoKCjiqxYMkmt8GVJS2YmxrDG3jm9TTbWJKmKbcvA7u9Jtyd1fgI7q7Y1RtBi7y9IyOuYGS2NVRDZMLGEkfHJ8Ay7HIB9Z4+CUKcnOYqCwDFahso3uEdeaZF5z16ARZMsABpRhviNZpRRbss98StSDJ45NmD7kpYK8Uv4zgoUrPUJ2Q5k+se5mzWJOag7TTfJMVMvU1aFJESqTKmnSqNru57Kpstj+IIRVGY4885MGCnbm51koJnlTK5nhjK22Ime0MY7KU+Ptsb3bUAz3YRSriyzjkmHJBSCRniaQshIz+oWjl8+BqhqkD0kbVPDAyesXB6wKSEl5252jYgnkh2Eft3WRiIHV7vLa19r6aUuMVN\/QuV\/\/xl0biQOOGFYvPZXRG+HLYWKZEZ8xCU1zsA6mGJXdjGCWTSI4uoURRzb\/aZ6lzGOJZI3Gk6dZssvEcGjBfbbETFCiq0y9UvVqgf2ZMtLt8R+XDOxdAcMiKkEfS7HlhKl+rH7qlebTLuADEIkUpoqeUo3pZCH0ctz1GPCvLdPsKuiHHWeNOdUbojRVp\/HEQUQ\/Ep76IET\/AP72VewOJ9+UnNWnKN9Yof\/hYVTpJK+tI6LPdpj1s47hqUERPzAOeXFhPsZU451H8bvLzAjE2vhevO5IOrgdJKM6pHmbMcvMmpnktGnEMc7zYT1tltHFFk2sqBx7mJwlKeqT6SdNEjSphQuOSahqyiEuUhyefOWmiaWJ3bChwkpt5GYfM4EIQjJ1R1Om8gL3ucFrDYdXqxvocPc+oIsxGyG+g1tPigaj3v\/TD9+P\/vu\/2o4fYNrvhq0R9x99+0i0uC0KQGdDd5r6NQNrHd1OUuue+9tPfv+QRnr95eNiLA2aSY6mwTNaBWd9NNxXGYRFyeLrYIzSjShbowY6P3GjbplSwnvLy9Hq6r7EfGpYWKyUUUBzEVNm4G0PRGu10vslid+PwEOzusq9LPJCaaCRaeJTAEwXJM3o7S0ujHd2nIKas0OJYT9m4b6b2eHNqYitrVu8pIsx+4BCMm\/aoh2mVnbUPYeu63BQbSLSBoYhlyS8TAiHwm0dAUDZDGp5h0YvKmVR3hiD41\/EE17WSVLHhhx9rrgL2VL8Nuce21q05fHueffE2eBeEpnW0VcnlBg7Flf59afC3+Jc3vf1P\/dE3Q8HtpUdlq8WIeZASyWMAX6jJIzVAvrpry1qKX9ZXn+6\/g3R5JIZtOEZbDnSoF3TfcmhYNlAyLFu1j400l5dbWcWsuvIJFv6wPDEtg4rLuf6ps9DqzQ0q5XR5sq4gbXLea6NmbaZF0ymzZ00FNv7vJyXNcnI\/VoyPyI1SHRswjB4j91SY6F5B8z7+ktVxQ69trTJ1rOGVI3qwWwZjFWhjq9\/HvMxe074thDgS1oSYvCn7RXkHBZMLN5gUIvwIarlokhWbP2y0ZV5KluO1KJ5+DGVuVBFBoHRZ+Rbi0bRwCbv1yWNU020dtng0nO1zfTc8BtCWJrL+DYFe0Z7GDLAg14UyAa+0addF0rnlNjRoQJfvaE7GbR0mL2RtjW+PmV7WFztrRUXYrTzLCeLI6w46LSwRG8ZL96cFiIKEBJwMkR2PrhHmYlIucwSP1EIlBCe0GAJ7mOOwu5KJSU2JlsZJ5IwWWatNB0M04mhKmelQFex1Qtj1TqYXplbdZtQfKr2JHEavviK9heBipuVlc65I5uypgFH5BKgdbEW2PYrADkpexwwmG35vvV8VI2+eKnsOHIpPYW6U9qZkCUTArttN58LQEBilfGJkdXdM25WQMWSSADutnQ0ewSgRyJvoS1iNtDWt0rrLRkRVNayCzy0yNWyCDdrjeOCkdT5Gp6cJU5L4EU4tubdEXyECF\/CNGM3cRn21UOu\/z6RHQ9J48pagFf+ZmlM4jO+vBWfO1ZULfowG\/nXlrf+vTirhN+K3ifnY+X\/q+tPZh5I0GeIARDl2L0KGTIwqTqdx6BRFlO8SeSMVKdi1OANrbMxiw9+1SBVWwz7uyjSMLNq4WDgWHKKBCGH4X4eTdb62nelsAg\/kzl26ayNU6t+wnWvaLeayaVldzDuqGXvCMZVasGnCbsUoz6dWcCxRulDXrVW0VrMZWw0M4Ki6\/xp8bb8JHfJWFvAzEHz3i09dMKJfJKmOlHcIqrPPdKVKlLc7TCjTodJDBddsSoxLoKZkLTYUNPdd4xA3VftPnUbh3HFSxCxhZClA1GK6mOv71aDnZXDME+kuwziUTCHt2Y89x89\/J5if+GzFTN5xEzm\/bEXKXQQUxQis9uLGCEt\/84qxIeRNcojUMQkHIAhsYRnI2ExFK8TdrfZwOa6etpCDZKnJwdPfQiR3vTsPqiH9cIb\/YR85uTktZgKHSfZ3bxnS\/dLU2RY43ff9WGoXWn3YNfxKgg\/4AKWqd+UqfmbJVOENJnc6HA7ZzajQq\/5yD5ev1eBeuLZT6m2vIG1VVwNO2EG4OWNaj9yQ1U97TOHIeOvNg4yBAgMmV\/iQs5c6gxZW3LlnopGks79UiIwMQN8nTSi2OKJhkLASoKfZ9bk\/N6rRCFrie74RrJmQJirU8eHFLlrS4oMvBXaC3O\/dhDAnA07UCo4\/aKmYy2hUpinKsGnJs8aaZn5yBfCh1jby8h2cGqjtqKUGUCaNCG9e8xkLOXSjvJaNEaXDxJVz7eXvBcrYBfxOou5fM\/B3XM1BHu630SJHtDYwfHrk3+Flh1c\/wdxuV51oGutL3pVRh6ObSFJMHmcl5hPE9mEKFSjo22N8bwTG1nUwJATpd6SPjyLKZ61sJw8O3Uvnl08PzXrNd6hY7dkRG3\/Bdsen7JwHequ0xrzBD4eRUp7z6gdYuxaqzZNpMv2eccB0wN\/s5PkM2G0Kf588nYwsdjdJcWDvZGoZOcZ8NvlydGr4Y3wG+oPFwtobYctEN+yp74N8sG9nroZWa8QzRVemAKyBS+3Z6KlXzhrDuKcZoFtunZRwX+RCPED57m3sZHd1sU7Xl6+OcD6Dvdl9DSd3zkfY55zSj+d1e1hk\/1c0x\/pDY\/8A3ux1JOMz7Gk1dVSRcsfMslpaxbxtAoTsJZPYEZqLQtt+z6DU199t9Z+dg9Q0T2eTJu2MDeLB0msI+B\/bX23ZENArWMJFETlnL0aX2wuh3uZimVy\/Zs17rXNBFs8GyW\/fx+S28k9MkuBtZvIVOct7l\/WFXBhVk69ndNrYjHC2CVFmthITSltpCkCTgiE1i3I+6JdWT2cWrAsFyHpzg40i6ZQ4w+Rlo6uUQP2NQlGpWQA2b\/GrIjDDNlGOnOoA5bf9aHR29KtiLbFWEnxkU8Pn2KJv+Q2ixYtRzEuVy0rnAECLkJmsG8f4MvUs0MuYtB5MTjqVvyeYsc2G0zvsXVeW5NG232DDI1JMLMr6sCg13ZE0lk1k+lXHMPoSsuzJAsGFJpZ28X2chqrIG3fzddMnBTrWsdmzCvKGcckYRLzcOrCuceVok9Ot8YfeDz8ibgBD12Ty2P2oKi2vydFJTZi+MaaCwZ1ztgLsEpSEsTUZrFLIkmiv5WTp4O1mRuhLZ8a4VME3JX1h7DupGS6FeYki915e2umTWfvVFh+Hral\/bGTyTwTEhs+y2nWLKtpVi2ISsuiLeJ2RxfsBPTB7kndGxcMPzBEK9HbYeDbWceN684lpnxpaznaQOmSmlfE7xMcCPjwrGvsWdndPWWmEHsqxcUIcB32CmLfiEdfK4K+keNgZZGqZIZMGKStKvaeoXiuRrQofnmpW00CsjXT6ha03RWVlx9VMFcDwSyx81kAPAzA\/\/jbf0ISi9wChwq9bBFRzgu\/X7qpuPn6j52NEjmD3HbOJI6n2MJifw5n4eFj22owMKqxezdctdWLCuV75qLbAzvWS46l2OGbqCRWVDErGfSOtashoLGTuApELP\/okHfHDVYrnsVV\/042D+2XUoux9sSyndNf1UW04bHW2uZlhS2ByUFJ79xaUXpO2J7froZtd7q3dXgbQJvHqhND13nX2CKGYnA6iM4jRJpBbX10lbY+a4a\/xdatJ0f0yLK0LJLBhFUiVhyDTkn33Z3G5h20rqptdbzRd4jNf\/DDzTO0ehxq16kFvZj6rqh4N1xpBB37FYd5YT\/beHBya8K0OOscCzE1Nq6gGjbmM2UIW6d\/4jr\/f9douhrxJmPPThEi0hxsnOGhagPq1JyJ6vDIPhdk3Oo663mf1gdiZoB9sTKhZLAbPIFY\/k14\/07Pj8zhmf7aIHOZZRsLX+zOMFqh5g8vmLglskQ4VeHCGkG6Y1EtUzfVadEZ+zWmJmu5kTQafHts1aIKBR2Pvdny1MTiw9bRWHUBQSG7aGxdQdEMou4rt7Pmq46aFWIoxBxcNIY14I2zq2zaEIO4D\/iYfywbO\/7DBnblUVcKGUw0Yn8h+wDqOZsE1ddFh9InaFunbuAKNeW2wYwumdwD8euOOR6zrUK02JI526IJpPKokpPuShhcyYqtxq7hwVusi0yykYUKVqwlRPrXzXx1+9kMiYz+sW+6ym704Ut5Zn139leekck6No5J9naBZ1D06X63JJIbyL76Y08qe8SvjfNjPb39hRBMbKnmhP44k3bIzpNUrqYhbrf6t\/1oQlNF\/I2L7gc+xu1hQxVxhpsSTxoOjh53wQh5cndM1n49hHFxTiiEFCWWuoNvLH6N+nLiMHfL1Am5aKBvV6IXUz+Jh6Iyhht2dmU8pJCXk9rOyk9Htzb3CY0RjN16Hrhr\/GgdpCV30R1my0GtvG9WiJ33jR1+eBePuYSuJvNVFXpGunq\/l1fK1sNHIzvVwlnHpjLVynVsR1VQMpr2vQ6SIEHcWce+6v\/WOvqW466fand1u3nblMSzEcEMqLbNbXuU2sYSdeN0XUqG24fRIHZKq63OqMhOCNH\/KLWILGTbed33p3ccTK+PfPGMzCDjRGWHyhYVYqGGZxLCycrS6LKRAX7u6lUYdu+qhzh6nzQjdImxbdT64qKIL7vZPK+4FjFMHFkbHLxYSno6zOKQpRDrEe5rVoUl\/12f6PPhTyeFmJxb2OrzS\/t9nNixvyfFNzIqOiY1MsVDWiWTWj3dHiHZW\/Rl\/LyZTMe+Cvvll86RSttk\/rHKsn2YXsTT\/r6fAcVnrSNTq9VWK+JUK3uzoZBkv\/Xk85NiQE2q0wTZnrooyqplP+QvrRRDe0DIZNWWhwjgHhEQdHI6dNZd2c8dxYYrYmbSEIpC1Kcd1sKOoMKRpXV74OD2SKDvTmFdqXo8ijYv6EB9dFvxjNagQtYe1dpaYK8B6gZYLgXOukZk3IrMIVs1eWK\/1\/Ik0o0xGe66AHffxVi14vkIKlrl7n\/r3jCcEBi0gsKilllMWs1Djd2ZDgAr7WzZh3h6Jo1HPGl1M\/vRge4wCuKWipBWdOclgdW1RWvcEeP2zi9caR9moT1lNdLxO\/tdCfvBAd5vJw7s78h1Pe6rbv93Ud56OaTFo72\/+sLfKWknf\/OHXszs\/gc=\" \/> \t\t<a href=\"https:\/\/www.pdf24.org\" target=\"_blank\" title=\"www.pdf24.org\" rel=\"nofollow\"><img src=\"https:\/\/www.hohenlohe-ungefiltert.de\/wp-content\/plugins\/pdf24-post-to-pdf\/img\/pdf_32x32.png\" alt=\"\" border=\"0\" height=\"32\" \/><\/a> \t\t<span class=\"pdf24Plugin-cp-space\">&nbsp;&nbsp;<\/span> \t\t<span class=\"pdf24Plugin-cp-text\">Sende Artikel als PDF<\/span> \t\t<span class=\"pdf24Plugin-cp-space\">&nbsp;&nbsp;<\/span> \t\t<input class=\"pdf24Plugin-cp-input\" style=\"margin: 0px;\" type=\"text\" name=\"sendEmailTo\" placeholder=\"Emailadresse\" \/> \t\t<input class=\"pdf24Plugin-cp-submit\" style=\"margin: 0px;\" type=\"submit\" value=\"Senden\" \/> \t<\/form> <\/div>","protected":false},"excerpt":{"rendered":"<p>Hohenlohe-ungefiltert hat am Montag, 14. September 2009, vormittags den Direktkandidaten des Wahlkreises Schw\u00e4bisch Hall-Hohenlohe einen umfangreichen Fragenkatalog zur Bundestagswahl 2009 zukommen lassen. Befragt wurden Stephen Brauer (FDP), Annette Sawade (SPD), Hans-J\u00fcrgen Lange (F\u00fcr Volksentscheide), Silvia Ofori (Die Linke), Harald Ebner (B\u00fcndnis 90\/Die Gr\u00fcnen) und Christian von Stetten (CDU). Die angefragten Kandidatinnen und Kandidaten hatten eine [&hellip;]<\/p>\n","protected":false},"author":3,"featured_media":0,"comment_status":"open","ping_status":"open","sticky":false,"template":"","format":"standard","meta":[],"categories":[],"tags":[],"_links":{"self":[{"href":"https:\/\/www.hohenlohe-ungefiltert.de\/index.php?rest_route=\/wp\/v2\/posts\/4342"}],"collection":[{"href":"https:\/\/www.hohenlohe-ungefiltert.de\/index.php?rest_route=\/wp\/v2\/posts"}],"about":[{"href":"https:\/\/www.hohenlohe-ungefiltert.de\/index.php?rest_route=\/wp\/v2\/types\/post"}],"author":[{"embeddable":true,"href":"https:\/\/www.hohenlohe-ungefiltert.de\/index.php?rest_route=\/wp\/v2\/users\/3"}],"replies":[{"embeddable":true,"href":"https:\/\/www.hohenlohe-ungefiltert.de\/index.php?rest_route=%2Fwp%2Fv2%2Fcomments&post=4342"}],"version-history":[{"count":15,"href":"https:\/\/www.hohenlohe-ungefiltert.de\/index.php?rest_route=\/wp\/v2\/posts\/4342\/revisions"}],"predecessor-version":[{"id":4378,"href":"https:\/\/www.hohenlohe-ungefiltert.de\/index.php?rest_route=\/wp\/v2\/posts\/4342\/revisions\/4378"}],"wp:attachment":[{"href":"https:\/\/www.hohenlohe-ungefiltert.de\/index.php?rest_route=%2Fwp%2Fv2%2Fmedia&parent=4342"}],"wp:term":[{"taxonomy":"category","embeddable":true,"href":"https:\/\/www.hohenlohe-ungefiltert.de\/index.php?rest_route=%2Fwp%2Fv2%2Fcategories&post=4342"},{"taxonomy":"post_tag","embeddable":true,"href":"https:\/\/www.hohenlohe-ungefiltert.de\/index.php?rest_route=%2Fwp%2Fv2%2Ftags&post=4342"}],"curies":[{"name":"wp","href":"https:\/\/api.w.org\/{rel}","templated":true}]}}