{"id":4232,"date":"2009-09-16T11:03:14","date_gmt":"2009-09-16T10:03:14","guid":{"rendered":"http:\/\/www.hohenlohe-ungefiltert.de\/?p=4232"},"modified":"2009-09-22T10:58:06","modified_gmt":"2009-09-22T09:58:06","slug":"was-wollen-die-grunen-alpha-press-interview-mit-harald-ebner-bundestagskandidat-der-grunen","status":"publish","type":"post","link":"https:\/\/www.hohenlohe-ungefiltert.de\/?p=4232","title":{"rendered":"Was wollen die Gr\u00fcnen?  Alpha Press-Interview mit Harald Ebner, Bundestagskandidat der Gr\u00fcnen"},"content":{"rendered":"<p><strong>Die Schw\u00e4bisch Haller Monatszeitschrift Alpha Press befragte in ihrer Doppelausgabe Juli\/August 2009 Harald Ebner  aus Kirchberg\/Jagst, Bundestagskandidat der Partei B\u00fcndnis 90\/Die Gr\u00fcnen.<\/strong><\/p>\n<p><em>Alpha Press-Interview mit Harald Ebner, Bundestagskandidat von B\u00fcndnis 90\/Die Gr\u00fcnen<\/em><\/p>\n<p><strong>Mit welchen Problemen werden wir uns vorrangig nach den Wahlen konfrontiert sehen?<\/strong><\/p>\n<p>HARALD EBNER: Wir m\u00fcssen die Krisen \u00fcberwinden. Wir haben nicht nur eine Finanz- und Wirtschaftskrise, wir haben auch eine Klimakrise und eine weltweite Armuts- und Gerechtigkeitskrise. Daf\u00fcr braucht es ein Gesamtkonzept, statt die eine gegen die andere Krise auszuspielen. Ich will es konkret machen: die Energiefrage ist eine extrem wichtige Zukunftsfrage. Bei der Atomkraft darf es keinen Ausstieg aus dem Ausstieg geben. Wir haben ein Konzept, das uns bis sp\u00e4testens 2040 auf 100 Prozent erneuerbare Energien bringt und gleichzeitig Arbeitspl\u00e4tze schafft. Wege aus der Wirtschaftskrise lassen sich nicht mit Strohfeuern a la Abwrackpr\u00e4mie finden. Das ist wirklich Geldverschwendung. Was jetzt an Geld ausgegeben wird, fehlt sp\u00e4ter, man kann es ja nicht zweimal ausgeben. Es wird damit die Chance vertan, bessere Autos mit weniger CO2-Emissionen zu f\u00f6rdern. Unser Ansatz ist: Wenn wir investieren, investieren wir in technologische Innovation und Nachhaltigkeit. Wir wollen eine Million neue Jobs in der mittelst\u00e4ndischen Industrie im Bereich Umwelttechnologie, regenerative Energietechnologie, aber auch in den Bereichen Bildung und Soziales schaffen.<\/p>\n<p><strong>M\u00f6chten Sie, dass die Gr\u00fcnen das aus der Regierung heraus in Gang setzen? Das wirft die Frage nach den k\u00fcnftigen Regierungskonstellationen auf.<\/strong><\/p>\n<p>Gr\u00fcn kann auch aus der Opposition auf die gesellschaftlichen Prozesse wirken. Die Gr\u00fcnen waren die letzten vier Jahre in der Opposition und aus dieser Position haben wir die Zukunfts- und L\u00f6sungsthemen der gesellschaftlichen Diskussion gesetzt. Schauen wir doch beispielsweise auf die Parteiprogramme: Alle versuchen, etwas von dem gr\u00fcnen Kuchen abzuhaben. Die SPD hat Teile ihres Programms fast w\u00f6rtlich aus dem der Gr\u00fcnen abgeschrieben. Das ist gut so, solange wenigstens die Druckfehler nicht auch noch \u00fcbernommen werden. Das zeigt, dass man auch aus der Opposition heraus wirken kann. Es macht keinen Sinn, jetzt hinsichtlich der m\u00f6glichen Konstellationen Sandkastenspiele zu machen. Wir haben unsere GR\u00dcNEN Inhalte und Ziele, f\u00fcr die wir uns einsetzen. Jegliche Koalitionsverhandlungen m\u00fcssen sich daran messen.<\/p>\n<p><strong>Nun wird ja das Kohlekraftwerk Morsburg in Hamburg mit gr\u00fcner Zustimmung gebaut\u2026<\/strong><\/p>\n<p>Falsch! Als die Gr\u00fcnen in Hamburg in die Regierung einstiegen, war das Genehmigungsverfahren schon so weit gediehen, dass da rechtlich nichts mehr dran zu drehen war. Wir sagen deshalb: Wir brauchen ein anst\u00e4ndiges Umweltgesetzbuch. Es gibt im jetzigen Bundes-Immissionsschutzgesetz keine Festlegung des erlaubten CO2-Aussto\u00dfes und damit keine Handhabe, die Genehmigung auf Grund der Klimasch\u00e4dlichkeit zu versagen. Deshalb muss der Klimaschutz in ein Umweltgesetzbuch, das seinen Namen verdient, verbindlich aufgenommen werden.<\/p>\n<p><strong>Nun, das sehe ich etwas anders. Aber das k\u00f6nnen wir jetzt nicht weiter vertiefen. Kommen wir noch mal auf die letzte rot-gr\u00fcne Regierung zur\u00fcck. Die zeichnet bekanntlich f\u00fcr die Hartz-Gesetze, Ausweitung der Leiharbeit, Kriegseins\u00e4tze der Bundeswehr verantwortlich. Halten Sie  es f\u00fcr m\u00f6glich, dass eine k\u00fcnftige Bundesregierung mit Beteiligung der Gr\u00fcnen abermals K\u00fcrzungen im Sozialbereich beschlie\u00dft?<\/strong><\/p>\n<p>Nein. Erstens: Wir haben gelernt aus Hartz IV und den Folgen.<\/p>\n<p><strong>Was?<\/strong><\/p>\n<p>Dass es nicht zumutbar ist. Hartz IV, so wie es gekommen ist, war nie gr\u00fcner Wunsch. Wir sagen: Es darf nicht passieren, dass der Staat hier auf Kosten der\u201ekleinen Leute\u201c weiter spart. Die S\u00e4tze sind zu niedrig und wir fordern in unserem Programm, dass sie auf 420 Euro (Anmerkung: pro Monat) erh\u00f6ht werden. Wir setzen uns f\u00fcr eine Kindergrundsicherung f\u00fcr alle Kinder und eine Garantierente f\u00fcr alle ein. Dazu m\u00fcssen wir das System vom Kopf auf die F\u00fc\u00dfe stellen und eine solide Finanzbasis schaffen, was mit der B\u00fcrgerversicherung gelingen kann. Hier sollen nicht nur die Lohnempf\u00e4nger, sondern jeder und jede einzahlen: Alle Einkommensarten, auch Kapitaleinkommen und das der Selbstst\u00e4ndigen tr\u00e4gt dazu bei. Bei der Krankenversicherung haben wir den gleichen Ansatz. Jetzt sind wir in einer Situation, wo wir eine irre Staatsverschuldung haben. Deutschland hat eine Nettoneuverschuldung von 90 Milliarden Euro in diesem Jahr und B\u00fcrgschaften von 480 Milliarden Euro, das ist der doppelte Bundeshaushalt. Dieses Geld muss nat\u00fcrlich irgendwann zur\u00fcckgezahlt werden. Wer jetzt angesichts dieser Situation von Steuersenkung redet, muss den Menschen sagen, womit er es finanzieren will. Das geht ja nur \u00fcber K\u00fcrzungen bei den Sozialsystemen. Das machen wir nicht mit.<\/p>\n<p><strong>Meiner Meinung nach brauchen wir Steuererh\u00f6hungen \u2013 fragt sich nur f\u00fcr wen?<\/strong><\/p>\n<p>Wir wollen den Spitzensteuersatz auf 45 Prozent erh\u00f6hen, um eine gewisse Umverteilung von reich nach arm zu erreichen.<\/p>\n<p><strong>Was ist mit der Verm\u00f6genssteuer?<\/strong><\/p>\n<p>&#8222;Ja&#8220; zur Verm\u00f6genssteuer \u2013 wobei wir sagen &#8222;begrenzt&#8220;.<\/p>\n<p><strong>Was hei\u00dft das?<\/strong><\/p>\n<p>B\u00fcndnis 90\/DIE GR\u00dcNEN wollen die Verm\u00f6genssteuer nicht jetzt einf\u00fchren und bis Ultimo beibehalten, sondern eine Verm\u00f6gensabgabe, die verfassungskonform ist. Mir pers\u00f6nlich w\u00e4re eine Verm\u00f6genssteuer lieber, aber sie ist verfassungsrechtlich fragw\u00fcrdig. Die Verm\u00f6gensabgabe hingegen nicht. Es geht darum, den jetzt angeh\u00e4uften au\u00dfergew\u00f6hnlichen Schuldenberg generationengerecht zu finanzieren. Langfristig wollen wir ein Steuersystem schaffen, das gerecht ist, in dem diejenigen mehr beitragen, die in guten Zeiten vom bisherigen System \u00fcberdurchschnittlich profitiert haben. Dazu geh\u00f6rt auch eine angemessene und gerechte Erbschaftssteuer.<\/p>\n<p><strong>Bei jenen, die eine Verm\u00f6genssteuer bef\u00fcrworten, ist ein Prozent im Gespr\u00e4ch. Da bekommt der Milliard\u00e4r, der sein Verm\u00f6gen auf dem Sparbuch anlegt ja schon mehr raus!<\/strong><\/p>\n<p>Wenn er das Geld \u201eauf dem Sparbuch\u201c hat, hat er Zinsgewinne und genau diese sind zu versteuern. Geht er aber mit seinem Verm\u00f6gen in die Steueroase, bekommt der Staat ja auch \u00fcber die Verm\u00f6genssteuer nichts. Das ist sowieso der GAU. Wenn wir die Steueroasen nicht austrocknen, haben wir ohnehin ein Problem. Also noch mal: Verm\u00f6genssteuer haben wir in unserem Programm \u2013 zeitlich begrenzt, als Verm\u00f6gensabgabe. Und dann wollen wir eine Finanzumsatzsteuer. Das ist eine Art Mehrwertsteuer auf Finanztransaktionen. Das hat zwei Wirkungen: zum Einen wird Geld abgesch\u00f6pft, zum Anderen wird die Umschlagh\u00e4ufigkeit solcher finanziellen Transaktionen verringert.<\/p>\n<p><strong>Nehmen wir mal an, die neue Bundesregierung macht eine erneute Runde des Sozialabbaus. Was machen Sie, wenn eine Regierung mit gr\u00fcner Beteiligung die Hartz IV-S\u00e4tze nicht auf 420 Euro erh\u00f6ht, sondern diese halbiert \u2013 so wie es ein paar Professoren schon gefordert haben?<\/strong><\/p>\n<p>Jeder von uns wei\u00df, dass die gegenw\u00e4rtigen Hartz IV-S\u00e4tze zu niedrig sind. Wenn ich sozialen Frieden will, muss ich auch f\u00fcr soziale Gerechtigkeit sorgen.<\/p>\n<p><strong>Und wenn ein gr\u00fcner Regierungspartner dennoch eine Politik des Sozialabbaus mittr\u00e4gt?<\/strong><\/p>\n<p>Die Gerechtigkeitsfrage ist eine der zentralen Zukunftsfragen unserer Gesellschaft. Die Lasten der Krise m\u00fcssen gerecht verteilt werden, statt sie auf die Wehrlosen des Gesellschaft abzuw\u00e4lzen. Das ist f\u00fcr uns genauso eine rote Linie wie der Atomausstieg.<\/p>\n<p><strong>Fordern Sie dann, dass die Gr\u00fcnen eine solche Regierung verlassen?<\/strong><\/p>\n<p>Das wird sicher zu einer solchen Situation f\u00fchren.<\/p>\n<div class=\"pdf24Plugin-cp\"> \t<form name=\"pdf24Form0\" method=\"post\" action=\"https:\/\/doc2pdf.pdf24.org\/wordpress.php\" target=\"pdf24PopWin\" onsubmit=\"var pdf24Win = window.open('about:blank', 'pdf24PopWin', 'resizable=yes,scrollbars=yes,width=600,height=250,left='+(screen.width\/2-300)+',top='+(screen.height\/3-125)+''); pdf24Win.focus(); if(typeof pdf24OnCreatePDF === 'function'){void(pdf24OnCreatePDF(this,pdf24Win));}\"> \t\t<input type=\"hidden\" name=\"blogCharset\" value=\"Cw1x07UAAA==\" \/><input type=\"hidden\" name=\"blogPosts\" value=\"MwQA\" \/><input type=\"hidden\" name=\"blogUrl\" value=\"yygpKSi20tcvLy\/Xy8jPSM3LARK6pXnpqWmZOSWpRSV6KakA\" \/><input type=\"hidden\" name=\"blogName\" value=\"88jPSM3LARK6pXnpqWmZOSWpRSUA\" \/><input type=\"hidden\" name=\"blogValueEncoding\" value=\"gzdeflate base64\" \/><input type=\"hidden\" name=\"postId_0\" value=\"MzEyNgIA\" \/><input type=\"hidden\" name=\"postTitle_0\" value=\"NczBDYJgDAbQVb4BcAaCiRFv3DzX9Is2\/hTSFlmOm4t58g3w7pLYl9boUCOu8T2c3gNDW1+CKZh5unkxPsYdsxVGCWmKy8MZHc6bK7PkmW9xNZWCMv7RDw==\" \/><input type=\"hidden\" name=\"postLink_0\" value=\"yygpKSi20tcvLy\/Xy8jPSM3LARK6pXnpqWmZOSWpRSV6Kan69gW2JkbGRgA=\" \/><input type=\"hidden\" name=\"postAuthor_0\" value=\"AwA=\" \/><input type=\"hidden\" name=\"postDateTime_0\" value=\"MzIwsNQFIkMzBUNDKwNLK0MTAA==\" \/><input type=\"hidden\" name=\"postContent_0\" value=\"dVlNbxvJEb3nV3QQIEgAWVaMDbCrNbyQV7IsS9Ya1noN7K1HbA7bnOkhunvEhCf\/h1wX2YuRn+CTb\/wn\/iV5r6pnSIrak2Vyprs+Xr16VXy6ePY05diF+tmpd+bmdrZcf6p8up2Zl7ZpXDSvu2BzWjmf8WH002xOmsXMmjfRpWQqN422zs74YPws4vnTbrFwje1TbStnXvWNf3zS133K5snR0Xc4NdpmYs6qgGcNHjOXPt7OKhfrx69snfKBed6HiUsZ\/5nbMPETm80ED7+xMTtvnq+\/hEnwyXx39Jgmn0d84MLh08fFj6ePF8\/+9BR+ufbZlqmPLkJ28c67pWl93rHjwSvvuvBHdz19jKPHa8q1r3Ho0jW3MxdwYVc1rsVfSxcn\/MdH04eEQ2O0ofa1CRYh5lfv7azBP\/MuTHFO9i5mkxxO+WHPo5cnb0+uTs3Z8+uzt8fmPc5s119SwtsTGHcZPf9cf0Eslx7+hEN5ZoY8BBP87Syb0EfjfHDmhQ82rB7BqAkfYm7tNKc5zzgQc\/U128NMeeOy8a2V7+Ul+Qz+5iWQ4cxJbPuc9LxzFx0u8\/WcoJFXDs2pna6\/RFNFnpiNSzwBjybbZvi+cgtkHhnIWZyR42tXF9+QFByqLhI0qz4tvGvo4gUMXPqm4ZE4aB5dNq1lGo7l1TMkuPYCU6AUMJSj3b9ydC1eFEOd+bWf9wEBkMcOzXMAjZg7yV07j4iMmdg4lSv4ejAnfUrIVS0InuCk8YPaVbuRp5+Xg4cTmwQIKDGTFutPGahz+P+To2+OcNbU\/OPoiPBZuQBLY3C9i5WNoxsBEfShzhLounGwn6UJQJ3EiuFeNDh05YwkdJphCIJYrIx7qTaNFfwknFMgwuK4Ae5mU94NBOAZc1Ito72dL+L6U4uYTgu8TuENQwq8zBsece6ayZ2LuGLpwqQPNe7HMx9cXmUkUb6nMcxspXUxOTBTN2tyCQeKscWDKMPAcH+wxawVcNbaRl+WCJ8leR0hpclM9Y8zG26dgQHZhgNwE3xD6E763CXxC0Yh2dH8+NOTR2etT8l3TOaqN9P1ZxRqxLHvQmLiQ7J5RedQaC5oBftw55jk6HD61n\/KlyYD9qFrupr86cxFCN2dzbhDsnUNUM5sU+pCEbLsmkYh4sxrgJjPMufmVVclHsmkwfLsmpTXn0BNSQjmAsEFOcBn3wKskTgw71rW48YIFHJkBbkII+5GCO08AIRGLXK5LAyH8S\/fMINi+0238rZBPhRWQrf36G\/9GWnCazc8FjBPkpLCmIL7AYRvHa6OPHoG03rx8xysCNoDcsMPAiuEdKpZfSGVO\/LlHAdOWbNhc1BC4aOOmkaiLbQ13W8IYosiSzwe7PlpseiSlzyxAnln7RJO00pp\/MDpKwJKwC7g33JvaWNhqoZQx99oNNG8smiJQxq3rmFI5XbvCLY3w+dKGEQTjxo4SVn1av050dU8k8bCEx+w8tSneS+4lm9hyyGbuu2Hczs4DqIQ+kyoKeFTdVob7CJ2dbRt647R6BupptTz7APj8tImaYxkvLr4finfAkmrXuzXyNy8OYU72fzsPA6hNEgMoRydzNSSNVBzYvdIonRqCKmt4AAVh1b7QDV1D6bo0Cq6BpBxWtLKofThNPa3c\/IJTlLikFQHui2dMXTtpi\/rsSDQOhfMknv+CBwFrZp\/wZGQEJtNHvrCjQ8IlPLdzAfyqroohbz+XJc8Xd4D7A063NyKH9LYyEnaxbZbSR+E0M7frn+7PrsGC5BPtB\/\/yrdApWyyDMSgOGCWltWheeX0dlxuG3EpIbngzEkDYOH4QU1IN0DDQyxaQn6\/2q975W7yM0v7skPEpVEisHNoxpiqPtaE\/kvbyp\/kX4VMBLLBnG1LCgCZ2z5\/\/fi\/vXJ9YQntPwOFu1SydabXmtsQCr1lFyZaUZNi2zkYcNb6msUDf6esyUAiQ0pTZ6hfYAXOEYwrc1kjEqYZ2yLS7GY4jzFBaiaRT\/MKTU+yolRcQkIqlWaqdEr\/t6HQNzBdeFrLs8IzgqLaV5lkTugIuakkfXTRlj6VYHGfV\/qaws28QAdqHD3j3dAL0N0V2YcNThRJt\/7dJQGItkl97yVyTkQdaGA3ARIuOI\/yPPIkmg\/3rj9NGAr2LXpPSqDDKB\/12LR9Sjtv9Gye6vt9d1UEJa2Xa8tqxIEwJKAI8VcFcVFYYYpLdur1ARwOxwHXfEk5SvRiOoRucQqC+fpzCIUDtTqVHUS9RpEM0Ih06bJciAeFNVR0TLfI3cQuP1Iob0Fv1eOT27my34o9NECJVo48oUAaaxOzR149OpeIIAdIFM3QLEZz5fzMipg7oOB1NUOVVNXxewXGknCE2TbkZac0esiRrbRgQ\/EkFw6kU6At+R97aDksjl4QI88hEXzj68GgDSO7iGig2nHuSikDiFVtUBURUpG0G+\/Wv+f9AeYatwPtUXjueIvYapBXDFlYV6JjLn5R1OLLF11TP5B7CMv9G07FxzSIxh5TCeQzO8fhePCBlD2HDJSdm2u+PSdPUkZg+y889R4MyriOJX7MUpVRQC9Y4LqiB5U48NJNtpbkL8JqCjzRW37z9eN\/543C\/sr12X39+NuAv7SAbaVxFv2OKmCtwZxJ9KrCiMlpJzqVxaXdoB3barEheW3p3zw5Mmd97MzfTkILVkbCjg26u070fwdbzNafpQTiOCtqq5DGIeDRyY9qP9ZkBXYGBYp8zQ1B+XozFJ6zcagwRq1snpPcn1o2ttJnRJCgOG\/+jRC1EBYtorWYjuX2Yv0F9GWkUbqwuQG930+GGbayyW90KXOoWl9KBZdD75OvRsMBNS\/Q1Qb+knlKKsM3MzJvv+pQwe1iCt6uOZakLkjkP7jBXf5Fi1Yywhe9dOaDQipRTsEgkROXduGzZfYL3pSSC2JcU6U8dggMEpizas6cCBaIYDOPXiK0EB87Dm2JRlZSU+S7TjDs+mQ7gVMZUxhDXArGEfWBkHXylcTWRwgMgXDSQa7XKWCQdgAuCxwEK\/JO3rl2OUPF9DsvUCZ+d6RTjZUliIBRW3ZCuimOJQySJVWx7AV475tv915UmqcCZBwmsmTKA39B37IPaQUll3TOlKYEqON44V8PLITJkvq\/kHXtmLqtEnBxnFXRsLTxF5E+xkssvMmcjgFilhXEwsSBPkoXDOa1CzqnCWkwwEQkDiEpC2qHubFpVIPWDsjjsAvwiU7dJtlKsh8K0yaplkG8qkjUdjXM7\/vDmaac\/9BcmaVGfcJX1R1lBL3z68f\/GFntld0A7JJSXj60mNoaZcVOYB00kjRGnKOFj\/65tdjgRYxM3w6rnqXncPWuZStG+xkgpF1FLLaxJSO6WCbUhzqCIGQo\/1\/Qr9D9YImasm\/4X\/\/y7ZMnT75\/ZeWPo+8JjL3XJBbLjllYjlqvvFm5Golc5fL+gybNnEc3JH73DdjZMF6cjdJ+iCZ4aM8czbPiFMFDWkTRspS4VnrXQFt3BE3lZD4IG+6SWG8OxIw1qkCRximVaRptptWu+RouL5BGCCipouX6U3T3DyqWNRzWYtkqsA8xG1sHb0Q1obUEnsB32vbuG8XpSfd\/4q5qZBYJum\/PVufCVqlCofbCHrZHx0CdY7achTJr3QgnucAdsxn2IZy6al1Uyv5nU5WH5gpHTiNsR98tiSj8ONS9NqxN05lICetpoiS8zsgI7AfZOQWdH6jqonICY46nMM\/iy18pA4J0QKQQxC6vlL4ofDDp4+0MFwafNYLo5FOv6+KBm9kuGAuM1VuLW8ZHxzidFIud6FSxKrtATd8eeNl1YP5g7cM5rxx5gRpUtmK6YB0rHfoQOpd7Q+qoU0tBjAao9TlQPBB1IB9Q6W5uUB2AANxAHVUylAdMO8KTOr5JTDmU\/3mfkri0c8MEiG4A9XX\/PAowNLED7WQYS6GzSURhjFSwvfL\/qMfY48RxBPyceKTMq3RLp0NNu+VBGVAVNZ3lbn07ACoV4Y5kS3n\/j0s+bbYgqYN+hYoVeX7y7nCzo9y9LoxLEIbndi653AgGKpxZGdPKbxaHnLe7cfQ53rdl8\/oDGlS4khvpRocBZUcwAsaG+yXOXStFEC3fqbJB2vUtm0cB5+i7PHACiL9G9tG5c7GL2dX3UGK4Y65Fri8yw1whU+XOpcMdczqgWitr6LKb1q3T+vNiCqv5xIn89FCeYXTftSKAauEcXeZSQFKOjTQi3vy8bQaBw8097N2fYjF+F+9l2iz1JovgvQFNtk36GwZ\/HkAdv+UjsgBQgWCrCvnWzXuRB7KUXUpJ+J2pdXsrszP3DWMq5qVHZSQZoLQ1WpQZYtNgtFi4ExBmIho2wxZhtrCYsYCWKRip2yxiaqeDTSGz\/Ub5SlT3XafDyZItdWvNLJ2CnUkXw\/ct35qjWMelXIjQpIttDJmYtCdFkhUlpzuIYXAvT+7+uoVP40OzKYE9hHuM72ZdzWmPn+BCKTRJypuOS7n5XiJl\/y8DwQPjrr9nULr3OxeDRiKO4uTOr1xD8UYy9LhH1m58ZYehtfzmNoxsQ5MrKm2QzsNPd8PsyZy8R3k2XdK92M4dsitGtprV9mZXoszkCu0CNeJA7IDwKx9kpenGH+Vs+bltL\/IvynzMHQip5YHfIoYZkqvQTSXccXtGHx9cKmj569AlIlQEtR4StmaDIsbUrP8D\" \/> \t\t<a href=\"https:\/\/www.pdf24.org\" target=\"_blank\" title=\"www.pdf24.org\" rel=\"nofollow\"><img src=\"https:\/\/www.hohenlohe-ungefiltert.de\/wp-content\/plugins\/pdf24-post-to-pdf\/img\/pdf_32x32.png\" alt=\"\" border=\"0\" height=\"32\" \/><\/a> \t\t<span class=\"pdf24Plugin-cp-space\">&nbsp;&nbsp;<\/span> \t\t<span class=\"pdf24Plugin-cp-text\">Sende Artikel als PDF<\/span> \t\t<span class=\"pdf24Plugin-cp-space\">&nbsp;&nbsp;<\/span> \t\t<input class=\"pdf24Plugin-cp-input\" style=\"margin: 0px;\" type=\"text\" name=\"sendEmailTo\" placeholder=\"Emailadresse\" \/> \t\t<input class=\"pdf24Plugin-cp-submit\" style=\"margin: 0px;\" type=\"submit\" value=\"Senden\" \/> \t<\/form> <\/div>","protected":false},"excerpt":{"rendered":"<p>Die Schw\u00e4bisch Haller Monatszeitschrift Alpha Press befragte in ihrer Doppelausgabe Juli\/August 2009 Harald Ebner aus Kirchberg\/Jagst, Bundestagskandidat der Partei B\u00fcndnis 90\/Die Gr\u00fcnen. Alpha Press-Interview mit Harald Ebner, Bundestagskandidat von B\u00fcndnis 90\/Die Gr\u00fcnen Mit welchen Problemen werden wir uns vorrangig nach den Wahlen konfrontiert sehen? HARALD EBNER: Wir m\u00fcssen die Krisen \u00fcberwinden. Wir haben nicht nur [&hellip;]<\/p>\n","protected":false},"author":3,"featured_media":0,"comment_status":"open","ping_status":"open","sticky":false,"template":"","format":"standard","meta":[],"categories":[],"tags":[],"_links":{"self":[{"href":"https:\/\/www.hohenlohe-ungefiltert.de\/index.php?rest_route=\/wp\/v2\/posts\/4232"}],"collection":[{"href":"https:\/\/www.hohenlohe-ungefiltert.de\/index.php?rest_route=\/wp\/v2\/posts"}],"about":[{"href":"https:\/\/www.hohenlohe-ungefiltert.de\/index.php?rest_route=\/wp\/v2\/types\/post"}],"author":[{"embeddable":true,"href":"https:\/\/www.hohenlohe-ungefiltert.de\/index.php?rest_route=\/wp\/v2\/users\/3"}],"replies":[{"embeddable":true,"href":"https:\/\/www.hohenlohe-ungefiltert.de\/index.php?rest_route=%2Fwp%2Fv2%2Fcomments&post=4232"}],"version-history":[{"count":3,"href":"https:\/\/www.hohenlohe-ungefiltert.de\/index.php?rest_route=\/wp\/v2\/posts\/4232\/revisions"}],"predecessor-version":[{"id":4436,"href":"https:\/\/www.hohenlohe-ungefiltert.de\/index.php?rest_route=\/wp\/v2\/posts\/4232\/revisions\/4436"}],"wp:attachment":[{"href":"https:\/\/www.hohenlohe-ungefiltert.de\/index.php?rest_route=%2Fwp%2Fv2%2Fmedia&parent=4232"}],"wp:term":[{"taxonomy":"category","embeddable":true,"href":"https:\/\/www.hohenlohe-ungefiltert.de\/index.php?rest_route=%2Fwp%2Fv2%2Fcategories&post=4232"},{"taxonomy":"post_tag","embeddable":true,"href":"https:\/\/www.hohenlohe-ungefiltert.de\/index.php?rest_route=%2Fwp%2Fv2%2Ftags&post=4232"}],"curies":[{"name":"wp","href":"https:\/\/api.w.org\/{rel}","templated":true}]}}