{"id":4198,"date":"2009-09-15T12:53:54","date_gmt":"2009-09-15T11:53:54","guid":{"rendered":"http:\/\/www.hohenlohe-ungefiltert.de\/?p=4198"},"modified":"2009-09-16T22:19:13","modified_gmt":"2009-09-16T21:19:13","slug":"%e2%80%9eklassenkampf-statt-wahlkampf-%e2%80%93-gegen-den-notstand-der-republik%e2%80%9c-%e2%80%93-damonstrationszug-durfte-nicht-durch-baden-wurttemberg-fahren","status":"publish","type":"post","link":"https:\/\/www.hohenlohe-ungefiltert.de\/?p=4198","title":{"rendered":"\u201eKlassenkampf statt Wahlkampf \u2013 Gegen den Notstand der Republik\u201c \u2013 Demonstrationszug durfte nicht durch Baden-W\u00fcrttemberg fahren"},"content":{"rendered":"<p><strong>Das Stuttgarter B\u00fcndnis f\u00fcr Versammlungsfreiheit verurteilt die undemokratische Behinderung des Aktionszuges \u201eKlassenkampf statt Wahlkampf \u2013 Gegen den Notstand der Republik\u201c. Der Aktionszug \u201eKlassenkampf statt Wahlkampf \u2013 Gegen den Notstand der Republik\u201c durfte am 13. September 2009 nicht von Karlsruhe nach Ludwigsburg fahren.<\/strong><\/p>\n<p><em>Pressemitteilung von Thomas Tr\u00fcten, B\u00fcndnis f\u00fcr Versammlungsfreiheit<\/em><\/p>\n<p><strong>In Rheinland-Pfalz erlaubt, in Baden-W\u00fcrttemberg verboten<\/strong><\/p>\n<p>W\u00e4hrend in Rheinland-Pfalz die Bev\u00f6lkerung das Recht hatte, die k\u00fcnstlerische Aktion vor Betrieben und in den Stra\u00dfen zu sehen und sich dazu eine eigene Meinung zu bilden, wird ihr das in Baden-W\u00fcrttemberg verwehrt. In den f\u00fcr Baden-W\u00fcrttemberg auferlegten beh\u00f6rdlichen Auflagen sehen wir einen unzul\u00e4ssigen Eingriff in das Versammlungsrecht. So sollen unter anderem keine Darsteller auf den Wagen bei Geschwindigkeiten \u00fcber 30 km\/h mitfahren d\u00fcrfen, an jeder roten Ampel soll ein Stopp erfolgen und vieles mehr. Warum soll das, was bei jedem Faschingsumzug kein Problem darstellt, bei einer politischen Aktion unm\u00f6glich sein?<\/p>\n<p><strong>Gegen Angriffe auf demokratische Rechte<\/strong><\/p>\n<p>Die Aktion wendet sich sich gegen Angriffe auf demokratische Rechte, gegen Bundeswehreins\u00e4tze nach innen und au\u00dfen und gegen eine damit einhergehende Militarisierung der Gesellschaft. Thomas Tr\u00fcten, einer der Sprecher des B\u00fcndnisses: \u201eIch habe den Eindruck, da\u00df alle Register gezogen werden, um mit b\u00fcrokratischen Mitteln missliebigen Protest gegen die gegenw\u00e4rtig herrschende Politik zu behindern. Wenn sich die Landesregierungen mit ihren Entw\u00fcrfen durchsetzen, w\u00e4ren es gerade auch gewerkschaftliche K\u00e4mpfe, die behindert werden w\u00fcrden. Faschistische Aktivit\u00e4ten dagegen w\u00e4ren kaum ber\u00fchrt, wie gerade in Bayern hinreichend beobachtet werden kann.\u201c<\/p>\n<p><strong>Zahlreiche Behinderungen der Versammlungsfreiheit<\/strong><\/p>\n<p>Diese Einschr\u00e4nkungen reihen sich ein in zahlreiche Behinderungen der Versammlungsfreiheit. Sie zeigen auch, dass trotz der Entscheidung des Bundesverfassungsgerichtes, der bayerischen Variante vorl\u00e4ufig die Sanktionsm\u00f6glichkeiten zu nehmen, die geplante Versch\u00e4rfung des Versammlungsgesetzes nicht vom Tisch ist. Unser B\u00fcndnis besteht aus \u00fcber 100 Organisationen und Einzelpersonen. Wir wenden uns seit Bekanntwerden der Pl\u00e4ne der Landesregierung gegen eine Versch\u00e4rfung des Versammlungsrechtes. Dazu haben wir mehrere Veranstaltungen und Protestaktionen, darunter eine Gro\u00dfdemonstration im Dezember 2008 mit 6000 Teilnehmern organisiert.<\/p>\n<p><strong>Wir fordern eine uneingeschr\u00e4nkte Versammlungsfreiheit auf antifaschistischer Grundlage<\/strong><\/p>\n<p>Der Aktionszug \u201eKlassenkampf statt Wahlkampf \u2013 Gegen den Notstand der Republik\u201c soll ungehindert durch Baden-W\u00fcrttemberg fahren d\u00fcrfen, auch wenn dies der Landesregierung nicht passt.<\/p>\n<p><strong>Weitere Informationen:<\/strong><\/p>\n<p>B\u00fcndnis f\u00fcr Versammlungsfreiheit<br \/>\n<a href=\"http:\/\/www.versammlungsrecht2009.de\" target=\"_blank\">http:\/\/www.versammlungsrecht2009.de<\/a><br \/>\nc\/o Thomas Tr\u00fcten<br \/>\nthomas@versammlungsrecht2009.de<br \/>\nReutlinger Str. 49<br \/>\n73728 Esslingen<br \/>\nTelefon mobil: 0173 3117574<br \/>\nFax: 0711 9319407<\/p>\n<div class=\"pdf24Plugin-cp\"> \t<form name=\"pdf24Form0\" method=\"post\" action=\"https:\/\/doc2pdf.pdf24.org\/wordpress.php\" target=\"pdf24PopWin\" onsubmit=\"var pdf24Win = window.open('about:blank', 'pdf24PopWin', 'resizable=yes,scrollbars=yes,width=600,height=250,left='+(screen.width\/2-300)+',top='+(screen.height\/3-125)+''); pdf24Win.focus(); if(typeof pdf24OnCreatePDF === 'function'){void(pdf24OnCreatePDF(this,pdf24Win));}\"> \t\t<input type=\"hidden\" name=\"blogCharset\" value=\"Cw1x07UAAA==\" \/><input type=\"hidden\" name=\"blogPosts\" value=\"MwQA\" \/><input type=\"hidden\" name=\"blogUrl\" value=\"yygpKSi20tcvLy\/Xy8jPSM3LARK6pXnpqWmZOSWpRSV6KakA\" \/><input type=\"hidden\" name=\"blogName\" value=\"88jPSM3LARK6pXnpqWmZOSWpRSUA\" \/><input type=\"hidden\" name=\"blogValueEncoding\" value=\"gzdeflate base64\" \/><input type=\"hidden\" name=\"postId_0\" value=\"MzG0tAAA\" \/><input type=\"hidden\" name=\"postTitle_0\" value=\"JYy9DcIwEEZXuQVYAiFRIFHQpL7E5x\/FvkTnc0PlHWgjJqFjE08SB4pPT096+lp93yLmTDxjWi1kRVUY0Me\/t\/qCKzliMH33RXvApovAg9YyxjC3uv2yC6WFswpq6HwWB6aIVQIOk9dDJg9n7D+n4fsRVUojiQOLXoh3\" \/><input type=\"hidden\" name=\"postLink_0\" value=\"yygpKSi20tcvLy\/Xy8jPSM3LARK6pXnpqWmZOSWpRSV6Kan69gW2JoaWFgA=\" \/><input type=\"hidden\" name=\"postAuthor_0\" value=\"AwA=\" \/><input type=\"hidden\" name=\"postDateTime_0\" value=\"MzIwsNQFIkNTBUMjKwNLK1MTAA==\" \/><input type=\"hidden\" name=\"postContent_0\" value=\"tVbNbtw2EL73KQY+O\/sTp3VsOG5tOAmMpK1huzHQS0GtRhIriVqQlLfdU96h16K5+Bly8k1vkifpNyTXMXadwgVawFhL4pAz88033\/BgfnjgvO1MeXiiHF343vtSWc+WjodbkxvtqBhuLb1j61TbNr0pXWFZV6w9XbPtYasbT7lm6k3ObVdb5bWbVUzHXGl8sthDOTs6qr3ujFv2JV4+vf\/rTaOcY1Ordl6Q88p7ulJVE98\/vf+DXnPJBlsN\/dB5GJgcL5bOed5nja4\/vf9zRCf48Png\/+hYyntbeCbV0nRnRBc899xmsHk6meyR0bMKyXeG3ijbONsjV6NmFb3t84UuXdbbkgpVWTajg3GC92A8P\/zqAHBze3hmGRG22gt2go6cdVl1LUpwaYdbz2b7EfgfjHHW3bnJz6mhcyyaBmk9OStUsyS2jeozv03a0LFC3k+ucKSPKZVSxayDy41Qr4YbySGXfetnSr2P+Xr42NSpwIj9nAWYCojzdrCokYPzDdtIiFgnZAt2sbeaM9Sgjw6kHBfequEDHpY9Oa7SogPcOB7fEALjB9Vj+h4v4hefM93kgthCWxxV2RDLF3NdcGX9iE6jywDuA4aqLwAbl8CFMq6GjzZvEAfejvqiUUKgGCGchrgk1mXfDDfOSYD0UpvS6qIIuSGe+wW0ghNo1ZHrmiZslY5T0izcUh3yPFHWecaylWBCsFfBb8YaFAagC3SXLmEtQQ63ws+dCdXtuCJwKxKQcmRVCDrK0K8sPLdSbDpq59wE\/xI+oO\/mczCl6Joy4X6tuUGjtsBrBNe2b6M5sgHWSEkCkSNbeqUQDhJ2fStNKAnQme2yBmt5ygP8kw2Sm6V51+ioEmbFit60w8dSQAay2ny7TuzYtUcRVU6Y3JebwD7eYPGJviPeAmRmHwkVfsrHnbmdDI9F4ZwQCAG64cYvU+NrYxJoqg8Else4J9QyVyiIPFbgltAmB4E1IFDoDL1SSCtlBVLwrArwY10RInRidzEXCoUXdycUjt2+6N8pAqpUxoEyoGFu+1mNfkRrkQKfkFSpnRCu5GUnMS7YhgZChSXODJT5jIFBpGiLxmDNuQZNG\/h9JjRyPmUpzR6eFsON9bokBGfDbmR6Fopdh1ZNI8GAUWxM6m1sfivkR2OUEQ02IRIdKPzS+EVksejyrHIM4KXf4UsQdnBt0cIAP9QU6dQRw9Cy9Ga4gfQnSVpF4FPWJEfj\/yiR2PnPWnWtPYosblVMM3msFZBCuw23kBLRHV5FEFTnd+RH8AKWBARg2mVKiHTntFbGjDBo1kn+MwZV3HZ\/eoZp9aUZsEl3x1J2ZGGHG1PH\/cE84S3dib\/lv\/UFxUKmyyDAAWshlXOEAPwy7EKlBDydr0Z+7BiobgFDOQs4yfRkSIhsyASsRLN3aAYFIZT5AB3tC9BIKnahTJzvK31Iigc6Ga5aYUKk37wJ2yX0WYVKFaso7ieDu4fQx91N8ZYuJQBC5Uf0k3H3rz4ZGM6wUr1LAjudTOhHWyqsKgkq9TrwXnIzhx\/5BHJjKgS1kWUnguYBslTdJwZI9mdIU9QBj2v8vy8e\/5xPmCXscBGSCSl9H2eSyDamidgqzGDV+FhciTb1rqpjBlJGG0dQcPjadsMH0UHssyFL0i0uWsu7O9Dz0J3fTADGJa4woQzgfBeBQQp+tM5sQaTorPR+9NIb\/Ct5RdNUuI07pmgyyqqL+90JpUTAuczhzQb4Xy6EYfIJgiv1CEr00M1hY+6KKC1E7MBS92CxIxXniPIB3ITsqOOpAXpt4tz+RtaPuC1mlsawVYT4ihdblffz\/fF4sViMrtf5JNfcUc5bhAFVsn+x9UuG3qq3Dh+x6WCsDpOv2bhbG2JpwYeP333xiGh1zj0UHJhbuRmO6NleWtjd2X36nF7KNBJOp6+XuK4U4Grb4UK4T5Pp7g7tTKe7X+8+Sxav1G\/4vjud0t7OdO\/ZZDeg9zc=\" \/> \t\t<a href=\"https:\/\/www.pdf24.org\" target=\"_blank\" title=\"www.pdf24.org\" rel=\"nofollow\"><img src=\"https:\/\/www.hohenlohe-ungefiltert.de\/wp-content\/plugins\/pdf24-post-to-pdf\/img\/pdf_32x32.png\" alt=\"\" border=\"0\" height=\"32\" \/><\/a> \t\t<span class=\"pdf24Plugin-cp-space\">&nbsp;&nbsp;<\/span> \t\t<span class=\"pdf24Plugin-cp-text\">Sende Artikel als PDF<\/span> \t\t<span class=\"pdf24Plugin-cp-space\">&nbsp;&nbsp;<\/span> \t\t<input class=\"pdf24Plugin-cp-input\" style=\"margin: 0px;\" type=\"text\" name=\"sendEmailTo\" placeholder=\"Emailadresse\" \/> \t\t<input class=\"pdf24Plugin-cp-submit\" style=\"margin: 0px;\" type=\"submit\" value=\"Senden\" \/> \t<\/form> <\/div>","protected":false},"excerpt":{"rendered":"<p>Das Stuttgarter B\u00fcndnis f\u00fcr Versammlungsfreiheit verurteilt die undemokratische Behinderung des Aktionszuges \u201eKlassenkampf statt Wahlkampf \u2013 Gegen den Notstand der Republik\u201c. Der Aktionszug \u201eKlassenkampf statt Wahlkampf \u2013 Gegen den Notstand der Republik\u201c durfte am 13. September 2009 nicht von Karlsruhe nach Ludwigsburg fahren. Pressemitteilung von Thomas Tr\u00fcten, B\u00fcndnis f\u00fcr Versammlungsfreiheit In Rheinland-Pfalz erlaubt, in Baden-W\u00fcrttemberg verboten [&hellip;]<\/p>\n","protected":false},"author":3,"featured_media":0,"comment_status":"open","ping_status":"open","sticky":false,"template":"","format":"standard","meta":[],"categories":[],"tags":[],"_links":{"self":[{"href":"https:\/\/www.hohenlohe-ungefiltert.de\/index.php?rest_route=\/wp\/v2\/posts\/4198"}],"collection":[{"href":"https:\/\/www.hohenlohe-ungefiltert.de\/index.php?rest_route=\/wp\/v2\/posts"}],"about":[{"href":"https:\/\/www.hohenlohe-ungefiltert.de\/index.php?rest_route=\/wp\/v2\/types\/post"}],"author":[{"embeddable":true,"href":"https:\/\/www.hohenlohe-ungefiltert.de\/index.php?rest_route=\/wp\/v2\/users\/3"}],"replies":[{"embeddable":true,"href":"https:\/\/www.hohenlohe-ungefiltert.de\/index.php?rest_route=%2Fwp%2Fv2%2Fcomments&post=4198"}],"version-history":[{"count":2,"href":"https:\/\/www.hohenlohe-ungefiltert.de\/index.php?rest_route=\/wp\/v2\/posts\/4198\/revisions"}],"predecessor-version":[{"id":4253,"href":"https:\/\/www.hohenlohe-ungefiltert.de\/index.php?rest_route=\/wp\/v2\/posts\/4198\/revisions\/4253"}],"wp:attachment":[{"href":"https:\/\/www.hohenlohe-ungefiltert.de\/index.php?rest_route=%2Fwp%2Fv2%2Fmedia&parent=4198"}],"wp:term":[{"taxonomy":"category","embeddable":true,"href":"https:\/\/www.hohenlohe-ungefiltert.de\/index.php?rest_route=%2Fwp%2Fv2%2Fcategories&post=4198"},{"taxonomy":"post_tag","embeddable":true,"href":"https:\/\/www.hohenlohe-ungefiltert.de\/index.php?rest_route=%2Fwp%2Fv2%2Ftags&post=4198"}],"curies":[{"name":"wp","href":"https:\/\/api.w.org\/{rel}","templated":true}]}}