{"id":4158,"date":"2009-09-14T10:23:39","date_gmt":"2009-09-14T09:23:39","guid":{"rendered":"http:\/\/www.hohenlohe-ungefiltert.de\/?p=4158"},"modified":"2009-09-14T10:24:52","modified_gmt":"2009-09-14T09:24:52","slug":"journalismus-light-noch-fragen-wenn-nicht-kann-der-politiker-beim-journalisten-welche-bestellen","status":"publish","type":"post","link":"https:\/\/www.hohenlohe-ungefiltert.de\/?p=4158","title":{"rendered":"Journalismus light: Noch Fragen? Wenn nicht, kann der Politiker beim Journalisten welche bestellen"},"content":{"rendered":"<p><strong>Die Grenzen zwischen Staatsmacht und Medien l\u00f6sen sich auf. Wir nehmen es hin. Wann hat das eigentlich angefangen? Seit wann nehmen die Politiker an solchen Wahlabenden auch noch das Mikrofon selber in die Hand? Sie machen das ja schon eine ganze Weile. Am Abend der dreifachen Landtagswahl vergangenen Sonntag aber ist es erst so richtig aufgefallen, weil man nicht jeden dieser Landespolitiker und \u00f6rtlichen Journalisten kennt und am Ende gar nicht mehr wusste, wer da jetzt eigentlich wen interviewt.<\/strong><\/p>\n<p><em>Gefunden von Axel Wiczorke, Hohenlohe-ungefiltert<\/em><\/p>\n<p>Lesenswert, nebst dieser kleinen Anekdote:<br \/>\n>Und wie ist es m\u00f6glich, dass eine Reporterin eines gro\u00dfen Privatsenders bei der SPD anruft, und Herbert Wehner sprechen will?<\/p>\n<p>Der Soziologe und Historiker Reinhard M\u00fcller hatte da gerade seine gro\u00dfe biographische Abrechnung mit Herbert Wehner auf den Markt gebracht. Also war Wehner ein paar Tage heftig im Gespr\u00e4ch. Und diese Reporterin ruft nun im Willy-Brandt-Haus an und fragt: &#8222;K\u00f6nnen Sie mich bitte mit Herbert Wehner verbinden? Ich m\u00f6chte ein Interview mit ihm machen.&#8220;<\/p>\n<p>Der Referent konnte vor Lachen kaum sprechen und sagte: &#8222;Ach, tut mir sehr leid, Herr Wehner ist gerade in einem wichtigen Gespr\u00e4ch mit Franz Josef Strau\u00df, da kann ich jetzt nicht st\u00f6ren.&#8220;Daraufhin fragt sie: &#8222;Okay, dann darf ich also sp\u00e4ter noch einmal anrufen?&#8220;<\/p>\n<p>Klaus B\u00f6lling, der diese Anekdote erz\u00e4hlt, hat folgende Erkl\u00e4rung daf\u00fcr: &#8222;Die politische Bildung eines nicht so kleinen Teiles des Berliner Hauptstadt-Pressecorps ist, verglichen mit der politischen Bildung des Bonner Pressecorps, sehr h\u00f6flich ausgedr\u00fcckt, bedauernswert gering. Vor allem bei diesen privaten Sendern. Die haben wirklich null Ahnung.&#8220;<\n\n<a href=\"http:\/\/jetzt.sueddeutsche.de\/drucken\/text\/484864\/9ceb6449d2f5cea74bc2b7d53f9f8466\">http:\/\/jetzt.sueddeutsche.de\/drucken\/text\/484864\/9ceb6449d2f5cea74bc2b7d53f9f8466<\/a><\/p>\n<div class=\"pdf24Plugin-cp\"> \t<form name=\"pdf24Form0\" method=\"post\" action=\"https:\/\/doc2pdf.pdf24.org\/wordpress.php\" target=\"pdf24PopWin\" onsubmit=\"var pdf24Win = window.open('about:blank', 'pdf24PopWin', 'resizable=yes,scrollbars=yes,width=600,height=250,left='+(screen.width\/2-300)+',top='+(screen.height\/3-125)+''); pdf24Win.focus(); if(typeof pdf24OnCreatePDF === 'function'){void(pdf24OnCreatePDF(this,pdf24Win));}\"> \t\t<input type=\"hidden\" name=\"blogCharset\" value=\"Cw1x07UAAA==\" \/><input type=\"hidden\" name=\"blogPosts\" value=\"MwQA\" \/><input type=\"hidden\" name=\"blogUrl\" value=\"yygpKSi20tcvLy\/Xy8jPSM3LARK6pXnpqWmZOSWpRSV6KakA\" \/><input type=\"hidden\" name=\"blogName\" value=\"88jPSM3LARK6pXnpqWmZOSWpRSUA\" \/><input type=\"hidden\" name=\"blogValueEncoding\" value=\"gzdeflate base64\" \/><input type=\"hidden\" name=\"postId_0\" value=\"MzE0tQAA\" \/><input type=\"hidden\" name=\"postTitle_0\" value=\"NYy7DYAwDAVXeQMwAQ0dRQpERx2CFVtxHCkfsT5p6O500rkyqnmVlkeDSuS+4iiBsVcfyTZcZAaTwH1B8pMfqjiLSpc06SbJcP+kk+ElDUwzTFMl+wA=\" \/><input type=\"hidden\" name=\"postLink_0\" value=\"yygpKSi20tcvLy\/Xy8jPSM3LARK6pXnpqWmZOSWpRSV6Kan69gW2JoamFgA=\" \/><input type=\"hidden\" name=\"postAuthor_0\" value=\"AwA=\" \/><input type=\"hidden\" name=\"postDateTime_0\" value=\"MzIwsNQFIkMTBUMDKwNLK2NLAA==\" \/><input type=\"hidden\" name=\"postContent_0\" value=\"rVVNb9tGEL37VwxSoCdZKlzFsR1Vhg2ncT6MGnZan5fikNxwuRRml1aiP5OLf4NOvvGP9c1Slo2gx14oipydefPem+FsOZ+FKK0v5xeW6b2wX7On9cqGRYWb22hMDI1ZVJE6n9MV5xaPXb8J+Al2UZHpijHdWSHPVYOHHKiyHo+M91SZSLkJxLZkH12K9yUXevGndMs20koDt4eRna5bZ6OtWRBKoXUJyJ2pnMnY57g3HdL4FhdNfWVraYsWoewyHLJDlkvjcxTAnaLX1Ij9agh9IZatZyoNmqU7to7HdNbQmeanHDlyYVsMxz4jTzRlWAEA3bOUCbpS03qPF2RS0RC1cRb8hpYEjUZbKjfarHPsR7RCIYBBr\/qWvnI+NBxwXqtwWO46V677jSTGEPWx7cQbhyr4UzMKpwjT0DucQyOyTdpwJbTqAgK1IDoxKBTX8aUCKySxPrLcW17F8WyydcBsspzvzeAIbubvuegS2fdg6+wbO0i8WLdSI+9lC0wOl\/1OtbQOqeJsglNPGT6jKR9QP46gbAZStn3WTplHRs913kY+mWVCk\/ne\/G+0s4JYWyKbflMq1pHKFga5bnjZCkrZQb5ApbT9DyS7FnsPl6o5JFDGNml4e30BA0lXAIOSdckCpSL0rjxeh6Vw4nZlnTt9An6hB9u1bV1b8nAMiFpJotygbGUEU9A\/QlJRd0dWiksWAx3CYKsEizLblmKWVZokeEvLeRBGDTz\/Exj4hJTsKyN1RLZMdOJgSgczraDuNg75aWnw\/4sBvIoLNZlt6D28I\/3DohqTEpnIfsmXskAorrF36Pf7\/rmor\/cvTRd0zLTTQkwZT+jXX44ODg7efuo3PtlcJ0hdk1lt9j\/AYygyq145pQ+Ig3TAzgnrhyeXpXO2arbDOE5Ffnv7kvYbLhjrJ1Ktg8Uwno5Fkqg2XfMsmGINgMo7rGdqlNjB\/lhDQUcANstHCnRHnRprK9PWQA2kT2OKnDsCE9A\/Qc4aQxe4wAYU0\/U\/1IjAgU2lXAwjNYxciBjU55YuDOILbMCBT+zIZ5x\/1ea7JvK6jaRIqYxKHJb9A5galhqwNcYN3gWpP1H1yalk5\/3GOevL0bCukt5PM4UttO4fKgff6\/otWlfqaNA7qV3\/IGrB3BT9o+xw6eofdk\/y6rl1uUYNU7btst3N7hddmAGFAYMFKIAAPlrGEA0sdS0cAi9aWQYlfZSW5naPKbkK+LmY31VL+SA9Xr9IMRr0rPpNMXw9ulByLv3jokbqjHPTsQyrRuUFJWP6B87RndsMu0DJwdikJaGGTnsCHyjtutJvCnwAajS775yjszSmO4vu7c0MVcLFH6+qGJcnk0lSfxw6znPuonYxznmSS7fAap5E\/hYn06Pp0eF0crzg7HA6Pc4PitcLNm+m2eIge5O\/\/r04Lo6mh4ev5v97ytnEDGv4Xw==\" \/> \t\t<a href=\"https:\/\/www.pdf24.org\" target=\"_blank\" title=\"www.pdf24.org\" rel=\"nofollow\"><img src=\"https:\/\/www.hohenlohe-ungefiltert.de\/wp-content\/plugins\/pdf24-post-to-pdf\/img\/pdf_32x32.png\" alt=\"\" border=\"0\" height=\"32\" \/><\/a> \t\t<span class=\"pdf24Plugin-cp-space\">&nbsp;&nbsp;<\/span> \t\t<span class=\"pdf24Plugin-cp-text\">Sende Artikel als PDF<\/span> \t\t<span class=\"pdf24Plugin-cp-space\">&nbsp;&nbsp;<\/span> \t\t<input class=\"pdf24Plugin-cp-input\" style=\"margin: 0px;\" type=\"text\" name=\"sendEmailTo\" placeholder=\"Emailadresse\" \/> \t\t<input class=\"pdf24Plugin-cp-submit\" style=\"margin: 0px;\" type=\"submit\" value=\"Senden\" \/> \t<\/form> <\/div>","protected":false},"excerpt":{"rendered":"<p>Die Grenzen zwischen Staatsmacht und Medien l\u00f6sen sich auf. Wir nehmen es hin. Wann hat das eigentlich angefangen? Seit wann nehmen die Politiker an solchen Wahlabenden auch noch das Mikrofon selber in die Hand? Sie machen das ja schon eine ganze Weile. Am Abend der dreifachen Landtagswahl vergangenen Sonntag aber ist es erst so richtig [&hellip;]<\/p>\n","protected":false},"author":3,"featured_media":0,"comment_status":"open","ping_status":"open","sticky":false,"template":"","format":"standard","meta":[],"categories":[],"tags":[],"_links":{"self":[{"href":"https:\/\/www.hohenlohe-ungefiltert.de\/index.php?rest_route=\/wp\/v2\/posts\/4158"}],"collection":[{"href":"https:\/\/www.hohenlohe-ungefiltert.de\/index.php?rest_route=\/wp\/v2\/posts"}],"about":[{"href":"https:\/\/www.hohenlohe-ungefiltert.de\/index.php?rest_route=\/wp\/v2\/types\/post"}],"author":[{"embeddable":true,"href":"https:\/\/www.hohenlohe-ungefiltert.de\/index.php?rest_route=\/wp\/v2\/users\/3"}],"replies":[{"embeddable":true,"href":"https:\/\/www.hohenlohe-ungefiltert.de\/index.php?rest_route=%2Fwp%2Fv2%2Fcomments&post=4158"}],"version-history":[{"count":2,"href":"https:\/\/www.hohenlohe-ungefiltert.de\/index.php?rest_route=\/wp\/v2\/posts\/4158\/revisions"}],"predecessor-version":[{"id":4160,"href":"https:\/\/www.hohenlohe-ungefiltert.de\/index.php?rest_route=\/wp\/v2\/posts\/4158\/revisions\/4160"}],"wp:attachment":[{"href":"https:\/\/www.hohenlohe-ungefiltert.de\/index.php?rest_route=%2Fwp%2Fv2%2Fmedia&parent=4158"}],"wp:term":[{"taxonomy":"category","embeddable":true,"href":"https:\/\/www.hohenlohe-ungefiltert.de\/index.php?rest_route=%2Fwp%2Fv2%2Fcategories&post=4158"},{"taxonomy":"post_tag","embeddable":true,"href":"https:\/\/www.hohenlohe-ungefiltert.de\/index.php?rest_route=%2Fwp%2Fv2%2Ftags&post=4158"}],"curies":[{"name":"wp","href":"https:\/\/api.w.org\/{rel}","templated":true}]}}