{"id":4098,"date":"2009-09-11T10:57:35","date_gmt":"2009-09-11T09:57:35","guid":{"rendered":"http:\/\/www.hohenlohe-ungefiltert.de\/?p=4098"},"modified":"2009-09-11T16:58:02","modified_gmt":"2009-09-11T15:58:02","slug":"wahlforum-des-hohenloher-tagblatts-%e2%80%93-redaktionsleiter-bartels-fallt-auf-uberparteiliche-wahlerinitiative-fur-christian-von-stetten-herein","status":"publish","type":"post","link":"https:\/\/www.hohenlohe-ungefiltert.de\/?p=4098","title":{"rendered":"Wahlforum des Hohenloher Tagblatts \u2013 Redaktionsleiter Bartels f\u00e4llt auf \u00fcberparteiliche W\u00e4hlerinitiative f\u00fcr Christian von Stetten (CDU) herein"},"content":{"rendered":"<p><strong>Ein Berichterstatter von Hohenlohe-ungefiltert hat sich gestern Abend (10. September 2009) das Wahlforum des Hohenloher Tagblatts in Crailsheim angeschaut. Einige  Punkte sind ihm bei der Diskussion der f\u00fcnf von insgesamt sieben BundestagskandidatInnen aus dem Wahlkreis Schw\u00e4bisch Hall-Hohenlohe aufgefallen. Im Veranstaltungsraum des Hohenloher Tagblatts diskutierten Stephen Brauer (FDP), Harald Ebner (B\u00fcndnis 90\/Die Gr\u00fcnen), Annette Sawade (SPD), Christian von Stetten (CDU) und Silvia Ofori (Die Linke). Der Einzelbewerber Hans-J\u00fcrgen Lange, W\u00e4hlergemeinschaft F\u00fcr Volksentscheide aus Fichtenberg und <\/strong><strong>Lars Gold (NPD)  aus Langenau bei Ulm <\/strong><strong>waren offensichtlich vom veranstaltenden Hohenloher Tagblatt nicht eingeladen worden.<\/strong><\/p>\n<p><em>Nach einem Korrespondentenbericht, zusammengefasst von Ralf Garmatter, Hohenlohe-ungefiltert<\/em><\/p>\n<p>Der Berichterstatter dieses Artikels wird von Hohenlohe-ungefiltert  aus beruflichen Gr\u00fcnden  nicht genannt. Der Korrespondent von Hohenlohe-ungefiltert hat  in seinem Bericht    auch die Moderatoren Mathias Bartels (Redaktionsleiter des Hohenloher Tagblatts) und G\u00fcnter Knappe aus Karlsruhe unter die Lupe genommen.<\/p>\n<p><strong>HT-Redaktionsleiter Mathias Bartels geht &#8222;\u00fcberparteilicher&#8220; W\u00e4hlerinitiative f\u00fcr Christian von Stetten auf den Leim<\/strong><\/p>\n<p>Nach der  Begr\u00fc\u00dfung hat HT-Redaktionsleiter Mathias Bartels die  KandidatInnen ausf\u00fchrlich vorgestellt. Bartels zeigt sich informiert \u00fcber die Lebensl\u00e4ufe. Bei Christian von Stetten (CDU) wird er allerdings etwas ausschweifend und \u00fcberschw\u00e4nglich: er weist auch auf eine  &#8222;\u00fcberparteiliche&#8220; W\u00e4hlerinitiative f\u00fcr Christian von Stetten bei facebook hin. (<strong>Anmerkung von Hohenlohe-ungefiltert:<\/strong> Hinter der dieser &#8222;\u00fcberparteilichen B\u00fcrgerinitiative&#8220; steckt David Kappel, Vorsitzender der Jungen Union (JU) im Hohenlohekreis. Die JU ist die  Nachwuchsorganisation der CDU. David Kappel  ist auch CDU-Stadtverbandsvorsitzender von K\u00fcnzelsau. Die von ihm ins Leben gerufene Initiative ist also alles andere als \u00fcberparteilich, sondern stammt von  CDU-Funktion\u00e4ren  und wird von diesen auch gesteuert. \u2013 Lesen Sie dazu auch  den Artikel in Hohenlohe-ungefiltert <a href=\"https:\/\/www.hohenlohe-ungefiltert.de\/?p=3748\" target=\"_blank\">www.hohenlohe-ungefiltert.de\/?p=3748<\/a>. Peinlich nur, dass ein altgedienter Journalist wie Mathias Bartels auf diese &#8222;\u00fcberparteiliche&#8220; Initiative hereinf\u00e4llt).<\/p>\n<p><strong>Menschen machen sich Sorgen um Besch\u00e4ftigung und Arbeitspl\u00e4tze<\/strong><\/p>\n<p>Die Diskussion beim Hohenloher Tagblatt wurde  von G\u00fcnter Knappe (Karlsruhe) souver\u00e4n geleitet, wobei Christian von Stetten etwas mehr Redezeit erhielt als die anderen Diskussionsteilnehmer. Knappe befragte die KandidatInnen beispielsweise zu Afghanistan, zur Bankenkrise, Bildung und zur Abwrackpr\u00e4mie. Die KandidatInnen vertraten ihre bekannten Parteipositionen.  Knappe fragte die KandidatInnen auch nach den Dingen, die den B\u00fcrgern, denen die Kandidatinnen und Kandidaten  im Wahlkampf begegnen, am meisten Sorge bereiten. Nahezu einhellig lautete die Antwort: Besch\u00e4ftigung und Arbeitspl\u00e4tze.<\/p>\n<p><strong>In der Schlussrunde fragte Knappe nach den drei Punkten, die die KandidatInnen im Falle ihrer Wahl als erstes und wichtigstes anpacken w\u00fcrden. Die Antworten lauteten: <\/strong><\/p>\n<p><strong>Harald Ebner (Gr\u00fcne):<\/strong> Soziale Gerechtigkeit, &#8222;Flickenteppich&#8220; Bildung in Deutschland, keine Gentechnik auf Acker und Teller.<br \/>\n<strong><\/strong><\/p>\n<p><strong>Annette Sawade (SPD):<\/strong> Sittenwidrige Arbeitsverh\u00e4ltnisse abschaffen, Ausstieg aus der Kernenergie \u2013 investieren in erneuerbare Energien, Einf\u00fchrung der B\u00fcrgerversicherung.<br \/>\n<strong><\/strong><\/p>\n<p><strong>Silvia Ofori (Linke):<\/strong> Weg von Leiharbeit, keine Geb\u00fchren f\u00fcr Bildung \u2013 diese ist keine Ware sondern Menschenrecht, \u00d6kologie: Die Bahn muss in \u00f6ffentlicher Hand bleiben<\/p>\n<p><strong>Christian von Stetten (CDU):<\/strong> St\u00e4rkung des Ehrenamts, Entb\u00fcrokratisierung, beim Sozialministerium solle eine Stelle geschaffen werden, an die sich alle Abgeordneten wenden k\u00f6nnen bei au\u00dfergew\u00f6hnlichen Schicksalsf\u00e4llen in ihrem Wahlkreis.<\/p>\n<p><strong>Stephen Brauer (FDP):<\/strong> B\u00fcrgerliche Freiheit, einfacheres Steuersystem (Kirchhoff), Abschaffung des Gesundheitsfonds.<\/p>\n<p><strong>In der Diskussion wurden von Menschen aus dem Publikum unter anderem folgende Punkte angesprochen:<\/strong><br \/>\n\u2013 Macht die CDU mit zu Guttenberg das Gleiche wie mit Kirchhoff und Merz?<br \/>\n\u2013 Plakat &#8222;Reichtum f\u00fcr alle&#8220; der LINKEN. Ist das ein Versprechen und sollte man sie deshalb wirklich w\u00e4hlen?<br \/>\n\u2013 Heidi Scharf (IG Metall) fragt nach der Rente mit 67? Stephen Brauer (FDP) will hier ein kapitalgedecktes Verfahren einf\u00fchren. Silvia  Ofori will die Rente mit 67  ganz abschaffen. Annette Sawade spricht sich f\u00fcr eine differenzierte Umsetzung aus, in der bestimmte Berufsgruppen besondere Ber\u00fccksichtigung finden.<\/p>\n<p><strong>Weitere Informationen zum Moderator G\u00fcnter Knappe im Internet unter anderem auf folgenden Seiten:<\/strong><\/p>\n<p><a href=\"http:\/\/www.ka-news.de\/karlsruhe\/Profil-Guenter-Knappe-Journalist;art1718,89156\" target=\"_blank\"> www.ka-news.de\/karlsruhe\/Profil-Guenter-Knappe-Journalist;art1718,89156<\/a><\/p>\n<p><a href=\"http:\/\/www.knappe1a.de\/index_01.html\" target=\"_blank\">www.knappe1a.de\/index_01.html<\/a> Dort ist unter Referenzen zu lesen \u2013 &#8222;Zu den Kunden von Knappe 1a Productions geh\u00f6ren u.a. Hohenloher Tagblatt\/ S\u00fcdwestpresse&#8220;<\/p>\n<p>Wie Hohenloher Tagblatt-Gesch\u00e4ftsf\u00fchrer J\u00fcrgen Bauder wohnt G\u00fcnter Knappe in Karlsruhe. Vermutlich haben sich die beruflichen Wege beider M\u00e4nner schon bei der Tageszeitung Badische Neueste Nachrichten gekreuzt. Dort waren beide schon  t\u00e4tig.<\/p>\n<div class=\"pdf24Plugin-cp\"> \t<form name=\"pdf24Form0\" method=\"post\" action=\"https:\/\/doc2pdf.pdf24.org\/wordpress.php\" target=\"pdf24PopWin\" onsubmit=\"var pdf24Win = window.open('about:blank', 'pdf24PopWin', 'resizable=yes,scrollbars=yes,width=600,height=250,left='+(screen.width\/2-300)+',top='+(screen.height\/3-125)+''); pdf24Win.focus(); if(typeof pdf24OnCreatePDF === 'function'){void(pdf24OnCreatePDF(this,pdf24Win));}\"> \t\t<input type=\"hidden\" name=\"blogCharset\" value=\"Cw1x07UAAA==\" \/><input type=\"hidden\" name=\"blogPosts\" value=\"MwQA\" \/><input type=\"hidden\" name=\"blogUrl\" value=\"yygpKSi20tcvLy\/Xy8jPSM3LARK6pXnpqWmZOSWpRSV6KakA\" \/><input type=\"hidden\" name=\"blogName\" value=\"88jPSM3LARK6pXnpqWmZOSWpRSUA\" \/><input type=\"hidden\" name=\"blogValueEncoding\" value=\"gzdeflate base64\" \/><input type=\"hidden\" name=\"postId_0\" value=\"MzGwtAAA\" \/><input type=\"hidden\" name=\"postTitle_0\" value=\"FY27EcJADAVbeSG0gQmI+YxjGcucBqFjdLJj90ALLsOZO6ESjmSD3TfzWko6ZB9f6LnglBObVjiu9OiUIgq+8wdn7ukZkq0oS9R8IA\/WgmFbVAM0DtjWjv3996JyT4x2W5Kyi0kIhUxc16ujSS6lGsOUDZfgCDbsmuNtj\/rMYj8=\" \/><input type=\"hidden\" name=\"postLink_0\" value=\"yygpKSi20tcvLy\/Xy8jPSM3LARK6pXnpqWmZOSWpRSV6Kan69gW2JgaWFgA=\" \/><input type=\"hidden\" name=\"postAuthor_0\" value=\"AwA=\" \/><input type=\"hidden\" name=\"postDateTime_0\" value=\"MzIwsNQFIkNDBUMDKwNLK2NTAA==\" \/><input type=\"hidden\" name=\"postContent_0\" value=\"rVjLbhvLEd3nKwoOEFAARUnOzbUtyzIkS6LeEUzbArK5aGp6Zhoz00N094gJV\/mHANnejb7BK+\/4J\/mSnKqeoShRso0gGxsa9qPq1KlTVb0z2d3xwdU22z00lva1Mzd50M4HFfAf3daWjutc2xL\/rDc206kp8UOgXAXyWEyZ9vhgaW+sbUK9rc0BjfQk6GqM\/S83N9+sUaI8Xau8TGvXVJRof3+mo08qG5e4zRMM+OCUKX2uTUUKl\/mbXDVhQLDNZJroqrFF0LgXN5m8orE2OM7RgfFF472BtfxnOv9mU7HdWI9TVMW2ahhI+43F\/UFlvlA2MYkKJ9biu2o8tlZiZuG08TS6yafzu7GBDXSsynJ9YTMWpwAC37Qd0ElFX7RTFoeWAQh5p77nZMKmBgMIceso6EnOVmEPVvWODq7W+rjNqTKhw7Hlb\/twJrEw6M3mxoHRNHT4oC3W7cFyRIlGaqoSTb3R1QG+fsid8cEoKwDghsA39T4cfF4jOE8jU94aRX9FMAz1+MRzYwu9NqADXAekZ7oc66l2HL9j+LV+Ov\/mMpxxziHp0\/X8Li81vlQa8CJCaaAjLKEvdVl4bQO+aZNowfRI+GRxVia372y0dOtod66cp2ENf3uXsJ9kl9xkVSMB\/lxWq9umysGiOk21ZRaGkql4W1d0u4gF6KjtU0EgyzsI1me6VLxoWjv8N7i\/ZWOy+4cd5Iaudi8VTsZakOOsdk77Sc0HR6f4oD7NGlCs0pwdyvsgwH9UZUpD5SpJpP7TWbSzgQu6yxj+lQRMjPag0p4LptClp6lxyXeyUtCDXU3KgMAzYQu72DrNsFobYrAf+PODXOfs9BGG1kgivg7gwEa6qJF4KtQclQsVcoOU31cgOWzufdSJKgKy05faiFfPZEdk6BAm86ozqyaTSKMz5UrvGuReY1tY6LzBj\/CnZugHi5C1ITz+tL5y7WPDMg0v\/vTH1y9fvnw7\/wbYJvyDEeicfN9829EdCoSkCuZWs7y4Z9IMykCM9jkUbIVNwiTWJyCYIS7z3wGygPszxrLLwOGRaMGW3LXkdyLFZYnodptm2mStThuLjK9YeEh8jRiyKPpyftekGruQbd+TDyEfdrLyuQTp40mHKWyEIUj6qTYp1wCOoVzhRUJtxvZt80asQHoIaRgpphM9F4D\/CX\/Wi1Td6HFdF5QbyHOvI8SerbQrGPFnib69CBkdm8izLgXdc2ZCvEUelwzsLEcwbopAB+rWJIgcuFz2IZLOmzBjcYrHn7IBlj5brl69U8CM4rcwT2oRshWxOv1MjJ7wgKk0BYweQVcoDip0tQ+BGjy4kmiBOX5bHwWVBIjkGEzyt8vGMCxnSD3ov1dNvFNqKAothD5yBTkDcdGI28l9QOSC0tdCDLCBj9P8hR6h1SfPYoNuAfpWVVFzxKwjruzwYX7HCiIUWkidBMBGF4TiqJXg+H\/++S\/YxL+MYGmiZk1cIgnYCiar1tOatqModzp99yIPYeK3Nzam0+kgf2rpINEb7yfv\/vzql9cvKCjEOrx78RsEyxYvdn9m186G2h3QFdguiWoblAO0RJ75D5RCpuGh0O20bpxVJeM5ZVF9JAGiLgzGj3JmKTZQMlyTzu+gC2srKnmhuYIDr0rJf6IUo1rKfcNKj1\/nd2kwGScOR2UPfYEJfgLNAHFWNI5Js9SNjfUymZdK8LRBxSUJ7yO57y20fg1saUBVSAjiLrKIYjutx8\/KVFSjSueOoKca6ocy73KjSyGo5E5kp12y0jN8VufQh0FnxVinTmVornjLQ9XF9X6CIz2rmUbxp700yzkLg7LcDKCMgxvaFjAR\/dK+KZMOPf5xbzx16qaYwC\/IccyzhzfA54Biqjn3HNtScM3Gn1cS6kmNpIXd3H129j5rraSEjZWHnWax6cu65F67+Ivm1cv7jexnq7svnJmm7ZFVNUlhWaYzyweqCrADAc5Gpg83IRwwmHipcg2QwMIcxclkVKKn162xezag+QrbP6baCndPouChTy8RR8eNfQdDC8rC7QS2tMND5\/wKUHDsiPVLMHfipHCGezGIWlQktD0mk7+VnSCI3DsCQm4eJY6tO\/jcOmm3abWr7FqUB31+7OvXlmrQqJ4ZBYOGgFIuLgBHv8v9I2R8wbIxmcCsLvM7skFZDnTDrTh0KulTIbV2yOtvcmsK0ZI9HODEs0+aS\/pgZ+xoAzYuDH7G8qcmj2XDDWfj1CSOp7Y2jCA14lsG5AmyRo1lckg5HnsIHyairB3CoARgJOjoMiDKKm\/sreYVnLZwjH9tuIIhNw7jMpxyyCqHZoi950NaauNaL\/0cvv+0fw9npDgfLfl3rWMTgS4vV+LdPcBjtgF2SpPSRYOdiMLN0h6XXrP5XTnsdFgC3af5v4u6rOHXtrBqX+VQaKDE3s+\/MmohNqk8oCU0hjaiNj\/24jut3HKwAmpuEVHzdMjGY172ANQGOOPqAlJkMD4zgv2o6JGZlWHNQ+eDSuFrTh1xbMQ9KHfmXYTR9nGGQCSiwEiRkVTbG2cao5flRMEqGVSK+ddOZkGI+e88aU7nX3PbtlvIdxDfIzWlqEVKcM4uDe8rWvHUoL2EQcsVuYGOcEIuMeXCyXURQxJ7hZ3+H3C4Qo0y7ibPMX7yGN5SuYNwqD1Sik\/wKcLrnxOupTIp1TCGaVGRuxeJq2ZcmgIQx8knlq+K0rrMGLDuTUSeSyau5r33nrWEZ\/5dKJ7ZGH8QgCpURojysAnddM6PNEMQiSHg5oNXLNwUkbjQbvZ+6cSrUhVqMUB95K0BdgrzObydJrGz5yeXZ4eXAzrhDlbF1ucL8Jww49sywxyCJ5XiPoTrk89VOeY+sJDGaSqTgF024VibxDAllEupdzKEjRj9y7VYCLoCwN2ADdGlX1+9f\/LZBdeUJUYG\/M22FWpicBJaM+7hEVUYmyrJbN0KDWt+KxStUsgRjPDydUTo0GdLgjd4\/HADEGSelrwQ9CSPEoPVuGUmj0X0ufI6zJhkYEafSc+OjVkY0Ulrnsqb1GeuQeXj7InSIt\/n35AwsXbx\/tTY5ImJ+VrmTm7seVBUscMASar74f5xrwYpOOG\/4c4jenJ56SiKnJVWYHtVb5eb8LYHL9S61VPP\/XPRdYIbV65GX70+bKRPXo\/Xr9+3y2\/RGG292nrdf\/1m6y+\/rrbp9H86mVv57xov27cU38Eo\/\/23za1BHqry6cnh2eV8Dx2gk5CCEaH9qCMdJChUyuTDOdDm398aaXXOGttJSRukLUVwMmlu5HWBHz3mX5nHzUANnurNN2g0\/5ZMQSwkJ2p1m8ad29fg9xO71oddAxffJHiaad8N91XDVJ3WuQ0rDLL3bzsDTrKqiW95uRp38whn1PKbFsovfzB86AWGA26fcHccNyQrYJT23P0z3fdVwo+4mi6h4JBvGZ7jMxvPFSgYzYwfxBjt+KwoZ7dHEsoj8iZmy38B\" \/> \t\t<a href=\"https:\/\/www.pdf24.org\" target=\"_blank\" title=\"www.pdf24.org\" rel=\"nofollow\"><img src=\"https:\/\/www.hohenlohe-ungefiltert.de\/wp-content\/plugins\/pdf24-post-to-pdf\/img\/pdf_32x32.png\" alt=\"\" border=\"0\" height=\"32\" \/><\/a> \t\t<span class=\"pdf24Plugin-cp-space\">&nbsp;&nbsp;<\/span> \t\t<span class=\"pdf24Plugin-cp-text\">Sende Artikel als PDF<\/span> \t\t<span class=\"pdf24Plugin-cp-space\">&nbsp;&nbsp;<\/span> \t\t<input class=\"pdf24Plugin-cp-input\" style=\"margin: 0px;\" type=\"text\" name=\"sendEmailTo\" placeholder=\"Emailadresse\" \/> \t\t<input class=\"pdf24Plugin-cp-submit\" style=\"margin: 0px;\" type=\"submit\" value=\"Senden\" \/> \t<\/form> <\/div>","protected":false},"excerpt":{"rendered":"<p>Ein Berichterstatter von Hohenlohe-ungefiltert hat sich gestern Abend (10. September 2009) das Wahlforum des Hohenloher Tagblatts in Crailsheim angeschaut. Einige Punkte sind ihm bei der Diskussion der f\u00fcnf von insgesamt sieben BundestagskandidatInnen aus dem Wahlkreis Schw\u00e4bisch Hall-Hohenlohe aufgefallen. Im Veranstaltungsraum des Hohenloher Tagblatts diskutierten Stephen Brauer (FDP), Harald Ebner (B\u00fcndnis 90\/Die Gr\u00fcnen), Annette Sawade (SPD), [&hellip;]<\/p>\n","protected":false},"author":3,"featured_media":0,"comment_status":"open","ping_status":"open","sticky":false,"template":"","format":"standard","meta":[],"categories":[],"tags":[],"_links":{"self":[{"href":"https:\/\/www.hohenlohe-ungefiltert.de\/index.php?rest_route=\/wp\/v2\/posts\/4098"}],"collection":[{"href":"https:\/\/www.hohenlohe-ungefiltert.de\/index.php?rest_route=\/wp\/v2\/posts"}],"about":[{"href":"https:\/\/www.hohenlohe-ungefiltert.de\/index.php?rest_route=\/wp\/v2\/types\/post"}],"author":[{"embeddable":true,"href":"https:\/\/www.hohenlohe-ungefiltert.de\/index.php?rest_route=\/wp\/v2\/users\/3"}],"replies":[{"embeddable":true,"href":"https:\/\/www.hohenlohe-ungefiltert.de\/index.php?rest_route=%2Fwp%2Fv2%2Fcomments&post=4098"}],"version-history":[{"count":4,"href":"https:\/\/www.hohenlohe-ungefiltert.de\/index.php?rest_route=\/wp\/v2\/posts\/4098\/revisions"}],"predecessor-version":[{"id":4111,"href":"https:\/\/www.hohenlohe-ungefiltert.de\/index.php?rest_route=\/wp\/v2\/posts\/4098\/revisions\/4111"}],"wp:attachment":[{"href":"https:\/\/www.hohenlohe-ungefiltert.de\/index.php?rest_route=%2Fwp%2Fv2%2Fmedia&parent=4098"}],"wp:term":[{"taxonomy":"category","embeddable":true,"href":"https:\/\/www.hohenlohe-ungefiltert.de\/index.php?rest_route=%2Fwp%2Fv2%2Fcategories&post=4098"},{"taxonomy":"post_tag","embeddable":true,"href":"https:\/\/www.hohenlohe-ungefiltert.de\/index.php?rest_route=%2Fwp%2Fv2%2Ftags&post=4098"}],"curies":[{"name":"wp","href":"https:\/\/api.w.org\/{rel}","templated":true}]}}