{"id":4001,"date":"2009-09-09T11:27:42","date_gmt":"2009-09-09T10:27:42","guid":{"rendered":"http:\/\/www.hohenlohe-ungefiltert.de\/?p=4001"},"modified":"2009-09-09T11:27:42","modified_gmt":"2009-09-09T10:27:42","slug":"grunes-sofa-mit-renate-kunast-und-harald-ebner-in-ohringen-%e2%80%93-aktionen-der-grunen-jugend-in-ohringen-und-hall","status":"publish","type":"post","link":"https:\/\/www.hohenlohe-ungefiltert.de\/?p=4001","title":{"rendered":"Gr\u00fcnes Sofa mit Renate K\u00fcnast und Harald Ebner in \u00d6hringen \u2013 Aktionen der Gr\u00fcnen Jugend in \u00d6hringen und Hall"},"content":{"rendered":"<p><strong>Bundestagskandidat Harald Ebner von B\u00dcNDNIS 90\/DIE GR\u00dcNEN wird am Freitag, 11. September 2009, ab 15 Uhr mit der Fraktionsvorsitzenden der Bundestagsfraktion von B\u00fcndnis 90\/Die Gr\u00fcnen, Renate K\u00fcnast, auf dem \u00d6hringer Marktplatz auf dem gr\u00fcnen Sofa Platz nehmen und f\u00fcr Fragen der B\u00fcrgerinnen und B\u00fcrger zur Verf\u00fcgung stehen.<\/strong><\/p>\n<p><em>Pressemitteilung des Gr\u00fcnen-Kreisb\u00fcros in Schw\u00e4bisch Hall<\/em><\/p>\n<p><strong>Gr\u00fcne Jugend &#8222;Hochtour&#8220; am 11. September in \u00d6hringen und am 12. September in Schw\u00e4bisch Hall<\/strong><\/p>\n<p>&#8222;Wir laden Sie herzlich ein, mit der Fraktionsvorsitzenden und dem Direktkandidaten ins Gespr\u00e4ch zu kommen und die Aktionen zum Thema \u201eAtom\u201c der Gr\u00fcnen Jugend Hochtour mitzuerleben! F\u00fcr Verk\u00f6stigung ist ebenso gesorgt \u2013 gratis und nat\u00fcrlich gentechnikfrei.&#8220;<\/p>\n<p>Ein Sonnenschirm, Luftballons und langweilige DirektkandidatInnen? Nicht mit uns. An insgesamt \u00fcber 150 Orten macht die Wahlkampftour der GR\u00dcNEN JUGEND Halt und will f\u00fcr gr\u00fcne Politik begeistern. Am Freitag, 11. September 2009 von 14 bis 17 Uhr auf dem Marktplatz in \u00d6hringen und am Samstag, 12. September 2009, von 11 bis 14 Uhr, auf dem Milchmarkt in Schw\u00e4bisch Hall.<\/p>\n<p>Von Politikverdrossenheit ist bei den 16- bis 27-J\u00e4hrigen, die ihre Schul- oder Semesterferien f\u00fcr den  Wahlkampf der Gr\u00fcnen opfern, nichts zu sp\u00fcren. Im Gegenteil: Diese jungen Leute k\u00e4mpfen f\u00fcr eine bessere Welt und f\u00fcr ihre Zukunft. Heute schl\u00fcpfen sie in einen ABC-Schutzanzug und warnen mit einer Anti-Atomkraft-Aktion vor der Gefahr des Ausstiegs aus dem Ausstieg. Ein (selbstverst\u00e4ndlich nicht echter) Plutoniumbeh\u00e4lter ist involviert, mit den PassantInnen wird dar\u00fcber diskutiert, wo man diesen verseuchten Beh\u00e4lter am besten aufbewahren sollte. Vielleicht auch bei Ihnen im Vorgarten?<\/p>\n<p>Wir laden Sie herzlich dazu ein, diese und andere (zum Beispiel unser gro\u00dfformatiges Memory einer gerechten Welt) Aktionen in Bildern festzuhalten und mit den jungen Leuten zu sprechen. Im Anschluss stellen wir Ihnen auch gerne Bildmaterial zur Verf\u00fcgung.<\/p>\n<div class=\"pdf24Plugin-cp\"> \t<form name=\"pdf24Form0\" method=\"post\" action=\"https:\/\/doc2pdf.pdf24.org\/wordpress.php\" target=\"pdf24PopWin\" onsubmit=\"var pdf24Win = window.open('about:blank', 'pdf24PopWin', 'resizable=yes,scrollbars=yes,width=600,height=250,left='+(screen.width\/2-300)+',top='+(screen.height\/3-125)+''); pdf24Win.focus(); if(typeof pdf24OnCreatePDF === 'function'){void(pdf24OnCreatePDF(this,pdf24Win));}\"> \t\t<input type=\"hidden\" name=\"blogCharset\" value=\"Cw1x07UAAA==\" \/><input type=\"hidden\" name=\"blogPosts\" value=\"MwQA\" \/><input type=\"hidden\" name=\"blogUrl\" value=\"yygpKSi20tcvLy\/Xy8jPSM3LARK6pXnpqWmZOSWpRSV6KakA\" \/><input type=\"hidden\" name=\"blogName\" value=\"88jPSM3LARK6pXnpqWmZOSWpRSUA\" \/><input type=\"hidden\" name=\"blogValueEncoding\" value=\"gzdeflate base64\" \/><input type=\"hidden\" name=\"postId_0\" value=\"MzEwMAQA\" \/><input type=\"hidden\" name=\"postTitle_0\" value=\"cy86vCcvtVghOD8tUSE3s0QhKDUvsSRVwRsonFhcolCal6LgkViUmJOi4JqUl1qkkJmncHhaRlFmXnpqnsKjhskKjtklmfl5QE4KUNYdbFyeglcpUDoFVTHEqJwcAA==\" \/><input type=\"hidden\" name=\"postLink_0\" value=\"yygpKSi20tcvLy\/Xy8jPSM3LARK6pXnpqWmZOSWpRSV6Kan69gW2JgYGhgA=\" \/><input type=\"hidden\" name=\"postAuthor_0\" value=\"AwA=\" \/><input type=\"hidden\" name=\"postDateTime_0\" value=\"MzIwsNQFIwVDQysDSysTIwA=\" \/><input type=\"hidden\" name=\"postContent_0\" value=\"fVXLbtxGELznKzoIENiAdqVd2HEcL2SsorctRfDGEpDbUGySEw6Hi5mhFtmT\/yFATkZy2W\/ISTf+ib8k1UNSsmXHR85MV3dXVTdny92ZD662+e5eY1P2QeW+VDbVqQp0rJwyKR0klh3d1Jb22vfn++cnC3q+s71\/ckBHb3BwcE4r7VJSFR061kDYoslkTAteBq4ShE53dp5vkUpo8pTeFo4qHSjF+aFTZdC19Te18zqsGRXYeHNfTNa\/6fPf2tRqH\/NrpiOHA7Zb9IatCkyv8Kl8QK4mA05F7V+F0zYH4plyZVgaFdZ3l3kXTYs6U3QRrywXFU6QnbL2NlaYDyXhG0Da2v5Bf0DrxtElO7zPG5uTD1ywHc+2e15n28vdb2bgmavdC8feM9oPrI08RpNDE6NXIM8nAK09aVR1XazaTaL9dQEhjJltA+AOrAfvYum0QZUpff\/dj9Pp9MVxfV2EunHxc+eFCPOpHkAfiOlakRfTBy8+z\/+goT7blXZklAi3gCIFu7XRCGENWb4utGQWHfa14zIMrsOFtmCF\/dK1GyCtGyrrapAlRZJ5BMPBuqno14IrRR\/e\/T0PdfXh3fuYsOd0IGZgRApaN+wMJ2y\/pUORGNKV7b8+6Kie9oHk0teUs69dHgD9J6yiAmwnBcBoCIs9AjvwdWF1mUG7cc\/3wM+BkFiLXUChdtUWvW6ykIBKEBGhjLL5Ck7QOT8g4UTCXtI5soTIYmP9mOaRGtSlqkDtrQg1ebpDvzghrVLyVui5UoUpVbXMYsuRjn5OT98eHZzvi5whFrDSxnRG72aBLmqjgy4p4RxmDOwssn51ruNcTp4QjEKTZ3G8h\/n6aOS+5LiFqnwHOv18WUTUSYf6RFDvZ\/pMm+uiEuwv2XQ80H8JhL6dG3YppsqzLdBH1DhhTeLByQ+jmGT6bHTablBhLutEWNSFY0FvzIhqIXHBFQslGZYAIiNtAnHP9yfWq5d4CCwrGnpxsV8iBKuBTirYO5pHm5+gPHum35vIzWtusMfKdgO4IQlGiVEw6kdFV9xrF69ikb81ZWOzMKbjGAwmTHsbw730YSOApfnezyPpJ6yVXTd5ZwDl5EocJo8cLBb0SCapdCoLo\/mwe3sfcaYKF7fWvPGYGc49dPFRl+FkTOL8R55N4gOo96Hd2DQOTOSCMDKg8TFWbhNqqxvIXrQbE2TveBH1pjY3ml0YFgiEVN4r241F97dJlesmINW+bEL3fFVjDKzIB61JcnMjyfDnuEsB5yWioxVDJbxCQ8JUbXA7pkvNxnAsUyE0+uSkkKy6okvsAyXD9nIw2f8sv1RB7rgBYymd47HzINYj2Vl7GK4lMslYswxf3f6T1a7CksF00xlXtfujVwS\/GO56EOkf3y8\/kLynDUBhEzS0bgqMdT9eA28fu8p2HhS03oRz2UwGsslPC21Havt2Y\/fIDetJFpQG2yvz4G\/XTdt\/\" \/> \t\t<a href=\"https:\/\/www.pdf24.org\" target=\"_blank\" title=\"www.pdf24.org\" rel=\"nofollow\"><img src=\"https:\/\/www.hohenlohe-ungefiltert.de\/wp-content\/plugins\/pdf24-post-to-pdf\/img\/pdf_32x32.png\" alt=\"\" border=\"0\" height=\"32\" \/><\/a> \t\t<span class=\"pdf24Plugin-cp-space\">&nbsp;&nbsp;<\/span> \t\t<span class=\"pdf24Plugin-cp-text\">Sende Artikel als PDF<\/span> \t\t<span class=\"pdf24Plugin-cp-space\">&nbsp;&nbsp;<\/span> \t\t<input class=\"pdf24Plugin-cp-input\" style=\"margin: 0px;\" type=\"text\" name=\"sendEmailTo\" placeholder=\"Emailadresse\" \/> \t\t<input class=\"pdf24Plugin-cp-submit\" style=\"margin: 0px;\" type=\"submit\" value=\"Senden\" \/> \t<\/form> <\/div>","protected":false},"excerpt":{"rendered":"<p>Bundestagskandidat Harald Ebner von B\u00dcNDNIS 90\/DIE GR\u00dcNEN wird am Freitag, 11. September 2009, ab 15 Uhr mit der Fraktionsvorsitzenden der Bundestagsfraktion von B\u00fcndnis 90\/Die Gr\u00fcnen, Renate K\u00fcnast, auf dem \u00d6hringer Marktplatz auf dem gr\u00fcnen Sofa Platz nehmen und f\u00fcr Fragen der B\u00fcrgerinnen und B\u00fcrger zur Verf\u00fcgung stehen. Pressemitteilung des Gr\u00fcnen-Kreisb\u00fcros in Schw\u00e4bisch Hall Gr\u00fcne Jugend [&hellip;]<\/p>\n","protected":false},"author":3,"featured_media":0,"comment_status":"open","ping_status":"open","sticky":false,"template":"","format":"standard","meta":[],"categories":[],"tags":[],"_links":{"self":[{"href":"https:\/\/www.hohenlohe-ungefiltert.de\/index.php?rest_route=\/wp\/v2\/posts\/4001"}],"collection":[{"href":"https:\/\/www.hohenlohe-ungefiltert.de\/index.php?rest_route=\/wp\/v2\/posts"}],"about":[{"href":"https:\/\/www.hohenlohe-ungefiltert.de\/index.php?rest_route=\/wp\/v2\/types\/post"}],"author":[{"embeddable":true,"href":"https:\/\/www.hohenlohe-ungefiltert.de\/index.php?rest_route=\/wp\/v2\/users\/3"}],"replies":[{"embeddable":true,"href":"https:\/\/www.hohenlohe-ungefiltert.de\/index.php?rest_route=%2Fwp%2Fv2%2Fcomments&post=4001"}],"version-history":[{"count":4,"href":"https:\/\/www.hohenlohe-ungefiltert.de\/index.php?rest_route=\/wp\/v2\/posts\/4001\/revisions"}],"predecessor-version":[{"id":4026,"href":"https:\/\/www.hohenlohe-ungefiltert.de\/index.php?rest_route=\/wp\/v2\/posts\/4001\/revisions\/4026"}],"wp:attachment":[{"href":"https:\/\/www.hohenlohe-ungefiltert.de\/index.php?rest_route=%2Fwp%2Fv2%2Fmedia&parent=4001"}],"wp:term":[{"taxonomy":"category","embeddable":true,"href":"https:\/\/www.hohenlohe-ungefiltert.de\/index.php?rest_route=%2Fwp%2Fv2%2Fcategories&post=4001"},{"taxonomy":"post_tag","embeddable":true,"href":"https:\/\/www.hohenlohe-ungefiltert.de\/index.php?rest_route=%2Fwp%2Fv2%2Ftags&post=4001"}],"curies":[{"name":"wp","href":"https:\/\/api.w.org\/{rel}","templated":true}]}}