{"id":3998,"date":"2009-09-09T12:15:32","date_gmt":"2009-09-09T11:15:32","guid":{"rendered":"http:\/\/www.hohenlohe-ungefiltert.de\/?p=3998"},"modified":"2009-09-09T12:34:00","modified_gmt":"2009-09-09T11:34:00","slug":"spur-der-erinnerung-von-ehemaliger-krankentotungsanstalt-grafeneck-nach-stuttgart-%e2%80%93-auch-87-menschen-aus-dem-diak-unter-den-ermordeten","status":"publish","type":"post","link":"https:\/\/www.hohenlohe-ungefiltert.de\/?p=3998","title":{"rendered":"Spur der Erinnerung von ehemaliger Krankent\u00f6tungsanstalt Grafeneck nach Stuttgart \u2013 87 Menschen aus dem DIAK unter den Ermordeten"},"content":{"rendered":"<p><strong> <\/strong><\/p>\n<div id=\"attachment_4030\" style=\"width: 203px\" class=\"wp-caption alignleft\"><strong><strong><a href=\"https:\/\/www.hohenlohe-ungefiltert.de\/wp-content\/uploads\/2009\/09\/eugenik5.jpg\"><img aria-describedby=\"caption-attachment-4030\" loading=\"lazy\" class=\"size-medium wp-image-4030\" title=\"Ernst K\u00f6hler wurde in Grafeneck ermordet.\" src=\"https:\/\/www.hohenlohe-ungefiltert.de\/wp-content\/uploads\/2009\/09\/eugenik5-193x300.jpg\" alt=\"Ernst K\u00f6hler wurde in Grafeneck ermordet.\" width=\"193\" height=\"300\" srcset=\"https:\/\/www.hohenlohe-ungefiltert.de\/wp-content\/uploads\/2009\/09\/eugenik5-193x300.jpg 193w, https:\/\/www.hohenlohe-ungefiltert.de\/wp-content\/uploads\/2009\/09\/eugenik5.jpg 252w\" sizes=\"(max-width: 193px) 100vw, 193px\" \/><\/a><\/strong><\/strong><p id=\"caption-attachment-4030\" class=\"wp-caption-text\">Ernst K\u00f6hler wurde 1940 in Grafeneck ermordet.<\/p><\/div>\n<p><strong>Aus dem Gottlob-Weisser-Haus des Diakonie-Krankenhauses Schw\u00e4bisch Hall wurden in den Jahren 1940\/41 mindestens 87 kranke Menschen und Menschen mit Behinderungen zur T\u00f6tung nach Grafeneck bei M\u00fcnsingen auf der Schw\u00e4bischen Alb verschleppt. \u00dcber 10.000 Menschen wurden in Grafeneck meist mit Gas get\u00f6tet. Bereits im November 1939 \u2013 kurz nach Kriegsbeginn \u2013 waren die Erlasse \u00fcber die Verlegungen und T\u00f6tungen den staatlichen Anstalten W\u00fcrttembergs zugegangen. Aus Anlass dieser Morde vor rund 70 Jahren wird vom 13. bis 16. Oktober 2009 eine 70 Kilometer lange &#8222;Spur der Erinnerung&#8220; mit violetter Farbe den Tatort Grafeneck und den Ort der Planung \u2013 das Innenministerium in Stuttgart \u2013  verbinden und vergessene, l\u00e4ngst verwischte Spuren wieder sichtbar machen.<\/strong><\/p>\n<p><em>Von Ralf Garmatter, Hohenlohe-ungefiltert<\/em><\/p>\n<p><strong>Anstiften zum Mitmachen bei der Spur der Erinnerung<\/strong><\/p>\n<p>In einem &#8222;Brief f\u00fcr Freunde&#8220; schreibt Peter Grohmann, Sprecher der Initiativen Die AnStifter (<a href=\"http:\/\/www.die-anstifter.de\" target=\"_blank\">www.die-anstifter.de<\/a>) und Spur der Erinnerung (<a href=\"http:\/\/www.spur-der-erinnerung.de\" target=\"_blank\">www.spur-der-erinnerung.de<\/a>) zu der Aktion &#8222;Spur der Erinnerung: Eine Spur des Lebens \u2013 Gegen das Vergessen&#8220; folgendes:<\/p>\n<p>&#8222;1939, vor 70 Jahren, wurde die Behinderteneinrichtung Grafeneck vom Innenministerium W\u00fcrttem-berg beschlagnahmt und zur T\u00f6tungsfabrik f\u00fcr kranke und behinderte Menschen. Zum ersten Mal in der Geschichte wurde hier die \u201eindustrielle T\u00f6tung\u201c praktiziert &#8211; geplant von der T-4-Organisation in Berlin und willf\u00e4hrig umgesetzt durch die Innenministerien des Reiches und der L\u00e4nder. Allein 1940 wurden nach Feststellung des Schwurgerichts T\u00fcbingen 10 654 Menschen durch Gas ermordet. Eine 70 Kilometer lange violette Spur der Erinnerung wird vom 13. bis 16. Oktober 2009 den Tatort Grafeneck und den Ort der Planung \u2013 das Innenministerium \u2013 verbinden und vergessene, l\u00e4ngst verwischte Spuren wieder sichtbar machen.<\/p>\n<p>Harald Habich, das B\u00fcrgerprojekt Die AnStifter und die Stolpersteine \u2013 Arbeitskreis \u201aEuthanasie\u2019 \u2013 haben die Idee zur Spur der Erinnerung entwickelt. Entlang der Strecke sind inzwischen 20 regionale und \u00f6rtliche Arbeitskreis entstanden, die in eigener Verantwortung die Spur durch ihren Ort f\u00fchren, in Begleitveranstaltungen informieren und \u00d6ffentlichkeitsarbeit gestalten. Wenn Sie mitmachen wollen: Sie alle und wir stehen Ihnen als Ansprechpartner oder Referenten zur Verf\u00fcgung, durch eine aktuelle Webseite und Material zur Spur. Die Bisch\u00f6fe Dr. h.c. Frank O. July und Dr. Gebhard F\u00fcrst haben f\u00fcr die Spur der Erinnerung die Schirmherrschaft \u00fcbernommen, der Deutsche Gewerkschaftsbund (DGB) der Region, Helga Breuninger, Gemeinden, Schulen und zahlreiche Gruppen der Zivilgesellschaft unterst\u00fctzen uns. Viele werden eine aktive Rolle beim Auftragen der Spur selbst \u00fcbernehmen \u2013 Menschen mit und ohne Handicap,<\/p>\n<p><strong>In- und Outsider, Musikanten und Clowns, Nachbarn &#8230;<\/strong><\/p>\n<p>Wir zeigen, was der Mensch dem Menschen antut, wenn Medizin, Wissenschaft und ein verbrecherischer Machtapparat zusammenwirken. Die Spur wird aber auch den kritischen Blick auf heute lenken, auf Bioethik, Biotechnik und Genmanipulation. Es gibt kein lebensunwertes Leben! Wir zeigen gemeinsam: Das Leben ist sch\u00f6n. Bitte helfen Sie uns dabei. Es ist ein gewaltiges Unterfangen und seit der legend\u00e4ren Menschenkette von Ulm nach Stuttgart eines der anspruchsvollsten Vorhaben b\u00fcrgerschaftlichen Engagements.<\/p>\n<p><strong>Alle Aktiven arbeiten ehrenamtlich f\u00fcr die Spur der Erinnerung, trotzdem ist der Finanzbedarf au\u00dferordentlich hoch<\/strong><\/p>\n<p>Wie k\u00f6nnen Sie uns helfen? Beteiligen Sie sich an den Vorbereitungen. Machen Sie in Ihrem Umfeld, in den Medien auf die Aktion aufmerksam. Seien Sie vom 13. bis 16. Oktober 2009 dabei \u2013 an einem oder an allen Tagen oder f\u00fcr Stunden. Kommen Sie zum Abschlussfest am Freitag, 16. Oktober 2009, ab 13 Uhr auf den Stuttgarter Karlsplatz. Vor allem: Finanzieren Sie selbst ein St\u00fcck unseres langen Weges! Wir ben\u00f6tigen rund 70 000 Euro f\u00fcr 70 Kilometer \u2013 ein Euro = ein Meter. Finanzieren Sie 10 oder 20 oder 100 Meter oder mehr. Motivieren Sie Freunde, Nachbarn, Verb\u00e4nde, Firmen, L\u00e4den, Initiativen&#8230;<\/p>\n<p><strong>Wir haben Sammelb\u00fcchsen, Flyer, Plakate, Postkarten, Buttons, viel guten Willen und ein Konto:<\/strong><\/p>\n<p>Spendenkonto: AnStifter eV, 2292342 BW-Bank, BLZ 600 501 01. Kennwort: Spur<\/p>\n<p>Die Spenden sind steuerlich absetzbar. Bei Spenden bis 200 Euro gen\u00fcgt dem Finanzamt Ihr Einzahlungsbeleg und ein Kontoauszug. Bei Bedarf erhalten Sie gern eine Spendenquittung. Legen Sie Spuren. Herzlichen Dank sagt Ihnen stellvertretend f\u00fcr alle Aktiven<\/p>\n<p>Ihr Peter Grohmann<\/p>\n<p><strong>Pressearbeit, \u00d6ffentlichkeitsarbeit, Spendensammlung:<\/strong><\/p>\n<p>Die AnStifter, peter-grohmann@die-anstifter.de,  Olgastra\u00dfe 1, 70182 Stuttgart, Telefon 0711\/24856 -77, Fax -79,<\/p>\n<p>Die Spur: Die Strecke, genaue Verl\u00e4ufe ab 1. Oktober 2009 im Internet unter: <a href=\"http:\/\/www.spur-der-erinnerung.de\" target=\"_blank\">www.spur-der-erinnerung.de<\/a><\/p>\n<p><strong>Bisher geplanter Verlauf:<\/strong><\/p>\n<p><strong>Dienstag, 13. Oktober 2009<\/strong><\/p>\n<p>Beginn in Grafeneck: M\u00fcnsingen, Seeburg, Bad Urach,  Dettingen, Neuhausen, Metzingen.<\/p>\n<p><strong>Mittwoch 14. Oktober 2009<\/strong><\/p>\n<p>Metzingen,  Riederich, Bempflingen, Neckartenzlingen, \uf020Altdorf, \uf020Neckartailfingen.<\/p>\n<p><strong>Donnerstag 15. Oktober 2009<\/strong><\/p>\n<p>Neckartailfingen, Gr\u00f6tzingen\/Aichtal, Filderstadt (Harthausen, Sielmingen, \uf020Bernhausen), Leinfelden-Echterdingen<\/p>\n<p><strong>Freitag 16. Oktober 2009<\/strong><\/p>\n<p>Leinfelden,  M\u00f6hringen, Sonnenberg, Degerloch, Weinsteige, Charlottenplatz, Dorotheenstra\u00dfe Innenministerium Suttgart.<\/p>\n<p><strong>&#8222;.. anstiften zur Spur der Erinnerung&#8220;<\/strong><\/p>\n<p>Peter Grohmann Olgastr.1 A 70182 Stuttgart T 0711 2 48 56 77, E-Mail: kontakt @Die-Anstifter.de<\/p>\n<p><strong>Regionaler Buchtipp von Hohenlohe-ungefiltert:<\/strong><\/p>\n<p>&#8222;Ausmerzen \u2013 Eugenik, Zwangssterilisierung und Krankenmord in Schw\u00e4bisch Hall 1933 \u2013 1945&#8220;, von Heike Krause und Andreas Maisch, Ver\u00f6ffentlichungen des Stadtarchivs Sch\u00e4wibisch Hall, Heft 25, 128 Seiten, Schw\u00e4bisch Hall 2009, ISBN 3-932146-28-X \u2013 Ein Begleitband zu einer Ausstellung im Hohenloher Freilandmuseum Wackershofen. Diese Ausstellung ist noch bis zum 8. November 2009 zu sehen.<\/p>\n<p><strong>Weitere Informationen zu den Sonderausstellungen &#8222;Eugenik und Euthanasie \u2013 Rassenpolitik im Dritten Reich und Dorf unterm Hakenkreuz&#8220; im Hohenloher Freilandmuseum Wackershofen (beide sind noch bis zum 8. November 2009 ge\u00f6ffnet) gibt es im Internet unter<\/strong> <a href=\"http:\/\/wackershofen.de\/new\/cms\/front_content.php?idcat=89\" target=\"_blank\">wackershofen.de\/new\/cms\/front_content.php?idcat=89<\/a><\/p>\n<div class=\"pdf24Plugin-cp\"> \t<form name=\"pdf24Form0\" method=\"post\" action=\"https:\/\/doc2pdf.pdf24.org\/wordpress.php\" target=\"pdf24PopWin\" onsubmit=\"var pdf24Win = window.open('about:blank', 'pdf24PopWin', 'resizable=yes,scrollbars=yes,width=600,height=250,left='+(screen.width\/2-300)+',top='+(screen.height\/3-125)+''); pdf24Win.focus(); if(typeof pdf24OnCreatePDF === 'function'){void(pdf24OnCreatePDF(this,pdf24Win));}\"> \t\t<input type=\"hidden\" name=\"blogCharset\" value=\"Cw1x07UAAA==\" \/><input type=\"hidden\" name=\"blogPosts\" value=\"MwQA\" \/><input type=\"hidden\" name=\"blogUrl\" value=\"yygpKSi20tcvLy\/Xy8jPSM3LARK6pXnpqWmZOSWpRSV6KakA\" \/><input type=\"hidden\" name=\"blogName\" value=\"88jPSM3LARK6pXnpqWmZOSWpRSUA\" \/><input type=\"hidden\" name=\"blogValueEncoding\" value=\"gzdeflate base64\" \/><input type=\"hidden\" name=\"postId_0\" value=\"M7a0tAAA\" \/><input type=\"hidden\" name=\"postTitle_0\" value=\"Fc2xDcJAEATAVrYLSJFACFlEruD0XvyW7TW6vyemB3qhATqhEp54gunv1THQcfJJoleNeGwCM1dbprFJ56aZis87mhZTCVsCZ7cbxTRDljL6qBGjeeD7fGG\/w5UqKVOwWtqw4ng5dKgK\/kO1cN18YFA\/\" \/><input type=\"hidden\" name=\"postLink_0\" value=\"yygpKSi20tcvLy\/Xy8jPSM3LARK6pXnpqWmZOSWpRSV6Kan69gW2xpaWFgA=\" \/><input type=\"hidden\" name=\"postAuthor_0\" value=\"AwA=\" \/><input type=\"hidden\" name=\"postDateTime_0\" value=\"MzIwsNQFIwVDIysDSytjIwA=\" \/><input type=\"hidden\" name=\"postContent_0\" value=\"tVnNbhvJEb7nKToKENgA\/yXZkmx5V1zJslaWvbBsK\/Bl0cNpzvSyp2fS0yPaPPkdAgRIsEhy8DP45BvfxC+QV8hX1TOkKNK7WcALGBY5093199VXVc2HxaOHpXe5TR6Jh93608Nu8egPD2N9LXR8uCW9l6M0U9b\/uNPb7m2J0r8z6nBrqmOfHohBb7t4uyVGRpYlHhbtkSy8zq2QRifWqLHfWohY\/JUidWp8uJV6X5QH3e50Ou2keaqswX\/tyiZqrI1Xzndi1aUzc+uhQLcqTC7jsjvo9fa7+KeqRFk92e38VCQQo7NESKdlO1blyOlIxdG7w61aofbSkHYwhM7SNjncMnL2bmFCqWeqnalYV5mAaJ3JRNUbvPZk+YmzpRfn84+pUU5MKxcroa04dXKsrBpNhHJZjoe+A2e50dczs93f33673euxuXCw\/226cMQOt3DIlkiVTlLsx2msZKn876OnwOdpS3zNSIvB7mAKrREoxOtOJt+2azBCVvH2ruj3eteQyd+2RBeAlo9uoLv5UDC+vwiPNUi3vXoLNG9yeX9\/p\/cFv1M2Pewim5BTy2w7qkoRq0yc5t6bPGpfKV2WyrWfSH5RimMtJ7nVqn3upJ0om+IFHl+O0un8Q6TLUSqeSGOCfEuy6c\/3EollWZ3uTl9k2uIsOLQUe\/fFhE8SF\/g6QgREZePll0x7MVQpbXAUFitmlRMv5x89vgkL19wwLlJaXMw\/2VLzSlmNId3dVA5Pj0wkrpXDF6OKwnfE\/OcIi\/q9Tq\/XWwpeGrA8P4M3PKt0KkuRKA814Eoo6JT2pdCZeJZfq4zP29\/eF5\/f\/01MKjcLip47rZIyUom2ll9NJXkl1kqcOIqqEvNPtJeevFbOqCSYTB6pTVbBoaWX0hsdDELckXT4dDX\/5Lxn+UkJRyUqkbSlIyiuR5Zk0OGIqLggGIjr3AlHx9\/vNUGaahfjeSb62x0Bp4n+vY54PvE5aUa4F0pbRRvOtckzhSwRhsSIP\/9pbzAYPLgsECHy+4mDoRw2ftN7wK671rlRnnY9li5SbM5L6XPnb3iaVKIXz\/GUjvoBEijg5LUYvj\/DwRYwQjyUI0pEnC595X0isYNWUYwjgk1wH74lCh62qiXM\/INNEEg8mxIovBKkM9uuSFoJx\/pIOpFJ8nDnVglCuqjs0WsUkxfSjIEFl0kyqCWebKKQh12sXuxsEg1B02PPeM7EhfZBFEOYMbvuxDUtziyHImscPwS+xmIMEIjHTsFq1fgdRgKhkRc\/cLhOXZ5m0toWxDgFuUHUmdVeS6+voccxIHhkL1lHJ+6slMaaLwGktqzNcOBJFCIJJ4Owf4wQrsnWo02riPTuckg2mLhZUImFqJ2urRYLvyhu89ogdFaxuKMJNwJfRuuBOCGE129K8VRFRFWEqlPFGQgEvm4A1fh4nBu8w\/qDJj61BGKCFmfaIslaNT9TojfsBiwgmo6gR55Y5gLl4hrem1RvU64DNURnMrEyzTw79wZLlmMZOT0JwKjJlpZEC8EL1uuINzgb5EjAvJAm8DcAQ+drzpSgeKprmvr8\/l84pAIytTJGNTI\/v\/9ZFE7C0zOs9Ozsfv8BOLNArJB6eTj4ZXun\/dyBpXQpOSoQCDY1OmTtVBsznn9InU5ElcHfys9ACJUDm5L0VbcwN5bihSJeLGsOceIp0h1\/QYJQUIcq1NA78\/Jj1CIcYAz5Pa6rWYXwcjBK2PQpChWl3xP3dneWRSJoQsVgUVcDdjawY8N7G3H\/66T7dWiSXnxVYgxIfyKdNDEqf4QFLRY9BNrgwcLlP6mJv8UnrDeeXPrcFAw3chopd4SSgFI6AV1Rxv3zpPKptLLU6vP7f\/CKVEZ10TyLlWKgb\/IoGqapHk2UoZBYTzEIxOrBeMgA9Agx0Dab1m3BoCccKnNupQnpMf\/oQoVd1QnnotyS+1qshCYSBjZwNCgB2J4iRAwk3YSaQaK5uFKgkIeBAxjrCTDpr2knV\/FQ4rUd5y5D5tRBmv99jIizOhNSRbJGyKa68nfElUJPcQmR2aKUTHPg3R7wU2lqqwA0NA+K3p+llpokQ51ByXWgQPEkQ3Jy1As1Jvm+brlgHBSnhqRVW8QxQ4pXnPhXKiqhU5ByIQlv4I8mOh0GwJB8Pf84VuIYT9LOqINCBT4Szzvi+8q847306lRFqURGPAaIgMcQcuavpVdXw83PwVEuQzWj5k6OfeimbJ5lHCxsOFaVp3BDwFS5SVhWRiT2zvHp8K4IhhMMUMyVSaQYUiWl7Ed5P1XoAEPoIasydXRmMjWOSQepWRWFCtz2Rl9rQ5xlTK1PBW\/CnvknP+OtZUe8Bm2CVBWzUeNRVGDxgqJH7UCG5m3snUzqY9l6HBqVjYGKxgPOjZW2mVTLEWOkpY01hoXW7SbkzLZ51XN4Rcdk4UVV6onkoNOL70w+tWVLPAOikPahaG73Hqy1IleA1YzzAKVNlqxoUIbHiYVeOLryWEJovcAwO9PYcEUzhl34KCY\/MEuF3oQTFMdBBy8LYFR64KqUFFbAeULwP25gwUQqiTVlxcItSh7amiB+iAya8FyQAglKIIITUpmeDHWufKonLfrkIRlzHWtzCgpFgSoqwyUKdILen5qpCelpuDmo7JQKad0r\/FEs\/YEkJdBA3QNxLOsFguYIzgUcN9RUFVJlkOKcrAAGKBShZ1G0lAQlaopcx5GleEU4GsvFbECJxy431J7E8w\/EG43PJ1x0qOC+MlkoeMtOmRAXoiWJA+Cy8hrA4\/r\/Onch8aJA5SFA9dBxYhNJloENO2u9LSH3aBIayUBVBG4iPZnxAb+Yyy2BY\/yMcEO208vH2ko7i1Qs3RjBmv9bOaq2gRFFmo\/SDYhUYgL\/2htODT7+BqyLgmM4OvSKqhrsZ7DA6IinuSoMTheBSy8D05\/Bhky8ysbKxK1muCUcN9OmVk17ia8ZUYzMOuJS6fqMXy7xFHPOY9l09nkIDfM31X9SmZ+xAxFHYqOOOGeOYwk0ThxF1A5WZTlGgRAyo3FAewnP3pYJ6EdQSLxKXT0u35ijsOZcOlOiZfOzDrmG9QCQQzxCfWIPBjpSPIXNP3FngiET0DIBpVcAZhnSAohCj8jObyZPGrxPKpcHq1Z6J\/IGHcuvD\/njBb3orOmA3ow9M6j\/9nma9005y4A\/hDMHKpd76jFpSXAtqnMRN4wtSHBcOdBAMuffmI8WPLiKfLIv5Mwl0ZNB5iCjaO9j8474FQ3aBLURH\/LST8jHeDeEv3OiWWhmRFLxKK9NU17I5vPc+vxgDeSXBU0cdsJvb\/RX6nVLDAb7g+2dgRhetYeosRDz9I24B6fs9vqi1wdoQMLUrBxwEjZHBiblY0OPBC6oqCOnHImoAYef6MpDL5YRmAdNCBFXtAmeaT+ECDlPiUONMVVKmkgiFL1k1ThZlbMqCQcPQ6Ir8A\/fa1CoQEB1gazF\/rUCb9J4B0ptMjl0qx2UbjerieqY+otSJr7ud7jRR3FBG4ij4wA5eYOxFtM1VF4dl29H+wdHjXMguNYXerRWoy7VK7J9PYgrrXFLFCSzndQyv709P7eEeI6+BGdI0KDot5Av\/b3BMmtb4iW8OwYF9e73+93Bzt7uPdG+fx8YlG\/xYb+1GurKHYTyGRrjFkVQVuECav6hQrNGFHGLqjSNpJ56j7qrORC\/3+R+2+9oI6khqGfJ0HgbsNe6a5sdsI\/aayLA7VVL1rYMw\/XczXu\/gxuXioinUhGGQ+STjMUrJ2ngQWPpff3+mar4UhQfQT8zfrpWIi+A3SnKlujv\/Io+izMg5QVPYTxiDVVWjM1C5Chwyax58t\/3\/zkyPs7dmD\/XC6Q24836HOfkcnKR6O\/+ika3D0Nf7MDoQcvuEY2I0hB7mpiPjL24gwHRN15BoppsqSfG\/XCLbO+CapHhVFyVbZ\/Q\/OliXnhb3bqerZWzNV2X58F9F\/OPqWuiSAZbujxpIXggF5OTW6+oVfPUuLXEdxhBTI7myXIBxLocfUmqCEoh+dbG68s6B9f8W18FdTpC3rj42zi51vdJa6asclFDAp2+OLrNAOIlp74YiJ09geSn3D9pXyBgB4JKBSYM8S1Son20ci+3qvGLZhh2qE8IhS4KbiI3XnGuZ15t8FFVogua1ePJSfi1pCXeTNEWlOw1ozHb8whH5aD+VYHuUvhK9\/bPCv397W0+qr+\/s1t7qhX0UhpTPfYDSXzUkY2dQsMNu0sKLUgCo2dD0c1Vegm3AaESA62+5puf+YepXkqkMRBTyWAX1DHYo07O1+PfqmKhmTq7HD4T2+397UF\/5157sNf+S7B7OelHki\/nuJI5upZfXDyBUhe+5QtcDXaLM5hD130S1OzKNB\/X0w6MXNmM7ssSn1AtphZwr7P8KYIZGzJLlW5I\/SsyyRGY6c6BRxwGZ+gFc7o6k0tJanFxWgeTfb28pWF7X9BvGbbIDfqlCRl27GjGseFqLkz5oKZQOWC2RMgnaMVmzV3q\/+0LcQdFNq5vc37ZAYmi8KNg3Q3TmyrXq9gCxuvV7GYAYtW1atodZWV3jOX+x\/rnwU6RFt\/oeCT94d7+hir3m89YVL\/\/AQ==\" \/> \t\t<a href=\"https:\/\/www.pdf24.org\" target=\"_blank\" title=\"www.pdf24.org\" rel=\"nofollow\"><img src=\"https:\/\/www.hohenlohe-ungefiltert.de\/wp-content\/plugins\/pdf24-post-to-pdf\/img\/pdf_32x32.png\" alt=\"\" border=\"0\" height=\"32\" \/><\/a> \t\t<span class=\"pdf24Plugin-cp-space\">&nbsp;&nbsp;<\/span> \t\t<span class=\"pdf24Plugin-cp-text\">Sende Artikel als PDF<\/span> \t\t<span class=\"pdf24Plugin-cp-space\">&nbsp;&nbsp;<\/span> \t\t<input class=\"pdf24Plugin-cp-input\" style=\"margin: 0px;\" type=\"text\" name=\"sendEmailTo\" placeholder=\"Emailadresse\" \/> \t\t<input class=\"pdf24Plugin-cp-submit\" style=\"margin: 0px;\" type=\"submit\" value=\"Senden\" \/> \t<\/form> <\/div>","protected":false},"excerpt":{"rendered":"<p>Aus dem Gottlob-Weisser-Haus des Diakonie-Krankenhauses Schw\u00e4bisch Hall wurden in den Jahren 1940\/41 mindestens 87 kranke Menschen und Menschen mit Behinderungen zur T\u00f6tung nach Grafeneck bei M\u00fcnsingen auf der Schw\u00e4bischen Alb verschleppt. \u00dcber 10.000 Menschen wurden in Grafeneck meist mit Gas get\u00f6tet. Bereits im November 1939 \u2013 kurz nach Kriegsbeginn \u2013 waren die Erlasse \u00fcber die [&hellip;]<\/p>\n","protected":false},"author":3,"featured_media":0,"comment_status":"open","ping_status":"open","sticky":false,"template":"","format":"standard","meta":[],"categories":[],"tags":[],"_links":{"self":[{"href":"https:\/\/www.hohenlohe-ungefiltert.de\/index.php?rest_route=\/wp\/v2\/posts\/3998"}],"collection":[{"href":"https:\/\/www.hohenlohe-ungefiltert.de\/index.php?rest_route=\/wp\/v2\/posts"}],"about":[{"href":"https:\/\/www.hohenlohe-ungefiltert.de\/index.php?rest_route=\/wp\/v2\/types\/post"}],"author":[{"embeddable":true,"href":"https:\/\/www.hohenlohe-ungefiltert.de\/index.php?rest_route=\/wp\/v2\/users\/3"}],"replies":[{"embeddable":true,"href":"https:\/\/www.hohenlohe-ungefiltert.de\/index.php?rest_route=%2Fwp%2Fv2%2Fcomments&post=3998"}],"version-history":[{"count":7,"href":"https:\/\/www.hohenlohe-ungefiltert.de\/index.php?rest_route=\/wp\/v2\/posts\/3998\/revisions"}],"predecessor-version":[{"id":4032,"href":"https:\/\/www.hohenlohe-ungefiltert.de\/index.php?rest_route=\/wp\/v2\/posts\/3998\/revisions\/4032"}],"wp:attachment":[{"href":"https:\/\/www.hohenlohe-ungefiltert.de\/index.php?rest_route=%2Fwp%2Fv2%2Fmedia&parent=3998"}],"wp:term":[{"taxonomy":"category","embeddable":true,"href":"https:\/\/www.hohenlohe-ungefiltert.de\/index.php?rest_route=%2Fwp%2Fv2%2Fcategories&post=3998"},{"taxonomy":"post_tag","embeddable":true,"href":"https:\/\/www.hohenlohe-ungefiltert.de\/index.php?rest_route=%2Fwp%2Fv2%2Ftags&post=3998"}],"curies":[{"name":"wp","href":"https:\/\/api.w.org\/{rel}","templated":true}]}}