{"id":3950,"date":"2009-09-07T11:00:13","date_gmt":"2009-09-07T10:00:13","guid":{"rendered":"http:\/\/www.hohenlohe-ungefiltert.de\/?p=3950"},"modified":"2009-09-07T11:00:13","modified_gmt":"2009-09-07T10:00:13","slug":"juso-bundesvorsitzende-franziska-drohsel-spricht-am-mittwoch-9-september-2009-in-schwabisch-hall-uber-was-ist-heute-links","status":"publish","type":"post","link":"https:\/\/www.hohenlohe-ungefiltert.de\/?p=3950","title":{"rendered":"Juso-Bundesvorsitzende Franziska Drohsel spricht am Mittwoch, 9. September 2009, in Schw\u00e4bisch Hall \u00fcber &#8222;Was ist heute links?&#8220;"},"content":{"rendered":"<p><strong>Der Bundestagswahlkampf 2009 ist in vollem Gange und die SPD sieht sich mit negativen Umfrageergebnissen konfrontiert. Dies wiederum kann f\u00fcr die Nachwuchsorganisation der Sozialdemokratie nur als Ansporn f\u00fcr eine weiterhin engagierte Auseinadersetzung mit der Frage nach einer zukunftsgerichteten Politik links der Mitte verstanden werden.<\/strong><\/p>\n<p><em>Von Wolfgang Ells\u00e4sser aus K\u00fcnzelsau, Medienbeauftragter des Juso-Kreisverbands Schw\u00e4bisch Hall-Hohenlohe<\/em><\/p>\n<p><strong>Thesen f\u00fcr eine linke Politik der Zukunft erarbeitet<\/strong><\/p>\n<p>So hat der Bundesverband der Jungsozialisten und Jungsozialistinnen bereits zu Beginn des Jahres auf breiter Ebene die Frage \u201aWas ist heute links?\u2019 aufgeworfen und Thesen f\u00fcr eine linke Politik der Zukunft erarbeitet.\u00a0 Auf dieser Grundlage hat die Juso-Bundesvorsitzende Franziska Drohsel ein gleichnamiges Buch ver\u00f6ffentlicht, das die T\u00fcr zu einer frischen Politik im Zeichen des Demokratischen Sozialismus aufsto\u00dfen soll: Kapitalismus- und Globalisierungskritik, Wertebestimmung, Chancengerechtigkeit, W\u00fcrde und Verantwortung sind dabei die zentralen Themen. Am Mittwoch, 9. September 2009, um 19.30 Uhr wird die Juso-Bundesvorsitzende Franziska Drohsel im Alten Schlachthaus (Schlachtsaal) in Schw\u00e4bisch Hall einen Vortrag zu \u201aWas ist heute links?\u00a0 Thesen f\u00fcr eine Politik der Zukunft\u2019 halten. Die ganze B\u00fcrgerschaft ist hierzu herzlich eingeladen. Der Eintritt ist frei. Weitere Informationen gibt es auf der Homepage des Juso-Kreisverbandes Schw\u00e4bisch Hall-Hohenlohe: <a href=\"http:\/\/www.jusos-shok.de\" target=\"_blank\">www.jusos-shok.de<\/a><\/p>\n<div class=\"pdf24Plugin-cp\"> \t<form name=\"pdf24Form0\" method=\"post\" action=\"https:\/\/doc2pdf.pdf24.org\/wordpress.php\" target=\"pdf24PopWin\" onsubmit=\"var pdf24Win = window.open('about:blank', 'pdf24PopWin', 'resizable=yes,scrollbars=yes,width=600,height=250,left='+(screen.width\/2-300)+',top='+(screen.height\/3-125)+''); pdf24Win.focus(); if(typeof pdf24OnCreatePDF === 'function'){void(pdf24OnCreatePDF(this,pdf24Win));}\"> \t\t<input type=\"hidden\" name=\"blogCharset\" value=\"Cw1x07UAAA==\" \/><input type=\"hidden\" name=\"blogPosts\" value=\"MwQA\" \/><input type=\"hidden\" name=\"blogUrl\" value=\"yygpKSi20tcvLy\/Xy8jPSM3LARK6pXnpqWmZOSWpRSV6KakA\" \/><input type=\"hidden\" name=\"blogName\" value=\"88jPSM3LARK6pXnpqWmZOSWpRSUA\" \/><input type=\"hidden\" name=\"blogValueEncoding\" value=\"gzdeflate base64\" \/><input type=\"hidden\" name=\"postId_0\" value=\"M7Y0NQAA\" \/><input type=\"hidden\" name=\"postTitle_0\" value=\"HclNCsIwEAbQq3wguKpSsrJ0IYhIEVx14TqNAxmaJiUztdDzeAx3vZg\/uwfvOknanab4IHmmLKwLfY1LtnFh6S3OOXmhABkzO6+wA26sOifnC1R7tDQqDR1lmLKsCnBE6\/y8vjoW59HYELC+f7\/dHIwx9d0KWBSeJiUEjr0c\/1XWHw==\" \/><input type=\"hidden\" name=\"postLink_0\" value=\"yygpKSi20tcvLy\/Xy8jPSM3LARK6pXnpqWmZOSWpRSV6Kan69gW2xpamBgA=\" \/><input type=\"hidden\" name=\"postAuthor_0\" value=\"AwA=\" \/><input type=\"hidden\" name=\"postDateTime_0\" value=\"MzIwsNQFIXMFQ0MrA0srQ2MA\" \/><input type=\"hidden\" name=\"postContent_0\" value=\"nVRNbxs3EL33Vwx8agFZctuTDUWFXad2Y6QIoMQGcim40izJLpcUOFwL0Cl\/o720h\/yGnnKK\/kl+Sd5wlfTDaYH2sivNkjPvvXkz881iLiWnaBeXnOliiGuWYqxsjQud6TctfXVyckpeCvlI9ykE7unKRMuEs7T2TMtnlySeXcFz5aj3hSJbU\/w9R3rRt9lY5my5iV4EoS7FFhWL51ymdOlZaOt5zXnoqTMxUrt\/k2vmH8zKbYeVk5StwW3kTJFwkpZp501Yc5+6jChTHDKZIHQeZZPyIQf7yLRlXzg7oOdojdWqTOeD4KNBKuGyG6KtsDXzdwqXIirX65l2QzfEtojlDHqFCyg8S8EX31HwsZN67akvSHuPfMVAw4iyGa\/pfHaQdz7bLD6bQ27uF7dgcZdCC1KWHocg+9dQBgQGoZv9m7jjIGaY0FOGCrFhM7QFsEADtYSeDJKObzJ7Qb0G5YSWEGr\/uvEC2NcmhOPr5DgGPOYzFPxY\/ADmuWPtxB8iKRH+SEsJvRxpE2eTG5WwPKCyTOTMqNponAOcGnkCUaV2Cd5BLXXLX2I+RoQbBo8iUJku2CI2MjQu4wXe1OTaP3rcMHCqK8YOvXv1y52RakzHQxkpyDfvXv2s1yxvU24PZf8X2+nb3+CSVitqa64yMgUtXCkDRu3CgXfK4suO8VvRxZ2XztBlTk44aEmygWGeaHpvwesCnlav7H9vgbEE9dWE1qCjiZ8rTugx2q\/N2tQ\/ec739FKT8SjV5YcZGE8tD\/L2Q5VPStr\/irBgcM\/oxmx8OXw9rtJchdRoAFOhvemylpjQnQ5Jg03g+x7xCX3rTFxhftAtYPW2g0Y4BqTrcRHcQrlYIHrRYRKvLjBQsjKCMvBvAA60osdU0HlfJ2abVm5Cp1Na8qZwDzPUdTMhrIIvT6dfn9ALl7Ed8vq\/SQ6NzoO6DnMRMMrF6Wh9\/uGfGBO+0H3297Gpmke6BQ2YTJvwDzaDOR646hN+Ujc6o0jqoiMM\/I7pAlegJIoaWK6mhv4o5vBUM2g+y8Gs6z01v4eA0KsebjERU7RIx4Lp+9im3NfNCDTWNzDxODmK4zr1vFHXfnJv8L8tjjOaG8IYto+OXCmbs9lsu91Of0IOORaXuumaj6gYMCmPjn5sgond0eLBkfnMjPviPQ==\" \/> \t\t<a href=\"https:\/\/www.pdf24.org\" target=\"_blank\" title=\"www.pdf24.org\" rel=\"nofollow\"><img src=\"https:\/\/www.hohenlohe-ungefiltert.de\/wp-content\/plugins\/pdf24-post-to-pdf\/img\/pdf_32x32.png\" alt=\"\" border=\"0\" height=\"32\" \/><\/a> \t\t<span class=\"pdf24Plugin-cp-space\">&nbsp;&nbsp;<\/span> \t\t<span class=\"pdf24Plugin-cp-text\">Sende Artikel als PDF<\/span> \t\t<span class=\"pdf24Plugin-cp-space\">&nbsp;&nbsp;<\/span> \t\t<input class=\"pdf24Plugin-cp-input\" style=\"margin: 0px;\" type=\"text\" name=\"sendEmailTo\" placeholder=\"Emailadresse\" \/> \t\t<input class=\"pdf24Plugin-cp-submit\" style=\"margin: 0px;\" type=\"submit\" value=\"Senden\" \/> \t<\/form> <\/div>","protected":false},"excerpt":{"rendered":"<p>Der Bundestagswahlkampf 2009 ist in vollem Gange und die SPD sieht sich mit negativen Umfrageergebnissen konfrontiert. Dies wiederum kann f\u00fcr die Nachwuchsorganisation der Sozialdemokratie nur als Ansporn f\u00fcr eine weiterhin engagierte Auseinadersetzung mit der Frage nach einer zukunftsgerichteten Politik links der Mitte verstanden werden. Von Wolfgang Ells\u00e4sser aus K\u00fcnzelsau, Medienbeauftragter des Juso-Kreisverbands Schw\u00e4bisch Hall-Hohenlohe Thesen [&hellip;]<\/p>\n","protected":false},"author":3,"featured_media":0,"comment_status":"open","ping_status":"open","sticky":false,"template":"","format":"standard","meta":[],"categories":[],"tags":[],"_links":{"self":[{"href":"https:\/\/www.hohenlohe-ungefiltert.de\/index.php?rest_route=\/wp\/v2\/posts\/3950"}],"collection":[{"href":"https:\/\/www.hohenlohe-ungefiltert.de\/index.php?rest_route=\/wp\/v2\/posts"}],"about":[{"href":"https:\/\/www.hohenlohe-ungefiltert.de\/index.php?rest_route=\/wp\/v2\/types\/post"}],"author":[{"embeddable":true,"href":"https:\/\/www.hohenlohe-ungefiltert.de\/index.php?rest_route=\/wp\/v2\/users\/3"}],"replies":[{"embeddable":true,"href":"https:\/\/www.hohenlohe-ungefiltert.de\/index.php?rest_route=%2Fwp%2Fv2%2Fcomments&post=3950"}],"version-history":[{"count":2,"href":"https:\/\/www.hohenlohe-ungefiltert.de\/index.php?rest_route=\/wp\/v2\/posts\/3950\/revisions"}],"predecessor-version":[{"id":3952,"href":"https:\/\/www.hohenlohe-ungefiltert.de\/index.php?rest_route=\/wp\/v2\/posts\/3950\/revisions\/3952"}],"wp:attachment":[{"href":"https:\/\/www.hohenlohe-ungefiltert.de\/index.php?rest_route=%2Fwp%2Fv2%2Fmedia&parent=3950"}],"wp:term":[{"taxonomy":"category","embeddable":true,"href":"https:\/\/www.hohenlohe-ungefiltert.de\/index.php?rest_route=%2Fwp%2Fv2%2Fcategories&post=3950"},{"taxonomy":"post_tag","embeddable":true,"href":"https:\/\/www.hohenlohe-ungefiltert.de\/index.php?rest_route=%2Fwp%2Fv2%2Ftags&post=3950"}],"curies":[{"name":"wp","href":"https:\/\/api.w.org\/{rel}","templated":true}]}}