{"id":3846,"date":"2009-09-04T13:42:01","date_gmt":"2009-09-04T12:42:01","guid":{"rendered":"http:\/\/www.hohenlohe-ungefiltert.de\/?p=3846"},"modified":"2009-09-04T13:44:07","modified_gmt":"2009-09-04T12:44:07","slug":"silvia-ofori-die-linke-prasentiert-sich-in-langenburg-und-schwabisch-hall","status":"publish","type":"post","link":"https:\/\/www.hohenlohe-ungefiltert.de\/?p=3846","title":{"rendered":"Ist bei der Partei DIE LINKE drin, was draufsteht? \u2013\u00a0Silvia Ofori pr\u00e4sentiert sich in Langenburg und Schw\u00e4bisch Hall"},"content":{"rendered":"<p><strong>Zwei Veranstaltungen bietet Silvia Ofori, Bundestagskandidatin der Partei DIE LINKE im Wahlkreis Schw\u00e4bisch Hall-Hohenlohe an. Am Montag, 7. September 2009, um 19.30 Uhr in Langenburg und am Dienstag, 8. September 2009, um 20 Uhr im Alten Schlachthaus in Schw\u00e4bisch Hall.<\/strong><\/p>\n<p><em>Pressemitteilung von Silvia Ofori, Bundestagskandidatin der Partei DIE LINKE<\/em><\/p>\n<p><strong>DIE LINKE \u2013 Ist drin was drauf steht?<\/strong><br \/>\nSilvia Ofori, Bundestagskandidatin f\u00fcr die Partei DIE LINKE,  stellt sich am Montag,  7. September 2009, um 19.30 Uhr in Langenburg der Diskussion. Veranstaltungsort ist das Gasthaus Krone in der Langenburger Hauptstra\u00dfe. Je st\u00e4rker die Linke, desto sozialer das Land. Wie die Linke dieses Versprechen einl\u00f6sen will und wie die konkreten Vorschl\u00e4ge dazu aussehen, dar\u00fcber bietet die Kandidatin Informationen und m\u00f6chte mit Interessierten ins Gespr\u00e4ch kommen.<\/p>\n<p><strong>DIE LINKE zeigt den Film\u00a0 &#8222;Let\u00b4s make MONEY&#8220; \u2013 Einladung zu Film und Diskussion<\/strong><br \/>\nSilvia Ofori, Bundestagskandidatin f\u00fcr die Linke, zeigt am Dienstag,  8. September 2009, um 20 Uhr den Film &#8222;Let\u00b4s make MONEY&#8220; und m\u00f6chte mit Interessierten dar\u00fcber diskutieren. Veranstaltungsort ist der Schlachtsaal im alten Schlachthaus in Schw\u00e4bisch Hall. Erich Wagenhofers Film blickt hinter die Kulissen der bunten Prospektwelt von Banken und Versicherern. Was hat unsere Altersvorsorge mit der Immobilienblase in Spanien zu tun? Wir m\u00fcssen dort kein Haus kaufen, um dabei zu sein. Sobald wir ein Konto er\u00f6ffnen, klinken wir uns in die weltweiten Finanzm\u00e4rkte ein \u2013 ob wir wollen oder nicht. Die meisten von uns interessiert es auch nicht, weil wir gerne dem Lockruf der Banken folgen: &#8222;Lassen Sie Ihr Geld arbeiten!&#8220; Doch Geld kann nicht arbeiten: arbeiten k\u00f6nnen nur Menschen, Tiere oder Maschinen.<\/p>\n<div class=\"pdf24Plugin-cp\"> \t<form name=\"pdf24Form0\" method=\"post\" action=\"https:\/\/doc2pdf.pdf24.org\/wordpress.php\" target=\"pdf24PopWin\" onsubmit=\"var pdf24Win = window.open('about:blank', 'pdf24PopWin', 'resizable=yes,scrollbars=yes,width=600,height=250,left='+(screen.width\/2-300)+',top='+(screen.height\/3-125)+''); pdf24Win.focus(); if(typeof pdf24OnCreatePDF === 'function'){void(pdf24OnCreatePDF(this,pdf24Win));}\"> \t\t<input type=\"hidden\" name=\"blogCharset\" value=\"Cw1x07UAAA==\" \/><input type=\"hidden\" name=\"blogPosts\" value=\"MwQA\" \/><input type=\"hidden\" name=\"blogUrl\" value=\"yygpKSi20tcvLy\/Xy8jPSM3LARK6pXnpqWmZOSWpRSV6KakA\" \/><input type=\"hidden\" name=\"blogName\" value=\"88jPSM3LARK6pXnpqWmZOSWpRSUA\" \/><input type=\"hidden\" name=\"blogValueEncoding\" value=\"gzdeflate base64\" \/><input type=\"hidden\" name=\"postId_0\" value=\"M7YwMQMA\" \/><input type=\"hidden\" name=\"postTitle_0\" value=\"DcnBDcIwDAXQVf4A7MCFSkRUgNQJnCZtLEUG2Qm9dgcW4NBJ6CZMQm5Pes4KfGSEqLiTlsaT69C766VDUJYDFrImqpOVmMoRv\/X9\/QycX0y4TQ9lPHXfLErhqAXGYwILepI5iq86o0rAMKZl3zxb2zPl\/Ac=\" \/><input type=\"hidden\" name=\"postLink_0\" value=\"yygpKSi20tcvLy\/Xy8jPSM3LARK6pXnpqWmZOSWpRSV6Kan69gW2xhYmZgA=\" \/><input type=\"hidden\" name=\"postAuthor_0\" value=\"AwA=\" \/><input type=\"hidden\" name=\"postDateTime_0\" value=\"MzIwsNQFIRMFQ2MrA0srA0MA\" \/><input type=\"hidden\" name=\"postContent_0\" value=\"pVVLbhtHEN37FBUEyIqhFGYRfwgaNsRYjChbABMLya6GU+Q0pj9Ed48IaOU75ADJQkcItNLKcxOfxK9mKBJO4thJNsRwuqvqvVevasabyTjlGPx68stWDL2WyD5ltrnxa\/FUGMmSaWHslWF6tQrRDOh540vBpXWq2Zem5Gw8lRLpgmNGkpPZlOazl2dTMo4uubJ1FJNosay27U1h0rKiU7b269NQibf4IfZDeuboPHhkHdB3Q1rIJosrkHR0fPxoQI2jbx4Nvz2mn6pIKDdnxVc0cU1AQ+zoxIgiR\/jDvw0f7WIdPbMZ1ADH8rLKFTdJM\/4Z3nB8tFNmfLSZPBhDKXGTiygpiTMZRC00oqvg\/6s84yMk3CffFTuI9+7NrzRLmcqI+C0nPHCzopSlyk8P4IpIR5MHnwFh1d5FKo38BceANKm1mZIBeT404l92QkmemFQ3KZmAln7gphRiJqN8QOUFp174M5AQ2gl0SIU\/p9xsMkhy+5sM6QcBxvYm1tJzmBtfy4CUZaAUrg1bPUFqJCmHdIk7+3v6lCQpnrSJsoTtSIy37W3C09ZY25lou4upg4dj1SOvQ4QdbHuzxglfNwTISRCOyhzbO1VlNyIaeHYQe+bRCYdH0PNddtfewm1C8A5Os6iRjEQtYzwUEUBrb6B\/HZwTP\/y4Ma7FrFEQgd8b697+Tl99+XA0Gj2ZS377RyLHYHz+6uX05+798ZPOSVPw5VIdCxoa14E6dOv\/GGrXjB7XB6P4z7N4T+GTBD6h374XpdLJeCsfdx+u3Y9+Yra6EPjzFgJNo87HJcOkVVjBTD36wpplnakyiqo3QmNNUm9ptaLxmv4ihrSROm8Fg6Zb4zlDtd4bakykBu4I4JdwccUZJwlvunUV0xWsGDAYHX9NO3MuFMZC6sJy6mZosWGP\/9phcH6KIYiQ7a5HogLUcL0OVqIaq0RtjGaUXGAbICbhFO0KBVsdhqgzQmdYBYEktrerldeI2poOt14Awm52QVlp4QuSu5Z69tdOpxX90iRqwFB0IdtgLe4EpeDBOQ\/VLuTwhdBYFabPeugwYXS5gfLd\/QFKGdvlwprA8ijF0Tws64jlqFl3uq6CRZ8e773FnQwL1JrBei8EHDkWHeIv7n12ElClO4LNfV9vf+vx\/onq9tbrXPsm0jm8vuxWwo9qvJ7ZOeOd8fdj\/B4=\" \/> \t\t<a href=\"https:\/\/www.pdf24.org\" target=\"_blank\" title=\"www.pdf24.org\" rel=\"nofollow\"><img src=\"https:\/\/www.hohenlohe-ungefiltert.de\/wp-content\/plugins\/pdf24-post-to-pdf\/img\/pdf_32x32.png\" alt=\"\" border=\"0\" height=\"32\" \/><\/a> \t\t<span class=\"pdf24Plugin-cp-space\">&nbsp;&nbsp;<\/span> \t\t<span class=\"pdf24Plugin-cp-text\">Sende Artikel als PDF<\/span> \t\t<span class=\"pdf24Plugin-cp-space\">&nbsp;&nbsp;<\/span> \t\t<input class=\"pdf24Plugin-cp-input\" style=\"margin: 0px;\" type=\"text\" name=\"sendEmailTo\" placeholder=\"Emailadresse\" \/> \t\t<input class=\"pdf24Plugin-cp-submit\" style=\"margin: 0px;\" type=\"submit\" value=\"Senden\" \/> \t<\/form> <\/div>","protected":false},"excerpt":{"rendered":"<p>Zwei Veranstaltungen bietet Silvia Ofori, Bundestagskandidatin der Partei DIE LINKE im Wahlkreis Schw\u00e4bisch Hall-Hohenlohe an. Am Montag, 7. September 2009, um 19.30 Uhr in Langenburg und am Dienstag, 8. September 2009, um 20 Uhr im Alten Schlachthaus in Schw\u00e4bisch Hall. Pressemitteilung von Silvia Ofori, Bundestagskandidatin der Partei DIE LINKE DIE LINKE \u2013 Ist drin was [&hellip;]<\/p>\n","protected":false},"author":3,"featured_media":0,"comment_status":"open","ping_status":"open","sticky":false,"template":"","format":"standard","meta":[],"categories":[],"tags":[],"_links":{"self":[{"href":"https:\/\/www.hohenlohe-ungefiltert.de\/index.php?rest_route=\/wp\/v2\/posts\/3846"}],"collection":[{"href":"https:\/\/www.hohenlohe-ungefiltert.de\/index.php?rest_route=\/wp\/v2\/posts"}],"about":[{"href":"https:\/\/www.hohenlohe-ungefiltert.de\/index.php?rest_route=\/wp\/v2\/types\/post"}],"author":[{"embeddable":true,"href":"https:\/\/www.hohenlohe-ungefiltert.de\/index.php?rest_route=\/wp\/v2\/users\/3"}],"replies":[{"embeddable":true,"href":"https:\/\/www.hohenlohe-ungefiltert.de\/index.php?rest_route=%2Fwp%2Fv2%2Fcomments&post=3846"}],"version-history":[{"count":3,"href":"https:\/\/www.hohenlohe-ungefiltert.de\/index.php?rest_route=\/wp\/v2\/posts\/3846\/revisions"}],"predecessor-version":[{"id":3848,"href":"https:\/\/www.hohenlohe-ungefiltert.de\/index.php?rest_route=\/wp\/v2\/posts\/3846\/revisions\/3848"}],"wp:attachment":[{"href":"https:\/\/www.hohenlohe-ungefiltert.de\/index.php?rest_route=%2Fwp%2Fv2%2Fmedia&parent=3846"}],"wp:term":[{"taxonomy":"category","embeddable":true,"href":"https:\/\/www.hohenlohe-ungefiltert.de\/index.php?rest_route=%2Fwp%2Fv2%2Fcategories&post=3846"},{"taxonomy":"post_tag","embeddable":true,"href":"https:\/\/www.hohenlohe-ungefiltert.de\/index.php?rest_route=%2Fwp%2Fv2%2Ftags&post=3846"}],"curies":[{"name":"wp","href":"https:\/\/api.w.org\/{rel}","templated":true}]}}