{"id":3809,"date":"2009-09-04T13:09:40","date_gmt":"2009-09-04T12:09:40","guid":{"rendered":"http:\/\/www.hohenlohe-ungefiltert.de\/?p=3809"},"modified":"2009-09-04T13:22:40","modified_gmt":"2009-09-04T12:22:40","slug":"neoliberaler-politik-bei-der-wahl-eine-absage-erteilen-250-teilnehmer-aus-der-region-bei-wahlerveranstaltung-in-frankfurt-dabei","status":"publish","type":"post","link":"https:\/\/www.hohenlohe-ungefiltert.de\/?p=3809","title":{"rendered":"Keine Stimme f\u00fcr neoliberale Politik &#8211; 250 Teilnehmer aus der Region sind bei W\u00e4hlerveranstaltung in Frankfurt dabei"},"content":{"rendered":"<p><strong>50.000 Menschen aus dem gesamten Bundesgebiet erwartet die IG Metall zu einer W\u00e4hlerveranstaltung am morgigen  Samstag, 5. September 2009, in Frankfurt. Darunter sind auch 250 Gewerkschafterinnen und Gewerkschafter\u00a0der IG Metall Schw\u00e4bisch Hall.\u00a0 Sie wollen ein Zeichen setzen und fordern \u201eMacht Politik f\u00fcr die Mehrheit der Menschen\u201c.<\/strong><\/p>\n<p><em>Von der IG Metall Schw\u00e4bisch Hall<\/em><\/p>\n<p><strong>Abh\u00e4ngig Besch\u00e4ftigten eine Stimme verleihen<\/strong><\/p>\n<p><em>\u201eDas gro\u00dfe Interesse der Kolleginnen und Kollegen an der Fahrt nach Frankfurt ist f\u00fcr mich ein klares Zeichen: Die Menschen wollen eine andere Politik\u201c<\/em>, ist Heidi Scharf, 1. Bevollm\u00e4chtigte der IG Metall Schw\u00e4bisch Hall \u00fcberzeugt. <em>\u201eWir wollen den Forderungen und Bed\u00fcrfnissen der abh\u00e4ngig Besch\u00e4ftigten eine Stimme verleihen.\u201c <\/em><\/p>\n<p>Wichtigste Aufgabe der Gewerkschaften sei es jetzt, m\u00f6glichst viele Menschen davon zu \u00fcberzeugen, sich an den Wahlen zu beteiligen, so Heidi Scharf weiter. <em>\u201eWir m\u00fcssen die demokratischen Parteien st\u00e4rken, die die Verursacher der Krise zur Kasse bitten, die Arbeitnehmerrechte st\u00e4rken und die Rente mit 67 ablehnen\u201c<\/em>, so die Gewerkschafterin.<\/p>\n<p><strong>Nicht die\u00a0neoliberale Politik in die Regierung w\u00e4hlen<\/strong><\/p>\n<p>Heidi Scharf betonte, die IG Metall werde sich nicht f\u00fcr die Wahl einer bestimmten Partei aussprechen. <em>\u201eAber wir wollen davor warnen, dass diejenigen, die durch ihre neoliberale Politik der aktuellen Krise den Boden bereitet haben, jetzt auch noch in die Regierung kommen.\u201c<\/em><\/p>\n<p><strong>IG Metall Kampagne &#8222;Gemeinsam f\u00fcr ein gutes Leben&#8220;<\/strong><\/p>\n<p>Die Veranstaltung in Frankfurt ist der H\u00f6hepunkt der bundesweiten Kampagne der IG Metall \u201eGemeinsam f\u00fcr ein gutes Leben\u201c. An der Besch\u00e4ftigtenbefragung haben sich mehr als 450.000 Menschen beteiligt \u2013 davon rund 2.000 aus Schw\u00e4bisch Hall. 89 Prozent der Befragten fordern: Keine Entlassungen in der Krise und 83 Prozent die R\u00fccknahme der Rente mit 67. Die \u00c4lteren m\u00fcssen fr\u00fcher in Rente gehen k\u00f6nnen, damit ausreichend Arbeitspl\u00e4tze f\u00fcr die Jugend vorhanden sind und ihnen damit eine Perspektive f\u00fcr ihre Zukunft er\u00f6ffnet wird.<\/p>\n<p><strong>Weitere Informationen:<\/strong><\/p>\n<p><strong><a href=\"..\/wp-content\/uploads\/2009\/09\/Kundgebung_Frankfurt_Info.pdf\">Kundgebung_Frankfurt_Info<\/a> (PDF-Datei)<\/strong><\/p>\n<p><strong><a href=\"https:\/\/www.hohenlohe-ungefiltert.de\/wp-content\/uploads\/2009\/09\/Frankfurt_Busabfahrtszeiten.pdf\">Frankfurt_Busabfahrtszeiten<\/a> (PDF)<br \/>\n<\/strong><\/p>\n<p><strong>Kompakt:<\/strong><br \/>\nSamstag, 5. September 2009, 13 Uhr bis 16 Uhr<br \/>\nVeranstaltungsort:<br \/>\nCommerzbank Arena<br \/>\nM\u00f6rfelder Landstra\u00dfe 362<br \/>\n60528 Frankfurt<br \/>\nGutes Leben hei\u00dft:<br \/>\nKeine Entlassungen in der Krise!<br \/>\nNicht die Zeche f\u00fcr die Krise zahlen!<br \/>\nKeine Angst vor der Zukunft!<br \/>\nGleiche Arbeit &#8211; gleiches Geld &#8211; gleiches Recht!<br \/>\nIm Alter mit der Rente auskommen!<br \/>\nGute Lebensperspektiven f\u00fcr die junge Generation!<\/p>\n<div class=\"pdf24Plugin-cp\"> \t<form name=\"pdf24Form0\" method=\"post\" action=\"https:\/\/doc2pdf.pdf24.org\/wordpress.php\" target=\"pdf24PopWin\" onsubmit=\"var pdf24Win = window.open('about:blank', 'pdf24PopWin', 'resizable=yes,scrollbars=yes,width=600,height=250,left='+(screen.width\/2-300)+',top='+(screen.height\/3-125)+''); pdf24Win.focus(); if(typeof pdf24OnCreatePDF === 'function'){void(pdf24OnCreatePDF(this,pdf24Win));}\"> \t\t<input type=\"hidden\" name=\"blogCharset\" value=\"Cw1x07UAAA==\" \/><input type=\"hidden\" name=\"blogPosts\" value=\"MwQA\" \/><input type=\"hidden\" name=\"blogUrl\" value=\"yygpKSi20tcvLy\/Xy8jPSM3LARK6pXnpqWmZOSWpRSV6KakA\" \/><input type=\"hidden\" name=\"blogName\" value=\"88jPSM3LARK6pXnpqWmZOSWpRSUA\" \/><input type=\"hidden\" name=\"blogValueEncoding\" value=\"gzdeflate base64\" \/><input type=\"hidden\" name=\"postId_0\" value=\"M7YwsAQA\" \/><input type=\"hidden\" name=\"postTitle_0\" value=\"DYxLCsJAEESvUiC4NgFBcO\/GjaiQ9YSpJE16OjAfT+Qx3OVi9qreg0fdKUa8qqRETPsvw7ipjMxBiYdjlRXHw6Xvuiv68wlvihqXxIzQCqLvk7NshiIWMVIw7N9FmT9+YqUGrc1miOHmvk4tV8Tg3R8=\" \/><input type=\"hidden\" name=\"postLink_0\" value=\"yygpKSi20tcvLy\/Xy8jPSM3LARK6pXnpqWmZOSWpRSV6Kan69gW2xhYGlgA=\" \/><input type=\"hidden\" name=\"postAuthor_0\" value=\"AwA=\" \/><input type=\"hidden\" name=\"postDateTime_0\" value=\"MzIwsNQFIRMFQ2MrA0srEwMA\" \/><input type=\"hidden\" name=\"postContent_0\" value=\"lVbNbttGEL73KcYpUDSAIsly7TqOakCuayd1XBgxGgO5BCtzSG5ILoXl0gJ8yqFv0GvR5KBn8Mmn8E3yJP1ml\/qzEwcFJEEkZ+fnm++b4XCyP6ycLU2yv93v9vt9OmVTXaZsSNUVRVxQwpUqHG4c1CbiKuGxZkdsp8o6\/Ik004tjHHMqz+m6JtaGLV00szRne8VWmQqPXG0SUgUVpU10Am90rgo8SDq03aVznjguxjg36PefdkgbOsLBLK6t69KhsrVxeFhpEyGvy5QG23065inbDMmqGA+1MfCKFO\/c\/\/QxwsllhueX6bSZjTWe03Pc6H76SOeoYVrmORwge3rD2iNQsbtufcalhRtDn9\/\/e6ouU0dnZa6dzihubq3H4JRTm7IGIAg3B\/Hz+3+6w14L8LA32f9uCMC52H9dGno4r2EPZosjrYvROG1mBgDSAcOwmcVOJy6kzXTudFEwAfOcNaJ\/MTIqOFQVJbZsPqBzgitXFftsTgSDZIlkuBYuhGyPVGodGQCwbA\/pygUUCqDm8ctyBZ9zGPfo0MPT0mqJM8MtvPIcS4Dli+54l89ZR1pQUTbu0GYXFV\/haNHMAL8U\/Q38qLkFn665TsCgtvALbefxI3yPfFNBzLbcA45QR2w08AgFq\/+FdxcV0FrfLrRPtkK2ozpO1DhkvcZQ4Zkm4PUOdHMdKpqbJMc5YHClOV+BLlJXoA0ktiiNTQeiQMUqVHShUikOJmN2rHMdLMo1NGkKmrJdQ6VobkPRWjIsyswqp0PUM9G5ljRdM7OZOPRW+L4GerYCHVCT54\/VYNJ1jX9KODXWzs3tR3aMsIbTgq1lwMILhx58sXnFoCN45GjnZ2Cfc2q8hlpaoA6xuqv77l2V\/CGoi+mnj4bBLYCl8gXNZLiEYIn23aepn1X35bIGGgAtkV3nzsBDKhGHHhgfdjEQpBftMBxzJVRxCzRluFYTgQGsmfdhJPNvukJRtBsXyhqPIRAVv+\/YhK76JtQWgXUKEX2pUk\/hzNXs\/YXuCE0OSvmFsRDBUQpewqHnXxivphS3d3HKStDds\/yLw2kJyokqJiqBQn74fncwGDw75gJAYI0EdGRGJLUD5V8yInuj\/rN78B8Ghq3sj9W14IeEFPi8uUl5UpssXI79lvIUN8tE1mcFwH44JZnbNAozYF35Y46tSiQZj1rofIHZTyqv6Ke7S3QuQ4eYf7cCtkL3gbeTHXtvIdHuUzqzJVaPaxOQkFJOu4X26MTPn9+My8GKMMC0WZGgRNjdWnqRNja3l5lRkJ+3W5Va10\/o5q9cdoFZzILYNreibHgO1glLSVlzY1pGynGUYMOgj1qNV5O8mWFzLqXwu0yqiEDnVEa+CYtcktSi8NaTr+mMbTXhzOmr9rwn95s6q00sbx3NTRwbcBY6ie4J\/8IPNtlqQKrABCvhfe\/+GpxfK4Lz+JdH3W5vOnlyKfo2rldP8lJFVU9eRXr4nCBRvPUA5rcL9r2VEN1JFD\/a\/+rjYU\/t049nh0dPDhVY8PjbeaTOTaq9Xm86nXbTEpDm+Hki\/Y21NMd1I34o02X8g7pS41jWdXXtpRByfcBgke3j4dhSDwl+Ld2TEqLK3Aqu4cBDL3SbW\/QnNAKW0+aO\/G3PrOm7Ki28hge\/yqyx12PkC1qxUe390+bGxpwLhV+CS8hAyXvM1s6gNdjpbw92l2OivXu81DbhLa35sAj0DSlttGaLnYLXGpB9ye125\/nFu7Hmc4SKnJDee2spPDc5zr1oWsn4Qbm5+YyScLvCksuj+3dfyeKcu3hR0EhY4VW81DQEGQb1xkrtoXQoa6EusyzhnZSNiFhVXjMbvuP\/AQ==\" \/> \t\t<a href=\"https:\/\/www.pdf24.org\" target=\"_blank\" title=\"www.pdf24.org\" rel=\"nofollow\"><img src=\"https:\/\/www.hohenlohe-ungefiltert.de\/wp-content\/plugins\/pdf24-post-to-pdf\/img\/pdf_32x32.png\" alt=\"\" border=\"0\" height=\"32\" \/><\/a> \t\t<span class=\"pdf24Plugin-cp-space\">&nbsp;&nbsp;<\/span> \t\t<span class=\"pdf24Plugin-cp-text\">Sende Artikel als PDF<\/span> \t\t<span class=\"pdf24Plugin-cp-space\">&nbsp;&nbsp;<\/span> \t\t<input class=\"pdf24Plugin-cp-input\" style=\"margin: 0px;\" type=\"text\" name=\"sendEmailTo\" placeholder=\"Emailadresse\" \/> \t\t<input class=\"pdf24Plugin-cp-submit\" style=\"margin: 0px;\" type=\"submit\" value=\"Senden\" \/> \t<\/form> <\/div>","protected":false},"excerpt":{"rendered":"<p>50.000 Menschen aus dem gesamten Bundesgebiet erwartet die IG Metall zu einer W\u00e4hlerveranstaltung am morgigen Samstag, 5. September 2009, in Frankfurt. Darunter sind auch 250 Gewerkschafterinnen und Gewerkschafter\u00a0der IG Metall Schw\u00e4bisch Hall.\u00a0 Sie wollen ein Zeichen setzen und fordern \u201eMacht Politik f\u00fcr die Mehrheit der Menschen\u201c. Von der IG Metall Schw\u00e4bisch Hall Abh\u00e4ngig Besch\u00e4ftigten eine [&hellip;]<\/p>\n","protected":false},"author":3,"featured_media":0,"comment_status":"open","ping_status":"open","sticky":false,"template":"","format":"standard","meta":[],"categories":[],"tags":[],"_links":{"self":[{"href":"https:\/\/www.hohenlohe-ungefiltert.de\/index.php?rest_route=\/wp\/v2\/posts\/3809"}],"collection":[{"href":"https:\/\/www.hohenlohe-ungefiltert.de\/index.php?rest_route=\/wp\/v2\/posts"}],"about":[{"href":"https:\/\/www.hohenlohe-ungefiltert.de\/index.php?rest_route=\/wp\/v2\/types\/post"}],"author":[{"embeddable":true,"href":"https:\/\/www.hohenlohe-ungefiltert.de\/index.php?rest_route=\/wp\/v2\/users\/3"}],"replies":[{"embeddable":true,"href":"https:\/\/www.hohenlohe-ungefiltert.de\/index.php?rest_route=%2Fwp%2Fv2%2Fcomments&post=3809"}],"version-history":[{"count":8,"href":"https:\/\/www.hohenlohe-ungefiltert.de\/index.php?rest_route=\/wp\/v2\/posts\/3809\/revisions"}],"predecessor-version":[{"id":3835,"href":"https:\/\/www.hohenlohe-ungefiltert.de\/index.php?rest_route=\/wp\/v2\/posts\/3809\/revisions\/3835"}],"wp:attachment":[{"href":"https:\/\/www.hohenlohe-ungefiltert.de\/index.php?rest_route=%2Fwp%2Fv2%2Fmedia&parent=3809"}],"wp:term":[{"taxonomy":"category","embeddable":true,"href":"https:\/\/www.hohenlohe-ungefiltert.de\/index.php?rest_route=%2Fwp%2Fv2%2Fcategories&post=3809"},{"taxonomy":"post_tag","embeddable":true,"href":"https:\/\/www.hohenlohe-ungefiltert.de\/index.php?rest_route=%2Fwp%2Fv2%2Ftags&post=3809"}],"curies":[{"name":"wp","href":"https:\/\/api.w.org\/{rel}","templated":true}]}}