{"id":3583,"date":"2009-08-28T08:54:08","date_gmt":"2009-08-28T07:54:08","guid":{"rendered":"http:\/\/www.hohenlohe-ungefiltert.de\/?p=3583"},"modified":"2009-08-28T09:08:38","modified_gmt":"2009-08-28T08:08:38","slug":"spd-ministerin-diskutiert-im-%e2%80%9ecafe-am-markt%e2%80%9c-in-schwabisch-hall-uber-sozial-und-gesundheitspolitik","status":"publish","type":"post","link":"https:\/\/www.hohenlohe-ungefiltert.de\/?p=3583","title":{"rendered":"SPD-Ministerin diskutiert im \u201eCafe am Markt\u201c in Schw\u00e4bisch Hall \u00fcber Sozial- und Gesundheitspolitik"},"content":{"rendered":"<p style=\"margin-bottom: 0cm;\"><strong><span style=\"font-family: Arial,sans-serif;\"> <\/span><\/strong><\/p>\n<div id=\"attachment_3585\" style=\"width: 210px\" class=\"wp-caption alignleft\"><strong><a href=\"https:\/\/www.hohenlohe-ungefiltert.de\/wp-content\/uploads\/2009\/08\/Schwesig_Manuela_200.jpg\"><img aria-describedby=\"caption-attachment-3585\" loading=\"lazy\" class=\"size-full wp-image-3585\" title=\"Schwesig_Manuela\" src=\"https:\/\/www.hohenlohe-ungefiltert.de\/wp-content\/uploads\/2009\/08\/Schwesig_Manuela_200.jpg\" alt=\"Manuela Schwesig (SPD), Sozial- und Gesundheitsministerin in Mecklenburg-Vorpommern\" width=\"200\" height=\"300\" \/><\/a><\/strong><p id=\"caption-attachment-3585\" class=\"wp-caption-text\">Manuela Schwesig (SPD), Sozial- und Gesundheitsministerin in Mecklenburg-Vorpommern.<\/p><\/div>\n<p><strong>Der SPD-Ortsverein Schw\u00e4bisch Hall l\u00e4dt am Sonntag, 30. August 2009, um 10.30 Uhr ins Schw\u00e4bisch Haller \u201eCafe am Markt\u201c zum Frauenfr\u00fchst\u00fcck mit der SPD-Bundestagskandidatin Annette Sawade ein. Die Leitung hat  Birgit Kern.<\/strong><\/p>\n<p style=\"margin-bottom: 0cm;\"><em>Von Christl Scherrle-Dietenmaier, SPD-Gesch\u00e4ftsstelle Crailsheim<\/em><\/p>\n<p style=\"margin-bottom: 0cm;\"><strong>Podiumsdiskussion ab 13 Uhr<\/strong><\/p>\n<p style=\"margin-bottom: 0cm;\"><span style=\"font-family: Arial,sans-serif;\">Ab 13 Uhr diskutieren mit <\/span><span style=\"font-family: Arial,sans-serif;\">Manuela Schwesig, der Ministerin f\u00fcr Soziales und Gesundheit in Mecklenburg-Vorpommern, <\/span><span style=\"font-family: Arial,sans-serif;\">Gabriele Allmendinger-Schaal, Leiterin des  Kinder- und Frauenhauses in Schw\u00e4bisch Hall, Hanne Herrmann, Kinderhospiz \u2013 Familienbegleiterin \u2013 Kinder-Jugendfussball-Betreuerin, Vitalstoffberaterin f\u00fcr Leistungssportler \u2013 Mitarbeiterin der AOK Spezialgebiet Gesundheitsf\u00f6rderung und Dr. Walter M\u00fcller, ehemaliger Landtagsabgeordneter, und stellvertretender Sprecher des B\u00fcndnisses f\u00fcr Familien im Kreis Schw\u00e4bisch Hall \u201e Familie Plus\u201c zusammen mit Annette Sawade, Kandidatin zur Bundestagwahl der SPD im Wahlkreis Schw\u00e4bisch Hall-Hohenlohe. Alle Interssierten sind zu dieser Veranstaltung und zum Mitdiskutieren eingeladen.<\/span><\/p>\n<p style=\"margin-bottom: 0cm;\"><span style=\"font-family: Arial,sans-serif;\"><strong>Lebenslauf von Manuela Schwesig als PDF-Datei:<\/strong> <a href=\"https:\/\/www.hohenlohe-ungefiltert.de\/wp-content\/uploads\/2009\/08\/Manuela-Schwesig-Vita.pdf\">Manuela Schwesig Vita<\/a><br \/>\n<\/span><\/p>\n<p style=\"margin-bottom: 0cm;\"><span style=\"font-family: Arial,sans-serif;\"><br \/>\n<\/span><\/p>\n<div class=\"pdf24Plugin-cp\"> \t<form name=\"pdf24Form0\" method=\"post\" action=\"https:\/\/doc2pdf.pdf24.org\/wordpress.php\" target=\"pdf24PopWin\" onsubmit=\"var pdf24Win = window.open('about:blank', 'pdf24PopWin', 'resizable=yes,scrollbars=yes,width=600,height=250,left='+(screen.width\/2-300)+',top='+(screen.height\/3-125)+''); pdf24Win.focus(); if(typeof pdf24OnCreatePDF === 'function'){void(pdf24OnCreatePDF(this,pdf24Win));}\"> \t\t<input type=\"hidden\" name=\"blogCharset\" value=\"Cw1x07UAAA==\" \/><input type=\"hidden\" name=\"blogPosts\" value=\"MwQA\" \/><input type=\"hidden\" name=\"blogUrl\" value=\"yygpKSi20tcvLy\/Xy8jPSM3LARK6pXnpqWmZOSWpRSV6KakA\" \/><input type=\"hidden\" name=\"blogName\" value=\"88jPSM3LARK6pXnpqWmZOSWpRSUA\" \/><input type=\"hidden\" name=\"blogValueEncoding\" value=\"gzdeflate base64\" \/><input type=\"hidden\" name=\"postId_0\" value=\"Mza1MAYA\" \/><input type=\"hidden\" name=\"postTitle_0\" value=\"Cw5w0fXNzMssLkktysxTSMkszi4tyUwtKlHIzFV41DDPOTEtVSExV8E3sSi75FHDHAWgouDkjPLDS5Iyi5MzFDwSc3IUDu9JSi1SCM6vykzM0VUozUtRcE8tBlIZqZklxQX5OZklmdkA\" \/><input type=\"hidden\" name=\"postLink_0\" value=\"yygpKSi20tcvLy\/Xy8jPSM3LARK6pXnpqWmZOSWpRSV6Kan69gW2xqYWxgA=\" \/><input type=\"hidden\" name=\"postAuthor_0\" value=\"AwA=\" \/><input type=\"hidden\" name=\"postDateTime_0\" value=\"MzIwsNQ1sNA1slAwsLACIwA=\" \/><input type=\"hidden\" name=\"postContent_0\" value=\"tVbBbttGEL3nKwY8tQApyjECJKpkQLbguLWNGDDqHI0lOSS3Wi6J3aUV65R\/yLXoyd\/Qk2\/6k3xJ31KirdgOWhcxIJASuTvvzcx7sxo3ZN214klQCVNIHSW1c3U1omFa\/RLsja0ztS5wb4TuV+a1dlEuKqmuRzQ1UqjQCm0jy0bm2ETj2C\/fw22zO272Xo0zeUUymwTCOZGWFWt3ufvm7ZugD7uQmStH9Hpn2HwKKFXCWjxsolQ0TtaahJKFVpy7LVqCSsP5JCida+wojheLxaCsS9YKl6jVBedSOTZukHHsY4E6gOO2UbXIbPx6OHwXD9\/G52m5YCuLy1OhW1biEi8GfzQFoGRVkECSUcY2NTLhLLmeBBtS0X0y0ToZH1fqYhIosby+S8PKJUd5qxSBhKxEwZvlTjqf+0N8FMWkL5gWiukmweYp9cvop\/Oz2c8hnddLNDWiVmf0ni1uJUtnK6mlBarUhM8pp3PFOmlNEV3Upqmrio0OqGvjJABSQNhWlADa9T9i6EBsiaLp1PDdQj4SQOT4E3r\/AqQHXqDjGAKFTJs7dc3YEGJHH4yzV2wY+z3o6iaRNi3pSKCdanWTORIV4LV2oghpdzigaVu01pFvQ0htRTvDwe6Qfi8NONhHQQDz9fNfByJnH+hUmLn7+vlPWmLjoREt69ysbkvrVrfpnCrpKNsQ20eSbIFq50JnMhMOFKdas3NM52IhMiawHtBMMp2gGlAOlcIR7UuY3dHxOvlvbPovA4GrvQuY8aA0KKvyubAxiiNAQIKVkGzCjhx6kJarm9xZlB9J0oERUlk0pRrHiPKf0DbMzupMtpXNpJ231nbDIKGdXV\/R57F\/zhib9hDU4Tpkxrqrfz\/fnhPtoWzDroun9+rMV7dmI2K2D1T8femG\/4vMe5EYyejJVClYzg8sNhGoCazslNJRgriIjiVEZta+WsuxFK3FmyfsEOIK+dERNFHhW7jZXda2kUuo\/AsdelYSeXChehz\/fAPzW1uAT44uJ4gX7bMz3PpFIV1IJ5R1dZ4nbMRW0cDXemlb29TGre30BaV1wiT3qRiafjim84Z9hQtOoNftOZGv\/jZY5B3iM52ZAX0UfsbS6erWezQkLrnyhxCencBv3nciKbg2GRznF\/iNndgxLcAbfuic2hj2LunKub+61Rl67gvYke\/rQbKiY8yYx+PBD4d+GZ2p1q6HgxUQwFqP31oeRb+fBsvW0N2YWIhS9cPD433E7\/mTmNFRf9oMvEaYfsUBY2A9JAZQi2YhNIzBkBRdoB8aAMr15fOzCw3YNg57kSnw6ybO+v\/BD3ZsPy5OOGFtlWhzusKseHRiQEZ0NjuMZlCRHN1NEPphfyc2iFGPGHntDposf+L48q+6gzExOCJfvVhtHof\/Bw==\" \/> \t\t<a href=\"https:\/\/www.pdf24.org\" target=\"_blank\" title=\"www.pdf24.org\" rel=\"nofollow\"><img src=\"https:\/\/www.hohenlohe-ungefiltert.de\/wp-content\/plugins\/pdf24-post-to-pdf\/img\/pdf_32x32.png\" alt=\"\" border=\"0\" height=\"32\" \/><\/a> \t\t<span class=\"pdf24Plugin-cp-space\">&nbsp;&nbsp;<\/span> \t\t<span class=\"pdf24Plugin-cp-text\">Sende Artikel als PDF<\/span> \t\t<span class=\"pdf24Plugin-cp-space\">&nbsp;&nbsp;<\/span> \t\t<input class=\"pdf24Plugin-cp-input\" style=\"margin: 0px;\" type=\"text\" name=\"sendEmailTo\" placeholder=\"Emailadresse\" \/> \t\t<input class=\"pdf24Plugin-cp-submit\" style=\"margin: 0px;\" type=\"submit\" value=\"Senden\" \/> \t<\/form> <\/div>","protected":false},"excerpt":{"rendered":"<p>Der SPD-Ortsverein Schw\u00e4bisch Hall l\u00e4dt am Sonntag, 30. August 2009, um 10.30 Uhr ins Schw\u00e4bisch Haller \u201eCafe am Markt\u201c zum Frauenfr\u00fchst\u00fcck mit der SPD-Bundestagskandidatin Annette Sawade ein. Die Leitung hat Birgit Kern. Von Christl Scherrle-Dietenmaier, SPD-Gesch\u00e4ftsstelle Crailsheim Podiumsdiskussion ab 13 Uhr Ab 13 Uhr diskutieren mit Manuela Schwesig, der Ministerin f\u00fcr Soziales und Gesundheit in [&hellip;]<\/p>\n","protected":false},"author":3,"featured_media":0,"comment_status":"open","ping_status":"open","sticky":false,"template":"","format":"standard","meta":[],"categories":[],"tags":[],"_links":{"self":[{"href":"https:\/\/www.hohenlohe-ungefiltert.de\/index.php?rest_route=\/wp\/v2\/posts\/3583"}],"collection":[{"href":"https:\/\/www.hohenlohe-ungefiltert.de\/index.php?rest_route=\/wp\/v2\/posts"}],"about":[{"href":"https:\/\/www.hohenlohe-ungefiltert.de\/index.php?rest_route=\/wp\/v2\/types\/post"}],"author":[{"embeddable":true,"href":"https:\/\/www.hohenlohe-ungefiltert.de\/index.php?rest_route=\/wp\/v2\/users\/3"}],"replies":[{"embeddable":true,"href":"https:\/\/www.hohenlohe-ungefiltert.de\/index.php?rest_route=%2Fwp%2Fv2%2Fcomments&post=3583"}],"version-history":[{"count":4,"href":"https:\/\/www.hohenlohe-ungefiltert.de\/index.php?rest_route=\/wp\/v2\/posts\/3583\/revisions"}],"predecessor-version":[{"id":3590,"href":"https:\/\/www.hohenlohe-ungefiltert.de\/index.php?rest_route=\/wp\/v2\/posts\/3583\/revisions\/3590"}],"wp:attachment":[{"href":"https:\/\/www.hohenlohe-ungefiltert.de\/index.php?rest_route=%2Fwp%2Fv2%2Fmedia&parent=3583"}],"wp:term":[{"taxonomy":"category","embeddable":true,"href":"https:\/\/www.hohenlohe-ungefiltert.de\/index.php?rest_route=%2Fwp%2Fv2%2Fcategories&post=3583"},{"taxonomy":"post_tag","embeddable":true,"href":"https:\/\/www.hohenlohe-ungefiltert.de\/index.php?rest_route=%2Fwp%2Fv2%2Ftags&post=3583"}],"curies":[{"name":"wp","href":"https:\/\/api.w.org\/{rel}","templated":true}]}}