{"id":3578,"date":"2009-08-27T14:48:30","date_gmt":"2009-08-27T13:48:30","guid":{"rendered":"http:\/\/www.hohenlohe-ungefiltert.de\/?p=3578"},"modified":"2009-08-27T14:56:34","modified_gmt":"2009-08-27T13:56:34","slug":"mit-einer-entlassungswelle-ist-nach-der-bundestagswahl-zu-rechnen-%e2%80%93-crailsheimer-arbeitsrichter-rechnet-mit-mehr-prozessen","status":"publish","type":"post","link":"https:\/\/www.hohenlohe-ungefiltert.de\/?p=3578","title":{"rendered":"Nach der Bundestagswahl ist mit einer Entlassungswelle zu rechnen \u2013 Crailsheimer Arbeitsrichter erwartet mehr Prozesse"},"content":{"rendered":"<p><strong>Deutschlands Arbeitnehmern und Firmen stehen harte Zeiten bevor. Mit einer Entlassungswelle ist nach der Bundestagswahl am Sonntag, 27. September 2009 zu rechnen. &#8222;Industrie wartet mit Jobabbau bis nach der Wahl \u2013 Stillhaltepakt zwischen Wirtschaft und Regierung&#8220; ist ein Artikel auf der Titelseite der &#8222;Financial Times Deutschland&#8220; (FTD) vom 24. August 2009 \u00fcberschrieben. In der englischsprachigen Ausgabe &#8222;Financial Times Europe&#8220; schaffte es der Artikel &#8222;German `pact\u00b4on job cuts&#8220; am gleichen Tag sogar zur Titelgeschichte. Allem Anschein nach ist der prognostizierte konjunkturelle Aufschwung nichts anderes als Wahlkampfgerede der Regierungsparteien. Die Politiker der Regierungsparteien wollen mit positiven Zahlen bei den W\u00e4hlerinnen und W\u00e4hlern punkten und diese f\u00fcr dumm verkaufen.<\/strong><\/p>\n<p><em>Kommentar von Ralf Garmatter, Hohenlohe-ungefiltert<\/em><\/p>\n<p><strong>&#8222;Nach der Wahl wird sich die Botschaft \u00e4ndern&#8220;<\/strong><\/p>\n<p>Die Financial Times Deutschland beruft sich in ihrem Artikel auf &#8222;mehrere Spitzenmanager&#8220;. Sie zitiert Hakan Samuelsson, Vorstandschef des M\u00fcnchner Dax-Konzerns MAN: &#8222;Deutschland ist momentan vor Ver\u00e4nderungen sicher. Aber nach der Wahl wird sich die Botschaft \u00e4ndern. Das ist ganz normal.&#8220;<\/p>\n<p><strong>Entlassungen werden aus politischen Gr\u00fcnden hinausgeschoben<\/strong><\/p>\n<p>Bereits in einem Gastkommentar in der Frankfurter Rundschau vom 21. Juli 2009 hatte Helga Schwitzer, Mitglied des IG-Metall-Vorstands, vor einer bevorstehenden Entlassungswelle nach der Wahl gewarnt. Die Gewerkschafterin machte sich in ihrem Kommentar f\u00fcr die Arbeitsmarktinstrumente Kurzarbeit und Weiterbildung stark. Sie stellte dabei aber ern\u00fcchtert fest: &#8222;Daf\u00fcr ist allerdings Planungssicherheit Voraussetzung. Ob sie gegeben ist, ist mittlerweile mancherorts zweifelhaft. Kleinere und mittlere Unternehmen greifen schon jetzt vermehrt zu Entlassungen statt zu weiterer Kurzarbeit, weil sie Liquidit\u00e4tsengp\u00e4sse bef\u00fcrchten oder schon haben. Daran ist vor allem die restriktive und \u00fcberteuerte Kreditvergabe der Banken Schuld. Andere Unternehmen schieben ganz offenbar mit Blick auf die Bundestagswahl am 27. September Entlassungen aus politischen Gr\u00fcnden hinaus. Das Muster ist aus 2005 noch in Erinnerung. Kurz nach dem Wahltag haben Unternehmen den Abbau von mehreren 10.000 Arbeitspl\u00e4tzen verk\u00fcndet.&#8220;<\/p>\n<p><strong>Crailsheimer Richter rechnet mit mehr Arbeitsgerichtsprozessen<\/strong><\/p>\n<p>Mit zunehmenden Entlassungen nach der Bundestagswahl und einer steigenden Zahl an Arbeitsgerichtsprozessen nach dem 27. September 2009 rechnet auch Ralf B\u00fcschler, Richter am Arbeitsgericht Heilbronn, Au\u00dfenstelle Crailsheim. B\u00fcschler berief sich bei seiner Einsch\u00e4tzung auf Informationen von Arbeitgebervertretern.<\/p>\n<p><strong>Bundestagskandidaten hart befragen<\/strong><\/p>\n<p>Die W\u00e4hlerinnen und W\u00e4hler sollen sich in den kommenden Wochen vor der Bundestagswahl nicht von rosarot gesch\u00f6nten Zahlen der Parteien und Wirtschaftsverb\u00e4nde einlullen lassen. Bei Wahlkampfveranstaltungen m\u00fcssen sie die Kandidatinnen und Kandidaten der Parteien unerschrocken, n\u00fcchtern, hart, aber fair nach deren konkreten Ma\u00dfnahmen f\u00fcr den Arbeitsmarkt nach der Wahl befragen \u2013 auch wie diese konkret finanziert werden sollen.<\/p>\n<div class=\"pdf24Plugin-cp\"> \t<form name=\"pdf24Form0\" method=\"post\" action=\"https:\/\/doc2pdf.pdf24.org\/wordpress.php\" target=\"pdf24PopWin\" onsubmit=\"var pdf24Win = window.open('about:blank', 'pdf24PopWin', 'resizable=yes,scrollbars=yes,width=600,height=250,left='+(screen.width\/2-300)+',top='+(screen.height\/3-125)+''); pdf24Win.focus(); if(typeof pdf24OnCreatePDF === 'function'){void(pdf24OnCreatePDF(this,pdf24Win));}\"> \t\t<input type=\"hidden\" name=\"blogCharset\" value=\"Cw1x07UAAA==\" \/><input type=\"hidden\" name=\"blogPosts\" value=\"MwQA\" \/><input type=\"hidden\" name=\"blogUrl\" value=\"yygpKSi20tcvLy\/Xy8jPSM3LARK6pXnpqWmZOSWpRSV6KakA\" \/><input type=\"hidden\" name=\"blogName\" value=\"88jPSM3LARK6pXnpqWmZOSWpRSUA\" \/><input type=\"hidden\" name=\"blogValueEncoding\" value=\"gzdeflate base64\" \/><input type=\"hidden\" name=\"postId_0\" value=\"MzY1twAA\" \/><input type=\"hidden\" name=\"postTitle_0\" value=\"DYzBCcNQDMVW8SppybV0BffnURscB2x\/Ajl1h27YSeqjkNCDh9CGoNv0DVn8zpPFSLNo1yKot1y9jDOnt4UZ6JoUGOJw+n2+dA9WS4HuHS\/xglaGDqlGxMlR6B0k6BnHhUz8AQ==\" \/><input type=\"hidden\" name=\"postLink_0\" value=\"yygpKSi20tcvLy\/Xy8jPSM3LARK6pXnpqWmZOSWpRSV6Kan69gW2xqbmFgA=\" \/><input type=\"hidden\" name=\"postAuthor_0\" value=\"AwA=\" \/><input type=\"hidden\" name=\"postDateTime_0\" value=\"MzIwsNQ1sNA1MlcwNLEysLAyNgAA\" \/><input type=\"hidden\" name=\"postContent_0\" value=\"lVdLbhtHEN3nFAUECBKAomUhQT4WBFCRJcuKHMFybMCr9JDFYZs93Ux3jxhwlTvkAN7oCEFWWoU3yUnyqnpGNCUrQTa2OTPdVfXeq1fl\/cXBfsox+PrgiNucxjNn\/CTRKFZss+dZw9FT6yd0bGPDnlLmGf6amZiZ3uIb\/Kj4KsQhndtMbD1HeuqzMym1vk5Ldo7JpkzejGc0wdtDXMcpG7w0M0emocvgPX4PaO\/rIV3yInNT4cO93d1vadVS5PHMsx\/SZ59+s7e39+TUT1okbZmWkkamBpGfh8pUlWmpsmkT641E+Pu33+kyW+dmxmVemHmm1dKiVuT+xkap2kyzVvmSa8sRiWuo3SeaOYoCINnOGdm2U734FSp3SerXn11mx9YbP7bG4X3DiT7AtL\/w8+NXR1\/QVWho78shjdoapZRK1zcoGl+jsEqqPfV6NfvaSbJpEVGVrZH0qE21qfihqE\/bGBbcB9TqpsgTb+S+vpLu8AnHxnj6eWHG+a8\/gqd3oaIx0u7Pg5\/asVW0XpmaUqhNBC0dBjUjAN5mRjXguqGRF2iBmbIgAErYRQy1DynbFQBGNvPg37V+ntuoChm1U5xaAnnyclsiYMYRORuXlMa5aRbTGo8mBfJbqtJCVGAFsiNo4iI4KxXGB76iZUBAr6JZhIRvr\/DrLSKolC2OQRbra\/yO1kN3KozugaeFJN09nFhOTNP1DWK1TUNXHOcQCDLZf9R11f6jxcEn++gybg7OQoMWykDvCji\/NG5KJwbo58xxQM8CEHb4YwfZ8tRCqjHvP8K52zu6OzvmXmyJfGnjhJKVRwDhMPSqXl8Ljr5j815egti\/qBaAxBa36MWg1M6iMPxBM3TJNIw3kelyYfOKPSRlwFUXFU2NMCtAjZLomZlDcJemadFBKfgBvQ4RfgDfgW6kvRKdr2+8NH2kI\/PrzlnwK9SAx6MX3\/URP8xSRNYEBdcD3EivOZbCBUuv6TMsaiS24v8PbtCUSXp\/bfyKfABfbniL5jYxG98TmXEUJZk2QWYiyWI4JxGlyYsZUEcfS\/sE9Ps9Zg4Bp0UfAHVx1QZaSXl+KyFb3OE4Gj+ftpA2tN4qhPBAtZfHQ3reOlvMZSYqo2foV0OXaDRhCaKDZ8NdeKKgn57snHM2zu3cEjJQNIurq80X\/5f875n8Nq41w5x9Lj15wkBjXpCVrqLGiGPckdWmP0pL4WCZQ6kxcZ6tB0KtfMF01saV0XelO8WIY2XdRAwEqcd50RzSdU482khnG6EfpK5vJDqkOMUc2gjKaFjhGhiAPYvS6AICkxqLhGYSEeiAucR5hRdD+rFCHYyCa\/FtOT8ogrQ545olW4CDhpDzAdMGw4ftlJ2AMaQzp+iy1tEdYfoJRUYdv57qKJ97MXKxZ4TN4jTScVnG45bqUHvWp0uFBPVuoBrIQ6fJ\/mB\/ae3E5vV1Thgwi\/U16gHDgoBg4ykIkyXkzOg8OjLQmlYmmjDq9cIRTBrDeC4+qkXoHMvcqs2fwa9tRro6sHT8Q7C4HyJs3QQtqTa\/VbAMFIVSWy5MUXwFUYhhHzo7npchLN16b5PYXiC2kPmPRiyNfo5pzJ0G8D1a5yv0fBHpUx0HUTkXUHvBNyp4ZFGA2ipF7h\/pWiKW35mkp8e7w93d3V7dCwcaYJo6PzSp\/JDDfB+NdQkqbKTfdezGbj8qa5CE6O+FAesoxehdMfi97zGyskHEmut2T7N\/cGETjosjACvZRybd\/MTIfjD0BqyP7Hh9AabFNzoXD9c34u1iUX2VprlzOdzMugr1YIKM2vV79trtTBuQhpuLZJJZTBe1HDGD1O2qVtYVIUCsQ5R16qfi8tkGGf7CW4kr7R1BUY4sBA\/vcrOBCfNtYicmd4uy9FXEOPQfnb4PrRpYtHRP6T1SUC72rwtKUBFLJ36EIl2hNPUYkokB00vmzPpPnze7jpy76JciDXy7CyeUWekEFKZdq4mIMsQHDgHe7UKGDw1wx2JdRNMA76RZs7boWQfFpryzDTh3MijbbxjDHgbUmzT+KRgOinlPjd0McAXEz4UOT+dm\/d4bbboyPdhvTY8746mnRP9zoLpblowT95fSVPYiXVf7YV4oKcz\/Aw==\" \/> \t\t<a href=\"https:\/\/www.pdf24.org\" target=\"_blank\" title=\"www.pdf24.org\" rel=\"nofollow\"><img src=\"https:\/\/www.hohenlohe-ungefiltert.de\/wp-content\/plugins\/pdf24-post-to-pdf\/img\/pdf_32x32.png\" alt=\"\" border=\"0\" height=\"32\" \/><\/a> \t\t<span class=\"pdf24Plugin-cp-space\">&nbsp;&nbsp;<\/span> \t\t<span class=\"pdf24Plugin-cp-text\">Sende Artikel als PDF<\/span> \t\t<span class=\"pdf24Plugin-cp-space\">&nbsp;&nbsp;<\/span> \t\t<input class=\"pdf24Plugin-cp-input\" style=\"margin: 0px;\" type=\"text\" name=\"sendEmailTo\" placeholder=\"Emailadresse\" \/> \t\t<input class=\"pdf24Plugin-cp-submit\" style=\"margin: 0px;\" type=\"submit\" value=\"Senden\" \/> \t<\/form> <\/div>","protected":false},"excerpt":{"rendered":"<p>Deutschlands Arbeitnehmern und Firmen stehen harte Zeiten bevor. Mit einer Entlassungswelle ist nach der Bundestagswahl am Sonntag, 27. September 2009 zu rechnen. &#8222;Industrie wartet mit Jobabbau bis nach der Wahl \u2013 Stillhaltepakt zwischen Wirtschaft und Regierung&#8220; ist ein Artikel auf der Titelseite der &#8222;Financial Times Deutschland&#8220; (FTD) vom 24. August 2009 \u00fcberschrieben. In der englischsprachigen [&hellip;]<\/p>\n","protected":false},"author":3,"featured_media":0,"comment_status":"open","ping_status":"open","sticky":false,"template":"","format":"standard","meta":[],"categories":[],"tags":[],"_links":{"self":[{"href":"https:\/\/www.hohenlohe-ungefiltert.de\/index.php?rest_route=\/wp\/v2\/posts\/3578"}],"collection":[{"href":"https:\/\/www.hohenlohe-ungefiltert.de\/index.php?rest_route=\/wp\/v2\/posts"}],"about":[{"href":"https:\/\/www.hohenlohe-ungefiltert.de\/index.php?rest_route=\/wp\/v2\/types\/post"}],"author":[{"embeddable":true,"href":"https:\/\/www.hohenlohe-ungefiltert.de\/index.php?rest_route=\/wp\/v2\/users\/3"}],"replies":[{"embeddable":true,"href":"https:\/\/www.hohenlohe-ungefiltert.de\/index.php?rest_route=%2Fwp%2Fv2%2Fcomments&post=3578"}],"version-history":[{"count":4,"href":"https:\/\/www.hohenlohe-ungefiltert.de\/index.php?rest_route=\/wp\/v2\/posts\/3578\/revisions"}],"predecessor-version":[{"id":3582,"href":"https:\/\/www.hohenlohe-ungefiltert.de\/index.php?rest_route=\/wp\/v2\/posts\/3578\/revisions\/3582"}],"wp:attachment":[{"href":"https:\/\/www.hohenlohe-ungefiltert.de\/index.php?rest_route=%2Fwp%2Fv2%2Fmedia&parent=3578"}],"wp:term":[{"taxonomy":"category","embeddable":true,"href":"https:\/\/www.hohenlohe-ungefiltert.de\/index.php?rest_route=%2Fwp%2Fv2%2Fcategories&post=3578"},{"taxonomy":"post_tag","embeddable":true,"href":"https:\/\/www.hohenlohe-ungefiltert.de\/index.php?rest_route=%2Fwp%2Fv2%2Ftags&post=3578"}],"curies":[{"name":"wp","href":"https:\/\/api.w.org\/{rel}","templated":true}]}}