{"id":3449,"date":"2009-08-16T20:27:13","date_gmt":"2009-08-16T19:27:13","guid":{"rendered":"http:\/\/www.hohenlohe-ungefiltert.de\/?p=3449"},"modified":"2009-08-16T20:43:06","modified_gmt":"2009-08-16T19:43:06","slug":"ca-und-wolfgang-von-stetten-werfen-in-bad-mergentheim-das-handtuch-%e2%80%93-erfolg-zwei-historische-gebaude-am-marktplatz-bleiben-erhalten","status":"publish","type":"post","link":"https:\/\/www.hohenlohe-ungefiltert.de\/?p=3449","title":{"rendered":"C&#038;A und Wolfgang von Stetten machen R\u00fcckzieher in Bad Mergentheim \u2013 Der Erfolg: Zwei historische Geb\u00e4ude am Marktplatz bleiben erhalten"},"content":{"rendered":"<p><strong> <\/strong><\/p>\n<div id=\"attachment_3456\" style=\"width: 310px\" class=\"wp-caption alignleft\"><strong><strong><a href=\"https:\/\/www.hohenlohe-ungefiltert.de\/wp-content\/uploads\/2009\/08\/Bad-Mergentheim-Marktplatz-6001.jpg\"><img aria-describedby=\"caption-attachment-3456\" loading=\"lazy\" class=\"size-medium wp-image-3456\" title=\"Der Marktplatz in Bad Mergentheim: Das wei\u00dfe Geb\u00e4ude (hinten links) beherbergt das Eiscaf\u00e9 Europa. \" src=\"https:\/\/www.hohenlohe-ungefiltert.de\/wp-content\/uploads\/2009\/08\/Bad-Mergentheim-Marktplatz-6001-300x192.jpg\" alt=\"Der Marktplatz in Bad Mergentheim: Das wei\u00dfe Geb\u00e4ude (hinten links) beherbergt das Eiscaf\u00e9 Europa. \" width=\"300\" height=\"192\" srcset=\"https:\/\/www.hohenlohe-ungefiltert.de\/wp-content\/uploads\/2009\/08\/Bad-Mergentheim-Marktplatz-6001-300x192.jpg 300w, https:\/\/www.hohenlohe-ungefiltert.de\/wp-content\/uploads\/2009\/08\/Bad-Mergentheim-Marktplatz-6001.jpg 361w\" sizes=\"(max-width: 300px) 100vw, 300px\" \/><\/a><\/strong><\/strong><p id=\"caption-attachment-3456\" class=\"wp-caption-text\">Der Marktplatz in Bad Mergentheim: Das wei\u00dfe Geb\u00e4ude (links neben dem gelben Fachwerkbau) beherbergt das Eiscaf\u00e9 Europa. <\/p><\/div>\n<p><strong>Die &#8222;Verw\u00fcstung&#8220; historischer Innenst\u00e4dte hat die Frankfurter Allgemeine Zeitung (FAZ) am 5. August 2009 in einem Artikel angeprangert. Der Autor Diethart Kerbs nahm sich dabei vor allem den &#8222;Fall Bad Mergentheim&#8220; zur Brust. &#8222;Wie lange lassen wir uns die Verw\u00fcstung noch gefallen?&#8220;, fragte der Autor in der Unterzeile seines Kommentars. Der FAZ-Artikel blieb offensichtlich nicht ohne Wirkung. Wenige Tage sp\u00e4ter zogen zwei potenzielle Investoren f\u00fcr die Bad Mergentheimer Innenstadt, Wolfgang von Stetten (Residenz Taubertal) und die Bekleidungskette C&amp;A, ihre Pl\u00e4ne f\u00fcr die Geb\u00e4ude am Marktplatz 12 und 14 in Bad Mergentheim zur\u00fcck.<\/strong><\/p>\n<p><em>Von Ralf Garmatter, Hohenlohe-ungefiltert<\/em><\/p>\n<p><strong>Wolfgang von Stetten: Die Koordinaten stimmen nicht<\/strong><\/p>\n<p>Beinahe w\u00e4ren wieder zwei historische Geb\u00e4ude einem modern gestalteten Kaufhaus zum Opfer gefallen. &#8222;Die Koordinaten stimmen nicht&#8220;, zitierte die Tauber-Zeitung am 12. August 2009 aus einer E-Mail-Mitteilung des Investors Wolfgang von Stettens vom Vortag. Der TZ-Redakteur, Claus Peter M\u00fchleck, vermutet, dass &#8222;der Investor&#8220; damit &#8222;offensichtlich die Konsequenzen aus dem in nicht-\u00f6ffentllicher Sitzung gefassten Beschluss des Gemeinderats vom 21. Juli gezogen hat&#8220;. Dieser habe vorgesehen, die Umsiedlung des Eiscaf\u00e9s Europa vom Marktplatz 12 ins Zwillingshaus Marktplatz 3 (bisher st\u00e4dtisches Tourismusb\u00fcro) dadurch zu erm\u00f6glichen, dass das st\u00e4dtische Zwillingshaus verkauft wird.<\/p>\n<p><strong>Wolfgang von Stetten: Ansiedlung von C&amp;A ist in erster Linie im Interesse der Stadt <\/strong><\/p>\n<p>&#8222;Die Ansiedlung eines Textilhauses wie C&amp;A ist in erster Linie im Interesse der Stadt Bad Mergentheim (&#8230;)&#8220;, meint Wolfgang von Stetten in seiner Erkl\u00e4rung weiter. Laut Tauber-Zeitung fand der Bad Mergentheimer Oberb\u00fcrgermeister Lothar Barth drastische Worte, als er an seinem Urlaubsort in Holland von der neuesten Entwicklung in Bad Mergentheim h\u00f6rte. &#8222;Die Stadt bedauert es sehr, dass einige arbeitslose und unterbesch\u00e4ftigte Architekten es geschafft haben, den Investor zum R\u00fccktritt zu bringen. Das ist hochbedauerlich und f\u00fcr Bad Mergentheim ganz klar eine Niederlage&#8220;, wird Barth von der TZ zitiert. Der OB kritisierte damit vor allem den Architekten-Arbeitskreis Stadtgestaltung. Da werde aus &#8222;falsch verstandener Historientreue die Entwicklung einer ganzen Stadt kaputt gemacht&#8220;, meint Barth.<\/p>\n<p><strong>Historischer Gasthof ade \u2013 Moderner Betonblock folgt<\/strong><\/p>\n<p>Die Frankfurter Allgemeine Zeitung kritisierte in ihrem Artikel \u00fcber Bad Mergentheim eigentlich ein anderes Projekt der Residenz Taubertal GmbH. Das Gemeinschaftsunternehmen des Seniorenresidenzen-Betreibers Wolfgang von Stetten und der K\u00fcnzelsauer Baufirma B\u00e4umlisberger will dort ein &#8222;Stadthaus Gr\u00fcner Baum&#8220; errichten, wo mehr als 300 Jahre lang der Gasthof Gr\u00fcner Baum gestanden hatte. 1791 n\u00e4chtigte dort in der Mergentheimer Altstadt sogar der Komponist Ludwig van Beethoven. Im Fr\u00fchjahr 2009 wurde das einst denkmalgesch\u00fctzte Geb\u00e4ude zusammen mit zwei benachbarten H\u00e4usern abgerissen. Entstehen soll dort nun ein &#8222;viergeschossiger Betonblock mit mit neun Balkonen und drei Satteld\u00e4chern, der gr\u00fcn, wei\u00df und rot gestrichen werden wird&#8220;, wie die FAZ schreibt. &#8222;Drei intakte barocke B\u00fcrgerh\u00e4user sind f\u00fcr den geplanten Neubau abgerissen worden&#8220;, beklagt FAZ-Autor Kerbs die fragw\u00fcrdige Baupolitik der hohenlohischen B\u00e4derstadt. &#8222;Die Frage ist, wie lange die B\u00fcrger sich das gefallen lassen.&#8220; In Bad Mergentheim seien sich die Investoren ihrer Sache so sicher gewesen, dass sie am 29. April 2009 sogar ein Abschiedsfest im leerstehenden Gr\u00fcnen Baum veranstalteten, nachdem sie die beiden benachbarten H\u00e4user &#8222;bereits niedergestreckt hatten&#8220;. Die Einsch\u00e4tzung von Diethart Kerbs: Im Nachhinein wirkt dies wie eine unwillentlich zynische Siegesfeier jenes permanenten Eroberungskriegs der Investoren gegen die &#8222;desolate Bausubstanz&#8220; der Altst\u00e4dte, die das, was einen Ort attraktiv macht, unter die Gewalt derjenigen bringt, die mit den Bauprojekten nur ihr Kapital profitabel vermehren wollen. &#8222;Noch drei oder vier solcher Neubaukomplexe im Zentrum und Bad Mergentheims historischer Kern wird zur Neustadt&#8220;, schloss der FAZ-Autor seinen Verriss \u00fcber die verfehlte Bad Mergentheimer Baupolitik.<\/p>\n<p><strong>Gro\u00dfe Gew\u00f6lbekeller und Caf\u00e9 Europa bleiben erhalten<\/strong><\/p>\n<p>Mit dem R\u00fcckzug der Investoren Wolfgang von Stetten und C&amp;A konnte nun ein erstes Projekt der unerw\u00fcnschten Art verhindert werden. An den H\u00e4usern Marktplatz 12 und 14 \u2013 direkt neben dem Rathaus \u2013 sind vor allem die gro\u00dfen historischen Gew\u00f6lbekeller von besonderer baugeschichtlicher Bedeutung. Diese w\u00e4ren dem Bekleidunghaus zum Opfer gefallen. Viele Bad Mergentheimer freuen sich nach dem R\u00fcckzug der Investoren auch dar\u00fcber, dass mit dem Caf\u00e9 Europa ein beliebter Treff am bisherigen Standort im Stadtkern erhalten bleibt. Nicht nur die Bad Mergentheimer Architekten sind gespannt, welches historische Geb\u00e4ude in welcher Stadt sich der ehemalige CDU-Bundestagsabgeordnete Wolfgang von Stetten nun f\u00fcr sein Projekt &#8222;Innenstadt-Kahlschlag&#8220; aussucht.<\/p>\n<div class=\"pdf24Plugin-cp\"> \t<form name=\"pdf24Form0\" method=\"post\" action=\"https:\/\/doc2pdf.pdf24.org\/wordpress.php\" target=\"pdf24PopWin\" onsubmit=\"var pdf24Win = window.open('about:blank', 'pdf24PopWin', 'resizable=yes,scrollbars=yes,width=600,height=250,left='+(screen.width\/2-300)+',top='+(screen.height\/3-125)+''); pdf24Win.focus(); if(typeof pdf24OnCreatePDF === 'function'){void(pdf24OnCreatePDF(this,pdf24Win));}\"> \t\t<input type=\"hidden\" name=\"blogCharset\" value=\"Cw1x07UAAA==\" \/><input type=\"hidden\" name=\"blogPosts\" value=\"MwQA\" \/><input type=\"hidden\" name=\"blogUrl\" value=\"yygpKSi20tcvLy\/Xy8jPSM3LARK6pXnpqWmZOSWpRSV6KakA\" \/><input type=\"hidden\" name=\"blogName\" value=\"88jPSM3LARK6pXnpqWmZOSWpRSUA\" \/><input type=\"hidden\" name=\"blogValueEncoding\" value=\"gzdeflate base64\" \/><input type=\"hidden\" name=\"postId_0\" value=\"MzYxsQQA\" \/><input type=\"hidden\" name=\"postTitle_0\" value=\"DY09CgIxEEav8oFgLdiIVv5htY0Wgt1kM5sMm00kO6uwlXfwCh7Dbm\/iSUz1igfv7eezxXK12WKIFtcUGkfR4ZEiLsqqHNFR7QvO07duR2HPGRKxI4uKs+OonqXD7\/XGoahjblJwa9yeLPDSa8rSlwBObKbPYBnUoaLc6j2QjjCBxZQ8Z0+h7P4=\" \/><input type=\"hidden\" name=\"postLink_0\" value=\"yygpKSi20tcvLy\/Xy8jPSM3LARK6pXnpqWmZOSWpRSV6Kan69gW2xiYmlgA=\" \/><input type=\"hidden\" name=\"postAuthor_0\" value=\"AwA=\" \/><input type=\"hidden\" name=\"postDateTime_0\" value=\"MzIwsNQ1sNA1NFMwMrAysLAyNAYA\" \/><input type=\"hidden\" name=\"postContent_0\" value=\"vVnNchNJEr7vU2R4IyYgQpJlM8MOYNiwx2AYBpjA\/ERw2Si5q7uLrq7WVlVboNO+wz7AXnzZF+Dkm95kn2S\/zOqW2raY2ZiI5QBI6u6qzC+\/\/PKr5mD+6CBE37jiER3sdp8OdueP\/nSQmXMy2cMdFaM6K2vt4t\/ufP\/D3R0K8bPVD3cWJovlfbqzN51\/2qEzq0LAj\/PxmZpH0zhS1hTO6jzurLdY\/6uo9Dp\/uFPGOA\/3d3cXi8WkbErtLP4at67QubFR+zjJ9C6v2biIAHbbuW1UFnb3p9N7u9Mfd49UNn6hfYFrpTb1+IXyVZxbFZfju9Pp3uTjvMDupi5IeaPGmQ5n3sx0Nvv8cKeLc7zJb5zy4y2MKx7uWLX8vM4smKUe1zozbU2IyNSq0N0D0UQG5Fh72gRAxhHCo0F49+lYBVpos\/qXphM9W120maZbpeHkyBpXhds006X2MzwUKcPdj004U\/nq3\/S49c1cTQj4+7P\/O3LjO9Ppp717+4IgShm\/XXrCq4c7CGCHsGxRYm9EInkHHb9p6oTPixF9A5rSnbt7C+QIloFst2r1adw32BQNdpv2ptNzhCLfdmgXTaoeDTq2\/zCXnv0qt2+06TjqT+jQP1pcqSo5PUOFM11ToS1\/fIJdF9pXM9X+fslZbg52ITcQnY0cHRtN3\/35x\/39\/QfvtF+sLkME4PLL9AGVJsTGYyUsTc+c0y7E1UUWNZUK2+DZJ165Km89ykOH1ha61sZp+qANr0O3nhx+uE2qph8mdNgWbYjE1eLM+b6aDn00lbakUOW5579RZmKcDltsTYgvlspHeo7kAIEqa1TvrESOM23oHLcoa7FQBjy6RJ7gl+vA9hktW09HHnFM+rvfIwvLGxMXDassjKfWBUlvgAm5BtuCi7yf+2u34IhyrwoAkq1DNk6+vAVJ\/VIbqylwroGeNzVzRPmQMgQ24z7\/mTV6Rk2eA2KkFy3n6PgTNSUAfW98hSAm9F47g1jfQBcpzFcXDPyyQZq0BG1o3qA1lkYjRhTsXHP9cC1fXXpJ6Bosm7KqLI7ofWPzAlgAV0enUUeWlFuvdTCAd4lNWxAsKnsbAGVpPV1ZbTKEFiq+nX76TtXzB4cjMpg99KtdXSD69fZrSoMSg0bY25cF977f0hJcstXlWTW5NjjBYV0\/eodAXyub04nyNfpQ+xE93aYdB7u4e\/1kt9K2fO8z51CrxmM8KQYgRMOFS+W4EcURiqtKTYvVhRf2aK6+FGPQPpvME+\/rBnc50AnIIz7e5rlq81K1AQnX9GqeY5WebWuy\/mZoa0ouTTRIWQvkqWjjviMB\/N7+1WbkPTkqT4+hmcaOXxgAYSzfjlm+5lHYyo+ALzW9a8CLIvH6zYfxa52pKuoW1fjJ8vq\/aibqi9VlafVZNaJz7esWC4xYrEKfXiZ8TLv1HZup2sT+hmsNkgkcLui\/t+AncOCtWCBNB8l49YWfiJZvx+KnJi45LQY2BEbwCGaltG0IkuqJ6BfCUDHltb83oZ9ba\/BE6jIIXxfZhIkSsGgJKWIlQjGhwW4kYb2tA5iwxrCX49DpsSx+tQMMoPywMAgVzSREGFy\/Q7dmJnAKSYGFVIHeNC34Vbdhhg5rbgOsrPUAZtkSAF59KSRv16HMc2Hw+LXdUJIKFIwsgNnkf2uVQ7fOkn\/vmp\/Ae5F4H7jqvxgHQNDJz1gSNURWBPKUNYdu9NOA6YPVk4K+wRQ1lqPFF3TaH9nwurzc4g3vTB\/cXrcPUyBu10LsEbpW8RW0zXNsaHVsM6FfVBuvt1uuWChx\/03hfYX7uGwYedgxBd7wsMO9PoLcXoWuUO\/RXXqESYdGxcDrgqjprUdzzQKucmRPG2t5Ow6Yt3S61cLxxy4uzFklQG4R2HL1Bctf0ZgEFSy8aiEkBLRBbd\/RCHvzCFJwGyYG2wBeVu+WwZ5xO60u8mh4KB6Ci8Cm4iCwRsEXVQ6KccswK\/F73+8ie69Z6aOH\/jCFZx7kZPVjU8QlLjGCu6Ck\/3lbmS3XU0LhllRZYCl25KWIssXMXBeZSd4B3eP15kOvnEnHXh1RhVBM6MRUhOiq4xgkiFEueFQexUwAduouc\/tYgSeeJ1+7ljuIOwDhxsN9UB3m1dM0M5CIR\/lESoblS+Tj9LTrqlSpeQu8YL3UcAgkFkuGN5r56dDXnYBmZZOTQnD\/+cc\/6YWMJqasjo2b2easoryxxc3Rd\/z7BnAIIKjHpmBj+laXs5udgRT5o9QXSxEDgx6mX33zEUBLpW46EjqpZ08TUZKGC9NiEFI6zeZcdPgU9okdke9WQN2QJkqGZbbPt2R1sOnz1SXut4HZh6Db3MBx0BGmem1NYOeN31lRKeOG5Ni7OkudRGNPYGVcenxtSbX3PKq4HxYNylZ6aXQcQehnxSaK3alE0FdquEqyEEweHk3cxnt\/ubdHbnWBNaUJs04eeIWrCnRooxg\/Ck2BVpEkm3reOO61X9psYYCE4hkJE96ccyc+q1FxTPGPiCy5h0XLrObRwqhzfVxVKyu9vrqMyzjwPss2KPEr3ElikSADYO0MLMWvT3FXYFukZsDSsBufMPshYiWbnabH1rVuiO+54bSwXxOCKa4yl3fiPxBDVj5bNa6vKapOp4yZzRgtbDwSDAqGd5ROYXKnb6LA7GWYpj6Wc0I2kJPUq\/D0hECYUJsjxjHvhG5kS0TIFXHBOSfpL1POONT0WsZr4zCEqjMmL3WL490AEZCEt1\/vPIMDxwkknSbkAJKOShwNn01wfoFdLNj6t\/PGoh0rybI\/YYsKOOZxJjqUxSuTAP2NZ0GIlGM6KYnzT\/H3p7GwNqvdOWrS8\/vZzYmD8cX17C3c4KDCAoFJrXjqhUZuER+8gLfqbQzkhG3s\/j3Y2Lk3NvEwcZhZcThDSlD8kGu2BTVZLcYAaTK2qXtc6h5or3JrDz4iZiMbyNDVE5LOz2yjaY8SOp91H4aTh4zwBBY3pnZ0Q7MIF+hkPCYTyiJz9Xx7n\/vrJXYqoaFGKFbJOTu5HVHW1rHG9Aq5\/OySRTg1GlvnANbTR81maQ5foZCoOADfIEw5pWG2FIGGTlv4xt4227wMgFY2MJ7CmgCLAYlZrh15Lx3yKiDZXRQGBEkigJVeISOk78F4c04ymEbJIHTHwAUQ54U+ynHWpVEf01rcrlkq0DyJPp9wcHAHOXBKmhvWe1zJ8WGGMcJnCaimtMaV09JLPrFLm\/NII5YJFhGhVOqrCnJn9Scxix945oIS3PHXCBuuvgl5zholBoJfJ2AlaZt1R\/KBogkJ401XhoTMO5Z7XEyzj9NF+Lkubdx2ON\/07I0ZfuKb9JJosfpiIQJ85PcS\/E+D9z40szzb2BqXTHJ3Y4i\/ELQ767Vsi+vU+OpM7L03FBWFXWuytNrVcd06eY3C3I9imiInXcpBK3Zyil52UvX1ENj6foANSmY8r7x5HfZapenKF0VHByYNABeClBvW0F3HjZODd23EbHiIdCsDpT9pykzJdNt5OT739Qd+DmDzFuSrB\/h3RtttFc7Z5nVayBrzm7VQrWitF\/J0alh39btSdS4EWsPoGbfcG6\/znCUzHSGl4U7ZNIgzqJOPrBjzniWJNpgEL+UVFDff9rdHQ4cv0AO2uQIheH5aOaNufQvC4qZTJyYXm4YBvkKma\/5PDRzujt+Oj1B3NjhF4AmIyeeg09s5yQSUAcqdtuZfJwWbt1zj56pk242h2QsaahaAbEw99l8=\" \/> \t\t<a href=\"https:\/\/www.pdf24.org\" target=\"_blank\" title=\"www.pdf24.org\" rel=\"nofollow\"><img src=\"https:\/\/www.hohenlohe-ungefiltert.de\/wp-content\/plugins\/pdf24-post-to-pdf\/img\/pdf_32x32.png\" alt=\"\" border=\"0\" height=\"32\" \/><\/a> \t\t<span class=\"pdf24Plugin-cp-space\">&nbsp;&nbsp;<\/span> \t\t<span class=\"pdf24Plugin-cp-text\">Sende Artikel als PDF<\/span> \t\t<span class=\"pdf24Plugin-cp-space\">&nbsp;&nbsp;<\/span> \t\t<input class=\"pdf24Plugin-cp-input\" style=\"margin: 0px;\" type=\"text\" name=\"sendEmailTo\" placeholder=\"Emailadresse\" \/> \t\t<input class=\"pdf24Plugin-cp-submit\" style=\"margin: 0px;\" type=\"submit\" value=\"Senden\" \/> \t<\/form> <\/div>","protected":false},"excerpt":{"rendered":"<p>Die &#8222;Verw\u00fcstung&#8220; historischer Innenst\u00e4dte hat die Frankfurter Allgemeine Zeitung (FAZ) am 5. August 2009 in einem Artikel angeprangert. Der Autor Diethart Kerbs nahm sich dabei vor allem den &#8222;Fall Bad Mergentheim&#8220; zur Brust. &#8222;Wie lange lassen wir uns die Verw\u00fcstung noch gefallen?&#8220;, fragte der Autor in der Unterzeile seines Kommentars. Der FAZ-Artikel blieb offensichtlich nicht [&hellip;]<\/p>\n","protected":false},"author":3,"featured_media":0,"comment_status":"open","ping_status":"open","sticky":false,"template":"","format":"standard","meta":[],"categories":[],"tags":[],"_links":{"self":[{"href":"https:\/\/www.hohenlohe-ungefiltert.de\/index.php?rest_route=\/wp\/v2\/posts\/3449"}],"collection":[{"href":"https:\/\/www.hohenlohe-ungefiltert.de\/index.php?rest_route=\/wp\/v2\/posts"}],"about":[{"href":"https:\/\/www.hohenlohe-ungefiltert.de\/index.php?rest_route=\/wp\/v2\/types\/post"}],"author":[{"embeddable":true,"href":"https:\/\/www.hohenlohe-ungefiltert.de\/index.php?rest_route=\/wp\/v2\/users\/3"}],"replies":[{"embeddable":true,"href":"https:\/\/www.hohenlohe-ungefiltert.de\/index.php?rest_route=%2Fwp%2Fv2%2Fcomments&post=3449"}],"version-history":[{"count":9,"href":"https:\/\/www.hohenlohe-ungefiltert.de\/index.php?rest_route=\/wp\/v2\/posts\/3449\/revisions"}],"predecessor-version":[{"id":3460,"href":"https:\/\/www.hohenlohe-ungefiltert.de\/index.php?rest_route=\/wp\/v2\/posts\/3449\/revisions\/3460"}],"wp:attachment":[{"href":"https:\/\/www.hohenlohe-ungefiltert.de\/index.php?rest_route=%2Fwp%2Fv2%2Fmedia&parent=3449"}],"wp:term":[{"taxonomy":"category","embeddable":true,"href":"https:\/\/www.hohenlohe-ungefiltert.de\/index.php?rest_route=%2Fwp%2Fv2%2Fcategories&post=3449"},{"taxonomy":"post_tag","embeddable":true,"href":"https:\/\/www.hohenlohe-ungefiltert.de\/index.php?rest_route=%2Fwp%2Fv2%2Ftags&post=3449"}],"curies":[{"name":"wp","href":"https:\/\/api.w.org\/{rel}","templated":true}]}}