{"id":3303,"date":"2009-08-07T13:47:05","date_gmt":"2009-08-07T12:47:05","guid":{"rendered":"http:\/\/www.hohenlohe-ungefiltert.de\/?p=3303"},"modified":"2009-08-07T21:20:35","modified_gmt":"2009-08-07T20:20:35","slug":"der-altenheimbetreiber-alpenland-in-ohringen-lasst-ver-di-sekretar-durch-polizei-entfernen-und-betreibt-kundigung-einer-betriebsratsvorsitzenden-in-sulz","status":"publish","type":"post","link":"https:\/\/www.hohenlohe-ungefiltert.de\/?p=3303","title":{"rendered":"Altenheimbetreiber &#8222;Alpenland&#8220; in \u00d6hringen l\u00e4sst ver.di-Sekret\u00e4r durch Polizei entfernen"},"content":{"rendered":"<p><strong>In der Tarifauseinandersetzung mit dem Unternehmen Alpenland, einer Betriebsgesellschaft f\u00fcr Pflege- und Altenheime mit Sitz in Sonthofen, hat sich die Situation nochmals zugespitzt. In der Betriebsst\u00e4tte in \u00d6hringen waren die Besch\u00e4ftigten am Donnerstagvormittag zu einer Betriebsversammlung auf Veranlassung des Arbeitgebers eingeladen. Nach dem Betriebsverfassungsgesetz kann nur der Betriebsrat einladen und es sind im Betrieb vertretene Gewerkschaften teilnahmeberechtigt. F\u00fcr ver.di sollte ein Gewerkschaftssekret\u00e4r teilnehmen, um in der Versammlung die Positionen der Besch\u00e4ftigten zu vertreten. Der Arbeitgeber untersagte daraufhin ver.di den Zutritt. Den zust\u00e4ndigen Gewerkschaftssekret\u00e4r Anton-Eugen Schmid lie\u00df Alpenland durch die Polizei vom Betriebsgel\u00e4nde entfernen.<\/strong><\/p>\n<p><em>Von Andreas Henke, ver.di-Landesbezirk Baden-W\u00fcrttemberg<\/em><\/p>\n<p><strong>&#8222;Eine Provokation von Alpenland&#8220;<\/strong><\/p>\n<p>Schmid bezeichnete diesen Vorgang als \u201eProvokation\u201c. ver.di \u00fcberlegt sich, erneut rechtliche Schritte einzuleiten. Alpenland hatte in den vergangenen 15 Monaten mehrmals rechtliche Auseinandersetzungen mit ver.di gef\u00fchrt und<br \/>\njeweils in allen Punkten vor Gericht verloren. Schmid: \u201eWir lassen die Besch\u00e4ftigten nicht mit diesem Arbeitgeber alleine. Alpenland kann sicher sein, dass ver.di keine Ruhe geben wird, bis wieder Vernunft das Handeln dieses Arbeitgebers bestimmt.\u201c<\/p>\n<p><strong>Alpenland versucht Mitarbeiter einzusch\u00fcchtern<\/strong><\/p>\n<p>In der Einrichtung in Sulz betreibt Alpenland die K\u00fcndigung der \u00f6rtlichen Betriebsratsvorsitzenden. Die Kollegin ist zugleich Mitglied in der ver.di-Tarifkommission. ver.di vermutet, dass sie allein deshalb gek\u00fcndigt werden soll. Alpenland begr\u00fcndet dieses Vorgehen damit, dass die Betriebsratsvorsitzende widerrechtlich und in betr\u00fcgerischer Absicht Betriebsratsschulungen besucht und damit einen Verm\u00f6gensschaden beim Arbeitgeber verursacht habe.<br \/>\nver.di bestreitet dies vehement: Der Betriebsrat habe den Arbeitgeber sowohl \u00fcber die zeitliche Lage und den Inhalt der Schulungsma\u00dfnahmen rechtzeitig unterrichtet.<br \/>\nJ\u00fcrgen Lippl, zust\u00e4ndiger ver.di-Sekret\u00e4r: \u201eWenn ein Arbeitgeber mitten in einer Tarifauseinandersetzung wegen eines solchen Sachverhaltes einen Strafantrag stellt und die fristlose K\u00fcndigung der Betriebsratsvorsitzenden<br \/>\nbetreibt, so kann man sich kaum des Eindrucks erwehren, dass es in erster Linie darum geht, eine unbequeme Mitarbeiterin loszuwerden und die restliche Belegschaft dadurch einzusch\u00fcchtern.\u201c<\/p>\n<p><strong>Seit November 2005 keine Lohnerh\u00f6hung mehr bekommen<\/strong><\/p>\n<p>Die Altenheimkette betreibt in Baden-W\u00fcrttemberg acht Einrichtungen. Drei davon sind in der Region Heilbronn-Franken angesiedelt: Kupferzell, \u00d6hringen und Bad Rappenau. Seit November 2005 haben die Besch\u00e4ftigten von Alpenland keine Lohnerh\u00f6hung mehr bekommen. ver.di fordert r\u00fcckwirkend ab 1. April 2008 eine Lohnerh\u00f6hung von 8 Prozent und f\u00fcr das Jahr 2009 eine Lohnerh\u00f6hung von 5 Prozent, um ann\u00e4hernd einen Anschluss an den \u00f6ffentlichen Dienst zu erreichen. Der Arbeitgeber hat bislang kein Angebot vorlegt und die f\u00fcr den heutigen Freitag (7. August 2009) geplanten Verhandlungen abgesagt. In zwei Einrichtungen von Alpenland fanden am 7. Mai 2009 und am 10. Juni 2009 kurzfristige Warnstreiks statt. Das Unternehmen schreckte dabei nicht davor zur\u00fcck, seine Besch\u00e4ftigten einzusch\u00fcchtern, Streikende auszusperren und rechtlich zu belangen.<\/p>\n<p><strong>ver.di-Kontakt:<br \/>\nF\u00fcr \u00d6hringen:<\/strong> Anton-Eugen Schmid 0171\/7617586<br \/>\n<strong>F\u00fcr Sulz:<\/strong> J\u00fcrgen Lippl 0175\/5896340<\/p>\n<p>ver.di-Landesbezirk<br \/>\nBaden-W\u00fcrttemberg<br \/>\nK\u00f6nigstra\u00dfe 10 a<br \/>\n70173 Stuttgart<br \/>\nTelefon: 0711\/88788-2390<br \/>\nHandy: 0170\/2212331<br \/>\nandreas.henke@verdi.de<br \/>\nInternet: <a href=\"http:\/\/bawue.verdi.de\" target=\"_blank\">http:\/\/bawue.verdi.de<\/a><\/p>\n<div class=\"pdf24Plugin-cp\"> \t<form name=\"pdf24Form0\" method=\"post\" action=\"https:\/\/doc2pdf.pdf24.org\/wordpress.php\" target=\"pdf24PopWin\" onsubmit=\"var pdf24Win = window.open('about:blank', 'pdf24PopWin', 'resizable=yes,scrollbars=yes,width=600,height=250,left='+(screen.width\/2-300)+',top='+(screen.height\/3-125)+''); pdf24Win.focus(); if(typeof pdf24OnCreatePDF === 'function'){void(pdf24OnCreatePDF(this,pdf24Win));}\"> \t\t<input type=\"hidden\" name=\"blogCharset\" value=\"Cw1x07UAAA==\" \/><input type=\"hidden\" name=\"blogPosts\" value=\"MwQA\" \/><input type=\"hidden\" name=\"blogUrl\" value=\"yygpKSi20tcvLy\/Xy8jPSM3LARK6pXnpqWmZOSWpRSV6KakA\" \/><input type=\"hidden\" name=\"blogName\" value=\"88jPSM3LARK6pXnpqWmZOSWpRSUA\" \/><input type=\"hidden\" name=\"blogValueEncoding\" value=\"gzdeflate base64\" \/><input type=\"hidden\" name=\"postId_0\" value=\"MzY2MAYA\" \/><input type=\"hidden\" name=\"postTitle_0\" value=\"HcfBCcJAEAXQVgYEb0rYk5DTdiBYQeJ+3cHxJ0xGDykkFaSTbUzw3V62ACv0PSIcOsLleLiklPpsM2gDy\/9dL0ppW3XlExRr+7KEfOHnoqcbXo5ou0v5+L3KdTJdoQLGA07wBw==\" \/><input type=\"hidden\" name=\"postLink_0\" value=\"yygpKSi20tcvLy\/Xy8jPSM3LARK6pXnpqWmZOSWpRSV6Kan69gW2xsYGxgA=\" \/><input type=\"hidden\" name=\"postAuthor_0\" value=\"AwA=\" \/><input type=\"hidden\" name=\"postDateTime_0\" value=\"MzIwsNQ1sNA1MFcwNLYysLAyMAUA\" \/><input type=\"hidden\" name=\"postContent_0\" value=\"hVfNbttGEL7nKRYuULSArD\/XseIoRm0kaRI7gRGlDtBLsTRH5JbkUt1d2qhOeYqeiubiZ\/DJN71JnqTf7K5kypLRi3\/IndmZb775ZjieHY2tM7XOjt5qkZIRn6RRU9lYUlpqPLDk5o3ORKUc3lfiV+3IaMor0uK4nJEucawjcBzGJ+SMosRmZKks7WUup05MF3dGnE9LymhXNDqFmSOdk6rIe50oNxdKi0mtXV5PSXdELp2w6jIXqSJ+30inai10fZlXsrRi3uCGGexcV8S4l1dbt7hxjtjh4u\/cKJ0h0Gtp8JOdnRCiWtxMncoQhJCVeFlrhG6dzK5qg3jwB\/w\/SOgKJ2RVlYyEbKbigoxE5tbyg5SsODYJKZdRgoNsm1EpU9Jd8UFyGgCu5WoaDD1MyL2QGrk1Zi0PAwjgx3vxqOESq\/BbrVwJuHKGkAeJX+iaTBEQh4EjVWqJIiEeusw52654zYWATTdVwtYlqsA3rJlaSwU8Lm5McOHr3BFNxXhyeBctIBjP89oqrg0tq7AGL3BcxdgVL3GghROycuwNJ0UqDWDNcUmMj7P+rUGazrEhu+LK6lRxPR8J+Vi7Wu++avjIBFRRqSgVLb7eE1WkjYm0Oq9LNSclruqqxduS7wAu2k2Z5ro77sX+GPdmR0\/G6Beqji5AxmOdGpJWvCFdUCfGvXvGTWMTmitTiBMu3u5nwA5GVkg5G\/dgvfIUPX\/\/3Wg4HD5\/BcaJc1Nf1UWg+1XdajF\/qP98I5yYJ24kNIwmBlOBV1pc1CaTzFc0zLcv\/7Y8f\/vyT3cJ9OIOcaE3Q8OhkZF144RnTYknxEhyGTxZ5k2J8nEx7yFFs4Z+45rBK19KTIjBvnhfa8lEqCg3vnNbfo83RIYPQhBiZBlBOXLjmP3jxIje0ZM\/UHcFL7hMliWOnze6YP9oXZDCwK83L2vDMQZsDjn7z8oI7tftMqC9oZc4xq5aoynfhNK0U\/Ydy3jhNSfRAYGtXQZe8HHxsUGO7AHyowwkMlEWf1HsIt1oaGPKBGIISh2ufqAkCVmnqsp1UbKHtLkPh9Wp4QzeKye9Oe7w1eIs7\/AG920wJwonaOdx445mFW7KOa5Fz6rEtRsHqJ0u7rgBg+YZsbg1oZS6rVoWtYAmzEl7\/XvJdhAbyuBcWcfaXTJVOdgM7ZkupSV2kB9ARV1VylpwdUVU\/KoaRy5ibeE3VIb1N5dlArCLEKATkAdmI6tcu24JZYaPkFuizU1CnEEqUf7oOzBka0aoIGJdsdgrM0JgwBZ3GRhoPSmOE+sp1faCN00ZWI6y+nqxtb\/YjxvNvKgWtzjBh73yo5jrbAQMDUSTrXOZUDd2RgSJ+WK4\/iFBnM4JCu4Ovfi2Zwsb+45tO7f1dZ2XQRM8ChCV2K1nMqMQL2zeagDufNUmMStbycVXP3J0aHI2VVkQeU8wcstg30ERGYYzNZuVnba0r1gwWYp66F5Cv3Gp28HyrIYTpeOsfmxzuSa+i89YJoTn6wQA4ibOgmwEf+KMnEqNn5mwDvtLrA9gmKKurqztRgs8xvuY6LKPOrg4iEYlg3DgPwxV3hzQf6lpLguEYa4hk7RUE\/I6x6sJLjpTWvkxCSsQ1oWNCwEm9GeDErdbH1aIdd7EJlgmYcCNUMsTQjvG7SyVYSQ+lIttijOBe\/GhvvKzTAz7\/f2odWc1Jo\/JF7e5XxWRBZjIPUybssOCsNoAC+LZsZIbRL45M4Une0umvKzAALHziAxbUdCQj5AZPHqDKZHgVr37GntawYsezCyLb4leOG1mmO5zlLjTWhIZJ9wuPsoZ9EI2mB+b+XLbbB0ha8P6\/2FZydq0RpEw5CAflwUGBYJNhUzEALo1M6rka0diizu+cMT7AhgXmOoXbZ4o72Tuw332mN3+0s6vduDl4gaqxUum74RjjdTKBhyUYaovbqfYy5dijwpqL+SCldA\/21zueIXHxCt5Ayl86wLkpHY8qv26seotHzXc5tg7\/Hb3mhUMTfjDATBoMqiDT+ZHEH8Gfy4IZQ6co5zKBMWVWfgYmGNFWGfLg9pMWR386g\/\/76UKSHE4eDTod8W7RseHRWPmvvcRl\/gsjfbqilbF54JfTAF2+4MIsEH7Cr\/QAoq4VzBNDeDyJe74hWGDPg\/br8NyhKv8zIGo4eWM0Q40vZ8\/KEJCpd+4ug\/bNUrpKb6rZOEOoyb5r4AV6w9X\/blte+4PDga9g6eDg\/3R02i+dO7d8LLQ8rCm62y839sfPXu691N\/GdqWLTn63bIrhxeni1utMlyB+UKoj5DxxQEu2ANMjXOZNC4+\/QRtm9b6UPQPBoPeaHQwGu0O957142tetv465Nj6veFwMNzbG8Q3Muzz3Zz3+Z8RaKq6KcWXb0ORoR1jKVDj6Yud3LnZYa+XyOuGusvjOwIqnJF7sfN7gqoUO0dbj417Mujhfw==\" \/> \t\t<a href=\"https:\/\/www.pdf24.org\" target=\"_blank\" title=\"www.pdf24.org\" rel=\"nofollow\"><img src=\"https:\/\/www.hohenlohe-ungefiltert.de\/wp-content\/plugins\/pdf24-post-to-pdf\/img\/pdf_32x32.png\" alt=\"\" border=\"0\" height=\"32\" \/><\/a> \t\t<span class=\"pdf24Plugin-cp-space\">&nbsp;&nbsp;<\/span> \t\t<span class=\"pdf24Plugin-cp-text\">Sende Artikel als PDF<\/span> \t\t<span class=\"pdf24Plugin-cp-space\">&nbsp;&nbsp;<\/span> \t\t<input class=\"pdf24Plugin-cp-input\" style=\"margin: 0px;\" type=\"text\" name=\"sendEmailTo\" placeholder=\"Emailadresse\" \/> \t\t<input class=\"pdf24Plugin-cp-submit\" style=\"margin: 0px;\" type=\"submit\" value=\"Senden\" \/> \t<\/form> <\/div>","protected":false},"excerpt":{"rendered":"<p>In der Tarifauseinandersetzung mit dem Unternehmen Alpenland, einer Betriebsgesellschaft f\u00fcr Pflege- und Altenheime mit Sitz in Sonthofen, hat sich die Situation nochmals zugespitzt. In der Betriebsst\u00e4tte in \u00d6hringen waren die Besch\u00e4ftigten am Donnerstagvormittag zu einer Betriebsversammlung auf Veranlassung des Arbeitgebers eingeladen. Nach dem Betriebsverfassungsgesetz kann nur der Betriebsrat einladen und es sind im Betrieb vertretene [&hellip;]<\/p>\n","protected":false},"author":3,"featured_media":0,"comment_status":"open","ping_status":"open","sticky":false,"template":"","format":"standard","meta":[],"categories":[],"tags":[],"_links":{"self":[{"href":"https:\/\/www.hohenlohe-ungefiltert.de\/index.php?rest_route=\/wp\/v2\/posts\/3303"}],"collection":[{"href":"https:\/\/www.hohenlohe-ungefiltert.de\/index.php?rest_route=\/wp\/v2\/posts"}],"about":[{"href":"https:\/\/www.hohenlohe-ungefiltert.de\/index.php?rest_route=\/wp\/v2\/types\/post"}],"author":[{"embeddable":true,"href":"https:\/\/www.hohenlohe-ungefiltert.de\/index.php?rest_route=\/wp\/v2\/users\/3"}],"replies":[{"embeddable":true,"href":"https:\/\/www.hohenlohe-ungefiltert.de\/index.php?rest_route=%2Fwp%2Fv2%2Fcomments&post=3303"}],"version-history":[{"count":4,"href":"https:\/\/www.hohenlohe-ungefiltert.de\/index.php?rest_route=\/wp\/v2\/posts\/3303\/revisions"}],"predecessor-version":[{"id":3320,"href":"https:\/\/www.hohenlohe-ungefiltert.de\/index.php?rest_route=\/wp\/v2\/posts\/3303\/revisions\/3320"}],"wp:attachment":[{"href":"https:\/\/www.hohenlohe-ungefiltert.de\/index.php?rest_route=%2Fwp%2Fv2%2Fmedia&parent=3303"}],"wp:term":[{"taxonomy":"category","embeddable":true,"href":"https:\/\/www.hohenlohe-ungefiltert.de\/index.php?rest_route=%2Fwp%2Fv2%2Fcategories&post=3303"},{"taxonomy":"post_tag","embeddable":true,"href":"https:\/\/www.hohenlohe-ungefiltert.de\/index.php?rest_route=%2Fwp%2Fv2%2Ftags&post=3303"}],"curies":[{"name":"wp","href":"https:\/\/api.w.org\/{rel}","templated":true}]}}