{"id":3290,"date":"2009-08-07T10:34:35","date_gmt":"2009-08-07T09:34:35","guid":{"rendered":"http:\/\/www.hohenlohe-ungefiltert.de\/?p=3290"},"modified":"2009-08-07T21:29:48","modified_gmt":"2009-08-07T20:29:48","slug":"hat-christian-von-stetten-cdu-den-chefredakteursposten-bei-der-heilbronner-stimme-ubernommen","status":"publish","type":"post","link":"https:\/\/www.hohenlohe-ungefiltert.de\/?p=3290","title":{"rendered":"Hat Christian von Stetten (CDU) den Chefredakteursposten bei der Heilbronner Stimme \u00fcbernommen? \u2013 Eine Polemik"},"content":{"rendered":"<p><strong>Man k\u00f6nnte meinen, der Bundestagsabgeordnete Christian von Stetten (CDU) aus K\u00fcnzelsau-Schloss Stetten habe bei der Heilbronner Stimme und deren Tochter Hohenloher Zeitung die Stelle des Chefredakteurs und gleichzeitig auch den Chefposten in der dortigen Anzeigenabteilung \u00fcbernommen. Nur so ist eigentlich zu erkl\u00e4ren, dass in der Heilbronner Stimme am 14. Juli 2009 direkt neben dem Artikel \u00fcber den 70. Geburtstag des ehemaligen SPD-Bundestagsabgeordneten Hermann Bachmaier aus Crailsheim eine ebenso gro\u00dfe Anzeige Christian von Stettens erschienen ist. Darin preist sich der CDU-Mann als &#8222;Hohenlohes starke Stimme in Berlin&#8220; \u2013 auf dem dazugeh\u00f6rigen Foto sch\u00fcttelt er die Hand von Bundeskanzlerin Angela Merkel.<\/strong><\/p>\n<p><em>Kommentar von Ralf Garmatter, Hohenlohe-ungefiltert<\/em><\/p>\n<p><strong>&#8222;H\u00f6chst unsachlich und polemisch&#8220;<\/strong><\/p>\n<p>Heimliche Freude d\u00fcrfte wohl das Mindeste gewesen sein, was Christian von Stetten beim Lesen seiner Heimatzeitung empfunden hat, als seine Anzeige neben der Geburtstagslaudatio von Peter Hohl \u00fcber Hermann Bachmaier, erschienen ist. Eine schriftliche Nachfrage von Hohenlohe-ungefiltert am 4. August 2009 bei Stimme-Chefredakteur Uwe Ralf Heer, wie es zu dieser seltsamen &#8222;Gegen\u00fcberstellung&#8220; der beiden Politiker gekommen ist, beantwortete Heer noch am gleichen Tag (4. August 2009) wie folgt:<\/p>\n<p>&#8222;Sehr geehrter Herr Garmatter, unser Haus hatte in dieser Angelegenheit bereits Kontakt mit H. Bachmaier und hat den Sachverhalt erl\u00e4utert. Die von Ihnen gestellten Fragen und vor allem Ihre Wertung im Anhang sind meines Erachtens h\u00f6chst unsachlich und polemisch, darauf werden wir nicht eingehen.<br \/>\nMit freundlichen Gr\u00fc\u00dfen<br \/>\nUwe Ralf Heer<br \/>\nChefredakteur<br \/>\nHeilbronner Stimme&#8220;<\/p>\n<p><strong>Folgendes Schreiben mit &#8222;h\u00f6chst unsachlichen und polemischen Fragen&#8220; hatte Hohenlohe-ungefiltert an die Heilbronner Stimme gerichtet:<\/strong><\/p>\n<p>&#8222;Sehr geehrte Kolleginnen und Kollegen der Heilbronner Stimme und der Hohenloher Zeitung,<br \/>\nam 14. Juli 2009 erschien ein Artikel zum 70. Geburtstag des ehemaligen SPD-Bundestagsabgeordneten Hermann Bachmaier und gleich daneben eine in etwa gleich gro\u00dfe Anzeige des CDU-Bundestagsabgeordneten Christian von Stetten. Diese Anzeige hat Schlagzeilen wie 4 Jahre Bundesregierung&#8230;231 Plenarsitzungstage&#8230;, 582 neue Gesetze \/ B\u00fcrokratieabbau durch Streichung zahlreicher Vorschriften&#8230; Christian von Stetten fordert au\u00dferdem dazu auf, seinen Newsletter zu abonnieren.<\/p>\n<p><em>Zu dieser Thematik habe ich als Redakteur der Internetzeitung Hohenlohe-ungefiltert einige Fragen:<\/em><\/p>\n<p>1. Was war Sinn dieser Platzierung der Christian-von-Stetten-Anzeige neben dem Bachmaier-Artikel von Peter Hohl?<br \/>\n2. Wer hat diese Platzierung veranlasst?<br \/>\n3. War das Timing der Anzeige eine Idee oder gar Forderung des Abgeordneten Christian von Stetten oder der CDU?<br \/>\n4. Hat es bisher eine Reaktion von Hermann Bachmaier auf dieses Nebeneinander des Artikels \u00fcber ihn mit Christian von Stetten bei der Heilbronner Stimme oder\/und der Hohenloher Zeitung gegeben?<br \/>\n5. Hat sich Christian von Stetten f\u00fcr die Platzierung der Anzeige bei der Heilbronner Stimme\/der Hohenloher Zeitung bedankt?<br \/>\n6. Wer hat die Platzierung der Anzeige und die Platzierung des Bachmaier-Artikels firmenintern zu verantworten \u2013 die Redaktion oder die Anzeigenabteilung? Wer gibt wem die entsprechenden Anweisungen in solch einem Fall? Oder kam die Anweisung von der Chefredaktion oder der Gesch\u00e4ftsleitung?<br \/>\n7. In welchen Ausgaben Ihrer Zeitungen sind der Bachmaier-Artikel und die Christian-von-Stetten-Anzeige nebeneinander erschienen?<br \/>\nMit der Bitte um schnelle Beantwortung meiner Fragen verbleibe ich mit freundlichen Gr\u00fc\u00dfen<br \/>\nRalf Garmatter, Redaktion www.hohenlohe-ungefiltert.de&#8220; (Zitat Ende)<\/p>\n<p><strong>Erg\u00e4nzende Erl\u00e4uterung von Hohenlohe-ungefiltert:<\/strong> Aus Versehen war ganz unten in die E-Mail an die Chefredaktion der Heilbronner Stimme auch noch ein Kommentar einer Hohenlohe-ungefiltert-Leserin gerutscht, die Hohenlohe-ungefiltert damit \u00fcberhaupt erst auf den Sachverhalt Heilbronner Stimme\/Hermann Bachmaier\/Christian von Stetten aufmerksam gemacht hat \u2013 Dieser Text hat folgenden Wortlaut:<\/p>\n<p>&#8222;Kurz nach dem Geburtstagsempfang f\u00fcr Hermann Bachmaier im Haller Rathaus mit Franz M\u00fcntefering, hat die Stimme zwei Artikel ver\u00f6ffentlicht. Der Artikel, der am 14. 7. erschien, ist insofern bemerkenswert, als er an prominenter Stelle gedruckt und mit einer gleich gro\u00dfen Anzeige des Bundestagsabgeordneten Christian von Stetten &#8222;garniert&#8220; wurde, in der er mit Schlagzeilen wie 4 Jahre Bundesregierung&#8230; 231 Plenarsitzungstage&#8230;, 582 neue Gesetze \/ B\u00fcrokratieabbau durch Streichung zahlreicher Vorschriften&#8230; auffordert, seinen Newsletter zu abonnieren. Diese Verkn\u00fcpfung von Bachmaier-Laudatio und Stetten-Anzeige ist &#8222;wenigstens&#8220; geschmacklos. Es scheint so zu sein, dass die Stimme dieses &#8222;Geburtstagsgeschenk der besonderen Art&#8220; eingef\u00e4delt hat. Der Anzeigenauftrag von von Stetten soll schon l\u00e4ngere Zeit vorgelegen haben (ihm kann man in diesem Fall wohl nicht unbedingt Absicht unterstellen, vielleicht allenfalls &#8222;klammheimliche Freude&#8220; \u00fcber den Coup seiner Freunde bei der Stimme).&#8220;<\/p>\n<p>Der Textanhang stammt zwar nicht von Hohenlohe-ungefiltert, die Redaktion hat aber bei den Recherchen zu diesem Thema den gleichen Eindruck gewonnen wie die E-Mail-Schreiberin \u2013 auch wenn der Chefredakteur der Heilbronner Stimme dies f\u00fcr h\u00f6chst unsachlich und polemisch halten sollte.<\/p>\n<p><strong>\u00dcbrigens:<\/strong> Hermann Bachmaier (SPD) wollte zu dem Artikel und der Anzeige in der Heilbronner Stimme gegen\u00fcber Hohenlohe-ungefiltert keine Stellung nehmen. Christian von Stetten (CDU) war trotz mehrfacher Versuche in den vergangenen Tagen f\u00fcr die Hohenlohe-ungefiltert-Redaktion nicht zu erreichen.<\/p>\n<p><strong>PDF-Datei des Artikels \u00fcber Hermann Bachmaier (SPD) in der Heilbronner Stimme und die daneben platzierte Anzeige Christian von Stettens (CDU):<\/strong><\/p>\n<p><strong><a href=\"https:\/\/www.hohenlohe-ungefiltert.de\/wp-content\/uploads\/2009\/08\/f_HB_Stetten_Stimme.pdf\">Hermann_Bachmaier\/Christian_von_Stetten<\/a><\/strong><\/p>\n<p><strong> <\/strong><\/p>\n<div id=\"attachment_3299\" style=\"width: 310px\" class=\"wp-caption alignleft\"><strong><strong><a href=\"https:\/\/www.hohenlohe-ungefiltert.de\/wp-content\/uploads\/2009\/08\/Fandorf-von-Stetten1.jpg\"><img aria-describedby=\"caption-attachment-3299\" loading=\"lazy\" class=\"size-medium wp-image-3299\" title=\"Sie verstehen sich pr\u00e4chtig (von links): Uwe Ralf Heer, Chefredakteur der Tageszeitung Heilbronner Stimme und der CDU-Bundestagsabgeordnete Christian von Stetten \u2013 hier bei der Er\u00f6ffnung des WM-Fandorfs 2006 in Ilshofen. Um die Er\u00f6ffnungsfeier der Christian-von-Stetten-Veranstaltung WM-Fandorf 2006 zu moderieren, ist der Journalist Heer extra aus Heilbronn angereist. Ob sie sich inzwischen den Chefsessel in der Redaktion der Heilbronner Stimme teilen, ist bisher noch unklar. FOTO: Ralf Garmatter\" src=\"https:\/\/www.hohenlohe-ungefiltert.de\/wp-content\/uploads\/2009\/08\/Fandorf-von-Stetten1-300x223.jpg\" alt=\"Sie verstehen sich pr\u00e4chtig (von links): Uwe Ralf Heer, Chefredakteur der Tageszeitung Heilbronner Stimme und der CDU-Bundestagsabgeordnete Christian von Stetten \u2013 hier bei der Er\u00f6ffnung des WM-Fandorfs 2006 in Ilshofen. Um die Er\u00f6ffnungsfeier der Christian-von-Stetten-Veranstaltung WM-Fandorf 2006 zu moderieren, ist der Journalist Heer extra aus Heilbronn angereist. Ob sie sich inzwischen den Chefsessel in der Redaktion der Heilbronner Stimme teilen, ist bisher noch unklar. FOTO: Ralf Garmatter\" width=\"300\" height=\"223\" srcset=\"https:\/\/www.hohenlohe-ungefiltert.de\/wp-content\/uploads\/2009\/08\/Fandorf-von-Stetten1-300x223.jpg 300w, https:\/\/www.hohenlohe-ungefiltert.de\/wp-content\/uploads\/2009\/08\/Fandorf-von-Stetten1-1024x762.jpg 1024w, https:\/\/www.hohenlohe-ungefiltert.de\/wp-content\/uploads\/2009\/08\/Fandorf-von-Stetten1.jpg 1732w\" sizes=\"(max-width: 300px) 100vw, 300px\" \/><\/a><\/strong><\/strong><p id=\"caption-attachment-3299\" class=\"wp-caption-text\">Sie verstehen sich pr\u00e4chtig (von links): Uwe Ralf Heer, Chefredakteur der Tageszeitung Heilbronner Stimme und der CDU-Bundestagsabgeordnete Christian von Stetten \u2013 hier bei der Er\u00f6ffnung des WM-Fandorfs 2006 in Ilshofen. Um die Er\u00f6ffnungsfeier der Christian-von-Stetten-Veranstaltung WM-Fandorf 2006 zu moderieren, war der Journalist Heer damals extra aus Heilbronn angereist. Ob sie sich inzwischen den Chefsessel in der Redaktion der Heilbronner Stimme teilen, ist derzeit noch unklar. FOTO: Ralf Garmatter<\/p><\/div>\n<p><strong> <\/strong><\/p>\n<p><strong> <\/strong><\/p>\n<p><strong> <\/strong><\/p>\n<div class=\"pdf24Plugin-cp\"> \t<form name=\"pdf24Form0\" method=\"post\" action=\"https:\/\/doc2pdf.pdf24.org\/wordpress.php\" target=\"pdf24PopWin\" onsubmit=\"var pdf24Win = window.open('about:blank', 'pdf24PopWin', 'resizable=yes,scrollbars=yes,width=600,height=250,left='+(screen.width\/2-300)+',top='+(screen.height\/3-125)+''); pdf24Win.focus(); if(typeof pdf24OnCreatePDF === 'function'){void(pdf24OnCreatePDF(this,pdf24Win));}\"> \t\t<input type=\"hidden\" name=\"blogCharset\" value=\"Cw1x07UAAA==\" \/><input type=\"hidden\" name=\"blogPosts\" value=\"MwQA\" \/><input type=\"hidden\" name=\"blogUrl\" value=\"yygpKSi20tcvLy\/Xy8jPSM3LARK6pXnpqWmZOSWpRSV6KakA\" \/><input type=\"hidden\" name=\"blogName\" value=\"88jPSM3LARK6pXnpqWmZOSWpRSUA\" \/><input type=\"hidden\" name=\"blogValueEncoding\" value=\"gzdeflate base64\" \/><input type=\"hidden\" name=\"postId_0\" value=\"MzayNAAA\" \/><input type=\"hidden\" name=\"postTitle_0\" value=\"FcmxDcIwEAXQVX4JU6QwSCkjRQxgKx\/llPgOnQ9qdmAdOjZhEkz3pDfmQFpdWkhWPEwxByOoOKTT5YilK628Ope8Be\/ebtb+XSg9HSNlL26q3XNIrcTnXehqnTrg+3zhLEpMtrPK9gM=\" \/><input type=\"hidden\" name=\"postLink_0\" value=\"yygpKSi20tcvLy\/Xy8jPSM3LARK6pXnpqWmZOSWpRSV6Kan69gW2xkaWBgA=\" \/><input type=\"hidden\" name=\"postAuthor_0\" value=\"AwA=\" \/><input type=\"hidden\" name=\"postDateTime_0\" value=\"MzIwsNQ1sNA1MFcwNLAysLAyNgUA\" \/><input type=\"hidden\" name=\"postContent_0\" value=\"7VnLbhw3Ft3nK4geYCAB\/ZBaiR07sgzZsiw7kW1YTgxkY7DVrCpOV7EaJMvt9Cr\/MNsBZuNv8Eq7\/pP5kjn3kqyW+mFNZmJkMQEMo7uaRd7HueeeSx1Ojw6dt7XJj86lEZPFJ2O8EpXSRpmuGCsrHjVmrJyXuZOjXNV2bBRWPC6sdl7jnfe1ERdeea+M2Hl88uOukI0T3y+uzFyVTja9i8uirJ1rFxVypMRIad79TOlyhPMNPl94XVVK4Dz6CSvf1JeFp0V1oUyJ\/6z4WWnfmFyMtaINy1JhrYM5KrNqLCdeNdbxFnmp9GUxx3qdw6TLAgsNL5zWjuzQhi0Y1xYr8P0YBtMHOfIwig5ZXI2UNTWMMn3xorHC1QJeC17mS2wv5o1QdlIuPlqOl4Sfcd8NnslK7H\/dF8+bUovh3t49eGHVxAujRopeqsQxbJmoMpzMBt\/d64unatRYTzlgZ1WhKlmyzRevTnobE2Rwvq2kMeKRvCwqqbEd5eWxlbp0hdKVoBwLOhle5bZe\/FOlEGzOLg627rLQylDwnO+LE2nh7NQqCorTHGIrgIHeOZ0sSyf++pdvh8Phd20GnYCldqJSSPD+I2VLbXjh3nfiX7\/+HYZmHI2xnDe5KhafLDt7WvtawILFFcwpkQbLMDiTyDbZGQIxkWZeKjLs2OSqlOIcCVJl\/3AQgX44mB59dQjgq+roe04uLOINXssyE08l4oYDbHeJux7QoDJd4qk\/HOC9do+4Z3Jz8emyQCwa4xB1BghBcVqXqtKwPDq5ZgqwUtFqJU6tasbA9OLKZiizWV2UhCpxrjnJSuRqphyC4ZC+rphJt6UUR5TiH9qlAZBwbB4LSFXTjOJF9ei7nCte12IggdJeg58rZTOWXtd81CsVizPhdQ1y3TXIPKEj8MjqzAePX2BxZiVOpD03hpwKB3Vz3OQNgsuVQ\/wRINS7Ufvix5kKeTxTdP4MAAHoUKaAioONDshxEklP0HyqgC223xGf4NgERfId51CMXtWlpsq0iP+EMUPudPGzNH4GBiFOpBOFAWeRvYF+iMRQtTs3rd9ls7K6zP39BIFozYUq6Az870NA7XVAAlf0lAq5oEfMNcEvBju5gtr2sAtF6UHDNcANhqnw7Kx\/jQsIltiCKeYCT98rW0iuKXBZQ0FHeeuQk2cFpS9XHB\/C1imly\/Ae72vwCli4wiqrxFu8SOgC9o5NIfHJAbihnzjxxEoidDBJcUuhEJVaooGZsmTiTCOyWEXcC0cR1\/7hyIrB0Vfn8Azpx9tliPdTu7gCl5n4+w08xGc3EBOfrdN1W6w3S\/0UaVNUjAKNDVGmKqHwxgSuexYj1frWBjDhLKRyC\/JN4Lj1ZpKD4yiaBKEVOtmAJSABWcq1MdGc8F2ZW7rwht7bjRFb62ap1ilHbSebN9Xv2cOWnR0ICRTFrIUTlZ\/J9NtKP2OJgLa05ZiNDMr4d8s9qFpIysgc30vGpBJfi+eScB82tgiwspFBDva+Gx7si1dYKq3Tfo7ndLSKP3bFN98OwbKNQmycAjGLgXgE3q8nFhSr5GgkwVqNhTsX3pJbVFlzWZT8BcH4qbaRSgOYsOuWbpDBV4ZTg7DY1Fup0XYD7RvxQs1cSastsaUcAQ2aVFj\/er\/8ueXRN5RApDjIOYo5tZDXLQ8Tdp5BS1qj2p6zGeI4nuIbauL+jfa63xdv0eFm6M8XgG46+1WJPhYiHRRH8rkHn3vR595qI6uWMOoldN5sYw8jsod9IrLAj4yB6weCKaUpIfR8Wn5AVlpu0290paNR6XiG57OxUqKmxzlWnnI2gvVOHN8KxfBm1FbpVJTeGQzEBiPtCA180GuF+Os6vL5JAmbBJYd8Iyx4B+qJN3epZF3s5roIxLZVX2yjDrJ2sJ0\/QEk5nZ0c+SY4wvpxC3pRFUyDq4lPMd5uzGCLDSMA1UzaFN65kfGt57BTa7+7dWA5kWkLlaC5AqigGDZBKhgWubRPKBdKV8iwVutTyEO2LNcjj2ZY8RooVgfVTa1kzIPLDAqcSoqHGleXiCShoRKn6M0PxUvafCKreEBczSEO5ZPa4dISln2ktT9mHrTAQUvButtHZcOYknvZceNySRVGAqANMMlOHSGwXnYpjv9B4bYIXSrJh9daP++vqX+iz2CB4ZHwUZJl5GYV5G8ULcjDqKSuzZxV3aIeVieCZcJms1m\/2MRn\/XFSDmLnZ+2BqCewf3dVRjyx+eIjHMVv0EVRdKWsbCTKZZ+nmIufEBASQsyOOYYeRDWNtQjtE8xgukz64WaKt42nNCSzfqUGvhyN4viwyaYeTRg0a0GNNB7xhyZmvbKR6ceS4s3sUshmSmrT+Tjt3ZShGwp5jcwGm8kC21WY+BxpcLQo0oxU1lRyJ7F1qQ\/hWRalnBFvgRXMNmty\/PvGzoWRPNlW1wchGp9I3jI1rfMs9O8ZyWIL7ekL0uvkOSCINJ0vrpCojMKWd1vKiTmYozhb7YRoLD5lWbxrIEVOXBR+DJczUYOhIlN5dPmGQmOoz4h5RoqCAckNIR3HPHqNpva6or7vOcJcNbka2+Zy4rk8yd6Q+BuSytzQVL9FTyWBjAZIwsKnIpk1aIbddGuCf3TybxRa4o9QWgBalFW3a6ioJVGzE8yaNHmHQl9S4w9psqbgrzIhpTSGb4amktP9lUsBzImnAfRJWTsM2I5oEOZ4uq2CFeGigG+mruEsioB2Bm6BzbspM4nTr6tNuIs7XmaMR7Bs8XFMlzDAb8RlalxN5kG17N719KMtlWQaHoHtsAOySc2CRsg4urKWNGJHFxXaFQoKVdWOuKGZhRuRMAo2Bl0ctnhIKBef+DjGUyG81\/SBf6BaNBn+b12elLKqipV7l+Th8vrtcd1M0wXKKTeKpdoIodztrwyKJ5FiZByAPQ7yKGyZRtitDN9dEQXEDXIUbiHYmtfU8y03qnSjUQUlzj+3dw5P0HqplOm2qOaRj2po2RZ6aXQl6g43bsA+oLUqCJKS39At6PRAf7cN84IoPSLAq\/5qJ1z8Y8T3e+5ag1tn1B2MibvIPm3Bzl+7LU1asy2XrS0uby97trSoCavoi3gTBNIo+PL3c9fdlFiY7edQGoXNZCAM4LAhYLEtLDvQo3O+CHvDQqQVtZsb6xIFATR80RzoyKyF8NXJae9EekbJmo7fFkv9+dmfABMn7GmUu\/7WG2KOyPqFRLLzUArgLnvQKbyfuvuDwedU1GA27V3WpGn8oJmWtRy7Ad0zDPa+HWTvzh69i6e+C1b3p+OscxSdfbdBJbyDpemdw4E82mqlWPllrN8LPX7QgQakXWHPu4PhvXsdlPYvpXrQmemxL+6Lg\/296YeOuKTZEA9hvJxyAumew5Qq851lIH7vgJxCJNc2u66j9\/t\/m+Y4Ule5kFbLHrBxaVH049EvDzrRuN7SqV5wivYFqT7olHL+S+uO03PVq0C3kNkwQ1fAcHzBa09RuKDbQmbfgsU\/6n5qFx+BXZ2LHUJJqc3E7d5fvaJdZxsqENdeGmy\/m9p6pbOlXonpCt3yqYXwJn1l0hj39rwX4+joRusOlciz0hWQUuCAH8P8tHzHZUqnuXzjIPMTzXywrWRHlruHzVHRFQ1brBCCbKOtnteNNYCM8+FCGZ3ESv7bTRsJIbl98oX6yxFirUK8tZnP4g1j+lsXmrwDQ8Zaf33bCOBZcQVj4rUCDwSNQb+0fXH68s3L+yt\/J0Ed2Msvg+Dewd7eh+HwgJGMOvJ\/wuz\/GGbMsw86wERHQLnlBeAAcDD+IOu\/PAQFPs8wsn2JY\/b3hl9\/uHtnyOfQly90UNj\/7sFwhriB1MHtO5X80EtNbA9NbBcG7L2HAfytIwZHK\/0yfZhyX9zaStZaYc8DZp2jP2v4f6thUpybangsKx7w\/6hSxhJKxe21TLrqcABd9Vnd9V\/88m8=\" \/> \t\t<a href=\"https:\/\/www.pdf24.org\" target=\"_blank\" title=\"www.pdf24.org\" rel=\"nofollow\"><img src=\"https:\/\/www.hohenlohe-ungefiltert.de\/wp-content\/plugins\/pdf24-post-to-pdf\/img\/pdf_32x32.png\" alt=\"\" border=\"0\" height=\"32\" \/><\/a> \t\t<span class=\"pdf24Plugin-cp-space\">&nbsp;&nbsp;<\/span> \t\t<span class=\"pdf24Plugin-cp-text\">Sende Artikel als PDF<\/span> \t\t<span class=\"pdf24Plugin-cp-space\">&nbsp;&nbsp;<\/span> \t\t<input class=\"pdf24Plugin-cp-input\" style=\"margin: 0px;\" type=\"text\" name=\"sendEmailTo\" placeholder=\"Emailadresse\" \/> \t\t<input class=\"pdf24Plugin-cp-submit\" style=\"margin: 0px;\" type=\"submit\" value=\"Senden\" \/> \t<\/form> <\/div>","protected":false},"excerpt":{"rendered":"<p>Man k\u00f6nnte meinen, der Bundestagsabgeordnete Christian von Stetten (CDU) aus K\u00fcnzelsau-Schloss Stetten habe bei der Heilbronner Stimme und deren Tochter Hohenloher Zeitung die Stelle des Chefredakteurs und gleichzeitig auch den Chefposten in der dortigen Anzeigenabteilung \u00fcbernommen. Nur so ist eigentlich zu erkl\u00e4ren, dass in der Heilbronner Stimme am 14. Juli 2009 direkt neben dem Artikel [&hellip;]<\/p>\n","protected":false},"author":3,"featured_media":0,"comment_status":"open","ping_status":"open","sticky":false,"template":"","format":"standard","meta":[],"categories":[],"tags":[],"_links":{"self":[{"href":"https:\/\/www.hohenlohe-ungefiltert.de\/index.php?rest_route=\/wp\/v2\/posts\/3290"}],"collection":[{"href":"https:\/\/www.hohenlohe-ungefiltert.de\/index.php?rest_route=\/wp\/v2\/posts"}],"about":[{"href":"https:\/\/www.hohenlohe-ungefiltert.de\/index.php?rest_route=\/wp\/v2\/types\/post"}],"author":[{"embeddable":true,"href":"https:\/\/www.hohenlohe-ungefiltert.de\/index.php?rest_route=\/wp\/v2\/users\/3"}],"replies":[{"embeddable":true,"href":"https:\/\/www.hohenlohe-ungefiltert.de\/index.php?rest_route=%2Fwp%2Fv2%2Fcomments&post=3290"}],"version-history":[{"count":11,"href":"https:\/\/www.hohenlohe-ungefiltert.de\/index.php?rest_route=\/wp\/v2\/posts\/3290\/revisions"}],"predecessor-version":[{"id":3295,"href":"https:\/\/www.hohenlohe-ungefiltert.de\/index.php?rest_route=\/wp\/v2\/posts\/3290\/revisions\/3295"}],"wp:attachment":[{"href":"https:\/\/www.hohenlohe-ungefiltert.de\/index.php?rest_route=%2Fwp%2Fv2%2Fmedia&parent=3290"}],"wp:term":[{"taxonomy":"category","embeddable":true,"href":"https:\/\/www.hohenlohe-ungefiltert.de\/index.php?rest_route=%2Fwp%2Fv2%2Fcategories&post=3290"},{"taxonomy":"post_tag","embeddable":true,"href":"https:\/\/www.hohenlohe-ungefiltert.de\/index.php?rest_route=%2Fwp%2Fv2%2Ftags&post=3290"}],"curies":[{"name":"wp","href":"https:\/\/api.w.org\/{rel}","templated":true}]}}