{"id":3281,"date":"2009-08-07T09:03:45","date_gmt":"2009-08-07T08:03:45","guid":{"rendered":"http:\/\/www.hohenlohe-ungefiltert.de\/?p=3281"},"modified":"2009-08-07T09:07:55","modified_gmt":"2009-08-07T08:07:55","slug":"mitarbeiterin-jana-watzlawik-im-schwabisch-haller-wahlkreisburo-der-grunen-grune-im-wahlkreis-starten-mit-neuer-energie-in-die-heise-phase-des-wahlkampfes","status":"publish","type":"post","link":"https:\/\/www.hohenlohe-ungefiltert.de\/?p=3281","title":{"rendered":"Jana Watzlawik koordiniert Gr\u00fcnen-Wahlkampf im Schw\u00e4bisch Haller Kreisb\u00fcro \u2013 Einige Termine mit &#8222;Promis&#8220;"},"content":{"rendered":"<p><strong> <\/strong><\/p>\n<div id=\"attachment_3286\" style=\"width: 310px\" class=\"wp-caption alignleft\"><strong><strong><a href=\"https:\/\/www.hohenlohe-ungefiltert.de\/wp-content\/uploads\/2009\/08\/Gruen_Watzlawik_04082009-Kopie1.jpg\"><img aria-describedby=\"caption-attachment-3286\" loading=\"lazy\" class=\"size-medium wp-image-3286\" title=\"Der Kreisvorstand des Kreisverbandes Schw\u00e4bisch Hall mit Jana Watzlawik vor dem Haller Kreisb\u00fcro (von links): Beke Schlipf, Jutta Niemann, Jana Watzlawik, Christa D\u00fcrr-Riemer, Karl-Heinz Lasch, Harald Ebner, Andrea Herrmann)\" src=\"https:\/\/www.hohenlohe-ungefiltert.de\/wp-content\/uploads\/2009\/08\/Gruen_Watzlawik_04082009-Kopie1-300x118.jpg\" alt=\"Der Kreisvorstand des Kreisverbandes Schw\u00e4bisch Hall mit Jana Watzlawik vor dem Haller Kreisb\u00fcro (von links): Beke Schlipf, Jutta Niemann, Jana Watzlawik, Christa D\u00fcrr-Riemer, Karl-Heinz Lasch, Harald Ebner, Andrea Herrmann)\" width=\"300\" height=\"118\" srcset=\"https:\/\/www.hohenlohe-ungefiltert.de\/wp-content\/uploads\/2009\/08\/Gruen_Watzlawik_04082009-Kopie1-300x118.jpg 300w, https:\/\/www.hohenlohe-ungefiltert.de\/wp-content\/uploads\/2009\/08\/Gruen_Watzlawik_04082009-Kopie1.jpg 472w\" sizes=\"(max-width: 300px) 100vw, 300px\" \/><\/a><\/strong><\/strong><p id=\"caption-attachment-3286\" class=\"wp-caption-text\">Der Kreisvorstand des Kreisverbandes Schw\u00e4bisch Hall mit Jana Watzlawik vor dem Haller Kreisb\u00fcro (von links): Beke Schlipf, Jutta Niemann, Jana Watzlawik, Christa D\u00fcrr-Riemer, Karl-Heinz Lasch, Harald Ebner, Andrea Herrmann)<\/p><\/div>\n<p><strong>Der Direktkandidat von B\u00dcNDNIS 90\/DIE GR\u00dcNEN im Wahlkreis Schw\u00e4bisch Hall-Hohenlohe, Harald Ebner, baut in der hei\u00dfen Phase des Bundestagswahlkampfs auf kompetente Unterst\u00fctzung. Der Gr\u00fcnen-Kreisvorstand hat die junge Politikwissenschaftlerin Jana Watzlawik mit der F\u00fchrung des Wahlkampfb\u00fcros von Harald Ebner betraut.<\/strong><\/p>\n<p><em>Pressemitteilung des Gr\u00fcnen-Kreisverbands Schw\u00e4bisch Hall<\/em><\/p>\n<p><strong>Kreisb\u00fcro in Schw\u00e4bisch Hall jetzt regelm\u00e4\u00dfig ge\u00f6ffnet<\/strong><\/p>\n<p>F\u00fcr Jana Watzlawik ist es nach dem Kommunalwahlkampf f\u00fcr die Oberb\u00fcrgermeisterkandidatin Barbara Hornbach in Neustadt an der Weinstra\u00dfe der zweite Wahlkampf f\u00fcr B\u00fcndnis 90\/Die Gr\u00fcnen. Sie unterst\u00fctzt die Koordination und Organisation des Wahlkampfes f\u00fcr die n\u00e4chsten zwei Monate und ist Ansprechpartnerin im Schw\u00e4bisch Haller GR\u00dcNEN-Kreisb\u00fcro. Anzutreffen ist sie in der Regel werktags von 10-15 Uhr im B\u00fcro in der Gelbinger Gasse 87, telefonisch erreichbar unter 0791\/946 48 92 oder per E-Mail an info@gruene-sha.de. Damit ist das Kreisb\u00fcro in Schw\u00e4bisch Hall ab jetzt regelm\u00e4\u00dfig ge\u00f6ffnet.<\/p>\n<p><strong>&#8222;Gr\u00fcn hilft aus der Krise&#8220;<\/strong><\/p>\n<p>\u201eIn den n\u00e4chsten Wochen werden wir auf zahlreichen Veranstaltungen zeigen, wie gr\u00fcn aus der Krise hilft\u201c so Harald Ebner. Geplant sind unter anderem Thementage zu Mobilit\u00e4t, nachhaltiger Wirtschaftspolitik, Energie- und Klimaschutz oder Zukunft der Landwirtschaft (Milchmarkt, \u00d6kolandbau). Schon am Samstag, 15. August 2009, kommt der Bundestagsfraktionsvorsitzende Fritz Kuhn auf Biohoffeste nach \u00d6hringen und Mainhardt. Auch die baden-w\u00fcrttembergische Spitzenkandidatin Kerstin Andreae sowie die gr\u00fcnen Bundestagsabgeordneten Winfried Hermann, Sylvia Kotting-Uhl, Alexander Bonde und Dr. Gerhard Schick haben sich angemeldet. \u201eMit unseren Antworten auf die Krisen k\u00f6nnen gut eine Million neue Jobs entstehen \u2013 das ist durchgerechnet\u201c, betont Ebner.<\/p>\n<p><strong>Info:<\/strong> Jeweils dienstags von 17 bis 18.30 Uhr ist der Bundestagskandidat Harald Ebner in seiner B\u00fcrgersprechstunde im Gr\u00fcnen-Kreisb\u00fcro Schw\u00e4bisch Hall, Gelbinger Gasse 87, anzutreffen.<\/p>\n<p><strong>Bisherige Termine des Gr\u00fcnen-Bundestagskandidaten Harald Ebner im Wahlkampf<\/strong>:<\/p>\n<p>Samstag, 15.8.09: Biohoffeste mit Fritz Kuhn MdB, 12.30 Uhr Weingut zu Hohenlohe-\u00d6hringen, 14.00 Uhr Hofk\u00e4serei Bundschuh, Mainhardt, 16.00 Uhr Riegenhof, Mainhardt<\/p>\n<p>Donnerstag, 20.8.09: Mobilit\u00e4tstag mit Winne Hermann MdB, Fahrt mit Bahn, Bus und E-Mobilen durch Schw\u00e4bisch Hall-Hohenlohe<\/p>\n<p>Dienstag, 25.8.09: Sylvia Kotting-Uhl MdB, energie- und umweltpolitische Perspektiven im Jagsttal<\/p>\n<p>Freitag, 28.8.09: Kerstin Andrea MdB, nachhaltige Wirtschaftspolitik mit Handwerk und Mittelstand<\/p>\n<p>Samstag, 5.9.09: Agrartour mit Alexander Bonde MdB \u2013 Was macht die Milch?<\/p>\n<p>Freitag, 11. und Samstag, 12.9.09: Gr\u00fcne Jugend mit zahlreichen Aktionen in Kirchberg\/Jagst und Schw\u00e4bisch Hall<\/p>\n<p>Dienstag, 22.9.09: Wahlkampfh\u00f6hepunkt mit dem Fraktionsvorsitzenden Fritz Kuhn MdB<br \/>\n<strong><br \/>\nAktualisierte Informationen sollen zeitnah auf der Internetseite<\/strong> <a href=\"http:\/\/www.harald-ebner.de\" target=\"_blank\">www.harald-ebner.de<\/a> <strong>zu finden sein.<\/strong><\/p>\n<div class=\"pdf24Plugin-cp\"> \t<form name=\"pdf24Form0\" method=\"post\" action=\"https:\/\/doc2pdf.pdf24.org\/wordpress.php\" target=\"pdf24PopWin\" onsubmit=\"var pdf24Win = window.open('about:blank', 'pdf24PopWin', 'resizable=yes,scrollbars=yes,width=600,height=250,left='+(screen.width\/2-300)+',top='+(screen.height\/3-125)+''); pdf24Win.focus(); if(typeof pdf24OnCreatePDF === 'function'){void(pdf24OnCreatePDF(this,pdf24Win));}\"> \t\t<input type=\"hidden\" name=\"blogCharset\" value=\"Cw1x07UAAA==\" \/><input type=\"hidden\" name=\"blogPosts\" value=\"MwQA\" \/><input type=\"hidden\" name=\"blogUrl\" value=\"yygpKSi20tcvLy\/Xy8jPSM3LARK6pXnpqWmZOSWpRSV6KakA\" \/><input type=\"hidden\" name=\"blogName\" value=\"88jPSM3LARK6pXnpqWmZOSWpRSUA\" \/><input type=\"hidden\" name=\"blogValueEncoding\" value=\"gzdeflate base64\" \/><input type=\"hidden\" name=\"postId_0\" value=\"MzayMAQA\" \/><input type=\"hidden\" name=\"postTitle_0\" value=\"80rMS1QITyypykksz8xWyM7PL0rJzMtMLSpRcC86vCcvNU83PDEjJzsxtyBNITNXITg5o\/zwkqTM4uQMBY\/EnJzUIgXvotTM4qTDe4ryFR41TFZwBWpPT1UISS3KzcxLVcjNLFFQU7YwMjKyDijKz80sBnMMrAE=\" \/><input type=\"hidden\" name=\"postLink_0\" value=\"yygpKSi20tcvLy\/Xy8jPSM3LARK6pXnpqWmZOSWpRSV6Kan69gW2xkYWhgA=\" \/><input type=\"hidden\" name=\"postAuthor_0\" value=\"AwA=\" \/><input type=\"hidden\" name=\"postDateTime_0\" value=\"MzIwsNQ1sNA1MFcwsLQysLAyMQUA\" \/><input type=\"hidden\" name=\"postContent_0\" value=\"5VjNbttIEr7PUxS0wCIBRIlSnMT22N6N1k78M\/YEyWQN7CVoiiWyI7JJNJuWo1PeYYA5DXYufoacctOb5En2q6b+lZ097VzmYJsi2VVfVX31VclH5clR5WxhkhM66s6vjrrlyXdHsb4jHR+3lHNqmOZs3Psn\/f1nLarcx4yPWxMdu\/SQnvTC8r5Fw0xVFW6WwVCVTheGVKYTk\/HItZYuln8VpZZHx63UubI67HYnk0knLVI2GX4FtUl4pDPH1nVi7orNwjgA6NZlVqi46vbD8KAb7ndf2ZrN+1vlppma6PH7cC\/cl2fBVVFq7nU+lAm86zwhZbUKYq6GVkccRx+PW3OcwSq+oIlPXGiTHLcyNf24jKzSUw5yjnWdExDpXCU8P+C0k4ScsqUry7q6K2zllIkJ\/uZ32Ea4gY9vh+lk9hDpapjSucoyyrWjS2UULaMgnMfR3D9f2IxmX2xBj+6Q2EybcfX4kAY8ZrGX6XLUpssacdCN5lwZ094y2aZ\/pFYDFJ3Cjg3e4DW2bbpSNgvOWZsp\/aAAqQ2fVmUxnUVGnr8wsWVF52ytmH2M4tvh\/71swZMwvO\/19n35wCP3J8mt76jjFqJvUco6SRE40uCTXrH7Q\/NOuJ606Q9oUNp73p8gRvQX2uxRru6DhbSEkJbH1AvDO0Dxn1rUhTypkzWtWlyUXq3+a1fvCFTg+B7a9Cdgluj5URd6DlVf6b0Efqotj90YQepYORKcg9mvN6c3F2\/pIOyeXpzRqze4cXZDOgewNBtLWDv5CM4X3NjGEqnakTbIjBVOz35jQ69TVbFP86CW9DqVVBOxrfJyVJGqRzQu8pKFUUzv8AuVmX1xU\/CuQ4L7lZ19MWyCzcKlCCHWTB+En\/S6yLTT44muKjYAqkZQaQsoW3WTUgq6l7MvqcVJD+x2AcdXsPKZWQ+MInYWoXW2hibSy\/nJa8twCsOOdbYwuYm5odZuJo+6OL+0Nbe9xiXg3yHjB3ZTR5YTzvLZw+w3nVDCs8+jkWG3gw9h2u0UgGMEhAYd4yl8VeR5bVS2LAqN5JTk9scIyPEhYZsDFEqzYA+QDRSismBeYU0kxnDvhmtUJ3akGhLcgreApMAE\/3k6YY0q3266GiBXsQHThIVwO09eh97iQ71iRFPwq6KwGNnK7x2gFP1oE4XTzY2NeuJ6GYuZPQxThGA8CLouYIH9eUnIC1OVlodpqawznjhoge3cCxebBglWRerg7LR22HBGsC22KnibN8EbKRNNkDehvSdWLwx6T+ldasXDYFFmefkVZxFWEbmCejHtP2+TYyxVhfEQ0OGshymS3iSFwucHve7B3jPa26eDPhVipMTPWXCtdCY10GZU\/D0RWeagShX0Gy2lpAkEaKwq+h9sU9HvEq6zTd6\/\/mW\/3+9\/7ytIqc5GoEJd+fCuoG7sn4ff7xD166d\/X0gWzFqdboshdEayJ\/cn2nqxmKK4Pg+490+2CvzC0iAigMpijjKUdYIKJB7ChvMG0NdPv1JVbDR4B7kvM2WkdiBEk10ZBhb98VPKMlmwAdK0Bm8iDamZPbi2b6EUzrXU7FZb1whPVTZi1KYz2E40B55mVxnWSLxRu2lTqn\/V49qMGj36Ad4mSwv06FpnGGgKvGnT7JdxAXAx1PVxR0ok+zbYqXIR0zb1noKDdYLOI5m2bdHTvDG7ktyRVWNpEC+g2k0ZD+ilxRVd1anxqR3oIi1AY2S\/kYfZLxhJPrMSAEhlUmVjJ+5EPJDlSKE2wQT8gfzlkYSLEDDzSu9jTS6upIvxt5lXjBJIleJFpeBjBVZFCaPJDXsagMRWcywjrhmcbz9md1pBCBwMJsG7NMMYzPjeV4wGhYQmgE99Ya1glrTp4RhTI4LJCvRBfRMUNovBYgL9rtEUtalQcsHoJoUV55IWLzrCH0Pj2WcjUBPMOUgbE+qUiewYrpkui6giUAX5E3Z+\/fSzbzHfarUdpqAJJAZRgYJtGSrYo+YE3O6jCzTu4bJL6JKhWVklUEy1kpLnhFYl7HBPwkZRqu2yL6f9xjxDGSqB76VX1L0Rv8rJOdGljfHVqMO2NLS\/qVdqpYU7MQ10lUJa0Uc\/oZKSvfVJuYuZt6bwYikRZV+m5nDhZb0d9jvhweEGnUXy1th+HQ\/wYn+RNxlTUlL093K3CZbkx5t7nbB587wYjWcPwhLtsyz9jJVs2Rp499niXWxwOA0Ia88XaE8L8Mg2gPvhHPBKW+SBxwzyI09z5jewX6rUOv9woFKAG0DihO1QfTmPrHmy\/c7atgQxZxMgLHK221qNU15XsjqfcOYalfPd\/loYhN1S37EfnJeoIlbdbLmGIF2Nn\/25n001aHysyek31NRHfC4yiWna6JGsXJnfBndI8LRz4P28SCwmelFbf3xbJODWd+ktujSH92bB8Nr7tx3svV7Hu10RrT930lAY6z3KHXtH60PqhdddSQxEUKMyopJdn6LG3s5SuFOdhaMl\/dPZ55TL2ozdfKPNwe5dgTdbnD+KLL5Sfbf8z0zzEQBrlWmsLZA8EuUB2+aYqyLLmsHqjEobOUT6LmRCQsgqWedWMrXxr57FF0nfwgF7mYu5RU5BcfD99n2EoTZunXzjJfnSRwuUaMqR9sGIZm3t4P8B\" \/> \t\t<a href=\"https:\/\/www.pdf24.org\" target=\"_blank\" title=\"www.pdf24.org\" rel=\"nofollow\"><img src=\"https:\/\/www.hohenlohe-ungefiltert.de\/wp-content\/plugins\/pdf24-post-to-pdf\/img\/pdf_32x32.png\" alt=\"\" border=\"0\" height=\"32\" \/><\/a> \t\t<span class=\"pdf24Plugin-cp-space\">&nbsp;&nbsp;<\/span> \t\t<span class=\"pdf24Plugin-cp-text\">Sende Artikel als PDF<\/span> \t\t<span class=\"pdf24Plugin-cp-space\">&nbsp;&nbsp;<\/span> \t\t<input class=\"pdf24Plugin-cp-input\" style=\"margin: 0px;\" type=\"text\" name=\"sendEmailTo\" placeholder=\"Emailadresse\" \/> \t\t<input class=\"pdf24Plugin-cp-submit\" style=\"margin: 0px;\" type=\"submit\" value=\"Senden\" \/> \t<\/form> <\/div>","protected":false},"excerpt":{"rendered":"<p>Der Direktkandidat von B\u00dcNDNIS 90\/DIE GR\u00dcNEN im Wahlkreis Schw\u00e4bisch Hall-Hohenlohe, Harald Ebner, baut in der hei\u00dfen Phase des Bundestagswahlkampfs auf kompetente Unterst\u00fctzung. Der Gr\u00fcnen-Kreisvorstand hat die junge Politikwissenschaftlerin Jana Watzlawik mit der F\u00fchrung des Wahlkampfb\u00fcros von Harald Ebner betraut. Pressemitteilung des Gr\u00fcnen-Kreisverbands Schw\u00e4bisch Hall Kreisb\u00fcro in Schw\u00e4bisch Hall jetzt regelm\u00e4\u00dfig ge\u00f6ffnet F\u00fcr Jana Watzlawik ist [&hellip;]<\/p>\n","protected":false},"author":3,"featured_media":0,"comment_status":"open","ping_status":"open","sticky":false,"template":"","format":"standard","meta":[],"categories":[],"tags":[],"_links":{"self":[{"href":"https:\/\/www.hohenlohe-ungefiltert.de\/index.php?rest_route=\/wp\/v2\/posts\/3281"}],"collection":[{"href":"https:\/\/www.hohenlohe-ungefiltert.de\/index.php?rest_route=\/wp\/v2\/posts"}],"about":[{"href":"https:\/\/www.hohenlohe-ungefiltert.de\/index.php?rest_route=\/wp\/v2\/types\/post"}],"author":[{"embeddable":true,"href":"https:\/\/www.hohenlohe-ungefiltert.de\/index.php?rest_route=\/wp\/v2\/users\/3"}],"replies":[{"embeddable":true,"href":"https:\/\/www.hohenlohe-ungefiltert.de\/index.php?rest_route=%2Fwp%2Fv2%2Fcomments&post=3281"}],"version-history":[{"count":5,"href":"https:\/\/www.hohenlohe-ungefiltert.de\/index.php?rest_route=\/wp\/v2\/posts\/3281\/revisions"}],"predecessor-version":[{"id":3288,"href":"https:\/\/www.hohenlohe-ungefiltert.de\/index.php?rest_route=\/wp\/v2\/posts\/3281\/revisions\/3288"}],"wp:attachment":[{"href":"https:\/\/www.hohenlohe-ungefiltert.de\/index.php?rest_route=%2Fwp%2Fv2%2Fmedia&parent=3281"}],"wp:term":[{"taxonomy":"category","embeddable":true,"href":"https:\/\/www.hohenlohe-ungefiltert.de\/index.php?rest_route=%2Fwp%2Fv2%2Fcategories&post=3281"},{"taxonomy":"post_tag","embeddable":true,"href":"https:\/\/www.hohenlohe-ungefiltert.de\/index.php?rest_route=%2Fwp%2Fv2%2Ftags&post=3281"}],"curies":[{"name":"wp","href":"https:\/\/api.w.org\/{rel}","templated":true}]}}