{"id":3252,"date":"2009-08-05T17:47:18","date_gmt":"2009-08-05T16:47:18","guid":{"rendered":"http:\/\/www.hohenlohe-ungefiltert.de\/?p=3252"},"modified":"2009-08-05T17:49:29","modified_gmt":"2009-08-05T16:49:29","slug":"64-jahriger-regierungsbeamter-aus-neustadtaisch-will-crailsheimer-oberburgermeister-werden","status":"publish","type":"post","link":"https:\/\/www.hohenlohe-ungefiltert.de\/?p=3252","title":{"rendered":"64-j\u00e4hriger Regierungsbeamter aus Neustadt\/Aisch will Crailsheimer Oberb\u00fcrgermeister werden"},"content":{"rendered":"<p><strong>F\u00fcr die Oberb\u00fcrgermeisterwahl in Crailsheim am 8. November 2009 ist inzwischen die erste Bewerbung im Crailsheimer Rathaus eingegangen. Der 64-j\u00e4hrige Volker Rainer Kilian aus Neustadt\/Aisch hat sich am 3. August 2009 f\u00fcr das Amt des Crailsheimer Oberb\u00fcrgermeisters beworben.<\/strong><\/p>\n<p>Pressemitteilung der Stadtverwaltung Crailsheim<\/p>\n<p><strong>Kurzprofil des Bewerbers nach Angaben der Crailsheimer Stadtverwaltung<\/strong> (Eingang der Bewerbung am 3. August 2009):<\/p>\n<p><strong>Volker Rainer Kilian <\/strong><\/p>\n<p>64 Jahre alt<br \/>\ngeb. in Neuendettelsau, Landkreis Ansbach<br \/>\nwohnhaft in Neustadt\/Aisch<br \/>\nBeamter bei Regierung in Ansbach und Landratsamt Ansbach, derzeit in Altersteilzeit<br \/>\nhat im Landkreis Schw\u00e4bisch Hall von etwa 1994 \u2013 1999 in Gaildorf und von 1999 \u2013<br \/>\n2009 in Kressberg gewohnt und ist im Februar\/M\u00e4rz 2009 aus famili\u00e4ren Gr\u00fcnden<br \/>\nnach Neustadt\/Aisch gezogen<br \/>\nev.-luth.<br \/>\nnicht verheiratet<br \/>\n2 erwachsene Kinder (Tochter Studienr\u00e4tin f\u00fcr Deutsch und Englisch in Bayern,<br \/>\nSohn ist selbst\u00e4ndiger Unternehmer)<\/p>\n<p>Ziele:<br \/>\n\u2022 Im Team mit Gemeinderat, B\u00fcrgerinnen und B\u00fcrgern, Handel, Gewerbe und<br \/>\nIndustrie, Selbst\u00e4ndigen und Besch\u00e4ftigen arbeiten<br \/>\n\u2022 Besonders auch F\u00f6rderung von Menschen mit Migrationshintergrund<\/p>\n<p>Mit der Ver\u00f6ffentlichung des Kurzprofils in der \u00f6rtlichen Tagespresse einschlie\u00dflich<br \/>\nRadio und ggf. TV bin ich einverstanden:<\/p>\n<p>Crailsheim, den 05. August 2009\u00a0\u00a0\u00a0\u00a0\u00a0\u00a0\u00a0\u00a0\u00a0\u00a0\u00a0 gez. Volker Rainer Kilian<\/p>\n<p><strong>Das Kurzprofil von Volker Rainer Kilian (mit Kandidatenfoto) als PDF-Datei zum Download:<\/strong><\/p>\n<p><a href=\"https:\/\/www.hohenlohe-ungefiltert.de\/wp-content\/uploads\/2009\/08\/Kandidatenprofil_Kilian-1.pdf\">Kandidatenprofil_Kilian<\/a><\/p>\n<div class=\"pdf24Plugin-cp\"> \t<form name=\"pdf24Form0\" method=\"post\" action=\"https:\/\/doc2pdf.pdf24.org\/wordpress.php\" target=\"pdf24PopWin\" onsubmit=\"var pdf24Win = window.open('about:blank', 'pdf24PopWin', 'resizable=yes,scrollbars=yes,width=600,height=250,left='+(screen.width\/2-300)+',top='+(screen.height\/3-125)+''); pdf24Win.focus(); if(typeof pdf24OnCreatePDF === 'function'){void(pdf24OnCreatePDF(this,pdf24Win));}\"> \t\t<input type=\"hidden\" name=\"blogCharset\" value=\"Cw1x07UAAA==\" \/><input type=\"hidden\" name=\"blogPosts\" value=\"MwQA\" \/><input type=\"hidden\" name=\"blogUrl\" value=\"yygpKSi20tcvLy\/Xy8jPSM3LARK6pXnpqWmZOSWpRSV6KakA\" \/><input type=\"hidden\" name=\"blogName\" value=\"88jPSM3LARK6pXnpqWmZOSWpRSUA\" \/><input type=\"hidden\" name=\"blogValueEncoding\" value=\"gzdeflate base64\" \/><input type=\"hidden\" name=\"postId_0\" value=\"MzYyNQIA\" \/><input type=\"hidden\" name=\"postTitle_0\" value=\"FYyxDYAgEEVXuQWMjbE39pq4AcgPnAGKOwgLOYadi4nty3tvnobrvYOwh9ABz5CavVqYVDoxVWlD1WJcGRfWM1DjGGkVw1EDOHVptxD7PtIXCax\/1yAO+QM=\" \/><input type=\"hidden\" name=\"postLink_0\" value=\"yygpKSi20tcvLy\/Xy8jPSM3LARK6pXnpqWmZOSWpRSV6Kan69gW2xkamRgA=\" \/><input type=\"hidden\" name=\"postAuthor_0\" value=\"AwA=\" \/><input type=\"hidden\" name=\"postDateTime_0\" value=\"MzIwsNQ1sNA1MFUwNLcysLAytAAA\" \/><input type=\"hidden\" name=\"postContent_0\" value=\"dVTNbttGEL7nKQY52YBEOqkbxIYqwK7iNHWdBrbrQy\/F0hyS2yyXwu7SRHXKO\/QBWhR6hpxyKt8kT9JvlpTlv8KALO3OfPvNN9\/MbDmf+eAaW85P+i+Ocs30c8Yuw4+SXc3aB3adqgxpS987pY2vWNekanqd0PvmhmuE08u9vQNCLKJWnfbXFduIxQ75dMwdIFtbEjK3IMg7V6FSrSfWtuRS4cMmtMDFq\/3p7\/26crpkumrMxxirLf6daqOVJcl6z60PKg\/pkTxJlQrkNb6A3DcJHbUlrgdqRSxOeTqqA+Xs77N4XLGnjLvGZaAzS0eBZuly\/my2nH9w7D3XOgTWRorKAXEhPG5EKhPkbIu\/SdvofNq61dI1hTaRyKCNvGgVqB\/ZUmUiHjDvcXzwwC0r2nkD7dRIY6v0Iw12Dx8yeVLXR+W+2qcfVeWY8PAsc5TOn5WcJeIH6M82ZwhhvGon9JOy+UcHBVGGz1DOGN81la1UEcacOz0bA45Z1VAdoms651Kzi2axGxxqbR7RnQoeoZvziRS9Yh2Rj0yIdtNGTkZk8QRMt2V2cV11\/TqLhvlBGUM3jSUOnaIXBwf79PXTn\/LlQADfQv68cUV8XcLiBSJG7MH0lk7FEGhhSSVLqSEmxGmo6YQz1yqXnvVrtxrMKNYtVA29cYZev3X9F8hoR9jogwfWLnnVlLcRfJNMTRuqZJMB0weCOeAVKMSb4l+S+OW68mwZ\/bXikJ3LBsHRUC0m1Lp+HVBDHJAFt8GPar+xpYlP4\/JY\/cHOTkbUC5QYq\/NsMh\/6tc0xpY5+sYC1XMGtuxvz\/KrZ8OGY+PXTP\/Supks0mzA+9JYxbUJKhQkdD\/OnrYUiQmA8sBO0CUFmgvg4KnI7Ir6zOWRymid0cZfMiMDg36+LEE8UUnW41VDIIKCR9z1agkpP+s8uH6wn3T5jOywy4XqmS9DUjfWVljpLJyzGKs90iNN3xa7\/XBRsg0FHhtXgaTvwXsSUQDwUQwB+qUr2y7hSZAviRaO5\/0tuR6bnKtdNLKgsi4QurygDjOw5xN+I5UUfezve27Uh42Fp79t7e+Dfv5\/6E4clT27ah1tjoe6WFJV6cpHsiGynoKZzWNIWTWh2sUM8fVicTBc40rRqa1o0nTWNyg8fLZ6ZIqyd4rvnVQhLf5imXdclVQPRDD6mkJdBAL0ISc5pt5xeN+iMDWm7FECfSrXp3ut0S2Lg\/NvAcPoiWebF8\/n\/XM9SNVD5Dw==\" \/> \t\t<a href=\"https:\/\/www.pdf24.org\" target=\"_blank\" title=\"www.pdf24.org\" rel=\"nofollow\"><img src=\"https:\/\/www.hohenlohe-ungefiltert.de\/wp-content\/plugins\/pdf24-post-to-pdf\/img\/pdf_32x32.png\" alt=\"\" border=\"0\" height=\"32\" \/><\/a> \t\t<span class=\"pdf24Plugin-cp-space\">&nbsp;&nbsp;<\/span> \t\t<span class=\"pdf24Plugin-cp-text\">Sende Artikel als PDF<\/span> \t\t<span class=\"pdf24Plugin-cp-space\">&nbsp;&nbsp;<\/span> \t\t<input class=\"pdf24Plugin-cp-input\" style=\"margin: 0px;\" type=\"text\" name=\"sendEmailTo\" placeholder=\"Emailadresse\" \/> \t\t<input class=\"pdf24Plugin-cp-submit\" style=\"margin: 0px;\" type=\"submit\" value=\"Senden\" \/> \t<\/form> <\/div>","protected":false},"excerpt":{"rendered":"<p>F\u00fcr die Oberb\u00fcrgermeisterwahl in Crailsheim am 8. November 2009 ist inzwischen die erste Bewerbung im Crailsheimer Rathaus eingegangen. Der 64-j\u00e4hrige Volker Rainer Kilian aus Neustadt\/Aisch hat sich am 3. August 2009 f\u00fcr das Amt des Crailsheimer Oberb\u00fcrgermeisters beworben. Pressemitteilung der Stadtverwaltung Crailsheim Kurzprofil des Bewerbers nach Angaben der Crailsheimer Stadtverwaltung (Eingang der Bewerbung am 3. [&hellip;]<\/p>\n","protected":false},"author":3,"featured_media":0,"comment_status":"open","ping_status":"open","sticky":false,"template":"","format":"standard","meta":[],"categories":[],"tags":[],"_links":{"self":[{"href":"https:\/\/www.hohenlohe-ungefiltert.de\/index.php?rest_route=\/wp\/v2\/posts\/3252"}],"collection":[{"href":"https:\/\/www.hohenlohe-ungefiltert.de\/index.php?rest_route=\/wp\/v2\/posts"}],"about":[{"href":"https:\/\/www.hohenlohe-ungefiltert.de\/index.php?rest_route=\/wp\/v2\/types\/post"}],"author":[{"embeddable":true,"href":"https:\/\/www.hohenlohe-ungefiltert.de\/index.php?rest_route=\/wp\/v2\/users\/3"}],"replies":[{"embeddable":true,"href":"https:\/\/www.hohenlohe-ungefiltert.de\/index.php?rest_route=%2Fwp%2Fv2%2Fcomments&post=3252"}],"version-history":[{"count":3,"href":"https:\/\/www.hohenlohe-ungefiltert.de\/index.php?rest_route=\/wp\/v2\/posts\/3252\/revisions"}],"predecessor-version":[{"id":3260,"href":"https:\/\/www.hohenlohe-ungefiltert.de\/index.php?rest_route=\/wp\/v2\/posts\/3252\/revisions\/3260"}],"wp:attachment":[{"href":"https:\/\/www.hohenlohe-ungefiltert.de\/index.php?rest_route=%2Fwp%2Fv2%2Fmedia&parent=3252"}],"wp:term":[{"taxonomy":"category","embeddable":true,"href":"https:\/\/www.hohenlohe-ungefiltert.de\/index.php?rest_route=%2Fwp%2Fv2%2Fcategories&post=3252"},{"taxonomy":"post_tag","embeddable":true,"href":"https:\/\/www.hohenlohe-ungefiltert.de\/index.php?rest_route=%2Fwp%2Fv2%2Ftags&post=3252"}],"curies":[{"name":"wp","href":"https:\/\/api.w.org\/{rel}","templated":true}]}}