{"id":3162,"date":"2009-08-01T13:35:05","date_gmt":"2009-08-01T12:35:05","guid":{"rendered":"http:\/\/www.hohenlohe-ungefiltert.de\/?p=3162"},"modified":"2009-08-01T21:21:59","modified_gmt":"2009-08-01T20:21:59","slug":"gedenktafel-fur-ehemaligen-judischen-mitburger-dunsbachs-eingeweiht-%e2%80%93%c2%a0rund-90-besucher-kamen-zu-der-enthullung","status":"publish","type":"post","link":"https:\/\/www.hohenlohe-ungefiltert.de\/?p=3162","title":{"rendered":"Gedenktafel f\u00fcr ehemalige j\u00fcdische Mitb\u00fcrger in D\u00fcnsbach eingeweiht \u2013\u00a0Rund 90 Besucher kamen zu der Enth\u00fcllung"},"content":{"rendered":"<p><strong> <\/strong><\/p>\n<div id=\"attachment_3168\" style=\"width: 310px\" class=\"wp-caption alignleft\"><strong><strong><a href=\"https:\/\/www.hohenlohe-ungefiltert.de\/wp-content\/uploads\/2009\/08\/Duensbach_Juden_Gedenktafel_3-Kopie.jpg\"><img aria-describedby=\"caption-attachment-3168\" loading=\"lazy\" class=\"size-medium wp-image-3168\" title=\"Duensbach_Juden_Gedenktafel_3 Kopie\" src=\"https:\/\/www.hohenlohe-ungefiltert.de\/wp-content\/uploads\/2009\/08\/Duensbach_Juden_Gedenktafel_3-Kopie-300x297.jpg\" alt=\"Der D\u00fcnsbacher Pfarrer Hansgeorg Kraft (links) und Gerabronns B\u00fcrgermeister Klaus-Dieter Schumm bei der Einweihung der Gedenktafel (im Hintergrund). FOTOS: Ralf Garmatter\" width=\"300\" height=\"297\" srcset=\"https:\/\/www.hohenlohe-ungefiltert.de\/wp-content\/uploads\/2009\/08\/Duensbach_Juden_Gedenktafel_3-Kopie-300x297.jpg 300w, https:\/\/www.hohenlohe-ungefiltert.de\/wp-content\/uploads\/2009\/08\/Duensbach_Juden_Gedenktafel_3-Kopie-150x150.jpg 150w, https:\/\/www.hohenlohe-ungefiltert.de\/wp-content\/uploads\/2009\/08\/Duensbach_Juden_Gedenktafel_3-Kopie.jpg 531w\" sizes=\"(max-width: 300px) 100vw, 300px\" \/><\/a><\/strong><\/strong><p id=\"caption-attachment-3168\" class=\"wp-caption-text\">Der D\u00fcnsbacher Pfarrer Hansgeorg Kraft (links) und Gerabronns B\u00fcrgermeister Klaus-Dieter Schumm bei der Einweihung der Gedenktafel (im Hintergrund). FOTOS: Ralf Garmatter<\/p><\/div>\n<p><strong>Eine Gedenktafel f\u00fcr die ehemaligen j\u00fcdischen Mitb\u00fcrger D\u00fcnsbachs wurde am Donnerstagabend (30. Juli 2009) am Haus in der Obersteinacher Stra\u00dfe 4 enth\u00fcllt. D\u00fcnsbachs evangelischer Pfarrer Hansgeorg Kraft und der Gerabronner B\u00fcrgermeister Klaus-Dieter Schumm weihten die Gedenktafel in einer Feierstunde ein. Dazu spielte der Posaunenchor D\u00fcnsbach. Rund 90 Besucher kamen zu der Einweihungsfeier.<\/strong><\/p>\n<p><em>Von Ralf Garmatter, Hohenlohe-ungefiltert <\/em><\/p>\n<p><strong>48-seitige Brosch\u00fcre ist Ergebnis zweieinhalbj\u00e4hriger Forschungsarbeit<\/strong><\/p>\n<p>Zweieinhalb Jahre lang hat Pfarrer Hansgeorg Kraft die j\u00fcdische Geschichte D\u00fcnsbachs erforscht. Seine Forschungsergebnisse hat er in einer 48-seitigen detailreichen Brosch\u00fcre mit dem Titel &#8222;Auf den Spuren der Juden in D\u00fcnsbach \u2013 Ein Beitrag zur Heimatgeschichte&#8220; ver\u00f6ffentlicht. Der 72-j\u00e4hrige Theologe hat diese Forschungsarbeit neben seiner ehrenamtlichen Arbeit als Pfarrer der Kirchengemeinden D\u00fcnsbach und Ruppertshofen erledigt. Mindestens seit 1617 lebten Juden in D\u00fcnsbach, hat Pfarrer Kraft herausgefunden. 1846 waren 99 der 600 Einwohner D\u00fcnsbachs Juden. Dies entspricht einem Bev\u00f6lkerungsanteil von 16,5 Prozent. Danach sank die Zahl stetig, weil viele Juden in die St\u00e4dte abwanderten. 1939 lebten noch sieben Menschen j\u00fcdischen Glaubens in D\u00fcnsbach. 1938 waren es noch neun. Bis auf Otto Adler, der 1940 in die USA fl\u00fcchten konnte, wurden alle Juden D\u00fcnsbachs von den Nazis ermordet.<\/p>\n<p><strong>Pfarrer Hansgeorg Kraft h\u00e4lt am Sonntag, 9. August 2009, seine letzten Gottesdienste in D\u00fcnsbach und Ruppertshofen<\/strong><\/p>\n<p>Pfarrer Hansgeorg Kraft hat in den Kirchengemeinden D\u00fcnsbach und Ruppertshofen in den vergangenen zweieinhalb Jahren viel bewirkt \u2013 und das im eigentlichen Ruhestand. Bereits vor knapp acht Jahren ist Hansgeorg Kraft als Dekan des Kirchenbezirks Bernhausen pensioniert worden. Doch sein Beruf machte ihm so viel Spa\u00df, dass er seither (inklusive D\u00fcnsbach\/Ruppertshofen) in f\u00fcnf Kirchengemeinden ehrenamtlich den Pfarrdienst versehen hat. Am Sonntag, 26. Juli 2009 wurde er von den Kirchengemeinden D\u00fcnsbach und Ruppertshofen offiziell verabschiedet. F\u00fcr seine Arbeit erhielt er bei der Feierstunde in der Ruppertshofener Martinskirche und beim anschlie\u00dfenden Festakt im Gemeindehaus viel Lob und Anerkennung f\u00fcr seine Arbeit in den beiden Kirchengemeinden. Seine letzten Gottesdienste in D\u00fcnsbach und Ruppertshofen h\u00e4lt der scheidende Pfarrer Hansgeorg Kraft am Sonntag, 9. August 2009. Sein Nachfolger Axel Seidel tritt im September 2009 seinen Dienst an. Hansgeorg Kraft f\u00fchlt sich noch fit und k\u00f6nnte sich vorstellen in einer weiteren Kirchengemeinde ehrenamtlichen Pfarrdienst zu leisten. &#8222;Aber nicht mehr so weit von Korntal weg, wo ich wohne&#8220;, sagt er. &#8222;Die langen Autofahrten strengen mich immer mehr an.&#8220;<\/p>\n<p><strong>Info:<\/strong> Die Brosch\u00fcre von Hansgeorg Kraft &#8222;Auf den Spuren der Juden in D\u00fcnsbach \u2013 Ein Beitrag zur Heimatgeschichte&#8220; gibt es in D\u00fcnsbach beim Pfarramt und im GSG-Sportshop in der Obersteinacher Stra\u00dfe 4 sowie im Rathaus Gerabronn. Die Dokumentation im DinA4-Format hat 48 Seiten und 21 zum Teil farbige Bilder. Preis: 3 Euro.<\/p>\n<p><strong>Die Inschrift der Gedenktafel in D\u00fcnsbach am Haus Obersteinacher Stra\u00dfe 4 hat folgenden Wortlaut:<\/strong><\/p>\n<p><strong> <\/strong><\/p>\n<div id=\"attachment_3169\" style=\"width: 207px\" class=\"wp-caption alignleft\"><strong><strong><a href=\"https:\/\/www.hohenlohe-ungefiltert.de\/wp-content\/uploads\/2009\/08\/Duensbach_Juden_Gedenktafel_1-Kopie.jpg\"><img aria-describedby=\"caption-attachment-3169\" loading=\"lazy\" class=\"size-medium wp-image-3169\" title=\"Duensbach_Juden_Gedenktafel_1 Kopie\" src=\"https:\/\/www.hohenlohe-ungefiltert.de\/wp-content\/uploads\/2009\/08\/Duensbach_Juden_Gedenktafel_1-Kopie-197x300.jpg\" alt=\"Die Gedenktafel am Haus in der Obersteinacher Stra\u00dfe 4.\" width=\"197\" height=\"300\" srcset=\"https:\/\/www.hohenlohe-ungefiltert.de\/wp-content\/uploads\/2009\/08\/Duensbach_Juden_Gedenktafel_1-Kopie-197x300.jpg 197w, https:\/\/www.hohenlohe-ungefiltert.de\/wp-content\/uploads\/2009\/08\/Duensbach_Juden_Gedenktafel_1-Kopie.jpg 354w\" sizes=\"(max-width: 197px) 100vw, 197px\" \/><\/a><\/strong><\/strong><p id=\"caption-attachment-3169\" class=\"wp-caption-text\">Die Gedenktafel am Haus in der Obersteinacher Stra\u00dfe 4.<\/p><\/div>\n<p><strong>Wir erinnern an die j\u00fcdischen Mitb\u00fcrger in D\u00fcnsbach<\/strong><\/p>\n<p>In diesem Haus betrieb Rudolf Adler ein Gemischtwarengesch\u00e4ft. Heute erinnern auch noch die Judengasse, der Gedenkstein f\u00fcr die Synagoge und der Judenfriedhof an die j\u00fcdischen Mitb\u00fcrger.<\/p>\n<p>Seit 1617 lebten Christen und Juden selbstverst\u00e4ndlich \u2013 wenn auch rechtlich nicht ganz gleichgestellt \u2013 zusammen in D\u00fcnsbach. Tief traurig macht uns das Ende in der Zeit des Nationalsozialismus: 1941\/42 wurden die letzten hier einst lebenden Juden deportiert und sp\u00e4ter ermordet:<\/p>\n<p>\u2013 Hannchen, Rudolf, Klara und Gertrud Adler<\/p>\n<p>\u2013 Clotilde und Selma Wassermann<\/p>\n<p>\u2013 Siegbert Adler und Adolf Arnstein verlie\u00dfen bereits 1938 D\u00fcnsbach und wurden ebenfalls ermordet.<\/p>\n<p>Otto Adler konnte 1940 in die USA auswandern und so \u00fcberleben.<\/p>\n<p>Die Erinnerung ist uns Ansporn, Sorge zu tragen f\u00fcr die Verst\u00e4ndigung zwischen Juden und Christen und f\u00fcr ein friedliches Zusammenleben im demokratischen Rechtsstaat.<\/p>\n<p>Stadt Gerabronn, Ortsteil D\u00fcnsbach<\/p>\n<p><strong>Weitere Infos:<\/strong><\/p>\n<p><a href=\"http:\/\/www.evangelisch-in-hohenlohe.de\/uploads\/media\/Nur_ein_Duensbacher_Jude_entging_dem_Holocaust.pdf\" target=\"_blank\">www.evangelisch-in-hohenlohe.de\/uploads\/media\/Nur_ein_Duensbacher_Jude_entging_dem_Holocaust.pdf<\/a><\/p>\n<p><a href=\"http:\/\/www.evangelisch-in-hohenlohe.de\/uploads\/media\/326_Jahre_Juden_in_Duensbach.pdf\" target=\"_blank\">www.evangelisch-in-hohenlohe.de\/uploads\/media\/326_Jahre_Juden_in_Duensbach.pdf<\/a><\/p>\n<p><a href=\"http:\/\/www.alemannia-judaica.de\/duensbach_friedhof.htm\" target=\"_blank\">www.alemannia-judaica.de\/duensbach_friedhof.htm<\/a><\/p>\n<p><a href=\"http:\/\/www.alemannia-judaica.de\/duensbach_synagoge.htm\" target=\"_blank\">www.alemannia-judaica.de\/duensbach_synagoge.htm<\/a><\/p>\n<p><a href=\"http:\/\/www2.landesarchiv-bw.de\/ofs21\/olf\/struktur.php?bestand=19752&amp;sprungId=551297&amp;letztesLimit=suchen\" target=\"_blank\">www2.landesarchiv-bw.de\/ofs21\/olf\/struktur.php?bestand=19752&amp;sprungId=551297&amp;letztesLimit=suchen<\/a><\/p>\n<p><a href=\"http:\/\/www.evangelisch-in-hohenlohe.de\/kirchen-bezirke\/blaufelden\/dunsbach-ruppertshofen\/\" target=\"_blank\">www.evangelisch-in-hohenlohe.de\/kirchen-bezirke\/blaufelden\/dunsbach-ruppertshofen\/<\/a><\/p>\n<div id=\"attachment_3174\" style=\"width: 541px\" class=\"wp-caption alignleft\"><a href=\"https:\/\/www.hohenlohe-ungefiltert.de\/wp-content\/uploads\/2009\/08\/Duensbach_Juden_Gedenktafel_2-Kopie.jpg\"><img aria-describedby=\"caption-attachment-3174\" loading=\"lazy\" class=\"size-full wp-image-3174\" title=\"Duensbach_Juden_Gedenktafel_2 Kopie\" src=\"https:\/\/www.hohenlohe-ungefiltert.de\/wp-content\/uploads\/2009\/08\/Duensbach_Juden_Gedenktafel_2-Kopie.jpg\" alt=\"Besucher der Gedenkfeier vor dem Haus in der Obersteinacher Stra\u00dfe 4. \" width=\"531\" height=\"353\" srcset=\"https:\/\/www.hohenlohe-ungefiltert.de\/wp-content\/uploads\/2009\/08\/Duensbach_Juden_Gedenktafel_2-Kopie.jpg 531w, https:\/\/www.hohenlohe-ungefiltert.de\/wp-content\/uploads\/2009\/08\/Duensbach_Juden_Gedenktafel_2-Kopie-300x199.jpg 300w\" sizes=\"(max-width: 531px) 100vw, 531px\" \/><\/a><p id=\"caption-attachment-3174\" class=\"wp-caption-text\">Besucher der Gedenkfeier vor dem Haus in der Obersteinacher Stra\u00dfe 4. <\/p><\/div>\n<div id=\"attachment_3175\" style=\"width: 541px\" class=\"wp-caption alignleft\"><a href=\"https:\/\/www.hohenlohe-ungefiltert.de\/wp-content\/uploads\/2009\/08\/Duensbach_Juden_Gedenktafel_5-Kopie.jpg\"><img aria-describedby=\"caption-attachment-3175\" loading=\"lazy\" class=\"size-full wp-image-3175\" title=\"Duensbach_Juden_Gedenktafel_5 Kopie\" src=\"https:\/\/www.hohenlohe-ungefiltert.de\/wp-content\/uploads\/2009\/08\/Duensbach_Juden_Gedenktafel_5-Kopie.jpg\" alt=\"Pfarrer Hansgeorg Kraft berichtet bei der Einweihungsfeier von der j\u00fcdischen Geschichte D\u00fcnsbachs. Dahinter ist am Hauseck die noch verh\u00fcllte Gedenktafel zu sehen.\" width=\"531\" height=\"353\" srcset=\"https:\/\/www.hohenlohe-ungefiltert.de\/wp-content\/uploads\/2009\/08\/Duensbach_Juden_Gedenktafel_5-Kopie.jpg 531w, https:\/\/www.hohenlohe-ungefiltert.de\/wp-content\/uploads\/2009\/08\/Duensbach_Juden_Gedenktafel_5-Kopie-300x199.jpg 300w\" sizes=\"(max-width: 531px) 100vw, 531px\" \/><\/a><p id=\"caption-attachment-3175\" class=\"wp-caption-text\">Pfarrer Hansgeorg Kraft berichtet bei der Einweihungsfeier von der j\u00fcdischen Geschichte D\u00fcnsbachs. Dahinter ist am Hauseck die noch verh\u00fcllte Gedenktafel zu sehen.<\/p><\/div>\n<div class=\"pdf24Plugin-cp\"> \t<form name=\"pdf24Form0\" method=\"post\" action=\"https:\/\/doc2pdf.pdf24.org\/wordpress.php\" target=\"pdf24PopWin\" onsubmit=\"var pdf24Win = window.open('about:blank', 'pdf24PopWin', 'resizable=yes,scrollbars=yes,width=600,height=250,left='+(screen.width\/2-300)+',top='+(screen.height\/3-125)+''); pdf24Win.focus(); if(typeof pdf24OnCreatePDF === 'function'){void(pdf24OnCreatePDF(this,pdf24Win));}\"> \t\t<input type=\"hidden\" name=\"blogCharset\" value=\"Cw1x07UAAA==\" \/><input type=\"hidden\" name=\"blogPosts\" value=\"MwQA\" \/><input type=\"hidden\" name=\"blogUrl\" value=\"yygpKSi20tcvLy\/Xy8jPSM3LARK6pXnpqWmZOSWpRSV6KakA\" \/><input type=\"hidden\" name=\"blogName\" value=\"88jPSM3LARK6pXnpqWmZOSWpRSUA\" \/><input type=\"hidden\" name=\"blogValueEncoding\" value=\"gzdeflate base64\" \/><input type=\"hidden\" name=\"postId_0\" value=\"MzY0MwIA\" \/><input type=\"hidden\" name=\"postTitle_0\" value=\"Dcu9DcIwFEXhVe4ItLQIREXDBk584\/eI8wr\/CImKHVggg7jCmzAJLo8+nSs9bS1uYcTSWwKFm4saiEdvXvMsxE3LNCwwQQ3n3ixPbhZQLfBJlYLf+\/Pd79U8jgecmOv4Ela30fCq8CMuVqS3GKuFPw==\" \/><input type=\"hidden\" name=\"postLink_0\" value=\"yygpKSi20tcvLy\/Xy8jPSM3LARK6pXnpqWmZOSWpRSV6Kan69gW2xoZmRgA=\" \/><input type=\"hidden\" name=\"postAuthor_0\" value=\"AwA=\" \/><input type=\"hidden\" name=\"postDateTime_0\" value=\"MzIwsNQ1sNA1MFQwNLYysLAyMAUA\" \/><input type=\"hidden\" name=\"postContent_0\" value=\"1VrNchNJEr7vU1R4IyYgwvq1ZVuA2TADGIZhIBA7RHBxlNTV3YW6qzuqqi2j077DPsBeeIY5cdOb7JPsl9ktqfVjwJ5BO3PAltrdVZlffvllZjUP8ocPnLeZiR6KB63q04NW\/vBvDwJ9KXRwuie9l6M4VcZfHHSOTvaE8x8Tdbo30YGP74mDTju\/2hOjRDqHi3ljJHOvMyNkoiOTqNDvLbZY\/JYitio83Yu9z929VmsymTTjLFYmwY9GYSIV6sQr65uBatGamfEwoFXkSSYD1+q22\/1W+6T1uFDGDWHexU9FoMzFucLPsZehSi4OGi+yXKvmhzyCBTqNhLRaNgLlRlYPVTD8eLpX2dpY+tgofaRttIlO9xI5\/bjwzumpaqQq0EUqYJVOZaSqB7z2BMoXDRJsEAC0o5243jhot6+6\/WOGAPHwsE9Z8Xj2uXwSn1+H0lr8fiaNi1RmI\/HCytCLO4k2Y3dXFCYQ58rKIeJmnHg0+2wjZVOlHUwULxJZuMZjrejLYBQXaSqGSosAX59oM1E6hkP8tWaeuKNT8UzDLRtZbHC3KZ6+evtqcE+8kUkozqVNEQ9l9wRT7HQPbuyJWOkohgfwhxF0yu8cRIHPk32xi107vfYV\/vGu+L2bXXm33kFnAoRBdTD+TiqvGvNMbyPT74pOu30Jc\/jbnmhBLeTDmnTMP+QsHtcm2IZeNLy6glT8lQhKOvmgBZ2EWi51FOuqldVC2CQCrYSKVUqqqIz4MPscaAcPjXip\/bC0eum4E5PCBkrIVDyGX8o6LyM5VHD2zkG7KX4qEi0osHfplmdwUmjDbrwa0s1KmxK+gbdy9h8lDgWgj2efk8Q369uoSwkCJWzK9WATyCVGFdD4\/A1IE7ygIvteBwSmwkDc91RpshbLK7oCy+S0EA5MBKF5x9eZk4VRZhRnNXia4g2Z1G+LR8oVbPpYglwCT6+G1oW0RXOttCFYKn34K4rUakD3xbNtiYXKiNsXj1ZLHZ40nNIe4RSPbAYAAYgSQEM8ATBDo52Ywgr4Fctk+GH2Kbaagvw0s7iZbJMWXPQbtr1fPiV+kiiUIkGQRCz9tQEihBeUAtb4pUfAfiXUNuSdQYABwV8zRFUGO8W7YINFiJZeEr+81IlVmnlbczrVMEGl4q32CO8Pfz\/pdrv3z4oQF40Y5IVVJTlZeGjthVniv\/\/6N4ULgdSgaoQIwjuFyuqjhRe8YPu+uFR29lsYgsmJZj9ILI67jTm24m2ssiSLSi+AiVMbaAujkEbCld4poGtkyuvh6ll5i0zcAmky+4W29OdIgeyGPFiaTzR8U+Q5WOLiDKYBvAQNQgTrXtLNSA7IEkEoOkedY5GoIaXEJhL7KwEuwwpiI6vAQ8oQpEfn5PBITCTB2e+zaUftNrM9i82qfvAGQAggUOq73BJkHNQUYF\/OfkvGyjIu0DmdiEtkQ+dovyde22yKJygZSUQEbhgzwd7LOEHzp0CGfcptPINEVUtf6KaBn30KQDw5nEgYbT3b3T\/ozz03Ga2pOQovgQ0DX5PDcwjJkDCrg8NLnFSuwyNexKgCaz9CnklQ7ZX3mTgLEspiQqbTP2zPjfrn4EyEyezziOVoDAHzar+UWOpTFz7U8CM46NIvcqopd9IMN\/vmughcl5Dx7FPiSZsHtJkEYP2mOCuiAvJAur1fMhCg+CnZdJ5BfxxsNQB4NUM2KLYhGNcaAULp0o0bUbh6BukWUXUwJKzrmmQ4+CimE23HntOYq4RE4FLQLKqyFDe+KWKkAdiAYCmohyd0odhG5rmQxMpqRdLOdR8oFx+rsSST3NyNoZpiV0fLwaTC4dkcyKGL0CTXE4oVkZ+pplhdLCiSStZEHafCZaX9gxzlcZ\/MpiBznlI1uYPmIimcvqwpaGsFpLuEEiq7CTexrasKI8kBKoNLqDpFsCA6oESNId2jWmGvGgDYMmfijUKYhaGewsGE9pNDUlJF\/BVPqRkpuVepnbIx1Vvaat4a1ety1VesLI\/vL6X12rgxG8UG4OFUSEroRCv0HGzjU4o8+IE\/nVeGU8BK8H\/OhvzkGRYcK2OoFQs37KvYiM\/bUJgXs9skUpWl5B5pD60Ph6\/LpuuTubQBUjGKwyyhGn92RdyiFRPhrfYMwEDlXqXoz8oAs5OGFJpoIeHJ+o7AIoZ9jmjEihfqshcbz34jCSv\/glyCqxAxs6zayFY0LptwrRe8OjHROyXczMGSeQknYw0XjhRPUtbQykzJF5kFFgkuUDXIBJnCZaiq1lA4GRGrFqvBU+5kqNAWPguR9BQxiJniiyktodMUe\/JugKRaa111n5swu7eQQYKw3o2QdetQfreeJNJDTxVpZQFOBcYWUHPEiP+D88Ygz5h8+VfbdZdN4BUeeyM9Z8yi9+aiDm0bFzROST5rwX2PtTk7bKDdgZms\/IcnxEBCmAzoduAGOjQq2zBsyG2rTgKKz2uIssN8J54UNtsocbTbc0prq0O\/MSqt+D2fRa71iuziFGFxeAcwUO39vc32\/EZnUv31M6lu+\/jPeSbVufWZVP+mZ1L9bzqT6uzsTKozP9joH18dtNv1M6m18fAbJ9rm4nyoQ0dC8\/MhPizaxfnQFofQdB5\/55OaGoPEQe9w+0kNzKid1PC3W57U9L9wUnPLsG0\/NXmnMY1ZTUcLSFOzOtGuHJLUFWdDOJ6bcu6rbBkqVF81RNkPMgz6PB5QiaRmhFb2PFGwqs8+hWiPnqnCq5ohxbz0kj0cjQhoqP2aDrKTy0OewUcjI5pB54cm\/FQIMwI0HV90bSG9g\/Vx8UeIr5tLeVmxnEqGzlM3iYnLBNxrUuGaoJEq7bYKDvL1soSjmZ+KKKHxPVLcMpR9+7RwMk3XimATw7wK0bzIAqN12Tpjd8cd\/pNaY\/he8fDv0P4QOdCvZ1MNnXVp4YiJh53WYXc+a5Hr804NXSfHAq1HQtNgsBiLA0Vlklt58tfls090qjQfwu7NYSLjUegNwbhfxXifTqKsnJ8LelsEZdjrD\/2YZJ5qH981UEkqxTsKK2qnMfUbB1pFQ7KjZA43qyWTrCnjjgBU7S7IVg43PKqutp2V++RmiHlzy0C5HF+r+XRjgAWfy5G6ZAF6sdnnIZ02YNHFMpSUT0r2UjdNExUF7cw4QAqQBmiJFLV61NioGm1\/nRNJR\/TgdFKxs4wIbbjCQX6OeU\/E5m7SifcVkdgk6kkClWZjC16Ua70hQjoMBHLp98DLwC+bm33xCg0SH0jUkny1KXhXNreCukC3pXeoF\/JKhWvHnA1tGgtRJiGeqy\/VUNn6pbAX8OtiocHKsgpfQBAjVN8L+HTxLEuyEeLhm3kQos5KgIpqczFEezvee\/i9dyx1\/I\/w9qB7dMHDd1Vp6mb8Eb59bf2veSITRSmJFulDEUg9krRFsCiPc1Vtxj7dbuoNFvidtrhK929tS32Br9jSbSakBE5iuNOXjeGEVspC1+20IE6UEMXYF7aZx\/k\/huXZyym6gF73B5nm911O2vA8OO31Ot3+MV8rRdn9rFPtT\/lI3Wx1Yic7\/x5+lwcSplEeEakWTC\/QnYB8gLpEumHrhwCtm3P85nssPdo6wRwfrk8wvcPO1yeYXUws3dtOLOTTFyaWsEiS+rxCt3\/DvNLd2bxSd7ycUxbvmpa9H79d4tPMQH1j+ysWY0vvoFMbW3oHuxlbumuver\/vuNKtvUTv9PuLl+hbxxaYUxtb+NtibPnCkELUuW5I+YNiVp9Ztmdw70+bwb1bZ3DvZhnc+6YM7u0sg3sbGXzd0S7izod6fst\/DnBzvpQcqb+p2vaalV6bxfxfB7j5roZiNSpfofEoiZGhfBO\/Oj\/Tm296MdD8PwtEb6cC0duFQPSuF4i\/BiVq+vM\/\" \/> \t\t<a href=\"https:\/\/www.pdf24.org\" target=\"_blank\" title=\"www.pdf24.org\" rel=\"nofollow\"><img src=\"https:\/\/www.hohenlohe-ungefiltert.de\/wp-content\/plugins\/pdf24-post-to-pdf\/img\/pdf_32x32.png\" alt=\"\" border=\"0\" height=\"32\" \/><\/a> \t\t<span class=\"pdf24Plugin-cp-space\">&nbsp;&nbsp;<\/span> \t\t<span class=\"pdf24Plugin-cp-text\">Sende Artikel als PDF<\/span> \t\t<span class=\"pdf24Plugin-cp-space\">&nbsp;&nbsp;<\/span> \t\t<input class=\"pdf24Plugin-cp-input\" style=\"margin: 0px;\" type=\"text\" name=\"sendEmailTo\" placeholder=\"Emailadresse\" \/> \t\t<input class=\"pdf24Plugin-cp-submit\" style=\"margin: 0px;\" type=\"submit\" value=\"Senden\" \/> \t<\/form> <\/div>","protected":false},"excerpt":{"rendered":"<p>Eine Gedenktafel f\u00fcr die ehemaligen j\u00fcdischen Mitb\u00fcrger D\u00fcnsbachs wurde am Donnerstagabend (30. Juli 2009) am Haus in der Obersteinacher Stra\u00dfe 4 enth\u00fcllt. D\u00fcnsbachs evangelischer Pfarrer Hansgeorg Kraft und der Gerabronner B\u00fcrgermeister Klaus-Dieter Schumm weihten die Gedenktafel in einer Feierstunde ein. Dazu spielte der Posaunenchor D\u00fcnsbach. Rund 90 Besucher kamen zu der Einweihungsfeier. Von Ralf Garmatter, [&hellip;]<\/p>\n","protected":false},"author":3,"featured_media":0,"comment_status":"open","ping_status":"open","sticky":false,"template":"","format":"standard","meta":[],"categories":[],"tags":[],"_links":{"self":[{"href":"https:\/\/www.hohenlohe-ungefiltert.de\/index.php?rest_route=\/wp\/v2\/posts\/3162"}],"collection":[{"href":"https:\/\/www.hohenlohe-ungefiltert.de\/index.php?rest_route=\/wp\/v2\/posts"}],"about":[{"href":"https:\/\/www.hohenlohe-ungefiltert.de\/index.php?rest_route=\/wp\/v2\/types\/post"}],"author":[{"embeddable":true,"href":"https:\/\/www.hohenlohe-ungefiltert.de\/index.php?rest_route=\/wp\/v2\/users\/3"}],"replies":[{"embeddable":true,"href":"https:\/\/www.hohenlohe-ungefiltert.de\/index.php?rest_route=%2Fwp%2Fv2%2Fcomments&post=3162"}],"version-history":[{"count":9,"href":"https:\/\/www.hohenlohe-ungefiltert.de\/index.php?rest_route=\/wp\/v2\/posts\/3162\/revisions"}],"predecessor-version":[{"id":3179,"href":"https:\/\/www.hohenlohe-ungefiltert.de\/index.php?rest_route=\/wp\/v2\/posts\/3162\/revisions\/3179"}],"wp:attachment":[{"href":"https:\/\/www.hohenlohe-ungefiltert.de\/index.php?rest_route=%2Fwp%2Fv2%2Fmedia&parent=3162"}],"wp:term":[{"taxonomy":"category","embeddable":true,"href":"https:\/\/www.hohenlohe-ungefiltert.de\/index.php?rest_route=%2Fwp%2Fv2%2Fcategories&post=3162"},{"taxonomy":"post_tag","embeddable":true,"href":"https:\/\/www.hohenlohe-ungefiltert.de\/index.php?rest_route=%2Fwp%2Fv2%2Ftags&post=3162"}],"curies":[{"name":"wp","href":"https:\/\/api.w.org\/{rel}","templated":true}]}}