{"id":31520,"date":"2023-02-18T09:21:53","date_gmt":"2023-02-18T08:21:53","guid":{"rendered":"https:\/\/www.hohenlohe-ungefiltert.de\/?p=31520"},"modified":"2023-02-18T09:23:27","modified_gmt":"2023-02-18T08:23:27","slug":"an-buerger-solarfabrik-beteiligen-informationsveranstaltung-in-kirchberg-jagst-voranmeldung-erforderlich","status":"publish","type":"post","link":"https:\/\/www.hohenlohe-ungefiltert.de\/?p=31520","title":{"rendered":"\u201eAn B\u00fcrger-Solarfabrik beteiligen\u201c \u2013 Informationsveranstaltung in Kirchberg\/Jagst: Voranmeldung erforderlich"},"content":{"rendered":"\n<p><strong>Zur Info-Veranstaltung des Projekts \u201eB\u00fcrger-Solarfabrik\u201c am Donnerstag, 23. Februar 2023, um 19.30 Uhr im Rittersaal von Schloss Kirchberg\/Jagst l\u00e4dt die Energie-Initiative Kirchberg ein. Es wird kein Eintritt verlangt. Spenden f\u00fcr die Veranstaltung werden erbeten. Anmeldungen bis Sonntag, 19. Februar 2023 an den an stellvertretenden Vorsitzenden der Energieinitiative Marcus Maier unter der E-Mai-Adresse m.maiertw676@web.de oder telefonisch beim Vorsitzenden Gerhard Kreutz unter der Nummer 07954-1321. Veranstalter sind neben der Energieinitiative Kirchberg d<span style=\"font-size: revert; color: initial;\">as <\/span>B\u00fcndnis B\u00fcrgerenergie e. V., Berlin und das Projektteam B\u00fcrger-Solarfabrik.<\/strong><\/p>\n\n\n\n<p><em>Von der Energie-Initiative Kirchberg an der Jagst<\/em><\/p>\n\n\n\n<p><strong>Photovoltaik-Fabrik<\/strong><\/p>\n\n\n\n<p>Ein halbes Jahr intensiver Arbeit liegt hinter uns, und jetzt k\u00f6nnen wir etwas pr\u00e4sentieren, was sich sehen lassen kann: Hand-Josef Fell, der wohl profilierteste Experte f\u00fcr Erneuerbare Energien und Mitinitiator des Erneuerbare-Energien-Gesetzes, h\u00e4lt den Vortrag. Mit im Boot ist das B\u00fcndnis B\u00fcrgerenergie e. V. mit der Vorsitzenden Katharina Habersbrunner. Vor allem aber sind die dabei, die gerade unter der F\u00fchrung von Peter Fath aus Konstanz weltweit eine Photovoltaik-Fabrik nach der anderen errichten und nun nach Kirchberg kommen. <\/p>\n\n\n\n<p><strong>An der Fabrik beteiligen<\/strong><\/p>\n\n\n\n<p>Das Projekt soll die Abh\u00e4ngigkeiten von China verringern (95 Prozent bei den Solarzellen und -Modulen) und den B\u00fcrgerInnen erm\u00f6glichen, sich an der Fabrik zu beteiligen. Das wird bis hin zu Ansparungen f\u00fcr Balkonmodule reichen, sodass alle mitmachen k\u00f6nnen. Die Fabrik wird eine Kapazit\u00e4t von f\u00fcnf Gigawatt haben (das sind 15 Millionen Module pro Jahr), 4000 Arbeitspl\u00e4tze schaffen und in einer der Kohleregionen errichtet werden, weil dort ein Strukturwandel angesagt ist und es hohe F\u00f6rderungen gibt.<\/p>\n\n\n\n<p><strong>Musik und Tanz<\/strong><\/p>\n\n\n\n<p>Das Landesfernsehen L-TV berichtet \u00fcber den Abend und will das Projekt mit europaweiter Reichweite begleiten. Au\u00dferdem gibt es neben einem kleinen Imbiss wunderbare Musik von Alakart, und  ab 22 Uhr darf auch noch das Tanzbein geschwungen werden \u2013 zu allen Stilrichtungen. Wer noch ein oder zwei Tanzbeine hat, ist stark gefordert mit Robert Guttenberg ist ein passionierter DJ an Bord. <\/p>\n\n\n\n<p><strong>Info-Veranstaltung wird online \u00fcbertragen<\/strong> <\/p>\n\n\n\n<p>Die Veranstaltung wird auch online \u00fcbertragen, der Zugang ist ab Samstag, 18. Februar 2023 m\u00f6glich. Die Internetadresse ist: unter<\/p>\n\n\n\n<p><a href=\"http:\/\/www.energie-initiative.de\" target=\"_blank\" rel=\"noreferrer noopener\">www.energie-initiative.de<\/a><\/p>\n\n\n\n<p><strong>Programmablauf:<\/strong><\/p>\n\n\n\n<ol><li>Begr\u00fc\u00dfung: Rudolf B\u00fchler, Stiftung Haus der Bauern<br>Gerhard Kreutz, Energie-Initiative Kirchberg e. V.<\/li><li>Impulsvortrag: 100 % Erneuerbare Energien in Deutschland<br>Hans-Josef Fell, Pr\u00e4sident Energy Watch Group<br>Moderation: Birgit Bastian, Landesanstalt f\u00fcr Umwelt BW (LUBW)<\/li><li>Gru\u00dfworte: Katharina Habersbrunner, B\u00fcndnis B\u00fcrgerenergie e. V. Berlin (Video)<br>Prof. Dr. Ernst- Ulrich von Weizs\u00e4cker, Club of Rome (Video)<br>Musik zur \u00dcberleitung: Ensemble Alakart, Kirchberg<br>20.30 Uhr bis 21 Uhr: Pause mit kleinem Imbiss<\/li><li>Eine B\u00fcrger-Solarfabrik? Alles hat seine Geschichte<br>Gerhard Kreutz, Initiator<br>Dr. Paul Grunow, Projektleiter (Mitgr\u00fcnder von Solon und Q-Cells)<br>Rudolf Harney, ISC Konstanz (weltweite Projektierer Giga-Fabs)<\/li><li>Wie finanzieren B\u00fcrgerInnen eine Solarfabrik? Und was haben sie davon?<br>Dr. P. Grunow, Projektleiter: Der chinesische Weg<br>G. Kreutz: Der Weg der Energie-Gemeinschaften<br>Anschlie\u00dfend: Diskussion<br>Ende: Gegen 22 Uhr Danach: Vernetzung, Geselligkeit und Tanz<br>Es wird kein Eintritt erhoben; Spenden f\u00fcr die Veranstaltung werden erbeten.<\/li><li>Anmeldungen bis Sonntag, 19. Februar 2023 an 2. Vors. Marcus Maier Mail: m.maiertw676@web.de<\/li><li>Veranstalter: Energie-Initiative Kirchberg e. V. B\u00fcndnis B\u00fcrgerenergie e. V., Berlin und das Projektteam B\u00fcrger-Solarfabrik<\/li><\/ol>\n<div class=\"pdf24Plugin-cp\"> \t<form name=\"pdf24Form0\" method=\"post\" action=\"https:\/\/doc2pdf.pdf24.org\/wordpress.php\" target=\"pdf24PopWin\" onsubmit=\"var pdf24Win = window.open('about:blank', 'pdf24PopWin', 'resizable=yes,scrollbars=yes,width=600,height=250,left='+(screen.width\/2-300)+',top='+(screen.height\/3-125)+''); pdf24Win.focus(); if(typeof pdf24OnCreatePDF === 'function'){void(pdf24OnCreatePDF(this,pdf24Win));}\"> \t\t<input type=\"hidden\" name=\"blogCharset\" value=\"Cw1x07UAAA==\" \/><input type=\"hidden\" name=\"blogPosts\" value=\"MwQA\" \/><input type=\"hidden\" name=\"blogUrl\" value=\"yygpKSi20tcvLy\/Xy8jPSM3LARK6pXnpqWmZOSWpRSV6KakA\" \/><input type=\"hidden\" name=\"blogName\" value=\"88jPSM3LARK6pXnpqWmZOSWpRSUA\" \/><input type=\"hidden\" name=\"blogValueEncoding\" value=\"gzdeflate base64\" \/><input type=\"hidden\" name=\"postId_0\" value=\"MzY0NTIAAA==\" \/><input type=\"hidden\" name=\"postTitle_0\" value=\"FcuxDQIxDAXQVbwAoqeDDiiR6J07n88i50g\/hjo70CImoWOTTMLRv9fbe+90+H6ggs2lZMbECXajJCGWTcV7e1FvTzr6VLBwWPH6ELDX4Bx3VzKns2GYk0C3J9YaO7qWVSySxz8QrHUUZBvmHw==\" \/><input type=\"hidden\" name=\"postLink_0\" value=\"yygpKSi20tcvLy\/Xy8jPSM3LARK6pXnpqWmZOSWpRSV6Kan69gW2xoamRgYA\" \/><input type=\"hidden\" name=\"postAuthor_0\" value=\"S0zJzcwDAA==\" \/><input type=\"hidden\" name=\"postDateTime_0\" value=\"MzIwMtY1MNI1tFAwsLQyMLIyNQYA\" \/><input type=\"hidden\" name=\"postContent_0\" value=\"rVfLchs3Ft37K26paqrkKj4kOU7GNM2MaMm0LCulsSKpKpsptBrdRIgGWABajLnyP8w2NdnoG7zyjn\/iL8m5QPMV05NJ1Wghkt3AxX2cc+7Fo\/500PfBWVMOfqodnZnCtm+kE8YHoUNtSsqlp0tnf5aT4Onzh\/8MF59cKV37ymrhCpE5Nfn84VcSFZ1YY6TDxrJFR0869EpmrhaOjg6OnrSorujwWefJAV2PHamK3qkQsFoITffW0NXdWFvv6Vy5u3EmXdl9I0ofSC8e8kC5knQK46WS7TOjghJB3cv1YpLKdOjU00y5nCb4RafKBIcz6F46LUwZOnQ1lSaXhgqEEE1uRzqTjt9Kl8kgYe7YVFLneIOHmfJ0hfhicIhjKzgShngnPnyQWuPE4NgGP7yxzqswTz9y6ZZxqHUYF8Ld1R4fCq9rg7SkhW08aR\/nTnovqepU\/D7Mvv3u23\/MZNbJJVlehhNlYY3yd2PKJDK7deJIurFATs6drMN8w\/oPdVXh4+C7Z0+\/aR8+OTrsbKQDL7wyORmZfdXrdfLzvp\/G2N9r+WIPvoS2V3PZIyc5Fc\/pzmrrepQ26+d7A+Gp3+VNA8DJ5HCeGlzJdA5JuNNp0RDFQzFr+JKLFRCDBNx2ALEDownM\/e508Ah\/jG9ZDW7sVhS7MSTSmoi7fhe7No00di\/HNth7q4NQk\/areOiuMwE+GgudgTtvBOMdaTcexzk6BrwUcK1kGWisYj1q41sxxp9lmAeaLD6CSYbBTDLMEPfULR68NEFxglrEj7xCvb0cY50WAIihiTCmR6+FydtvrJcFMKp1K8Y0s2MNI7ZQmjEkAVM6\/WXKXxMbTp2RNZAv3IpoKesXSFRKlnVRCzZWtpcr2yPp4blEFOPFgw7UAD84UXbYBBN+aC0+QWku5H8tO1UqRLe3kHwuApCsjECIqJcH\/1hvOryKhNayIn6egMvszvFTteJXnCDAlzX6Xy0+jR2TnrXnUvLjV7BPAjw8t0wCM4cg6DDjYgH2knaUnoxAEdgeks5BQDwc6hKa5JnapCVrkE0saAdx2YGt44S\/xjSLEKoF8dkFsJM1GchbrWOUxxmyb0pVQgDZBY7t5Zgzds9+Qcicof1nT3knkhpYLmKpIoXmQEvjd\/vC5jV+PE7Ew9OmTGcRl9JVi4+lRqAMxghEseX7vN5wv0PsbBRmVlH4w++PDejvkrhGBA6FnlhTxYMhHEvjFmjxsbyMikrw4yVBYBlRN2fGA2KhzsVUzFVYPISYAVg3BY1UKWYC7WAsWNL280ghRHf4FADVWlmOLMXNTIm8fdyibw4ODhrO+imaEdBIUFpRFE2uEA6fmmB1Dp4BB2WytgRDaFoLiIucUA5i8B66Cq6ehNrNGD0aOSylF2UiCZsG28Z2jAgXH7G9SVapstDZgZ6L2iMLvO1HYPdrmHnLR\/kCQEjS8bb94w1qtfRz8SmLkRhgCayL5maK4bWBN2anrJ2dCiYH1r\/jasXvMFXqCD60z3rxG4ddRZc5mNRNOFsVTTR\/GjqrAArAo2YCRflJgXDljrWYCBeSNILcdHQUp4cceg+mAnbGMv\/gG8eccU6RQviSUtU09M8f\/s2IExHeV0HpGG1c0qFb+B+t8ObYT+eIZGVPAi9wgCsCTXAT2C8sFyOl4Z3N+OuoRksykd+8kk1NAVugIKqto5M3zJAhdu5k\/o6xK8LZGs0uxKqwlm5owaaZky9HGd4dM\/SlidQRfqpL4C26i8ReiSrNbYd\/\/8Nos2R64toZC6iRQTRDCbb3kqpuRiVo7GTxYm8cwrTX7c5ms06j7+31\/ID5ZY+Q0lKGF3v\/yjCiTfbAe\/1iz1jsBndiZeyUt+4Nvmqk3xU7G7WzpRNVJWC5Lnpf8sHqQV+rwVCWbvFp8Ruy1qN3dW51wWLHNG4xWIqYz9fcFzhtQ4HeZ\/qZG2wPVq0\/GU+5rfW7OI\/PPKumtfb3qT\/26BAK87fdHRhAOoF5QBr5yflYtHe\/1d4veTRQOct53PaebkVA4UfO1lPeccGohkMWw8FQwW5AFB4+AglJDhrgJB2+rrjt0fCW9t9eD28fr7weORB6Bqcx2H2lF7f+pK8309z+Dfy1j9k5lKkAtNDFEb8PbbqO7Iz0v5Vq7hcPdxM2\/FLXGdkCjKvkpoGkFnPcXRa\/whMWn1jKUwhclUHLVyKyqgZvOzpYXkW4Jx0d8tceXaLMsc808lQ18rTKwSlzacfg+T2O0SzXAjoRZWPEOhRVdRdYzpYjFb\/k6HGyRslqY2etpdDqpK77mJ8YoyyQ6aqEaTr1nn+2XwIDPiaiwe5rARy9xwlXL9eDzP5ykpFL2zxIutgUeZTx6yrfolgFCmvmcdb8Q+PnyLbCvuYGIXzTVX2cuuDj96u4Oruj6gHXjpAhIz3fXCSqHQsz6jRJSivwdGtwH8kKTsQGDMXlDcf8C1Mtmo3JsUn5SR2ll1+eImk91IK7QdM8TgRPZD0WTAjZHGBpcbGQxzQ3rVso7995o0Qxofvm+V+8UK5y\/JculkdxwPWd7Vsi\/uverjvh6pDNy1zvf1An+r\/exJIbXYjso98B\" \/> \t\t<a href=\"https:\/\/www.pdf24.org\" target=\"_blank\" title=\"www.pdf24.org\" rel=\"nofollow\"><img src=\"https:\/\/www.hohenlohe-ungefiltert.de\/wp-content\/plugins\/pdf24-post-to-pdf\/img\/pdf_32x32.png\" alt=\"\" border=\"0\" height=\"32\" \/><\/a> \t\t<span class=\"pdf24Plugin-cp-space\">&nbsp;&nbsp;<\/span> \t\t<span class=\"pdf24Plugin-cp-text\">Sende Artikel als PDF<\/span> \t\t<span class=\"pdf24Plugin-cp-space\">&nbsp;&nbsp;<\/span> \t\t<input class=\"pdf24Plugin-cp-input\" style=\"margin: 0px;\" type=\"text\" name=\"sendEmailTo\" placeholder=\"Emailadresse\" \/> \t\t<input class=\"pdf24Plugin-cp-submit\" style=\"margin: 0px;\" type=\"submit\" value=\"Senden\" \/> \t<\/form> <\/div>","protected":false},"excerpt":{"rendered":"<p>Zur Info-Veranstaltung des Projekts \u201eB\u00fcrger-Solarfabrik\u201c am Donnerstag, 23. Februar 2023, um 19.30 Uhr im Rittersaal von Schloss Kirchberg\/Jagst l\u00e4dt die Energie-Initiative Kirchberg ein. Es wird kein Eintritt verlangt. Spenden f\u00fcr die Veranstaltung werden erbeten. Anmeldungen bis Sonntag, 19. Februar 2023 an den an stellvertretenden Vorsitzenden der Energieinitiative Marcus Maier unter der E-Mai-Adresse m.maiertw676@web.de oder telefonisch [&hellip;]<\/p>\n","protected":false},"author":1,"featured_media":0,"comment_status":"open","ping_status":"open","sticky":false,"template":"","format":"standard","meta":[],"categories":[1],"tags":[],"_links":{"self":[{"href":"https:\/\/www.hohenlohe-ungefiltert.de\/index.php?rest_route=\/wp\/v2\/posts\/31520"}],"collection":[{"href":"https:\/\/www.hohenlohe-ungefiltert.de\/index.php?rest_route=\/wp\/v2\/posts"}],"about":[{"href":"https:\/\/www.hohenlohe-ungefiltert.de\/index.php?rest_route=\/wp\/v2\/types\/post"}],"author":[{"embeddable":true,"href":"https:\/\/www.hohenlohe-ungefiltert.de\/index.php?rest_route=\/wp\/v2\/users\/1"}],"replies":[{"embeddable":true,"href":"https:\/\/www.hohenlohe-ungefiltert.de\/index.php?rest_route=%2Fwp%2Fv2%2Fcomments&post=31520"}],"version-history":[{"count":6,"href":"https:\/\/www.hohenlohe-ungefiltert.de\/index.php?rest_route=\/wp\/v2\/posts\/31520\/revisions"}],"predecessor-version":[{"id":31526,"href":"https:\/\/www.hohenlohe-ungefiltert.de\/index.php?rest_route=\/wp\/v2\/posts\/31520\/revisions\/31526"}],"wp:attachment":[{"href":"https:\/\/www.hohenlohe-ungefiltert.de\/index.php?rest_route=%2Fwp%2Fv2%2Fmedia&parent=31520"}],"wp:term":[{"taxonomy":"category","embeddable":true,"href":"https:\/\/www.hohenlohe-ungefiltert.de\/index.php?rest_route=%2Fwp%2Fv2%2Fcategories&post=31520"},{"taxonomy":"post_tag","embeddable":true,"href":"https:\/\/www.hohenlohe-ungefiltert.de\/index.php?rest_route=%2Fwp%2Fv2%2Ftags&post=31520"}],"curies":[{"name":"wp","href":"https:\/\/api.w.org\/{rel}","templated":true}]}}