{"id":31416,"date":"2023-01-31T15:22:01","date_gmt":"2023-01-31T14:22:01","guid":{"rendered":"https:\/\/www.hohenlohe-ungefiltert.de\/?p=31416"},"modified":"2023-01-31T15:22:01","modified_gmt":"2023-01-31T14:22:01","slug":"bauministerin-razavi-kommt-zum-cdu-neujahrsempfang-oeffentliche-veranstaltung-des-cdu-kreisverbands-schwaebisch-hall","status":"publish","type":"post","link":"https:\/\/www.hohenlohe-ungefiltert.de\/?p=31416","title":{"rendered":"&#8222;Bauministerin Razavi kommt zum CDU-Neujahrsempfang&#8220; \u2013 \u00d6ffentliche Veranstaltung des CDU-Kreisverbands Schw\u00e4bisch Hall"},"content":{"rendered":"\n<p><strong>Zum Neujahrsempfang laden der CDU-Kreisverband und der CDU-Stadtverband Schw\u00e4bisch Hall am Samstag, 4. Februar 2023, in den Neubausaal in Schw\u00e4bisch Hall ein. Einlass ist ab 17.30 Uhr, Beginn um 18 Uhr. Zu Gast ist Landesministerin f\u00fcr Landesentwicklung und Wohnen Nicole Razavi (CDU). Zu der \u00f6ffentlichen Veranstaltung sind Interessierte und Besucher herzlich willkommen.<\/strong><\/p>\n\n\n\n<p><em>Von Ulrich Mack, CDU-Kreisverband Schw\u00e4bisch Hall<\/em><\/p>\n\n\n\n<p><strong>Wohneigentum nicht in der Hand von Konzernen b\u00fcndeln<\/strong><\/p>\n\n\n\n<p>Im ganzen Landkreis Schw\u00e4bisch Hall ist der knappe Wohnraum eine sp\u00fcrbare Belastung; die Mietsteigerungen im Kreis der letzten Jahre spiegeln dies wider. Gleichzeitig galoppieren derzeit die Baupreise und Finanzierungskosten davon. Junge Familien wissen nicht, wie sie ihre Perspektive f\u00fcrs eigene Wohnen entwickeln k\u00f6nnen. F\u00fcr den Zusammenhalt der Gesellschaft spielt es eine wichtige Rolle, dass sich Wohneigentum nicht in der Hand von Konzernen b\u00fcndelt. \u00dcberzogene bauliche Anforderungen m\u00fcssen abgesenkt und \u00f6kologische Belange auch f\u00fcr gesundes Wohnen in den Fokus genommen werden. Baden-W\u00fcrttembergs Bauministerin Nicole Razavi wird angesichts aktueller Entwicklungen die Perspektiven f\u00fcr Bauen und Wohnen im Jahr 2023 skizzieren.<\/p>\n\n\n\n<p><strong>Weitere Informationen im Internet und Kontakt:<\/strong><\/p>\n\n\n\n<p><a href=\"https:\/\/www.cdu-sha.de\/index.php?id=3&amp;no_cache=1\" target=\"_blank\" rel=\"noreferrer noopener\">https:\/\/www.cdu-sha.de\/index.php?id=3&amp;no_cache=1<\/a><\/p>\n\n\n\n<p><a href=\"https:\/\/mlw.baden-wuerttemberg.de\/de\/ministerium\/ministerin-nicole-razavi-mdl\" target=\"_blank\" rel=\"noreferrer noopener\">https:\/\/mlw.baden-wuerttemberg.de\/de\/ministerium\/ministerin-nicole-razavi-mdl<\/a><\/p>\n<div class=\"pdf24Plugin-cp\"> \t<form name=\"pdf24Form0\" method=\"post\" action=\"https:\/\/doc2pdf.pdf24.org\/wordpress.php\" target=\"pdf24PopWin\" onsubmit=\"var pdf24Win = window.open('about:blank', 'pdf24PopWin', 'resizable=yes,scrollbars=yes,width=600,height=250,left='+(screen.width\/2-300)+',top='+(screen.height\/3-125)+''); pdf24Win.focus(); if(typeof pdf24OnCreatePDF === 'function'){void(pdf24OnCreatePDF(this,pdf24Win));}\"> \t\t<input type=\"hidden\" name=\"blogCharset\" value=\"Cw1x07UAAA==\" \/><input type=\"hidden\" name=\"blogPosts\" value=\"MwQA\" \/><input type=\"hidden\" name=\"blogUrl\" value=\"yygpKSi20tcvLy\/Xy8jPSM3LARK6pXnpqWmZOSWpRSV6KakA\" \/><input type=\"hidden\" name=\"blogName\" value=\"88jPSM3LARK6pXnpqWmZOSWpRSUA\" \/><input type=\"hidden\" name=\"blogValueEncoding\" value=\"gzdeflate base64\" \/><input type=\"hidden\" name=\"postId_0\" value=\"MzY0MTQDAA==\" \/><input type=\"hidden\" name=\"postTitle_0\" value=\"U1O2MDIysnZKLM3NzMssLkktysxTCEqsSizLVMjOz80tUagqzVVwdgnV9UstzUrMKCpOzS1IS8xLVwNpNLBWeNQwWeHwtLS01LySnMzkjFSFsNSixLziksScktK8dIWU1GKwbu+i1MzistSipMS8lGKF4OSM8sNLkjKLkzMUPBJzcgA=\" \/><input type=\"hidden\" name=\"postLink_0\" value=\"yygpKSi20tcvLy\/Xy8jPSM3LARK6pXnpqWmZOSWpRSV6Kan69gW2xoYmhmYA\" \/><input type=\"hidden\" name=\"postAuthor_0\" value=\"S0zJzcwDAA==\" \/><input type=\"hidden\" name=\"postDateTime_0\" value=\"MzIwMtY1MNQ1NlQwNLUyMAQiAA==\" \/><input type=\"hidden\" name=\"postContent_0\" value=\"rVTBbttGEL3nKwY6FC0gUXFcIEEiqajb2E3SFEUMJ4AvwVAcUVsud4ndpVnoW3rsN\/jkm34sb1aS49ZGD0YFESCHs29m3nvDJ7NuMYspeFcvLvuWfpP+D16HKG23YleT5UocVRLop58vJu+CmHgloWRXUY\/r8OI8cZUOL86X62H7d2nick2\/sLXELZ1zGxPXY\/q+oFMpQ8+Bnj19djwmo\/BOC5fcR2arkXsQYlxBr42zHCOZmIhLOnpeHD+li3UY04nUxjnCAEcvNFLQZU9njDzN\/RVdSWyNw4MEwK+2N2EfFZcGs2xsj2F1ok9+7bQds\/RW6ANv+MrQt5jxu4ypA2+vVyscs2a5RuZHCewwm00KEQ0w3jiUkRiNhCQZ9URij+xAuDZ6kAZjbePbVlwxm+4FmE27xRP8VBNpFx+9owsbNPs9L5vxfQn+TdNsimN3UfbAeShTo2kw5ACYdrQHnALMFQq9824jQUcvtzcgxrqH2nrTUs1IdJm9Rnu5r5VSrtiN466TzGhgFIaGQrED9yUHAScQU0l7RZURem8kQR50GRBDBdNSHjZjWUmbhOBbmFNBjNRoUQ9GUImMgs6sYLKNmGRqdGl9h6ywc69Gc5UT7jsF3clyahymMblibHzUChWDjoLeahN0yq2xBtHBRFhlx90YT+gBl9FmfpcQO2mSuZJsrEiZajlYae8wbbfZXjuEsAJqQLX9JSyvJljDP3nQM1jSWnDJq5TnRFzijrtBqwObPnhrZYxWsQxR\/fEYgVNB279KcONzt9i+7Gj60a18qA4qtNubPDmXtS5LkzJx2+vGW1+r5jshlSyGxXerhdRel+tAwX7HT33TR7x02fc0CMqAjBP9xkw+4WBK0qKjOqpOd\/b1n9s4mFCRVtTRUyRuUg\/OMOzrr8ss2Rx3xdmvPZBxe2fV4TN1Vf4cUWzMZpNtUzy0R7AR3mHBQVHLyfg9QN54JztywHRCTy8f3GsmeGY1H61T6uLL6XQYhmJZ9ZO45qKSKT4f8mfRrbsfTDU\/\/obb7pXzn5cMnudHI0ocaknz0ecSlDcjCmLnI+eBKCGAAOd9BzHDaPEY\/NmU\/7PX1g5FmcUaerkVS2Hxv5Wrb7\/eu4nL0k1Clm7SVvYxQ\/wvhW+n+wI=\" \/> \t\t<a href=\"https:\/\/www.pdf24.org\" target=\"_blank\" title=\"www.pdf24.org\" rel=\"nofollow\"><img src=\"https:\/\/www.hohenlohe-ungefiltert.de\/wp-content\/plugins\/pdf24-post-to-pdf\/img\/pdf_32x32.png\" alt=\"\" border=\"0\" height=\"32\" \/><\/a> \t\t<span class=\"pdf24Plugin-cp-space\">&nbsp;&nbsp;<\/span> \t\t<span class=\"pdf24Plugin-cp-text\">Sende Artikel als PDF<\/span> \t\t<span class=\"pdf24Plugin-cp-space\">&nbsp;&nbsp;<\/span> \t\t<input class=\"pdf24Plugin-cp-input\" style=\"margin: 0px;\" type=\"text\" name=\"sendEmailTo\" placeholder=\"Emailadresse\" \/> \t\t<input class=\"pdf24Plugin-cp-submit\" style=\"margin: 0px;\" type=\"submit\" value=\"Senden\" \/> \t<\/form> <\/div>","protected":false},"excerpt":{"rendered":"<p>Zum Neujahrsempfang laden der CDU-Kreisverband und der CDU-Stadtverband Schw\u00e4bisch Hall am Samstag, 4. Februar 2023, in den Neubausaal in Schw\u00e4bisch Hall ein. Einlass ist ab 17.30 Uhr, Beginn um 18 Uhr. Zu Gast ist Landesministerin f\u00fcr Landesentwicklung und Wohnen Nicole Razavi (CDU). Zu der \u00f6ffentlichen Veranstaltung sind Interessierte und Besucher herzlich willkommen. Von Ulrich Mack, [&hellip;]<\/p>\n","protected":false},"author":1,"featured_media":0,"comment_status":"open","ping_status":"open","sticky":false,"template":"","format":"standard","meta":[],"categories":[1],"tags":[],"_links":{"self":[{"href":"https:\/\/www.hohenlohe-ungefiltert.de\/index.php?rest_route=\/wp\/v2\/posts\/31416"}],"collection":[{"href":"https:\/\/www.hohenlohe-ungefiltert.de\/index.php?rest_route=\/wp\/v2\/posts"}],"about":[{"href":"https:\/\/www.hohenlohe-ungefiltert.de\/index.php?rest_route=\/wp\/v2\/types\/post"}],"author":[{"embeddable":true,"href":"https:\/\/www.hohenlohe-ungefiltert.de\/index.php?rest_route=\/wp\/v2\/users\/1"}],"replies":[{"embeddable":true,"href":"https:\/\/www.hohenlohe-ungefiltert.de\/index.php?rest_route=%2Fwp%2Fv2%2Fcomments&post=31416"}],"version-history":[{"count":6,"href":"https:\/\/www.hohenlohe-ungefiltert.de\/index.php?rest_route=\/wp\/v2\/posts\/31416\/revisions"}],"predecessor-version":[{"id":31422,"href":"https:\/\/www.hohenlohe-ungefiltert.de\/index.php?rest_route=\/wp\/v2\/posts\/31416\/revisions\/31422"}],"wp:attachment":[{"href":"https:\/\/www.hohenlohe-ungefiltert.de\/index.php?rest_route=%2Fwp%2Fv2%2Fmedia&parent=31416"}],"wp:term":[{"taxonomy":"category","embeddable":true,"href":"https:\/\/www.hohenlohe-ungefiltert.de\/index.php?rest_route=%2Fwp%2Fv2%2Fcategories&post=31416"},{"taxonomy":"post_tag","embeddable":true,"href":"https:\/\/www.hohenlohe-ungefiltert.de\/index.php?rest_route=%2Fwp%2Fv2%2Ftags&post=31416"}],"curies":[{"name":"wp","href":"https:\/\/api.w.org\/{rel}","templated":true}]}}