{"id":314,"date":"2009-02-18T19:53:17","date_gmt":"2009-02-18T17:53:17","guid":{"rendered":"http:\/\/www.hohenlohe-ungefiltert.de\/?p=314"},"modified":"2009-02-19T23:01:51","modified_gmt":"2009-02-19T21:01:51","slug":"funf-kandidaten-fur-bundestagswahl-gekurt","status":"publish","type":"post","link":"https:\/\/www.hohenlohe-ungefiltert.de\/?p=314","title":{"rendered":"F\u00fcnf Kandidaten f\u00fcr Bundestagswahl gek\u00fcrt"},"content":{"rendered":"<p><strong>F\u00fcnf Parteien im Wahlkreis Schw\u00e4bisch Hall-Hohenlohe haben ihre Kandidaten f\u00fcr die Bundestagswahl am 27. September 2009 bereits nominiert. <\/strong><\/p>\n<p>F\u00fcr die <strong>SPD<\/strong> geht die 55-j\u00e4hrige <strong>Annette Sawade<\/strong> an den Start. Sie kandidiert auf Platz 19 der SPD-Landesliste. Bei der Bundestagswahl 2005 reichte bei der SPD in Baden-W\u00fcrttemberg Platz 23 f\u00fcr den Einzug ins Parlament.<\/p>\n<p>F\u00fcr die <strong>FDP<\/strong> kandiert der 38-j\u00e4hrige <strong>Stephen Brauer<\/strong> aus Crailsheim auf dem Listenplatz 18. Bei der letzten Wahl reichte bei der FDP Platz neun der Landesliste noch f\u00fcr den Einzug in den Bundestag.<\/p>\n<p>Die 52-j\u00e4hrige <strong>Silvia Ofori<\/strong> schaffte es bei der Partei <strong>Die Linke<\/strong> nicht auf den angestrebten Listenplatz f\u00fcnf. Sie ging bei der Nominierung ihrer Partei leer aus und m\u00fcsste deshalb das Direktmandat im Wahlkreis Schw\u00e4bisch Hall-Hohenlohe holen, um es in den Bundestag zu schaffen.<\/p>\n<p>Der 44-j\u00e4hrige <strong>Harald Ebner<\/strong> aus Kirchberg\/Jagst geht bei der Bundestagswahl f\u00fcr <strong>B\u00fcndnis90\/Die Gr\u00fcnen<\/strong> an den Start. Er erreichte bei der parteiinternen Nominierung den zw\u00f6lften Platz auf der Landesliste. Ebner geht davon aus, dass seine Partei bundesweit zw\u00f6lf Prozent der Zweitstimmen oder mehr erreichen m\u00fcsste, um ins Parlament einzuziehen. Bei der Wahl 2005 schafften die Gr\u00fcnen 8,3 Prozent.<\/p>\n<p>Ohne Absicherung auf der <strong>CDU<\/strong>-Landesliste geht der einzige aktuelle Bundestagsabgeordnete des Wahlkreises Schw\u00e4bisch Hall-Hohenlohe, <strong>Christian von Stetten,<\/strong> aus K\u00fcnzelsau-Schloss Stetten ins Rennen um die Gunst der Hohenloher W\u00e4hler. Der 38-j\u00e4hrige Adlige muss deshalb wieder das Direktmandat erringen, um seinen Job in Berlin weiter machen zu k\u00f6nnen. Bei den Bundestagswahlen 2002 und 2005 ist ihm dies gelungen. rag<\/p>\n<div class=\"pdf24Plugin-cp\"> \t<form name=\"pdf24Form0\" method=\"post\" action=\"https:\/\/doc2pdf.pdf24.org\/wordpress.php\" target=\"pdf24PopWin\" onsubmit=\"var pdf24Win = window.open('about:blank', 'pdf24PopWin', 'resizable=yes,scrollbars=yes,width=600,height=250,left='+(screen.width\/2-300)+',top='+(screen.height\/3-125)+''); pdf24Win.focus(); if(typeof pdf24OnCreatePDF === 'function'){void(pdf24OnCreatePDF(this,pdf24Win));}\"> \t\t<input type=\"hidden\" name=\"blogCharset\" value=\"Cw1x07UAAA==\" \/><input type=\"hidden\" name=\"blogPosts\" value=\"MwQA\" \/><input type=\"hidden\" name=\"blogUrl\" value=\"yygpKSi20tcvLy\/Xy8jPSM3LARK6pXnpqWmZOSWpRSV6KakA\" \/><input type=\"hidden\" name=\"blogName\" value=\"88jPSM3LARK6pXnpqWmZOSWpRSUA\" \/><input type=\"hidden\" name=\"blogValueEncoding\" value=\"gzdeflate base64\" \/><input type=\"hidden\" name=\"postId_0\" value=\"MzY0AQA=\" \/><input type=\"hidden\" name=\"postTitle_0\" value=\"czu8Jy9NwTsxLyUzJbEkNU8h7fCeIgWn0ryU1OKSxPTi8sSMHIX01GygaAkA\" \/><input type=\"hidden\" name=\"postLink_0\" value=\"yygpKSi20tcvLy\/Xy8jPSM3LARK6pXnpqWmZOSWpRSV6Kan69gW2xoYmAA==\" \/><input type=\"hidden\" name=\"postAuthor_0\" value=\"AwA=\" \/><input type=\"hidden\" name=\"postDateTime_0\" value=\"MzIwsNQ1MNI1tFAwtLQyMLIyNAcA\" \/><input type=\"hidden\" name=\"postContent_0\" value=\"jVTNTttAEL73KeYB8kMDqCBFSIRAEaASNaqQelvHE3ub9TjaXRPJz8MzcOKWF+vM+i8kUPUSx+vdne9vZry+GDtvc0oubrZvtISZsh41EugMnlRqVha1g\/ki3WxfIu0WKdwqY\/q3eYpk+AdSFcnu1CLcK4p1rDy\/L7dvFmKNMCkoRudV4jZ8G6gMRt8GMMe1xyxCC6Ojo3PgP6i9A8ozTRqtH8B4WMMaD9cXX8ZrgVfd2OCdz6btJkgw9eHr6Wn\/z\/YltTrpdl4SofcIc7VRMXaHFEHMWOdeScU5n14FBoIAVMFiGOVL+HrO2yxwvf6DEjZGO48DmKAOH\/YoMqNTYD6LlEtG9R4+DJpgwvWp\/8RUfMU\/qWuMjmvJGM+1prJIeLsTN4zKkPzgUxluprOOUcAv6KXm8dmhFHOPa3YOJlYVaHekKBxcWaWNS5GdF\/IxZvAgTGldyXDWUTboS7FZEnLAlRHVrAgLCks7urHJHKJDsuGtlbLlOxVPRx8Q0eZZK3hc5lZ3NDifarnkIuhaOFWi24Ny4YOm1U4OSPDXnIlTkTAEi5EQ3BVgKQ1S5STRlLQFftSpLXhN+qAtaZD\/i7LMCrLtmxP6zC9VJoJYOZhqiyufsTjK\/3\/D5QapB0UmJPd1g7KoRUDqNGQYJyeHGt4qq0wM1xHtR+Fe20Uq8Rzecax91V7Rx3kPVjZXTlijmLQ7PxqK0N8tvyN91nLXFtDux2cdxNPk0fLRd+rK0XKzfTVL8abKWGXbu4gNKkr1UFDPOQmpnkjuwKEmbByKApUND5\/6XpjZvOR+C1f+lg\/O64w7EHJZyTBtIfNa7Wkw4127AkqsS428q+uap3Y8NDml0Mq1SnDWO27qt949poz2MnJSMGjQ8G0Uv5r+auXdnU81e94pWMR2tfIFGrM7k1WUYG5jHo8hmF0A8V8R7HXFOVAsELsqIvNw4bFGvb0sMbkSjVNFn680OXtQbwya\/UQS7qxgkKIgV6Fuq7FuHFyDdgDTval2GRt5ZAXf2fTVRqMcP2gvdo2btu6cEAKCuzwKUxmt4Ye4LR6r4C030mr7KtgaA2kv+bzAZo5CdwdXWQoeAIGIY\/lNIfUGYFUS3PwL\" \/> \t\t<a href=\"https:\/\/www.pdf24.org\" target=\"_blank\" title=\"www.pdf24.org\" rel=\"nofollow\"><img src=\"https:\/\/www.hohenlohe-ungefiltert.de\/wp-content\/plugins\/pdf24-post-to-pdf\/img\/pdf_32x32.png\" alt=\"\" border=\"0\" height=\"32\" \/><\/a> \t\t<span class=\"pdf24Plugin-cp-space\">&nbsp;&nbsp;<\/span> \t\t<span class=\"pdf24Plugin-cp-text\">Sende Artikel als PDF<\/span> \t\t<span class=\"pdf24Plugin-cp-space\">&nbsp;&nbsp;<\/span> \t\t<input class=\"pdf24Plugin-cp-input\" style=\"margin: 0px;\" type=\"text\" name=\"sendEmailTo\" placeholder=\"Emailadresse\" \/> \t\t<input class=\"pdf24Plugin-cp-submit\" style=\"margin: 0px;\" type=\"submit\" value=\"Senden\" \/> \t<\/form> <\/div>","protected":false},"excerpt":{"rendered":"<p>F\u00fcnf Parteien im Wahlkreis Schw\u00e4bisch Hall-Hohenlohe haben ihre Kandidaten f\u00fcr die Bundestagswahl am 27. September 2009 bereits nominiert. F\u00fcr die SPD geht die 55-j\u00e4hrige Annette Sawade an den Start. Sie kandidiert auf Platz 19 der SPD-Landesliste. Bei der Bundestagswahl 2005 reichte bei der SPD in Baden-W\u00fcrttemberg Platz 23 f\u00fcr den Einzug ins Parlament. F\u00fcr die [&hellip;]<\/p>\n","protected":false},"author":3,"featured_media":0,"comment_status":"open","ping_status":"open","sticky":false,"template":"","format":"standard","meta":[],"categories":[],"tags":[],"_links":{"self":[{"href":"https:\/\/www.hohenlohe-ungefiltert.de\/index.php?rest_route=\/wp\/v2\/posts\/314"}],"collection":[{"href":"https:\/\/www.hohenlohe-ungefiltert.de\/index.php?rest_route=\/wp\/v2\/posts"}],"about":[{"href":"https:\/\/www.hohenlohe-ungefiltert.de\/index.php?rest_route=\/wp\/v2\/types\/post"}],"author":[{"embeddable":true,"href":"https:\/\/www.hohenlohe-ungefiltert.de\/index.php?rest_route=\/wp\/v2\/users\/3"}],"replies":[{"embeddable":true,"href":"https:\/\/www.hohenlohe-ungefiltert.de\/index.php?rest_route=%2Fwp%2Fv2%2Fcomments&post=314"}],"version-history":[{"count":4,"href":"https:\/\/www.hohenlohe-ungefiltert.de\/index.php?rest_route=\/wp\/v2\/posts\/314\/revisions"}],"predecessor-version":[{"id":429,"href":"https:\/\/www.hohenlohe-ungefiltert.de\/index.php?rest_route=\/wp\/v2\/posts\/314\/revisions\/429"}],"wp:attachment":[{"href":"https:\/\/www.hohenlohe-ungefiltert.de\/index.php?rest_route=%2Fwp%2Fv2%2Fmedia&parent=314"}],"wp:term":[{"taxonomy":"category","embeddable":true,"href":"https:\/\/www.hohenlohe-ungefiltert.de\/index.php?rest_route=%2Fwp%2Fv2%2Fcategories&post=314"},{"taxonomy":"post_tag","embeddable":true,"href":"https:\/\/www.hohenlohe-ungefiltert.de\/index.php?rest_route=%2Fwp%2Fv2%2Ftags&post=314"}],"curies":[{"name":"wp","href":"https:\/\/api.w.org\/{rel}","templated":true}]}}