{"id":3138,"date":"2009-07-31T13:01:15","date_gmt":"2009-07-31T12:01:15","guid":{"rendered":"http:\/\/www.hohenlohe-ungefiltert.de\/?p=3138"},"modified":"2009-07-31T13:14:48","modified_gmt":"2009-07-31T12:14:48","slug":"letzter-arbeitstag-von-crailsheims-oberburgermeister-andreas-raab-ist-der-11-september-2009-%e2%80%93-kurzinterview-mit-dem-regierungsprasidium-stuttgart","status":"publish","type":"post","link":"https:\/\/www.hohenlohe-ungefiltert.de\/?p=3138","title":{"rendered":"Letzter Arbeitstag von Crailsheims Oberb\u00fcrgermeister Andreas Raab ist der 11. September 2009 \u2013 Kurzinterview mit dem Regierungspr\u00e4sidium Stuttgart"},"content":{"rendered":"<p><strong>Zum R\u00fccktritt des Crailsheimer Oberb\u00fcrgermeisters Andreas Raab hat Hohenlohe-ungefiltert-Redakteur Ralf Garmatter ein Kurzinterview mit Clemens Homoth-Kuhs von der Pressestelle des Regierungspr\u00e4sidiums Stuttgart gef\u00fchrt. OB Raab ist seit seiner R\u00fccktrittserkl\u00e4rung am 25. Juni 2009 krankgeschrieben. Auch Crailsheims Erster B\u00fcrgermeister Harald Rilk ist derzeit krank geschrieben. Er wird am Montag, 10. August 2009, wieder an seinem Arbeitsplatz im Crailsheimer Rathaus zur\u00fcckerwartet \u2013 allerdings vorerst nur halbtags.<br \/>\n<\/strong><\/p>\n<p><strong>Auf welchen Tag genau hat Crailsheims Oberb\u00fcrgermeister Andreas Raab inzwischen seinen R\u00fccktritt eingereicht? Wann ist sein letzter offizieller Arbeitstag?<\/strong><\/p>\n<p><em>Clemens Homoth-Kuhs, Pressestelle Regierungspr\u00e4sidium Stuttgart:<\/em> Mit Ablauf des 11. Septembers 2009.<\/p>\n<p><strong>Zun\u00e4chst hatte OB Raab beim Regierungspr\u00e4sidenten seinen R\u00fccktritt auf 31. Oktober 2009 eingereicht. Diesen R\u00fccktritt zu diesem Termin hat das RP auch angenommen. Ist es rechtlich zul\u00e4ssig, den R\u00fccktrittstermin zu verschieben, ihn vorzuverlegen?<\/strong><\/p>\n<p><em>Clemens Homoth-Kuhs:<\/em> Ja.<\/p>\n<p><strong>Liegt f\u00fcr den geplanten, vorgezogenen R\u00fccktritt f\u00fcr Anfang September 2009 eine Zustimmung des RP vor?<\/strong><\/p>\n<p><em>Clemens Homoth-Kuhs:<\/em> Ja<\/p>\n<p><strong>Wie ist der genaue zeitliche Ablauf des R\u00fccktritts von OB Raab? Wann hat er beim Regierungspr\u00e4sidium seinen ersten R\u00fccktritt eingereicht \u2013 zu welchem Datum? Wann hat er seine R\u00fccktrittskorrektur eingereicht (genaues Datum)? Wann wurde seitens des RP den R\u00fccktritten entprochen? Welche Gr\u00fcnde gab OB Raab dem RP f\u00fcr seinen R\u00fccktritt an?<\/strong><\/p>\n<p><em>Clemens Homoth-Kuhs:<\/em> Die Fakten hierzu sind bekannt. Die detaillierte Entwicklung dazu geben wir nicht bekannt, da es sich um beh\u00f6rdeninterne und zugleich pers\u00f6nliche Angelegenheiten zwischen dem kommunalen Wahlbeamten und dem die Aufgabe des Dienstvorgesetzten wahrnehmenden RP handelt. Hier kann allenfalls auf die pers\u00f6nliche Erkl\u00e4rung des OB selbst (siehe Internetseite der Stadt Crailsheim) in dieser Angelegenheit verwiesen werden.<\/p>\n<p><strong>Anmerkung der Redaktion von Hohenlohe-ungefiltert:<\/strong> Eine Suche nach der pers\u00f6nlichen Erkl\u00e4rung von Oberb\u00fcrgermeister Andreas Raab auf der Homepage der Stadt Crailsheim war am heutigen Tag (31. Juli 2009) erfolglos geblieben. Weder unter den Stichworten Pers\u00f6nliche Erkl\u00e4rung, R\u00fccktritt Oberb\u00fcrgermeister, Oberb\u00fcrgermeister Raab, Waffendiebstahl, Waffenklau oder Ordnungsamtsleiter konnte eine solche pers\u00f6nliche Erkl\u00e4rung des Oberb\u00fcrgermeisters auf der Internetseite der Stadt Crailsheim gefunden werden.<\/p>\n<p><strong>Es gibt aber zwei pers\u00f6nliche Erkl\u00e4rungen von Crailsheims Oberb\u00fcrgermeister Andreas Raab, die auf Hohenlohe-ungefiltert nachzulesen sind:<\/strong><\/p>\n<p><a href=\"https:\/\/www.hohenlohe-ungefiltert.de\/?p=2562\" target=\"_blank\">www.hohenlohe-ungefiltert.de\/?p=2562<\/a><\/p>\n<p><a href=\"https:\/\/www.hohenlohe-ungefiltert.de\/?p=3002\" target=\"_blank\">www.hohenlohe-ungefiltert.de\/?p=3002<\/a><\/p>\n<div class=\"pdf24Plugin-cp\"> \t<form name=\"pdf24Form0\" method=\"post\" action=\"https:\/\/doc2pdf.pdf24.org\/wordpress.php\" target=\"pdf24PopWin\" onsubmit=\"var pdf24Win = window.open('about:blank', 'pdf24PopWin', 'resizable=yes,scrollbars=yes,width=600,height=250,left='+(screen.width\/2-300)+',top='+(screen.height\/3-125)+''); pdf24Win.focus(); if(typeof pdf24OnCreatePDF === 'function'){void(pdf24OnCreatePDF(this,pdf24Win));}\"> \t\t<input type=\"hidden\" name=\"blogCharset\" value=\"Cw1x07UAAA==\" \/><input type=\"hidden\" name=\"blogPosts\" value=\"MwQA\" \/><input type=\"hidden\" name=\"blogUrl\" value=\"yygpKSi20tcvLy\/Xy8jPSM3LARK6pXnpqWmZOSWpRSV6KakA\" \/><input type=\"hidden\" name=\"blogName\" value=\"88jPSM3LARK6pXnpqWmZOSWpRSUA\" \/><input type=\"hidden\" name=\"blogValueEncoding\" value=\"gzdeflate base64\" \/><input type=\"hidden\" name=\"postId_0\" value=\"MzY0tgAA\" \/><input type=\"hidden\" name=\"postTitle_0\" value=\"HcvBCcJAEEbhVv4KJPHmUTwqCEkFu+ywDjhrmJmNkJM92IJleEsnVuLq9fG9E\/nipNhrJHbzkDHfCg4a+GoXYjGcI2lc35pJhdj+uiSlYBhCiGgJqcW+32CkyUnagG3X7fB5PHGsunBp18x0h\/APCwbKTFpLtknXl3HiKhi9uueg\/gU=\" \/><input type=\"hidden\" name=\"postLink_0\" value=\"yygpKSi20tcvLy\/Xy8jPSM3LARK6pXnpqWmZOSWpRSV6Kan69gW2xobGFgA=\" \/><input type=\"hidden\" name=\"postAuthor_0\" value=\"AwA=\" \/><input type=\"hidden\" name=\"postDateTime_0\" value=\"MzIwsNQ1MNc1NlQwNLYyMLcyNAUA\" \/><input type=\"hidden\" name=\"postContent_0\" value=\"nVZLbttIEN3PKQpeJYAiOQ4ywBiKAyXx5DeBDTuAgWwGTbHEbrDZFPoTAlrlDnMFnyGr7HSTOcm8asq2GCmTz0YQP1316tV7VZwuT6Yh+tZVJx9SQxfrL\/M6ehMjlRzouVfGBs2mYU9nBfti\/cVX7Bs2IbIPNHOlZxXoQqmCtIr0qtXsLH4eJFfxwli8Fh9ccKnqyMnjRbugl8o3KuIJsXH0NvmVcbj6aLijxkR6brlhFxCsaaN+8DbpQB9bB0iezj2HwMhuLWeMF1wZ9sgWln59HUxpUhPoMqYYK+UjAcX6i\/ZxTGfPepzAToFN\/nEIeVd0YF\/b9bVEI9XQ0eMxvUnO0NHh4R9Ue+XqisNce8MFuzHN0lxvcRTo1Ast9GzAEr1SXtmSLoytc26UsZL0OSANIp566owvJfm71kVVjejhoSSqEg4KjBFeYCFCuR5\/QzNfIFxYWhVXZJph1y5U1CoFWiUvZbLvQApH+vfTP6TAoS8NqAO9Hv2M5NAjrWyB1GE8LTxNTn6bTjYKmU6WuLpTzCwtqGM7R8vpvapQilMpy2CblF3dDGVj3KozIQfJBbltFeIGzrGZ6\/iUrpRzN91zZDmuJFi7WJiVET34GyqA\/ukuam5O9ihrNJTUPjndqel4OkEUeofuzQqrUL9I8OHDMV3yMnJTiCmkTeOvufqQ3Pp6rgFei\/RvxQi8zW5Shh\/20SEZHyHbWR1b5OqFucXRmF4YDsMzq0Sl3GzoPToA4qRBpbB\/jnhQsMJx1zaNCPA1AKIizwhmERGnYYgQDJRYDuJKIyUawn9E1XOdJTwio52oaZVw1zIi\/3AnNuS+UTvk\/WW4igQf+wyiYmhdGBpJpopXLdIMi87vztwCtd215pYupg\/wk2kaMXoeIucS6eeRfg30yvCNxXs3MInVhUneVswWjXmybdSwkbg0CAH2S0P0uBGGOPabdskOR3N6gzb0QsXUDBPkMNtY6tZ7rmPyg0D3+kpCH+L+JkaXfMl5jgo5GxKHEhGILi59K+bGsYyEXmIQORytoP4bF5QAiOO5a3tU\/9MaggvoT1k5qBX0gYZgXAlGa0DvXYKcEUPK4jHseOpiZ+a1zYJQeL8SNcswJpdJ2ByFC5QYJIg30ImC9foziHB5g4HNhDSrVFmhjpbo0Pqz27QfjGZD6MwZ3U49Kb5uRYzK4vJKaVuwauQdiSaPYWAsgQUo65ce8LsQs\/hDHoOAqjTyaxCSm3COJuOfRbGvUCIJ+jzw4QlrQ54kEnUA8fRu\/UkWdCewLaDne8Ewnr\/ui4y561nkl1GV2+P+PsZ5P278sGAZEl0\/mzoWwnZMPnPYV3WfG3srfzKY1mV\/7P2sOL4VBZ2KkC+T1OAUiJcI25W57dKy4b6zlHqjepEWL1W1v1hw7mVVa07RVJsleE\/m85tk+6+G+\/DZorWVbYNIym72\/FVe4UnozJ65jEDZtV4aeb6\/I6NtR+zCH+0rSUoZQVCLBVSB1FiM2t7cqDGNqBUcZ750MmGguWCltZBLC7FzPytDm337v0rZ8214Q+H3RSPfaCnL9hvSOAV5psAgkCG+6th8Cwz3cvmJz49RdoFg3auxLCfswCxcmSHHu5NIkfa8eHKgY1yG48mk67qx3hdsXPLk6fLJ0ePfjw4oKkCKTw7+xlZw9cHJj5yaTtSvp310ePgLaeXUbdr\/AA==\" \/> \t\t<a href=\"https:\/\/www.pdf24.org\" target=\"_blank\" title=\"www.pdf24.org\" rel=\"nofollow\"><img src=\"https:\/\/www.hohenlohe-ungefiltert.de\/wp-content\/plugins\/pdf24-post-to-pdf\/img\/pdf_32x32.png\" alt=\"\" border=\"0\" height=\"32\" \/><\/a> \t\t<span class=\"pdf24Plugin-cp-space\">&nbsp;&nbsp;<\/span> \t\t<span class=\"pdf24Plugin-cp-text\">Sende Artikel als PDF<\/span> \t\t<span class=\"pdf24Plugin-cp-space\">&nbsp;&nbsp;<\/span> \t\t<input class=\"pdf24Plugin-cp-input\" style=\"margin: 0px;\" type=\"text\" name=\"sendEmailTo\" placeholder=\"Emailadresse\" \/> \t\t<input class=\"pdf24Plugin-cp-submit\" style=\"margin: 0px;\" type=\"submit\" value=\"Senden\" \/> \t<\/form> <\/div>","protected":false},"excerpt":{"rendered":"<p>Zum R\u00fccktritt des Crailsheimer Oberb\u00fcrgermeisters Andreas Raab hat Hohenlohe-ungefiltert-Redakteur Ralf Garmatter ein Kurzinterview mit Clemens Homoth-Kuhs von der Pressestelle des Regierungspr\u00e4sidiums Stuttgart gef\u00fchrt. OB Raab ist seit seiner R\u00fccktrittserkl\u00e4rung am 25. Juni 2009 krankgeschrieben. Auch Crailsheims Erster B\u00fcrgermeister Harald Rilk ist derzeit krank geschrieben. Er wird am Montag, 10. August 2009, wieder an seinem Arbeitsplatz [&hellip;]<\/p>\n","protected":false},"author":3,"featured_media":0,"comment_status":"open","ping_status":"open","sticky":false,"template":"","format":"standard","meta":[],"categories":[],"tags":[],"_links":{"self":[{"href":"https:\/\/www.hohenlohe-ungefiltert.de\/index.php?rest_route=\/wp\/v2\/posts\/3138"}],"collection":[{"href":"https:\/\/www.hohenlohe-ungefiltert.de\/index.php?rest_route=\/wp\/v2\/posts"}],"about":[{"href":"https:\/\/www.hohenlohe-ungefiltert.de\/index.php?rest_route=\/wp\/v2\/types\/post"}],"author":[{"embeddable":true,"href":"https:\/\/www.hohenlohe-ungefiltert.de\/index.php?rest_route=\/wp\/v2\/users\/3"}],"replies":[{"embeddable":true,"href":"https:\/\/www.hohenlohe-ungefiltert.de\/index.php?rest_route=%2Fwp%2Fv2%2Fcomments&post=3138"}],"version-history":[{"count":9,"href":"https:\/\/www.hohenlohe-ungefiltert.de\/index.php?rest_route=\/wp\/v2\/posts\/3138\/revisions"}],"predecessor-version":[{"id":3140,"href":"https:\/\/www.hohenlohe-ungefiltert.de\/index.php?rest_route=\/wp\/v2\/posts\/3138\/revisions\/3140"}],"wp:attachment":[{"href":"https:\/\/www.hohenlohe-ungefiltert.de\/index.php?rest_route=%2Fwp%2Fv2%2Fmedia&parent=3138"}],"wp:term":[{"taxonomy":"category","embeddable":true,"href":"https:\/\/www.hohenlohe-ungefiltert.de\/index.php?rest_route=%2Fwp%2Fv2%2Fcategories&post=3138"},{"taxonomy":"post_tag","embeddable":true,"href":"https:\/\/www.hohenlohe-ungefiltert.de\/index.php?rest_route=%2Fwp%2Fv2%2Ftags&post=3138"}],"curies":[{"name":"wp","href":"https:\/\/api.w.org\/{rel}","templated":true}]}}