{"id":31373,"date":"2023-01-27T14:30:32","date_gmt":"2023-01-27T13:30:32","guid":{"rendered":"https:\/\/www.hohenlohe-ungefiltert.de\/?p=31373"},"modified":"2023-01-27T14:30:32","modified_gmt":"2023-01-27T13:30:32","slug":"team-menschenrechte-der-anstifter-erklaerung-zum-27-januar-2023-tag-des-gedenkens-an-die-opfer-des-nationalsozialismus","status":"publish","type":"post","link":"https:\/\/www.hohenlohe-ungefiltert.de\/?p=31373","title":{"rendered":"&#8222;Team Menschenrechte der AnStifter: Erkl\u00e4rung zum 27. Januar 2023&#8220; \u2013\u00a0Tag des Gedenkens an die Opfer des Nationalsozialismus"},"content":{"rendered":"\n<p><strong>Das Konzentrationslager Auschwitz wurde am 27. Januar 1945 befreit. 1996 wurde in Deutschland der 27. Januar zum Tag des Gedenkens an die Opfer des Nationalsozialismus. Die Generalversammlung der UNO proklamierte das Datum der Befreiung von Auschwitz durch die Rote Armee zum internationalen Erinnerungstag an den Holocaust.<\/strong><\/p>\n\n\n\n<p><em>Vom Team Menschenrechte der AnStifter<\/em><\/p>\n\n\n\n<p><strong>Taten und Ursachen benennen<\/strong><\/p>\n\n\n\n<p>Wir wissen, wie sehr sich die Deutschen nach dem Krieg davor gescheut haben, ihre jeweils eigene Rolle w\u00e4hrend der NS-Herrschaft \u2013 in allen Lebensbereichen \u2013 kritisch zu hinterfragen. Wenn Schuld in Vergebung und Vers\u00f6hnung gewandelt werden soll, braucht es eine Haltung, die den Schmerz \u00fcber Unrecht zul\u00e4sst, die Taten und Ursachen benennt, die T\u00e4terinnen und T\u00e4ter beim Namen nennt, braucht es Menschen, die un\u00fcberh\u00f6rbar gegen Antisemitismus, Hass, Hetze und Gewalt und f\u00fcr eine bessere Welt streiten.<\/p>\n\n\n\n<p><strong>Mehr zivilgesellschaftliche Initiativen<\/strong><\/p>\n\n\n\n<p>Es braucht M\u00fche und die kleinen und gro\u00dfen sichtbaren Schritte der Vielen. Es braucht das \u00f6ffentliche Benennen und Bekennen von Unrecht und Schuld heute. Es braucht die wiederkehrenden Gedenktage wie den 27. Januar, es braucht das Erinnern an die B\u00fccherverbrennungen vor 90 Jahren, es braucht mehr zivilgesellschaftliche Initiativen gegen Dummheit und Intoleranz, es braucht das Recht auf Menschenrechte.<\/p>\n\n\n\n<p><strong>Weitere Informationen im Internet, Termine und Kontakt:<\/strong><\/p>\n\n\n\n<p><strong>Die AnStifter B\u00fcrgerprojekte gegen Gewalt und Vergessen<\/strong><\/p>\n\n\n\n<p><a rel=\"noreferrer noopener\" href=\"https:\/\/30tageimnovember.de\/\" target=\"_blank\">https:\/\/30tageimnovember.de\/<\/a><\/p>\n\n\n\n<p><strong>Plan 33\/23 verbannt verbrannt verfolgt verboten gerettet<\/strong><\/p>\n\n\n\n<p>1<strong>9. Februar 2023:<\/strong> Jin, Jiyan, Azad\u00ee! Frauen, Leben, Freiheit!<\/p>\n\n\n\n<p><strong>8. M\u00e4rz 2023: <\/strong>Internationaler Frauentag \/ Film<\/p>\n\n\n\n<p><strong>31. M\u00e4rz 2023:<\/strong> Ihre Vorschl\u00e4ge zum Stuttgarter FriedensPreis 2023<\/p>\n\n\n\n<p><strong>April \/ Mai 2023:<\/strong> Verfolgte AutorInnen international, gestern und heute<\/p>\n\n\n\n<p><strong>30 Tage im November<\/strong> \u2013 Vom Wert der Menschenrechte<\/p>\n\n\n\n<p><strong>10. Dezember 2023:<\/strong> Tag der Menschenrechte*&#8216;<\/p>\n\n\n\n<ul><li>Literatur, Theater, Tanz, Film, Debatten, Studienreise,<\/li><li>Bundesweite Plakatausstellung: Mein Name ist Mensch<\/li><li>** Plakat 75 Jahre Menschenrechte f\u00fcr Kommunen, Schulen, Institutionen<\/li><li><\/li><li><strong>Infos im Internet:<\/strong> <a rel=\"noreferrer noopener\" href=\"http:\/\/www.die-anstifter.de\" target=\"_blank\">www.die-anstifter.de<\/a><\/li><li>Die AnStifter, Werastra\u00dfe 10, D 70182 Stuttgart<\/li><\/ul>\n\n\n\n<p><\/p>\n<div class=\"pdf24Plugin-cp\"> \t<form name=\"pdf24Form0\" method=\"post\" action=\"https:\/\/doc2pdf.pdf24.org\/wordpress.php\" target=\"pdf24PopWin\" onsubmit=\"var pdf24Win = window.open('about:blank', 'pdf24PopWin', 'resizable=yes,scrollbars=yes,width=600,height=250,left='+(screen.width\/2-300)+',top='+(screen.height\/3-125)+''); pdf24Win.focus(); if(typeof pdf24OnCreatePDF === 'function'){void(pdf24OnCreatePDF(this,pdf24Win));}\"> \t\t<input type=\"hidden\" name=\"blogCharset\" value=\"Cw1x07UAAA==\" \/><input type=\"hidden\" name=\"blogPosts\" value=\"MwQA\" \/><input type=\"hidden\" name=\"blogUrl\" value=\"yygpKSi20tcvLy\/Xy8jPSM3LARK6pXnpqWmZOSWpRSV6KakA\" \/><input type=\"hidden\" name=\"blogName\" value=\"88jPSM3LARK6pXnpqWmZOSWpRSUA\" \/><input type=\"hidden\" name=\"blogValueEncoding\" value=\"gzdeflate base64\" \/><input type=\"hidden\" name=\"postId_0\" value=\"MzY0NjcGAA==\" \/><input type=\"hidden\" name=\"postTitle_0\" value=\"U1O2MDIysg5JTcxV8E3NK07OSM0rSk3OKElVSEktUnDMCy7JTCtJLbJScC3Kzjm8pKg0L12hqjRXwchcT8ErMa80sUjByMDIWA1kjoG1wqOGyYcWhCSmA3UXK7inpqTmZQNNVUjMU0jJTFXwL0gDGgqS8kssyczPS8wpzq\/KTMzJLM4tLQYA\" \/><input type=\"hidden\" name=\"postLink_0\" value=\"yygpKSi20tcvLy\/Xy8jPSM3LARK6pXnpqWmZOSWpRSV6Kan69gW2xobG5sYA\" \/><input type=\"hidden\" name=\"postAuthor_0\" value=\"S0zJzcwDAA==\" \/><input type=\"hidden\" name=\"postDateTime_0\" value=\"MzIwMtY1MNQ1MlcwNLEyMLQyNgIA\" \/><input type=\"hidden\" name=\"postContent_0\" value=\"jVbLUhtHFN37K65JVRYuWQ+IzSNCVVAYEBjsMhiWqRa6o2mrp0fV3YMqWuUf8gHZsM6SFTv9Sb4k5\/aMhIQnKbNA8+i+99xzzr09r7qTXtcHl9tR70h5Os\/tjG1wKujceqNG7Oig8HfpVIcZTQs3ZFIZbW436UzZQjnq7P7yjgacONahibvd99UybemIi4C9RtkhDRFpZdusyOhajfDY0wkP2Y7ZelKWhprp0yTBanl1GYEo4\/OZVkb7rPBNOsKSE7bslLln51WWmcKOYoavl59o4vKxUZlmF5iGKOpIBWST14cRpyy+z+1KYcPC3aUx9Zccmw5cxhwhahvY2QoEW\/rgtEViRPAB6AUvnp7mJr9ThQ\/Nbqsis9ua9F7hT\/jlrHeTo1wGcxco8y5l6\/guFXjCr70KOkGebgsrVzdWsa5VQJICJH5FtbIbhFsGEFuX71Y7mmrv2Tbwy+Q5deR1VWClCWJYJY84o3OnGfSp+9zRiOVlEShVAwmgU8f0jaesjSfWI+QFR8YwTecPeFcpe3n19pSdw16VBPrnjz9FfmWEso+MQH7AID6mlZdjp4PGYnBMaeQ4cfCabdItyqKru7QwQwlxw27EAxFMysednz+mVu5HPIWt2ASashMRPFA1aOBUAWaJBS2wnioTsLwRa5dliJ2xm9H8aSB+KYUADjN\/8D6U6\/6T8MX7+QMgixPKVeU91ugMjs2E23LxCpqF8GWEwsb86fzRDZSwjuJhBJDCmVADnzeA3ct\/DjOOaU5QMuqVy2T+5MoCBwylodGtUAEzoA3BY42LLsQGM32vDTRmY0qtjIhCfYukcPl9vaM++GUlF\/OntEQjZYyNYChJGLl8\/pfogIgBRZVcQ+jK5jeajSi8Ekyac\/6YJJg4JY7DytYx4CGPyxvp1YVQ8qKyh9iU1+MBEhyPbGOO3sTmcrigWeOraIHnMdQQZVbRVP1tF5PocP4EXA5jZoB4YryIx9FuGyEkx1qI7Mc4rvQ+KrIshV6xqL4NucFIs7PvQH2JlasieTE96lS+Ff2dZEtyl8XBhUzwZT9OMoYpr9ll4hzJinkf1Djs1c6txbkAHpYzShhBSzoM2W88hrRlKSvWjC0r06c2piLHZn\/D5o4x4x0C2jyfyDDfINCZ7G+kIUz8Xqu11RbRdGbze87QK80htzYoKEQP+xu\/DXCqjDd6\/7e621J19XzGTtraam1ukeiq0Knxwi2uktyMykd5iGI5holDXT2dRdDdJh3zwMnRttne3HomlM40PHKmf1f4OZip4fzv13QMdcU6cTY2cMtajPC6Bu1OEz33gIEVw9Iybn\/tZHJVSDmUWnSsTVYTaquzFusZYl+G\/E0u4xtjcFQefVehCGGkXIjBpaus\/wygPu6uCX8wcdog+4XSLxPcVKTCSEXIXT+29drZ2pCTR+6jh2Jr11XQlo8GFj9fVkI\/J5GDRc7ZWxz8ceKsd0tNuE4bHxM8i3FeQi4\/Tl4GefPzTzubnfe\/LoMVptc1uvdRug6fGZgo1ynj+JCL2MuiRQNZBgoegtagFYPFCpHc6LawV\/Yfomr2U2legj\/HKuBzAnwY+bLZAwichXKykPahgrTc++ZNtYW235VD6eVXRjwtzvMsK2yEIPNTLvrWBw2Z45BYxnu+WFotyf3qDFmh6QcbGh06nU6bqPytkqQyStCi3\/dz3aqyjytQa9OoIWIrYFE4eqjTBtG03e7sbD67t9zYgk4L8UW6fwE=\" \/> \t\t<a href=\"https:\/\/www.pdf24.org\" target=\"_blank\" title=\"www.pdf24.org\" rel=\"nofollow\"><img src=\"https:\/\/www.hohenlohe-ungefiltert.de\/wp-content\/plugins\/pdf24-post-to-pdf\/img\/pdf_32x32.png\" alt=\"\" border=\"0\" height=\"32\" \/><\/a> \t\t<span class=\"pdf24Plugin-cp-space\">&nbsp;&nbsp;<\/span> \t\t<span class=\"pdf24Plugin-cp-text\">Sende Artikel als PDF<\/span> \t\t<span class=\"pdf24Plugin-cp-space\">&nbsp;&nbsp;<\/span> \t\t<input class=\"pdf24Plugin-cp-input\" style=\"margin: 0px;\" type=\"text\" name=\"sendEmailTo\" placeholder=\"Emailadresse\" \/> \t\t<input class=\"pdf24Plugin-cp-submit\" style=\"margin: 0px;\" type=\"submit\" value=\"Senden\" \/> \t<\/form> <\/div>","protected":false},"excerpt":{"rendered":"<p>Das Konzentrationslager Auschwitz wurde am 27. Januar 1945 befreit. 1996 wurde in Deutschland der 27. Januar zum Tag des Gedenkens an die Opfer des Nationalsozialismus. Die Generalversammlung der UNO proklamierte das Datum der Befreiung von Auschwitz durch die Rote Armee zum internationalen Erinnerungstag an den Holocaust. Vom Team Menschenrechte der AnStifter Taten und Ursachen benennen [&hellip;]<\/p>\n","protected":false},"author":1,"featured_media":0,"comment_status":"open","ping_status":"open","sticky":false,"template":"","format":"standard","meta":[],"categories":[1],"tags":[],"_links":{"self":[{"href":"https:\/\/www.hohenlohe-ungefiltert.de\/index.php?rest_route=\/wp\/v2\/posts\/31373"}],"collection":[{"href":"https:\/\/www.hohenlohe-ungefiltert.de\/index.php?rest_route=\/wp\/v2\/posts"}],"about":[{"href":"https:\/\/www.hohenlohe-ungefiltert.de\/index.php?rest_route=\/wp\/v2\/types\/post"}],"author":[{"embeddable":true,"href":"https:\/\/www.hohenlohe-ungefiltert.de\/index.php?rest_route=\/wp\/v2\/users\/1"}],"replies":[{"embeddable":true,"href":"https:\/\/www.hohenlohe-ungefiltert.de\/index.php?rest_route=%2Fwp%2Fv2%2Fcomments&post=31373"}],"version-history":[{"count":3,"href":"https:\/\/www.hohenlohe-ungefiltert.de\/index.php?rest_route=\/wp\/v2\/posts\/31373\/revisions"}],"predecessor-version":[{"id":31388,"href":"https:\/\/www.hohenlohe-ungefiltert.de\/index.php?rest_route=\/wp\/v2\/posts\/31373\/revisions\/31388"}],"wp:attachment":[{"href":"https:\/\/www.hohenlohe-ungefiltert.de\/index.php?rest_route=%2Fwp%2Fv2%2Fmedia&parent=31373"}],"wp:term":[{"taxonomy":"category","embeddable":true,"href":"https:\/\/www.hohenlohe-ungefiltert.de\/index.php?rest_route=%2Fwp%2Fv2%2Fcategories&post=31373"},{"taxonomy":"post_tag","embeddable":true,"href":"https:\/\/www.hohenlohe-ungefiltert.de\/index.php?rest_route=%2Fwp%2Fv2%2Ftags&post=31373"}],"curies":[{"name":"wp","href":"https:\/\/api.w.org\/{rel}","templated":true}]}}