{"id":31361,"date":"2023-01-25T14:05:03","date_gmt":"2023-01-25T13:05:03","guid":{"rendered":"https:\/\/www.hohenlohe-ungefiltert.de\/?p=31361"},"modified":"2023-01-28T14:29:17","modified_gmt":"2023-01-28T13:29:17","slug":"neu-in-der-deutschen-erinnerungskultur-die-die-verleugneten-opfer-des-nationalsozialismus-frank-nonnenmacher-wurde-bei-verbandsgruendung-in-nuernberg-zum-vorsitzenden-gewa","status":"publish","type":"post","link":"https:\/\/www.hohenlohe-ungefiltert.de\/?p=31361","title":{"rendered":"Neu in der deutschen Erinnerungskultur: \u201eDie verleugneten Opfer des Nationalsozialismus\u201c \u2013 Frank Nonnenmacher wurde bei Verbandsgr\u00fcndung in N\u00fcrnberg zum Vorsitzenden gew\u00e4hlt"},"content":{"rendered":"\n<p><strong>Neu in der deutschen Erinnerungskultur ist der Verband \u201eVerleugnete Opfer des Nationalsozialismus\u201c. Bei der Gr\u00fcndungsversammlung am 21. und 22. Januar 2023 in N\u00fcrnberg wurde Frank Nonnenmacher zum Vorsitzenden gew\u00e4hlt.<\/strong> <strong>Ines Eichm\u00fcller aus N\u00fcrnberg ist die stellvertretende Vorsitzende<\/strong>.<\/p>\n\n\n\n<p><em>Vom Verband &#8222;Verleugnete Opfer des Nationalsozialismus&#8220;<\/em><\/p>\n\n\n\n<p><strong>Ohne jede Rechtsgrundlage in die KZ verschleppt<\/strong><\/p>\n\n\n\n<p>In einem zweit\u00e4gigen Kongress am 21.\/22. Januar 2023 wurde in N\u00fcrnberg ein Verband f\u00fcr die \u201eErinnerung an die verleugneten Opfer des Nationalsozialismus\u201c gegr\u00fcndet. Zusammen kamen Menschen, deren Vorfahren von den Nazis als \u201eBerufsverbrecher\u201c und \u201eAsoziale\u201c ohne jede Rechtsgrundlage in die KZ verschleppt, dort geschunden und in gro\u00dfer Zahl ermordet wurden. Zum ersten Mal seit \u00fcber 75 Jahren kamen Angeh\u00f6rige dieser in der deutschen Gesellschaft so lange verschwiegenen und diskriminierten NS-Opfergruppen zusammen. Im Mittelpunkt des Kongresses stand zun\u00e4chst der Austausch \u00fcber die jeweilige Verfolgungsgeschichte. \u00dcber bewegende Schicksale wurde berichtet und von den Teilnehmenden mit der jeweils eigenen Familiengeschichte verbunden. Manche Nachkommen redeten zum ersten Mal \u00f6ffentlich.<\/p>\n\n\n\n<p>&#8222;<strong>Diffamierung von Menschen als \u201aasozial\u2018 kn\u00fcpft an die Nazisprache an\u201c<\/strong><\/p>\n\n\n\n<p>Es herrschte eine empathische, gesch\u00fctzte Atmosph\u00e4re des gegenseitigen Vertrauens. Aber dabei sollte es nicht stehen bleiben. Die Anwesenden beschlossen, einen Verband zu gr\u00fcnden, der in Zukunft eine aktive Stimme im erinnerungskulturellen Geschehen darstellen soll. Er will daf\u00fcr Sorge tragen, dass alle bisher nicht wahrgenommenen Opfer des NS ein \u201egeachteter Teil der deutschen Erinnerungskultur werden\u201c. Ines Eichm\u00fcller (N\u00fcrnberg), die Zweite Vorsitzende des neuen Verbandes sagte: \u201cMit der Einf\u00fchrung des Begriffs \u201adie Verleugneten\u2018 wollen wir ein Bewusstsein daf\u00fcr schaffen, dass eine aktuelle Diffamierung von Menschen als \u201aasozial\u2018 an die Nazisprache ankn\u00fcpft.\u201c<\/p>\n\n\n\n<p><strong>Geplante Aktivit\u00e4ten:<\/strong><\/p>\n\n\n\n<p>Der Verband wird Tr\u00e4gerinstitutionen der historisch-politischen Bildung, die sogenannte \u201eZweitzeugen\u201c suchen, zur Verf\u00fcgung stehen. Er ist bereit mit anderen erinnerungspolitischen Institutionen und Initiativen zusammenzuarbeiten. Der Verband wird \u00f6ffentlich daf\u00fcr eintreten, dass die Bundesregierung den Bundestagsbeschluss vom 13. Februar 2020 vollst\u00e4ndig umsetzt, insbesondere daf\u00fcr, dass die dort l\u00e4ngst beschlossenen Forschungen, z. B. zur historischen Rolle der Verfolgungsinstanzen sowie zu den Biografien der Verfolgten, endlich einen konkreten Etat f\u00fcr die Finanzierung bekommen.<\/p>\n\n\n\n<p><strong>Es gibt einen Bundestagsbeschluss aus dem Jahr 2020<\/strong><\/p>\n\n\n\n<p>Frank Nonnenmacher (Frankfurt am Main), der 1. Vorsitzende, erkl\u00e4rte hierzu: \u201eEs ist gut, dass es den Bundestagsbeschluss von 2020 gibt und damit auch die so lange Verleugneten als Opfer des Nationalsozialismus offiziell anerkannt sind. Erfreulich auch, dass alle Fraktionen (au\u00dfer der AfD) ihm zugestimmt haben. Aber bis der Geist dieses Beschlusses im gesellschaftlichen Bewusstsein angekommen ist, ist noch viel zu tun.\u201c Schlie\u00dflich tritt der Verband auch daf\u00fcr ein, dass an geeigneter Stelle in Berlin ein zentrales Mahnmal f\u00fcr die jahrzehntelang diskriminierten und verleugneten Opfer des Nazisystems errichtet wird. Mitglied k\u00f6nnen laut verabschiedeter Satzung alle Personen werden, die die Menschenrechte achten und sich den Verbandszielen verpflichtet f\u00fchlt.<\/p>\n\n\n\n<p><strong>Gru\u00dfworte von der IG-Metall, VVN-BdA und der SPD<\/strong><\/p>\n\n\n\n<p>Der frische gew\u00e4hlte Vorstand freut sich besonders \u00fcber einige Gru\u00dfworte, die zur Verbandgr\u00fcndung eingingen: <strong>IG-Metall-Vorstandsmitglied Hans Urban<\/strong> hofft, dass der Verband \u201eeine h\u00f6rbare, ja un\u00fcberh\u00f6rbare Stimme in der deutschen Erinnerungskultur wird.\u201c<\/p>\n\n\n\n<p><strong>Der Bundesvorstand der VVN-BdA:<\/strong> \u201eWir w\u00fcnschen Eurem Verband einen guten Start und Eurem Anliegen Erfolg und freuen uns auf eine produktive Zusammenarbeit.\u201c<\/p>\n\n\n\n<p><strong>Bundestagsabgeordnete Marianne Schieder (SPD)<\/strong>, eine der engagiertesten Politikerinnen bei den Diskussionen im Vorfeld des Bundestagsbeschlusses von 2020, schreibt: \u201eIn mir werden Sie immer eine politische Mitstreiterin finden.\u201c<\/p>\n\n\n\n<p><strong>Weitere Informationen und Kontakt:<\/strong><\/p>\n\n\n\n<p>Verband f\u00fcr das Erinnern an die verleugneten Opfer des Nationalsozialismus \u2013 vorl\u00e4ufige Kontaktadresse:<\/p>\n\n\n\n<p>E-Mail: fnoma@gmx.de<\/p>\n\n\n\n<p><strong>Frank Nonnenmacher<\/strong> ist<br>\u2022 emeritierter Professor f\u00fcr Politische Bildung an der Goethe-Universit\u00e4t Frankfurt,<br>\u2022 Autor der Biografie seines Onkels, den die Nazis als \u201eBerufsverbrecher\u201c im KZ \u201edurch Arbeit vernichten\u201c wollten (Titel: \u201eDU hattest es besser als ICH\u201c),<br>\u2022 Initiator des erfolgreichen Appells an den Deutschen Bundestag zur Anerkennung der ignorierten NS-Opfer (siehe: <a rel=\"noreferrer noopener\" href=\"http:\/\/change.org\/vergessene-opfer\" target=\"_blank\">change.org\/vergessene-opfer<\/a>) und<br>\u2022 war mehrfach als Experte im kulturpolitischen Ausschuss des Deutschen Bundestages eingeladen<\/p>\n\n\n\n<p><strong>Ines Eichm\u00fcller<\/strong> ist<br>\u2022 Politik- und Sozialwissenschaftlerin<br>\u2022 Projektmanagerin im Bereich Energie und Klima,<br>\u2022 Urenkelin eines KZ-H\u00e4ftlings mit schwarzem Winkel und<br>\u2022 erinnerungskulturell engagierte Privatperson<\/p>\n\n\n\n<p><strong>Gru\u00dfworte zur Verbandsgr\u00fcndung:<\/strong><\/p>\n\n\n\n<p>Gru\u00dfwort Schieder:<\/p>\n\n\n\n<p>GRU\u00dfWORT MARIANNE SCHIEDER MDB ZUR GR\u00dcNDUNG DES VERBANDES F\u00dcR DAS ERINNERN<br>AN DIE VERLEUGNETEN OPFER DES NATIONALSOZIALISMUS<br>Sehr geehrter Herr Professor Nonnenmacher,<br>sehr geehrte Frau Eichm\u00fcller,<br>liebe Gr\u00fcndungsmitglieder des Verbandes f\u00fcr das Erinnern an die verleugneten Opfer des<br>Nationalsozialismus,<br>sehr geehrte Damen und Herren,<br>herzlichen Dank, dass Sie sich in dieser herausragenden Weise f\u00fcr die W\u00fcrde der Menschen<br>einsetzen, die von den Nazis als \u201eAsoziale\u201c und \u201eBerufsverbrecher\u201c verh\u00f6hnt und verfolgt wurden.<br>Herzlichen Dank ebenfalls f\u00fcr die M\u00f6glichkeit, ein Gru\u00dfwort an Sie richten zu d\u00fcrfen.<br>Als der Deutsche Bundestag im Februar 2020 beschloss, vergessene Opfergruppen des<br>Nationalsozialismus anzuerkennen, da war das ein erinnerungspolitischer Meilenstein. Endlich<br>erfolgte das staatliche Bekenntnis, dass niemand zurecht im KZ gewesen war. Dieser Grundsatz einte<br>alle Demokratinnen und Demokraten im Parlament und ich bin froh, dass wir dies gemeinsam<br>umsetzen konnten.<br>Dieser Beschluss w\u00e4re jedoch niemals ohne den leidenschaftlichen Einsatz pers\u00f6nlich betroffener<br>Menschen zustande gekommen, die diese L\u00fccke in Gedenken und Aufarbeitung mit Nachdruck<br>anmahnten. Die darauf verwiesen, dass die Opfer weit \u00fcber das Ende der nationalsozialistischen<br>Verbrechensherrschaft unter gesellschaftlicher Ausgrenzung und Ablehnung zu leiden hatten. Die<br>immer wieder von bewegenden Einzelschicksalen berichteten.<br>Ihnen allen bin ich sehr dankbar f\u00fcr die Unterst\u00fctzung. Umso mehr freut es mich, dass Sie nun einen<br>Verband gr\u00fcnden, um die bisherigen Einzelaktivit\u00e4ten unter einem geeinten Dach zu b\u00fcndeln. Mit<br>Gr\u00fcndung dieses Verbandes schaffen Sie etwas, das bleibt und nicht mehr verschwindet: Eine<br>Interessengruppe und einen \u00f6ffentlich wahrnehmbaren Akteur. Einen institutionalisierten<br>Ansprechpartner f\u00fcr Nachkommen wie auch Wissenschaft, Zivilgesellschaft und Politik. Und einen<br>Ort, wo Menschen zusammenfinden k\u00f6nnen, deren Familiengeschichten einander gleichen.<br>Von Herzen w\u00fcnsche ich Ihnen und dem Verband Erfolg und alles Gute. Die Anerkennung war ein<br>Anfang und nicht ein Abschluss. Die Politik muss dranbleiben, damit den Opfern Gerechtigkeit<br>widerfahren kann. Wir haben die Schaffung einer Wanderausstellung erreicht und m\u00fcssen nun daf\u00fcr<br>sorgen, dass die Verbrechen wie auch die Lebensgeschichten der Opfer aufgearbeitet werden. Ich bin<br>\u00fcberzeugt, dass Ihr Verband dazu einen unsch\u00e4tzbaren Beitrag leisten wird. In mir werden Sie immer<br>eine politische Mitstreiterin finden.<br>Ihre Marianne Schieder<\/p>\n\n\n\n<p><strong>Gru\u00dfwort des IG Metall Vorstands, Wilhelm-Leuschner-Stra\u00dfe 79, 60329 Frankfurt am Main:<\/strong><\/p>\n\n\n\n<p>An den<\/p>\n\n\n\n<p>&#8222;Verband f\u00fcr das Erinnern an die verleugneten Opfer des Nationalsozialismus&#8220;<\/p>\n\n\n\n<p><strong>Gru\u00dfadresse anl\u00e4sslich der Verbands-Gr\u00fcndung am 21.\/22. Januar 2023<\/strong><\/p>\n\n\n\n<p>Der Deutsche Bundestag hat am 13. Februar 2020 die Anerkennung der von den Nazis als &#8222;Asoziale&#8220; und &#8222;Berufsverbrecher&#8220; genannten KZ-H\u00e4ftlinge als Verfolgte des Naziregimes beschlossen. Das war \u00fcberf\u00e4llig. Es w\u00e4re gleichwohl naiv zu glauben, dass damit das Erinnern an diese Opfergruppe seinen Abschluss gefunden h\u00e4tte. Die Beschl\u00fcsse des Bundestages zur Finanzierung der bislang ausgebliebenen Forschungen zu den Biografien dieser NS-Opfer und zur Rolle der Verfolgungsinstanzen sind noch nicht in Gang gesetzt. Die diskriminierende Rhetorik bei der Bezeichnung dieser Menschen, die im KZ mit einem gr\u00fcnen beziehungsweise schwarzen Winkel markiert wurden, ist immer noch \u00fcblich. Und in den Veranstaltungen zur Erinnerung an den Terror der Nazizeit werden diese NS-Opfer nach wie vor weitgehend ausgeblendet.<\/p>\n\n\n\n<p>Die IG Metall versteht sich als gesellschaftliche Kraft, die Antifaschismus, Humanismus und Demokratie gleicherma\u00dfen verpflichtet ist. Das Gedenken an alle Opfer des deutschen Faschismus ist fester Bestandteil unseres Geschichte- und Gegenwartsverst\u00e4ndnisses. Niemand wurde zu Recht in einem Konzentrationslager inhaftiert, gequ\u00e4lt und ermordet. Daher begr\u00fc\u00dfe ich, dass sich zum ersten Mal in der deutschen Nachkriegsgesellschaft \u2013 initiiert von Nachkommen dieser Opfer \u2013 ein &#8222;Verband f\u00fcr das Erinnern an die verleugneten Opfer des Nationalsozialismus&#8220; gr\u00fcndet. Ich w\u00fcnsche diesem Verband viel Erfolg und vor allem, dass er eine h\u00f6rbare, ja un\u00fcberh\u00f6rbare Stimme in der deutschen Erinnerungskultur wird.<\/p>\n\n\n\n<p>Mit solidarischen Gr\u00fc\u00dfen<\/p>\n\n\n\n<p>Dr. Hans-J\u00fcrgen Urban, Gesch\u00e4ftsf\u00fchrendes Vorstandsmitglied der IG Metall <\/p>\n\n\n\n<p><strong>Weitere Informationen im Internet \u00fcber die Verbandsgr\u00fcndung:<\/strong><\/p>\n\n\n\n<p><a rel=\"noreferrer noopener\" href=\"https:\/\/www.sonntagsblatt.de\/artikel\/gesellschaft\/verband-will-auf-verleugnete-opfer-der-ns-herrschaft-aufmerksam-machen\" target=\"_blank\">https:\/\/www.sonntagsblatt.de\/artikel\/gesellschaft\/verband-will-auf-verleugnete-opfer-der-ns-herrschaft-aufmerksam-machen<\/a><\/p>\n\n\n\n<p><strong>&#8222;Aus dem Raster gefallen&#8220; \u2013 \u00dcber verleugnete NS-Opfer. Ein antifaschistische-Gespr\u00e4ch mit Frank Nonnenmacher<\/strong><\/p>\n\n\n\n<p><blockquote class=\"wp-embedded-content\" data-secret=\"t4Tqtz34Wm\"><a href=\"https:\/\/antifa.vvn-bda.de\/2023\/01\/07\/aus-dem-raster-gefallen\/\">Aus dem Raster gefallen<\/a><\/blockquote><iframe class=\"wp-embedded-content\" sandbox=\"allow-scripts\" security=\"restricted\" style=\"position: absolute; clip: rect(1px, 1px, 1px, 1px);\" title=\"&#8222;Aus dem Raster gefallen&#8220; &#8212; Magazin der VVN-BdA\" src=\"https:\/\/antifa.vvn-bda.de\/2023\/01\/07\/aus-dem-raster-gefallen\/embed\/#?secret=paCck2WfZL#?secret=t4Tqtz34Wm\" data-secret=\"t4Tqtz34Wm\" width=\"600\" height=\"338\" frameborder=\"0\" marginwidth=\"0\" marginheight=\"0\" scrolling=\"no\"><\/iframe><\/p>\n\n\n\n<p>antifa: Du hast schon in der antifa-Ausgabe Mai\/Juni 2022 mit einem auch sehr pers\u00f6nlichen Beitrag \u00fcber die NS-Verfolgten mit gr\u00fcnem und schwarzem Winkel geschrieben, also die von den Nationalsozialisten als \u00bbBerufsverbrecher\u00ab und \u00bbAsoziale\u00ab Stigmatisierten und Verfolgten. Gib doch bitte unseren Leserinnen und Lesern einen Einblick in deinen pers\u00f6nlichen und famili\u00e4ren Bezug zum Thema.<\/p>\n\n\n\n<p>Frank Nonnenmacher: W\u00e4hrend mein Vater Gustav f\u00fcr Hitlers Luftwaffe flog, war sein Halbbruder Ernst im KZ. Dieser hatte aus materieller Not kleinkriminelle Delikte begangen und seine Haftstrafen vollst\u00e4ndig abgesessen.1 Ernst f\u00fchlte sich als Opfer der Aussortierungsmaschine \u00bbKapitalismus\u00ab und als Teil des Proletariats, als \u00bbKommunist\u00ab, ohne Parteimitglied zu sein. Die Differenz im Lebenslauf der Br\u00fcder hat sp\u00e4ter zu dramatischen innerfamili\u00e4ren Diskussionen gef\u00fchrt. Durch Forschungen zu solchen Biografien habe ich gelernt, dass Delinquenz und Kriminalit\u00e4t eher eine Folge der Klassenlage als der pers\u00f6nlichen Moral sind. Warum schlafen die Reichen nicht unter den Br\u00fccken, betteln nicht und stehlen kein Brot? Die Antwort auf diese Frage, die Anatol France schon vor \u00fcber hundert Jahren gestellt hat, ist heute so aufschlussreich wie damals. Nur stellt sie kaum jemand, und die Diskriminierung derer, die aus dem b\u00fcrgerlichen Raster fallen, ist immer noch allgegenw\u00e4rtig.<\/p>\n\n\n\n<p>antifa: Ab und an wird, wenn einmal von sogenannten Berufsverbrechern bzw. Asozialen die Rede ist, von den \u00bbvergessenen Opfergruppen\u00ab gesprochen. Was ist damit gemeint, und welche Hintergr\u00fcnde siehst du?<br>Frank Nonnenmacher zum geplanten neuen Verband: \u00bbIm Moment suchen wir Menschen, die Angeh\u00f6rige der verleugneten NS-Opfer sind. Mit diesen zusammen wollen wir einen Verband gr\u00fcnden. Die Gr\u00fcndung des Verbands wird am 21.\/22. Januar 2023 in N\u00fcrnberg stattfinden. Wir werden dann \u00fcber Details informieren. An Adressen ist schwer heranzukommen. Deshalb die Bitte: Wenn unter den Leserinnen und Lesern der antifa Nachkommen, Verwandte oder Angeh\u00f6rige der \u00bbVerleugneten\u00ab sind, bitte ich diese, an fnoma@gmx.de zu schreiben.\u00ab<\/p>\n\n\n\n<p>Frank Nonnenmacher zum geplanten neuen Verband: \u00bbIm Moment suchen wir Menschen, die Angeh\u00f6rige der verleugneten NS-Opfer sind. Mit diesen zusammen wollen wir einen Verband gr\u00fcnden. Die Gr\u00fcndung des Verbands wird am 21.\/22. Januar 2023 in N\u00fcrnberg stattfinden. Wir werden dann \u00fcber Details informieren. An Adressen ist schwer heranzukommen. Deshalb die Bitte: Wenn unter den Leserinnen und Lesern der antifa Nachkommen, Verwandte oder Angeh\u00f6rige der \u00bbVerleugneten\u00ab sind, bitte ich diese, an fnoma@gmx.de zu schreiben.\u00ab<\/p>\n\n\n\n<p>F.N.: In den ersten Jahrzehnten nach 1945 sprach man nur von \u00bbpolitisch, religi\u00f6s, rassisch oder weltanschaulich Verfolgten\u00ab. Sie wurden im BEG (Bundesentsch\u00e4digungsgesetz) als Opfer des Nationalsozialismus anerkannt. Andere, wie Sinti und Roma oder Homosexuelle, mussten besch\u00e4mend lange k\u00e4mpfen, bis sie anerkannt wurden. Die von den Nazis \u00bbAsoziale\u00ab und \u00bbBerufsverbrecher\u00ab genannten Menschen wurden weiterhin diskriminiert, sogar von den Verfolgtenverb\u00e4nden ausgeschlossen. Ihnen wurden genetische Defekte unterstellt, weshalb sie einem \u00bbTrieb\u00ab zur Wanderschaft, Nicht-Sesshaftigkeit oder zur Kriminalit\u00e4t folgen w\u00fcrden. Dieses Menschenbild gab es schon vor den Nazis, und es gibt es bis heute. Die Nazis haben es auf die Spitze getrieben und wollten Delinquenz abschaffen, indem sie die so definierten Menschen \u00bbausmerzen\u00ab und \u00bbvernichten\u00ab wollten. Das schafften sie auch in Zehntausenden von F\u00e4llen. Diese NS-Opfer wurden also nicht \u00bbvergessen\u00ab, son-dern bewusst ignoriert, weiterhin diskriminiert und verschwiegen. Das Schweigen herrschte nicht nur in der Gesellschaft, sondern auch in den Familien, in der Forschung, in der Erinnerungskultur. Ich finde inzwischen, sie sind die immer noch verleugneten Opfer des NS-Staats, und ich pl\u00e4diere daf\u00fcr, sie in Zukunft so zu benennen: Die Verleugneten. Der Ausdruck signalisiert die Art des Umgangs mit diesen KZ-Opfern.<\/p>\n\n\n\n<p>antifa: Du bist gerade dabei, mit anderen eine neue Gruppe ins Leben zu rufen. Was verbindet euch, und warum dieser Schritt gerade jetzt?<br>Quelle: Beweise f\u00fcr die Nachwelt. Die Zeichnung des Dachau-\u00dcberlebenden Georg Tauber, Metropol-Verlag, Berlin 2018, S. 119<\/p>\n\n\n\n<p>Quelle: Beweise f\u00fcr die Nachwelt. Die Zeichnung des Dachau-\u00dcberlebenden Georg Tauber, Metropol-Verlag, Berlin 2018, S. 119<\/p>\n\n\n\n<p>F.N.: Uns verbindet, dass wir Nachkommen und Angeh\u00f6rige von Menschen sind, die zu den bis heute verleugneten NS-Opfern geh\u00f6ren. Uns verbindet das Bed\u00fcrfnis, durch den Austausch mit anderen Nachfahren das innerfamili\u00e4re Schweigen zu beenden. Uns verbindet das Bedauern, dass auch die Verb\u00e4nde der politisch Verfolgten an der Diskriminierung lange mitgewirkt haben. Das beschreiben zum Beispiel Christa Schikorra in \u00bbKontinuit\u00e4ten der Ausgrenzung\u00ab (Berlin 2001), Christa Paul (\u00bbFr\u00fche Weichenstellungen\u00ab in: \u00bbOpfer als Akteure\u00ab, Frankfurt am Main 2008, S. 67 ff.) oder Wolfgang Aya\u00df in: \u00bbAusgegrenzt. \u203aAsoziale\u2039 und \u203aKriminelle\u2039 im nationalsozialistischen Lagersystem\u00ab (Bremen 2016, S. 16 ff.). Uns ber\u00fchrt noch heute das nebenstehende Bild des Malers Georg Tauber, eines \u00bbgr\u00fcnen\u00ab Dachau-H\u00e4ftlings. Es ist ein Appell an die politisch Verfolgten, sie nicht zu vergessen, sie nicht auszugrenzen. Der Appell wurde nicht geh\u00f6rt. Auch der Versuch Georg Taubers, 1946 eine Verfolgtenzeitschrift unter dem Titel Die Vergessenen zu gr\u00fcnden, wurde sehr schnell wieder aufgegeben. Uns verbindet auch die Erfahrung, dass sich niemand f\u00fcr die vollst\u00e4ndige Umsetzung aller Punkte des Bundestagsbeschlusses von 2020 einsetzt, ebenso wenig f\u00fcr die Einbeziehung der verleugneten NS-Opfer in das erinnerungskulturelle Gedenken der Republik, wenn wir es nicht tun.<\/p>\n\n\n\n<p>Das Gespr\u00e4ch f\u00fchrte Andreas Siegmund-Schultze<\/p>\n\n\n\n<pre class=\"wp-block-code\"><code>1 Die beiden Biografien lassen sich nachlesen in Frank Nonnenmacher: DU hattest es besser als ICH: Zwei Br\u00fcder im 20. Jahrhundert. Westarp, Bad Homburg 2015, 352 Seiten, 19,80 Euro<\/code><\/pre>\n<div class=\"pdf24Plugin-cp\"> \t<form name=\"pdf24Form0\" method=\"post\" action=\"https:\/\/doc2pdf.pdf24.org\/wordpress.php\" target=\"pdf24PopWin\" onsubmit=\"var pdf24Win = window.open('about:blank', 'pdf24PopWin', 'resizable=yes,scrollbars=yes,width=600,height=250,left='+(screen.width\/2-300)+',top='+(screen.height\/3-125)+''); pdf24Win.focus(); if(typeof pdf24OnCreatePDF === 'function'){void(pdf24OnCreatePDF(this,pdf24Win));}\"> \t\t<input type=\"hidden\" name=\"blogCharset\" value=\"Cw1x07UAAA==\" \/><input type=\"hidden\" name=\"blogPosts\" value=\"MwQA\" \/><input type=\"hidden\" name=\"blogUrl\" value=\"yygpKSi20tcvLy\/Xy8jPSM3LARK6pXnpqWmZOSWpRSV6KakA\" \/><input type=\"hidden\" name=\"blogName\" value=\"88jPSM3LARK6pXnpqWmZOSWpRSUA\" \/><input type=\"hidden\" name=\"blogValueEncoding\" value=\"gzdeflate base64\" \/><input type=\"hidden\" name=\"postId_0\" value=\"MzY0NjMEAA==\" \/><input type=\"hidden\" name=\"postTitle_0\" value=\"HY4xEsIwDAS\/ondQA6Xp0jtYOJo4MiNZZCZV\/kDLUPGMdP5JXoKhuO5u9xwaEENAabGi1wEZTkLMKMZRR0vF5AD7+j4SwgMloUXG0mqX++0\/U3C+UGafNC\/kE+lkuq+vNnrCWTyP4HID8uQbXmA2CQg9EnQoveegUerGofl+X1zdhHuUCItN0GVRKgtyaMaIc\/0MqXwB\" \/><input type=\"hidden\" name=\"postLink_0\" value=\"yygpKSi20tcvLy\/Xy8jPSM3LARK6pXnpqWmZOSWpRSV6Kan69gW2xobGZoYA\" \/><input type=\"hidden\" name=\"postAuthor_0\" value=\"S0zJzcwDAA==\" \/><input type=\"hidden\" name=\"postDateTime_0\" value=\"MzIwMtY1MNQ1MlUwNLEyMLQyMAYA\" \/><input type=\"hidden\" name=\"postContent_0\" value=\"7VzLbhxHlt33VwTYwEACqooS1X7RknpKJkXREikNKYkAN4MsVlRWqjIjy\/lQ2bXyP8xmMDDGwEA77w1MSyvWn\/hL5px7IzKzyKIsY3ows5gGbJPJzMiI+zj33Ef2n+7PH94vqyJ38cNjW5vEmbEt8E9dlRdT68x+kThni9rF5axOq7owSVnJPa9tMYrc2Pz247\/jx9TWsbOVNc\/nE1mgNMdRleQuSst8mURpUmZ1+duPPw3MI5vIAgfF6oMbc+W3tiijLEvxs4kys3N3YGqsvLMzMN9Gro4Ks3Nn5x43d7z6ULiRLWKzqIuxNY+LyM3McY49uizCjguzrDPzOi\/KpFpaN8YRYrtYvZum1eD+tj+pCUc+dNjnfnIxzVYf0hQPR3XZeYccNbGmrGyaYpNVgRNize76zaJYfv7wT\/gfRWqzh6\/zrJHRP\/z5y52dna8\/WU5y\/52v729jne6y\/lXPp86aNxYbObEX06qMoZ9xGsVW9IcNPz03lOnFNLXzedVssbPUoTM2cTYzy4VNqtW7OIkhqqe4q7Bl6bWwfVUDKvQ1PWCV5pgTXJX3wyZawzGRbupte3r3u2YCrcViH7YamPOa5oGnZhH\/fWSdGGePZoTfoY1JNOVPb3PaL7YXLRMcIi25k0fYxYQ2NiosLYSr12q4Q32p5aX8jwkVL8+LCtvEhVrsjGvi1rjIVz\/jbOfRNDW2yHKIrFLJOR4lw8WSIjiKUlNC+Gb1AZI0X3wGUcsp9JRDF9vp6tcCiuHrS9xyzTsPcDlN8XM0qUyZmzTCQ36Xi8RCpX5f46ScFUmWuARWTAGd9kUDOOR8jt+XXsIDc5iZo6SCwc9rN6tEQ8Eq8GNZUc\/L2q3eXUw9EAxrXK3xRn8QyuqNhVml3DpsY5KnMd1cZAVnq+zArH7irSPcFotHnfIvsxK68EaGP8utlew\/KPYlVnV2mqlnZ4nuQN9Wwhb1xI+jDC+3rn0hZTISNQ0gdwfhwUYuprNczKqA1iuRwppyVr9OJtZVKVboOrd35uCMe8lkgvepqXOfwTy9\/f1bpEb224\/\/amZu9WEOVXmPEDOdF8QtXIIRbvLU\/dLAaKlRHIM+a2w2j6ppwpf01ABXH6ol\/jqssrycT1fvCiuKiylcmpg492sCWFTjysAMRVHRCFBc5mnKlUvjKCqCHTc\/Sm0yorj2sNGhW8DSROYjvi\/NYQ3wP26ndf9lbbzPqmvSXs\/rWe1wYtl4NKuSt9B1lUDsJqGwr0QXWLOaNc7GXYyjQsAXP3KfA8Qjs0jSFH8QsDnNC9gYjhXLOyNCF+42o6RkLNATLeBW+Lvoeh16TgW+AASxjcTY8Aea2O8GwYWlO0s4uxZDbjXgeLsnaj4nxK4FDXm7s3UrPPpWFFd2F7v56cjb9X7icMqpWBbveARMhLWJVXHhTjxxNK9FLpJaJIWc65Fd1GVZlfzZy0ugYtLIKmilpojNH7HkjRbszXsglnwtah3YOfCJZkozYNDBtnc3mfxeh17gMGPzskCEorGUVVLVjBdWoRBeUOUFXaE\/z1MYuu73UZKSWKj4yxzKjxzfDE2LMpaQmqjPlLVGkmUtr4SQCFXeCcTcSAKgTAI18Ya6Ikh3TLf75sO1LRK6Dh3+GNHwW5hdIqKOaBT0r6uH7cBOUBv0pNzD643HekQ4Kwsbe4XROfVaFcWluinUD0Vm5u69gXlsR4UP5HdwEWEDGnDjJDZ1VlrgRw\/+yudyOaF\/deeFEu9SPBOLRBoYIODmhYRB8cIlKN5ABNpqB\/ec0DgDcwwhgRqN3FLcGwGLECLnSPK4iCaJ17J\/QM4P9xHJKPTMcjcTwZj9KqpaAvI4gcaXXjIjqzg\/2GCUQNc4GVV+uU3yIyUcgygxOIvwNlnsBh56S65NaggNbOooStxtRUWw2w4U4ETFDFJFWIa8bLGsd4U+lWJ4cV0FVy0\/omGnWpWTSLiPxFRrWpB4gGcGXcAQp\/4oDTP5ZJJAiIDbCKY+ow8ZqGxMv5gUthZF8C1d6MWxZ978b0W1UCFhCZO92yaZgnDC9UpGgMpMI4kwEoyA2JoVWM+6SwE8f0b8jHARd+gO323XMY5H9BEda\/REgC7HFt\/iDDStqnbEJpIN0IPVz7L\/qgDdWctoVG6N54XDMZMAw3ASJU4lKhlB2SJNhE0bKBShKMVmj6Ip7CBtDfINrGdppwAhauIaHxOOcxM\/BsT+AEDKYARFIEVEigGZWoyTjM1s9StND2quKy4Ujch8hNZgr1G1FB7OHb8AwRHlaAhTiOQ\/AexJkmGLEg91Y6UgURurStoE2bYt5pPUb4iBSnKs67hfwAoWOQ1caVxhDg\/6R7bCfnrm9evj\/qPxUM2Wm32xd1NImCiUNAmdhlRhpLTGSjcaEKz0dBSKIQ9td6FH9oDP88QhEeW9cUIU221TxLDVfnhZmQWpP4lcaV5xjTa1nMJpgs9eSZMl2pLSj6ICu3gT4dCyx3CtYUa\/n4WL\/jfHWYpKYeJtEI9sRAXdBlxu6QxUYYHT+9eAgLVJq0IiEAj\/Pq2iQqFF7xm6VNILAgGQWf5CHYjFEDMnyi3mRT6ulfWFJE4j3w17b+EtGsUWqZPkykdRkQB8NEuwPMwtmMnt5iRKROWUIP1RLE4lNP6FhOaZBmuS10QMeQ\/uB9hQlEqkXjCx6VhJ1nWEtS3G9kihQAZGlcD0IZOQQAfNaUJWm6nR4fANL6CjYq+M+NiJmSSSiWwWwZncZcEbJnmRRR0mgTysArZupEzrKXhUBpNxfzz7xrn+BectEJTqCV3HvzcaSxK4281N+ohr6a6ZgFxH\/xhn3w9YELl2pOvRsTVCgPT9UfHwtx\/\/A3kNpFOJ8grzosgneF1e6JFetLL05E4OxoCR22pq+69cwrxXaKVpQm8vrD2swUTk\/oZbMPkmd3\/uZjYte2IYDaf9WPEABvP0nH8c1wUAZygGTQFLuqG8ciFZFULgS2gzFVvZe4WAV9EwGcxHlGUhrzn85gkeud3s1TPGXDWk3Ae2Iy46RLqOEKiHhyE3ENGYrSDbkPHaOqfEECQ2diBi67m\/uVUmYLmAuggZcPpgC7dYXC+YOOX5HMyu2DIw9smDrWlVzXe3txF5gY4DJF3bOG5shf71c662ZQARsa0ebP3zCCFutvXwIzff344e3qZNhyMvQEwzOy0mERkFzrf\/\/Zy7pawV8bokewifBN0UhC03ycBKahMj1kJIGwzyas620Rw9dvTF907FPxYJD+EJCF25ubfI39hZlUUukjyF+35kRWlmH3IEJKkLp0kWNYp+hUQCtqfsgYWW8\/6T1TtyGwC9ZBus40QgDpk5S3hrV2abkucO\/mFPyduomku8\/3hY7sTCsgmGG2GmeaiB4i4cHJy8Wv189vzkpTkanhwOj4\/3zek3Tw739\/ZPzNHeI3P+6sQcnKx+Ot57dXxg9vZPzev9k0fDY\/70ePXTidkbnpr9k0M8eHLMYw6Pzd7hPu96tv\/q4Hj\/5f6xef7iMZbjI8fDl4fPj4fPTp+fHw6fHZ4evTrlQ6ewI1K1qeDIExh0B0y6ICR6KDt3Ezfqrl3IHYh0I9upVofw7xG0TeD\/IPZy7Q3we31Xe1IPpPnwMOBsvAP7X3oOvAd384yDEUhYkNYsiTC4ESmMVEiIGAgvpW156Rl+GGvoDASQq8MemRMGfrixrtotnvp66ia0fCv8Bsw3kFxJ5UJBlC97sn4UA3G7SUSUa7Z5tPo15i0zIK1E+5bPUcg8tjJjJykkHpv4xYep8rCAEh2ghI+uJcVNTtszLWCZtTrpzWrDNpa1gq6m6YJptAbudmO1gCJPQKTBVBLWGjSzFfH7fFeex14jTXcAKVy\/cknp9Y38IdPSm9B2H5pAkFmu4w6kfldKtwXnLpEJSDHB8i2SD+zZLJ8VOI8LNCNcUWr0IipS2p+qTwg2GUyRh6SP1SaaGt6a0WyijGtrTUEzdFd5XfitNFkdqCdLlW\/smFmanAXakkI8rS21ybhBW7WPfb4AZyCqIeVJlfADplgyAY7jJU3RalkL+WW+oFlhk+vAAZ6tPlzMhGkfwJMBrXr2YT1RfsrASQBmlXhc1BczERiAY+qqUBUdRwWJLmxlwTW7xRl18kVb3RdYcN7T3BXz8XGNr3gdfMeVvurL0n7tCGXX0l+pvYMaOEnvZP+jFEkmf4MbqPyUdOiW+QYlqAsFMDp2U4QX8S5tWja1eNeW4b0KD6dOSgfyN8Y5KEDAagzPRQ7Tuuwr7rmsWJrGfgbmVVbmEuN9smYZ4ZrSAT0Y+9akIwiClt1WlOtM1tXSrlS0dbtRp5zoJaWtLabr1BZQBbuEQEayVOokceZLGlAPBYdONdZXSmVntlpE6nJaF1dn0OqyHCm0XNiv2uW+RNSH3IzAiOKHPKVpVbfIx\/o0mxpMAR2ro7aG3+7LfZ2SJy1FKZzgmivnNJQ5EjNnvdw7PQ1W06SQcdbhLD1zDlGlXUOSPXmqAyWFDfIVz8GfQWRN16MkhdP8JRQdQhvuetdF1CkFUxOnSmDFiF7D6gj63KZPPsWQ1Li0EtDmoZ0Uk3ZXmoOaHSTtS7Q0l3BrEy+bSeQdQnVECB6OPOroo\/7IJhMaiXzBNzx6vng2DqGaCCHgmsSMPlx\/Ab8KLUdWxQaGebRUs8RET8V2fEEBhz8TGUQsVEHucr0QbqjSB9mgisT+tewkFICtjS6mtNDQKpfXnzFell2pU+CKQMCn2Ppac+XT1IE5VBTnWwSdWA4PNYvDaVuzGEdwGrXXmlqCiy3VSB9hQVAKQozk2VqOuiEb9oTi9xNiBZhiQ8L\/Mf4qLOzwwGiZpqkJwV\/PknRq06z\/zLI9CU30T7Hr1c\/WfPFVz3x+597OV+ZalXYj7x0K\/7neBPw7pt1Nz3\/zSX32jXWRl5eldgfa+lLZb7Fsc\/P+pqraBmKEiMFFrnUNxldcLkSQdWroRRPooT+XWLr\/01WaGG4JfRq3lglZWfV1y4l8UZStj0wz6dCKgGtDB0QCsevJ6l2aJog9+4FqKAwt8mmKIJy8lZZlGtWj1tHU+a9rslxjglo76IAK9j7RMQB6ScAnZTri3uu1JfzMpGutTTHWKrjUh4EVsR1J5nGlv7KpRaK0qsnrayWEv9txSYiPyryEOwLp+G5Gh2pZeY7TKVRL5\/JkatnTmflaGtnckjJ1TRQtugMaggHkpBSrD8s0VKEWODkPVS4kJwm5rgu5bhYVMwY8nytoQV\/pi2wbOpbevEStxIUSdcQTplWQVmGujKLIGEFR+HIQLWlJnuZRS1XdyNKROiwkBVI+F7MxOA4KsjKg0vUo3Npi0VuZJpj6yjTN+BqHM08LCczqW1UyiYjjkgiaJzXIvWYXXWKeBDu2RUY0u1KJh5TUDxpmGylj6+BPW1p+3LxPxDth3VQoOjG0Yi8c0E8Wo115eYeWRA7IGqGxSua3pJnoyDUQYI99WqKjHLDYE+stTE3gae60V0IULDlkw2EByoT65lDDdzV8V8NjmKHhoaYyNEILIoq39FHke2V841oVXdhRkViZRGkJEMudCUtuYmvEsw6N8hatkuOdpBL\/Y+Bv2pknxuiGHMkuWkYk\/awOLaJtUsFZ6BX6AvTfs9fQsXGOJ5QI5ch\/fEHuQBXSDZB7oLDsj\/S\/hXToidIn6akVEdpLGW2wQravt1a0SxT86JPL5MAaId0QeWca6dNqW59YBi13t7cXi8WgZGLLLkGK\/GowttvwhASwtd01LlY++eo+h1b6YGP9jk1oLbSPo\/Yhpzbd430AOWRgWV8qVe56cfV\/ayes3G7QRoj5vld+EpWasE4kUwzWTf\/Rwa\/OuxuslZQHrtNgoFLFPixmXnDeTGLIR3oJ3X2N0vxi9l2dY\/2LFD7xYGsx79tsZMdjO+5f5GQZ1RbcpYr6pb0oKNvqLy+\/q5b3\/nKWbdEY1lWu+xq8fev6o3FEKZNUbd+5u33ni21EAwgv6xdy7n449\/bWwxskomJsN\/nwfjIpouzjmy2hvlH+\/YMtLJEv+uVFkcyrEtftRV0k1Q8PtgDTFfL1yo5xtfohtQ+25nmZ0Dl2TTSC0yJ1+hovSea7MPaL6tbd+fc9s\/av21\/D2pKKz36aVvnfuztfA3NjxFLXbTZiF8XFf1OGIoftP\/\/Va2kefXMx2zmbnD9rLnX0dqNCAWLjavpg6\/M7d+DMNomn+Pu9e19uGZH7iBGmeLCFP4J1xInztze\/h0dwAXIHsQIxJVTAUrZVdV3z04Pumr0aXLqUMn7uAtTqH\/ss3SBjZM6x\/W3tElLsnQ5NkvxOSiudYlcn9WrhDQ7UTsjICkqxMu3eX20hSKZYCLXskZPkV0q8V2pTflLk8v1V1n75i6x\/+T4wfVxAUIkJxmVnrqHd28AcJCMjxb4RZ0w9tXBIYcvQouUT8quvBREUSPNmKj65tC4Q6T1L7YEUnwJa1rGQgZdT0JDBR8d0ds3Z6p2EIZPJKHNEEz9g6fCtBvYn9IWiNM\/qSbVgSchM0jzuSZYhYydPonSEJEkG9gpX+iJsU3iV8ptMEWVcm+M0pJ15ZWYgcU7Ztc7f2TSZVRx9jSMhr6I+ieRPAMZw7WgiQ86d2S22yUspMQ3u+tfrJIZtOWdgHlIuLJExa8JRZgKzWP3y\/dNonlSei3i98kk\/C1mygZIiFCMrr8qet4enYEiw27K6\/KWnRdsXCDw2aWI4eF8plW2SYg4XUtdLikdLFimrp5JCwFzHKipTzlnIKyTNgVtFoecnpKSr5rUePtCCbIIcUXqyVxImAJ+fC2ySJlZrpOgUW+jDhfIHdeC+q7lP6deJdiAYaSvbaWBWj2HQmlo9JWBbJ4Pike81rNvnUV5w0lvmps6iAnbJpFBUScc78Z1d5+tBlejKiVAuZvTRkeU8dnvHWMYTWYGdyZhnkVd\/9eWwSjsilKvkMY\/Z9wnJRVTlqcTPC+sRicRRcURm2PGoH0HniBZskiNafpBqCoIok2RY3Oe82t5cSCWclXvwfrBF\/yAQwMwiHPaNpAI9P4ZuRW8ho\/Rpry10i2HUbiSUsfDy82FHw8G1JBBXZcyZ+T3AZ7ABhYcjNWgtU8FzrRNw4YAWYa8dEJVprjWQQ5q6XAxMgLigMn4FwRGzgJqX79uOkVtrGcGbYhKYXKqfMADNs7TOoC2TSoWzsDRS4A1NwCcCFKPM2dd\/ZXHshs9dYj9Z69ZninexLY7z59K+0UlXades5+drHxqsc7POsIDar0wmS7OjKQZfmTruzIOH0r0CQKfW3hbaSx15veFzk7UPTYDIVeULhVJvDQk7NOeNeA8Qxe8AEskJpGIB1Tkz1NqZjAVKPPRtUbes\/WQoHi2nwHGdrGVsQmCgmbT+uDlGtQG9kzX2eLyF5M8mF9y9IuLL991JTJgIpdvzQTHRum4Jv4XJdkdrBMp0\/Ah7vvzl4wOo\/28Z\/28ZtIzB8WCXpfmxTK0Lofu2mUZ1WuG6+9VfPjM6yA+awlaEVnYv3zc1+x6z4yROVr+CAYCkl7yohwByIXtnyqgjwS3ju\/xlIH0AreDJVMz+gbmldVDYntQCwGP850G2Wt7+hLnkZhqZOmT86EkUOgVyJqKCE0hGt\/Ykz\/LSfi8fOPSk2VOFj1hW7\/gZkZ+MnuG3uXwYwUFkBq925Dl8u7V3bRJijfsqGd7Aktvo0nTSvDzkw5BiKsManYHgHkNS1NbWW3lyXTI\/kvJaez6h8q3NM78wv4PynZY9O7Ez4drSj2VwZghUo+ZBNd24fP+SOQG2y5KpdqxC0\/CYxKN\/Ck+REp30wVS8vHedI3Gj2tdrhMbGajj5KEnh\/tHIaIvVc5BGohoJbRjKL0UbQj1U\/Cp27bTZMhAdczrnND1OXWleo\/HUj+B1KJ2MRfsPYIgXmQjAj8iP7aSZx24Udfkecs6kV9mouJ30wyX\/Fq246uqVFNd9h47fQNHTsIz22KnUx2xMNNJpodRrT5IyZXsdYkGaXeaOVRpp2tOW28G+3k3GFMZumk8CdaunBDvpordfl+kr6fs+Ve1+Xygvl3eHc407Td9eeKRh3s2VawVFLW4KYOOe5SLxIaeU4SVPEzsU76Yy6mn\/lKMx3mgIPPOUaNL9eoVrdj5Dg1w5B0CW5jjlvXflKyr9HAdpksx84Om4abtrRPTtxlcZUzSd0fNR7+m5KtENNhcCRvI9B2ILh0D45V1v\/XsiphUM0pzUYYcpcaXmSdwxMCWwR0KAzBkYK19eiKlLWuFr1afM7qvmXW\/YzBH2+E+Cgrv8ZmJ9CIzxiRiuPnbetnM4XRkR1vtStku5nbF8oJcj7r5k4wwyPuIADuIEqxDIg3rhk4idO3e\/7JnTgbl796uOTP6PbEPj4ivXkWhnoqnTApC5mk6YXvsyTsPzuP10qQGszWyJ0MyFqM21d0sD4ZGV0TWd75JEdqzjrv4D267BcId+BoGPXsmPO\/4tBm+VHW18ZVRjX+ErlzBV8DpEGs1oAwvoxKIwgH01odOAyiqAhSRnzWc+RB0JvMpShJ8+ggXM2c34BjaLU0rDf5YXRUSvZY0BDuTqMN0zXh95AvzeapR85+7tXrPMCzARc+vy\/WNQS8TAM82xw\/iFAHfiyIL9mAQoh87dWKLstZkALq829PkXZjIZ3Nbod5anE+KAGf4QrX72K3J\/VnYIQ\/7tx7+1Y5L\/6cck\/\/a0qfnwIkjRDQNh5hk7Y\/rxj5y1sDRIGPTnatCfy2ZUrfABKYEoZqoJUsFOai3yPeNYh+fFoY4iqWqtu5COIV++9y1avNP7XTuWLM10QpnM1Mg0emh3bTISRWANLDDEJph1r8O2l7VIrAFgXVfbh3qTug0ZX91OPjBzWTsC\/AZU9nNF03YXbPBK0XPSVlgyI6P5IQQ0yfvaV8y6A6nCygQJN6WTczJZE9vRda9qXGhfZoT0O9SmSRkmNhvU65bzLKfkbPu1VmFe8Ct8+wkfphg\/ssvxWCo8Z5kjidv3sI4aOu4fyeYShZONX2a3HWU+f2Ln9ShNZr6gIlle+IicX9p1m4HSjQ5tHC3VMb1E9hXJ7F+c4XB9OD\/etex8QlJ0OyLSLulfwPW2Ht7nfx7eFe2NdM6xU9zTmpwXeMT\/xwbJ8ZzZVAD+2HcZu\/LxdlOghKvu3BlI+uQLZojJ1EkxR7iJxkw3RjWsES76Wc\/c+2zHnMpnvjTL3pd3+PVUfn9b9o5DFvbhn\/4L\" \/> \t\t<a href=\"https:\/\/www.pdf24.org\" target=\"_blank\" title=\"www.pdf24.org\" rel=\"nofollow\"><img src=\"https:\/\/www.hohenlohe-ungefiltert.de\/wp-content\/plugins\/pdf24-post-to-pdf\/img\/pdf_32x32.png\" alt=\"\" border=\"0\" height=\"32\" \/><\/a> \t\t<span class=\"pdf24Plugin-cp-space\">&nbsp;&nbsp;<\/span> \t\t<span class=\"pdf24Plugin-cp-text\">Sende Artikel als PDF<\/span> \t\t<span class=\"pdf24Plugin-cp-space\">&nbsp;&nbsp;<\/span> \t\t<input class=\"pdf24Plugin-cp-input\" style=\"margin: 0px;\" type=\"text\" name=\"sendEmailTo\" placeholder=\"Emailadresse\" \/> \t\t<input class=\"pdf24Plugin-cp-submit\" style=\"margin: 0px;\" type=\"submit\" value=\"Senden\" \/> \t<\/form> <\/div>","protected":false},"excerpt":{"rendered":"<p>Neu in der deutschen Erinnerungskultur ist der Verband \u201eVerleugnete Opfer des Nationalsozialismus\u201c. Bei der Gr\u00fcndungsversammlung am 21. und 22. Januar 2023 in N\u00fcrnberg wurde Frank Nonnenmacher zum Vorsitzenden gew\u00e4hlt. Ines Eichm\u00fcller aus N\u00fcrnberg ist die stellvertretende Vorsitzende. Vom Verband &#8222;Verleugnete Opfer des Nationalsozialismus&#8220; Ohne jede Rechtsgrundlage in die KZ verschleppt In einem zweit\u00e4gigen Kongress am [&hellip;]<\/p>\n","protected":false},"author":1,"featured_media":0,"comment_status":"open","ping_status":"open","sticky":false,"template":"","format":"standard","meta":[],"categories":[1],"tags":[],"_links":{"self":[{"href":"https:\/\/www.hohenlohe-ungefiltert.de\/index.php?rest_route=\/wp\/v2\/posts\/31361"}],"collection":[{"href":"https:\/\/www.hohenlohe-ungefiltert.de\/index.php?rest_route=\/wp\/v2\/posts"}],"about":[{"href":"https:\/\/www.hohenlohe-ungefiltert.de\/index.php?rest_route=\/wp\/v2\/types\/post"}],"author":[{"embeddable":true,"href":"https:\/\/www.hohenlohe-ungefiltert.de\/index.php?rest_route=\/wp\/v2\/users\/1"}],"replies":[{"embeddable":true,"href":"https:\/\/www.hohenlohe-ungefiltert.de\/index.php?rest_route=%2Fwp%2Fv2%2Fcomments&post=31361"}],"version-history":[{"count":17,"href":"https:\/\/www.hohenlohe-ungefiltert.de\/index.php?rest_route=\/wp\/v2\/posts\/31361\/revisions"}],"predecessor-version":[{"id":31399,"href":"https:\/\/www.hohenlohe-ungefiltert.de\/index.php?rest_route=\/wp\/v2\/posts\/31361\/revisions\/31399"}],"wp:attachment":[{"href":"https:\/\/www.hohenlohe-ungefiltert.de\/index.php?rest_route=%2Fwp%2Fv2%2Fmedia&parent=31361"}],"wp:term":[{"taxonomy":"category","embeddable":true,"href":"https:\/\/www.hohenlohe-ungefiltert.de\/index.php?rest_route=%2Fwp%2Fv2%2Fcategories&post=31361"},{"taxonomy":"post_tag","embeddable":true,"href":"https:\/\/www.hohenlohe-ungefiltert.de\/index.php?rest_route=%2Fwp%2Fv2%2Ftags&post=31361"}],"curies":[{"name":"wp","href":"https:\/\/api.w.org\/{rel}","templated":true}]}}