{"id":31218,"date":"2023-01-19T15:57:26","date_gmt":"2023-01-19T14:57:26","guid":{"rendered":"https:\/\/www.hohenlohe-ungefiltert.de\/?p=31218"},"modified":"2023-01-19T16:01:08","modified_gmt":"2023-01-19T15:01:08","slug":"verbot-antifaschistischen-gedenkens-auf-dem-gelaende-des-ehemaligen-konzentrationslager-buchenwald-rechtswidrig-entscheidung-des-verwaltungsgerichts-weimar","status":"publish","type":"post","link":"https:\/\/www.hohenlohe-ungefiltert.de\/?p=31218","title":{"rendered":"&#8222;Verbot antifaschistischen Gedenkens auf dem Gel\u00e4nde des ehemaligen Konzentrationslager Buchenwald rechtswidrig&#8220; \u2013 Entscheidung des Verwaltungsgerichts Weimar"},"content":{"rendered":"\n<p><strong>Das Verwaltungsgericht Weimar hat entschieden: Das Verbot antifaschistischen Gedenkens auf dem Gel\u00e4nde des ehemaligen Konzentrationslager Buchenwald war rechtswidrig.&#8220; Das schreibt die Rechtsanwaltskanzlei Meister &amp; Partner aus Gelsenkirchen in ihrer Pressemitteilung vom 18. Januar 2023.<\/strong><\/p>\n\n\n\n<p><em>Informationen der Rechtsanwaltskanzlei Meister &amp; Partner in Gelsenkirchen<\/em><\/p>\n\n\n\n<p><strong>Eilentscheidung von 2019 korrigiert<\/strong><\/p>\n\n\n\n<p>Im Januar 2023 gingen uns die schriftlich abgesetzten Urteile des Verwaltungsgerichts (VG) Weimar zu. (Aktenzeichen: 4 K 1570\/19 We, 4 K 1578\/19 We, 4 K 1569\/19 We \u2013 siehe VG Weimar: Medieninformation 1.2023.pdf (thueringen.de) und Medieninformation 2.2023.pdf (thueringen.de). Sie stellen fest und begr\u00fcnden: Die von massivem Polizeiaufgebot begleiteten staatlichen Verbote der Gedenkversammlung am Glockenturm, der Kranzniederlegung an der Ernst Th\u00e4lmann \u2013 Gedenktafel am Krematorium (hier wurde er am 18. August 1944 ermordet) und der F\u00fchrungen des Internationalistischen B\u00fcndnisses und der MLPD anl\u00e4sslich des 75. Jahrestags der Ermordung des KPD-Vorsitzenden Ernst Th\u00e4lmanns auf dem Gel\u00e4nde des KZ Buchenwald waren rechtswidrig. Wegen grunds\u00e4tzlicher Bedeutung wurde die Berufung zum Th\u00fcringer Oberverwaltungsgericht zugelassen. Das Gericht korrigierte damit seine 2019 ergangenen Entscheidungen in den damaligen Eilverfahren.<\/p>\n\n\n\n<p><strong>Vorsitzender des Stiftungsrates<\/strong><\/p>\n\n\n\n<p>Die Urteile sind wichtige Erfolge im Kampf gegen die geschichtsrevisionistische antikommunistische Umdeutung antifaschistischer Gedenkst\u00e4tten, die f\u00fcr die internationale revolution\u00e4re, antifaschistische und Arbeiterbewegung herausragende Bedeutung haben. (so waren in Buchenwald ja H\u00e4ftlinge aus allen L\u00e4ndern Europas inhaftiert; das Internationale Lagerkomitee organisierte beim Herannahen der US-Truppen die Selbstbefreiung) Eine unr\u00fchmliche undemokratische Rolle in den Verfahren hatte die \u00f6ffentliche Stiftung Gedenkst\u00e4tten Buchenwald und Mittelbau-Dora, die die Verbote ma\u00dfgeblich betrieb. Sie untersteht dem Chef der Th\u00fcringer Staatskanzlei und Minister f\u00fcr Kultur, Bundes- und Europaangelegenheiten Benjamin-Immanuel Hoff (Partei die Linke), der Vorsitzender des Stiftungsrates der Stiftung Gedenkst\u00e4tten Buchenwald und Mittelbau-Dora ist.<\/p>\n\n\n\n<p><strong>Unterstellungen und Verunglimpfungen<\/strong><\/p>\n\n\n\n<p>Die Verbannung der Gedenkversammlungen in die Innenstadt von Weimar war ein Verbot, so das VG: \u201eEiner vollst\u00e4ndigen Verlegung der Versammlungsfl\u00e4che, die nach der versammlungsrechtlichen Rechtsprechung regelm\u00e4\u00dfig einem Verbot der Versammlung gleichsteht, h\u00e4tte es von daher nicht bedurft.\u201c (S. 11 des Urteilabdrucks) Das Gericht wies die vielf\u00e4ltigen \u2013 auch \u00f6ffentlich verbreiteten &#8211; Unterstellungen und Verunglimpfungen seitens der Stiftung und der Stadt Weimar zur\u00fcck, denn: \u201eF\u00fcr \u2026 die Verlegung \u2026 lagen weder die tatbestandlichen Voraussetzungen des \u00a7 15 Abs. 1 VersG noch die Voraussetzungen des \u00a7 15 Abs. 2 VersG \u2026 vor. Beide Eingriffsnormen erfordern unter Ber\u00fccksichtigung der herausragenden Bedeutung der Versammlungsfreiheit nach Art. 8 GG, Art. 10 Th\u00fcringer Verfassung (und Art. 12 Absatz 1 i.V.m. Art. 51, 52 Absatz 1 Europ\u00e4ische Grundrechte-Charta im Hinblick auf (auch) ausw\u00e4rtige Teilnehmer aus dem benachbarten Ausland) eine unmittelbare Gefahr f\u00fcr die \u00f6ffentliche Sicherheit oder Ordnung, \u2026 die durch konkrete Tatsachen und Anhaltspunkte nachvollziehbar belegt ist und nicht nur auf Vermutungen oder Spekulationen beruht. \u2026<\/p>\n\n\n\n<p><strong>Kein Interesse an St\u00f6rung der Totenruhe<\/strong><\/p>\n\n\n\n<p>Allein eine missliebige Gesinnung eines Veranstalters oder Anmelders gen\u00fcgt insoweit nicht. (Die Kl\u00e4ger) haben nachvollziehbar ausgef\u00fchrt, dass weder \u2026 die MLPD noch das Internationalistische B\u00fcndnis ein Interesse daran haben, solche St\u00f6rungen (der Totenruhe) vorzunehmen oder derartige Beeintr\u00e4chtigungen zu dulden oder darauf hinzuwirken.\u201c (Urteilsabdruck, S. 9\/10, Hervorhebungen, auch weitere RA Meister)<\/p>\n\n\n\n<p><strong>Infame Gleichsetzung von T\u00e4tern und Opfern<\/strong><\/p>\n\n\n\n<p>Die Urteile widersprechen der Behauptung der Stiftung Gedenkst\u00e4tten Buchenwald, wonach \u00a7 15 Absatz 2 Versammlungsgesetz auch die \u201eW\u00fcrde\u201c der im sogenannten Speziallager 2 nach Ende der Hitlerdiktatur inhaftierten faschistischen T\u00e4ter und Kriegsverbrecher sch\u00fctze. Die Stiftung forderte ein Verbot, da deren \u201eW\u00fcrde\u201c durch die antifaschistische Gedenkversammlung von Internationalistischem B\u00fcndnis und MLPD am Glockenturm verletzt werden w\u00fcrde. Eine infame Gleichsetzung von T\u00e4tern und Opfern. Es war erforderlich, diesen unglaublichen Relativierungen, der die Bestrafung faschistischer M\u00f6rder und Folterknechte mit den Verbrechen an Millionen kommunistischer, sozialdemokratischer, j\u00fcdischer, Roma und weiterer KZ-Gefangener auf eine Stufe stellt, entschieden entgegenzutreten.<\/p>\n\n\n\n<p><strong>Das Gericht griff jedoch in den Urteilen die Argumentation der Vertreter des Internationalistischen B\u00fcndnis und der MLPD auf und f\u00fchrte aus:<\/strong><\/p>\n\n\n\n<p>\u201e\u2026 kann dahingestellt bleiben, ob \u2013 wie der Kl\u00e4ger in der m\u00fcndlichen Verhandlung im Einzelnen durchaus nachvollziehbar dargelegt hat \u2013 der Regelungsgehalt des \u00a7 15 Abs. 2 VersG nach Sinn und Zweck des Gesetzes und nach dem Willen des Bundesgesetzgebers nicht ohnehin nur auf rechtsextreme Gruppierungen zugeschnitten sein k\u00f6nnte; dazu d\u00fcrften weder der Kl\u00e4ger noch die MLPD und das Internationalistische B\u00fcndnis zu rechnen sein.\u201c (Urteilsabdruck, S. 10\/11)<\/p>\n\n\n\n<p><strong>Ehemaliges Konzentrationslager als Ort der Begegnung<\/strong><\/p>\n\n\n\n<p>Die Stiftung Gedenkst\u00e4tten Buchenwald verbot auch selbstorganisierte unentgeltliche F\u00fchrungen (u.a. durch einen Kl\u00e4ger, der Sohn eines kommunistischen Buchenwaldh\u00e4ftlings ist). Das Gericht stellte fest, dass auch dies rechtswidrig war, da die Gedenkst\u00e4tte Buchenwald nicht nur Ort der Trauer und Erinnerung ist, sondern auch eine Verpflichtung besteht, das ehemalige Konzentrationslager als Ort der Begegnung zug\u00e4nglich zu machen.<\/p>\n\n\n\n<p>Das Verfahren legte in diesem Zusammenhang offen, dass die Leitung der Stiftung weder eine ordnungsgem\u00e4\u00dfe Aktenf\u00fchrung vorlegen konnte, die von ihr erlassene Besucherordnung als rechtswidrig anzusehen ist und das willk\u00fcrliche Verbot auch nicht begr\u00fcndet wurde.<\/p>\n\n\n\n<p><strong>So hei\u00dft es im Urteil:<\/strong><\/p>\n\n\n\n<p>\u201eWeder in einer den Kl\u00e4gern \u00fcbermittelten schriftlichen Entscheidung oder Antwort noch im Rahmen des vorliegenden gerichtlichen Verfahrens hat die Beklagte ihre Ablehnung nachvollziehbar begr\u00fcndet, geschweige denn dokumentiert.\u201c (S. 18 des Urteilabdrucks)<\/p>\n\n\n\n<p><strong>Mehr als drei Jahre protestiert<\/strong><\/p>\n\n\n\n<p>Mit den Urteilen wurde nach mehr als drei Jahren des Protests den reaktion\u00e4ren antikommunistischen Entgleisungen ein gewisser Riegel vorgeschoben und erfolgreich ein Kampf um Verteidigung und Erweiterung demokratischer Rechte und Freiheiten gef\u00fchrt. Dies ist eine Ermutigung f\u00fcr alle ehrlichen Antifaschist*innen und ein Erfolg der Bewegung<\/p>\n\n\n\n<p><strong>\u201eGib Faschismus, Rassismus, Antikommunismus und Antisemitismus keine Chance!\u201c<\/strong><\/p>\n\n\n\n<p><strong>Weitere Informationen und Kontakt:<\/strong><\/p>\n\n\n\n<p>Anwaltskanzlei Meister &amp; Partner, Industriestra\u00dfe 31, 45899 Gelsenkirchen<\/p>\n\n\n\n<p>Telefon: 0209 \/ 3597670<\/p>\n\n\n\n<p>Fax: 0209 \/ 3597679<\/p>\n\n\n\n<p><strong>Internet:<\/strong><\/p>\n\n\n\n<p><a href=\"http:\/\/www.anwaelte-meister.de\/\" target=\"_blank\" rel=\"noreferrer noopener\">http:\/\/www.anwaelte-meister.de\/<\/a><\/p>\n<div class=\"pdf24Plugin-cp\"> \t<form name=\"pdf24Form0\" method=\"post\" action=\"https:\/\/doc2pdf.pdf24.org\/wordpress.php\" target=\"pdf24PopWin\" onsubmit=\"var pdf24Win = window.open('about:blank', 'pdf24PopWin', 'resizable=yes,scrollbars=yes,width=600,height=250,left='+(screen.width\/2-300)+',top='+(screen.height\/3-125)+''); pdf24Win.focus(); if(typeof pdf24OnCreatePDF === 'function'){void(pdf24OnCreatePDF(this,pdf24Win));}\"> \t\t<input type=\"hidden\" name=\"blogCharset\" value=\"Cw1x07UAAA==\" \/><input type=\"hidden\" name=\"blogPosts\" value=\"MwQA\" \/><input type=\"hidden\" name=\"blogUrl\" value=\"yygpKSi20tcvLy\/Xy8jPSM3LARK6pXnpqWmZOSWpRSV6KakA\" \/><input type=\"hidden\" name=\"blogName\" value=\"88jPSM3LARK6pXnpqWmZOSWpRSUA\" \/><input type=\"hidden\" name=\"blogValueEncoding\" value=\"gzdeflate base64\" \/><input type=\"hidden\" name=\"postId_0\" value=\"MzY0MrQAAA==\" \/><input type=\"hidden\" name=\"postTitle_0\" value=\"HY5BCsJADEWvEhC6lq6E7gRx4V7XsZPOBKcZmKQUuvIOXsGbeBNPYsbV53\/y30+3O\/R9P1yp3osBivGEOiZWYxcSOFMgeZAo4DJBoNmT\/HlLIDcKlGjGzNEvL0U2EqtoXEQzRqpwXBpkxRyg0phMVw6VY9dW9wN8ny84ibUlDovEP9J\/8YK5VUdwa8GNeMb6Aw==\" \/><input type=\"hidden\" name=\"postLink_0\" value=\"yygpKSi20tcvLy\/Xy8jPSM3LARK6pXnpqWmZOSWpRSV6Kan69gW2xoZGhhYA\" \/><input type=\"hidden\" name=\"postAuthor_0\" value=\"S0zJzcwDAA==\" \/><input type=\"hidden\" name=\"postDateTime_0\" value=\"MzIwMtY1MNQ1tFQwNLUyMLQyMgMA\" \/><input type=\"hidden\" name=\"postContent_0\" value=\"nVnBbhvJEb3vV3QcYCEFFCVq7bUlaw3Ia1t2ZGMNU5YBX4KmpofT5kwP0d0jLnjaf9hrEF+E5A980in8k\/2SvKrqIYcSFTtZrG1x1NNdXfXq1avid0fTJ0ch+tqNnzzTQZ0bP9NlbNw4jI23F0VUH4yttFeFjsq4GC4KazLjDlVaPqqj0i7aXNOvQrT4xzh1QosmxgWlm1xlpsKTcnHlMoMPQZnCVLq0Y6w8rd0cG3sdbe1CqXGuetrQJrAkUzOc7Q0MCTObeTvuf\/\/nR\/v7e4\/5fJzljR1FlVmj3vEqTa\/FMNFuXhqr3hjYhB2\/19X0sXqrfXT4pJtA9gSYaD3ba\/E\/9vLqrTchmMrGaGwJP6jLulKDR331V+0a2LK\/t\/9D\/2g3+exod\/rkO\/xHbjTVk1cur33FN8GeGbb7H4yybt2mo13s2D0gnfnclhIIYzMx0MGqwYGa1B4OssbHTfa9qrpXUGPryPsNIkTOI0\/aPJYIudKjsQkmziN+\/96THyRot8ER1Nb5yXYLkXnTV1vHE7w2N5ZucKjuq1M1ePBwbxfmfTC99vOj9c8\/Hshn9cdvv6tgAQ51fpJ2PYS3YKCzK9eqQZ+jMM1ytRWLBrbQXfqZ2cZ9sg0v7N\/5Ql8N6fbRlHCqyk2IvMXIjP3i2gnQsYB8XOkQ7CWQ\/LYuLW4IYI8NwR+LEdVoyF8has1exM+SHYZxIPlwaXzQVcW40kiJsr5AjsTGVz1edeqBEEcJ5ksz5lUCo+fewbKzYnFVVto5dpRsGXVuStrs1COlYu1tU6ktJKlXs8Yj3QjuguDjZtxgl8HB\/ft4WtX4bRSP0REvFteFbxgUFOxXDgh17D4k6jKvn5JXnEWKhOWbb16\/fQZDkd4hMIDo\/YcPKGWQUvDIOKRL0Jl0K1pw+vbZznntg41If9zk5h3vYI7TjzfYAW+u8QNwQ3cY4y5ZWFzFOUcDnAJ3NQTe5BdC\/VPjm5wezeE0nHzNwPDql5Hxl7epcN6MTQkUADpMPyfp+SrxsK0Gd6hgrDOSlcaPNXmVbthJW+EcujfeSFSIzMapOXnN9Tdkfsddnp0xBO+yhWBPEzZlPYG3zeFgEbAZWYzT4O68LvGvBXTAQ7kas9\/ILUh\/cDn51JtLGwCBFgBM9ZO6qprVo\/dV69hbdaDFfYgIBNKjx9vn8DP\/YLsYMwjjZV029Glx5UEOt7ZjxB37ESUb\/p5JiuAY8LlH4SCMrMJc6BEFaivUCSbwdwc6n7R6ubgiykMwuCJo5oDXjDWPaDS+niLK1hU6jxTdx4jVjcww6jVVLLgENhlVU7DhMYYC7KzUS1jnnC5SPXg\/3DnzzXSaPD005SjEkclRxmDzNiDg6Jogn6Ji4NKdTVVPqD6yD97VMLPFznkLF6rPUUC9+JLnIBV5u0XIjUB0HcGUSfWuHOlm51nttYSJ\/rQUVunFZ5AdZ\/fIRG\/NSJizIWeAPpEFlKo\/Fybne3aSaUiUuKx9cpqTAshIOG2QZb4Hk3DTsMMrxPeUNyWhsqCIw2jjPiG93M6rCgzRgPde1jkonSootiaDX1uojm1h06+kC6\/5v\/yjYP2m\/HyfnFGWTSquGXkQH0qLDOOHdyUpeRpAEXbcUC8SX2DlKwcuAatmkctSKr6kk0A6KWI9BdQTWM9PDlEs\/kGw8lhelnRDlzHdnC+rDHtrdVbIQbi4v+DAaaZ0vN5ZwZSb6pxonCk9os08IlZWi6vFZzsmkwCLpBNvHKOobF4UjJ6eKtjzCnGhW2Wa2MMxvY5M1vg89v\/47e9qa9hXgwFHU2hNjzLfXEzC9hojz6wRXXNpTZmjokS+MZVNjch2c4SuNfJt\/SZ1ORg8Vt8SSmL5SBJ3DUhtVRxyhJbSCBl9MSFcOscReUHQ\/+O3f7ZpliJBT0gDOzUzDFv8NmowBALuslZY1MR4JNFW9frf\/4KQUsejAP+wk0+UqylwtP1\/X7+f1tPZl7XvI88smBSYGUMT5sFBR+EtUA1JBu8k6al40p2CFJQWRmts7Dp0fAtj8DnlteDr2Me+eqROTnry42CvSyFMcyHQNltSA2jJPpmv4xwXtv3zftWX5w8GPfWg8zvmksWVsOcJyQIGr9n5uQBvaCqAL60jbpuw5NgihGxTRZihDnGtPAPQnCmq1DoQ06G2wO4RMY+DskLj4rJthjvcUyW68DjQEEGvat46O7M0YS\/U5J9ffEYM0FsCA8CHcya1m3jAU52BSDVDgL2AwoSuYtpABUqaUoLPoZ9xMgwEpCJRFS+WVHKN5zvCoRWHBVvxycOpmTRl27lA\/jQFXAkzNtDcKfEMV0FqlUiiDuPii2+DfIaC4fC+2UR1xyheeJv9VFnSi2ZEHj4xUCfMfvQr7jU0kVxJaSgmHrvKlBl9hNWLa7qbC\/WMIUSXQ6knIj0FdwEz21L\/b7kF8RubnLQuOAcMGVKitR5nMSuZo+9QwUsRrNYdkWnYLMcS\/5ZSf8UzsGRrzTnblGrIR0JVigH+aMHbU4OdoycSltTCknkDNJTZcjEOQyAL6+bNzHq0EcKPwooh0WJPgS\/RXe31SIjgxMKMeLue8OCMpRRExXHblG5vCDjaWl0hRkLXQiPM0mfgbCGETP0yzfHj1zQoRDoiyLUiKaKnptDNdEkRXy\/IPTWrmTOWFEZ5vr9GLtLAyh0pqiDcD8jAzJCP6BgkfajhB5Rc2h3wn1voP54+7AslPZeWw4MdYml8ZtFrQah09CB1jOtjD3EI++MUImkcpLiwFMaKxTXkSJ87yuU9hVSp8nWqd6bpZK5YXcOZDeg+t6Xx7QaTArQRv9UKwKxtuH1b60apJpY0AQBAPEFuxjb0RZ7ab4cD3ggiTVLxIN5jWRGYxMalbkZLGUH8g4LtE0Lb+vcUxc9r7tNudBdvkFxZ8veLmrhi4pjbFTVhSSCPEtiQm29sWQrDrfcwnvKVALAmtfH00+I6a39+V1eaT0pJA+X6cYfonbs74VXmtWFs8jRTQCg7QzP6mbuseROJzzc2eV0Zw\/VXfTIZ8VGS\/CmTRAse+3ED\/ogy5kgllvf239LF32jhcQF6IOzIPdHhpnwGJoktJzSIgE6jEi2XVSNAgtmvHrHWmlnJoMTJcgWvKjp+NSQpSNlQdJGUANjclDw9I7BTtb3J4GC+sdQ2mknSMTJow0NJfaqKd2kczuwhSg3f9OPMoOjT0hMmjDTUSIq3Uh8st4S0QLoT4RV0QlSGpKTWBTgcF2tLqwwjzK+IQsV6YzptIc0DBETAWaY0GhKoyeILURC1lsTwyLM8rtRfx3dLNcex4sB9vUBhS7LHpdPuLBGDvd3BYBP1P28HtWHjoFaXAaIlJiIHtqmE31UDvqHXukwDZeLtwL3xWkeNckkZVCb51BlZbTV93U8ESUnoWr8JjQwRpaQs1jO\/e3rRjgMCqabt9RmPINzwiDAJh7a6hLUBFNGdELg16zftXnQlx1r3naGeJyp7DtnrGDNkCHGTTCT4QKYYgHmakxPYn9QdcA9FiFiO1r89YIRLdIVjbocAmYo1Zpec0rA\/zRoo+UxqRwPS5GNDRQdtOqhQ1aRvk4e4Iwdb3iruAm++Si2aF6nFPSM4jSbIeQotqSQeAZAIBtalJaViYwuqKjKO4xpBzvVpN77nWlQ0SDcYHvUnRUzOmiHBJ8g5wdN5B31t65nmwFGmhpsIe1ij6bGLz5F6V1CYpNddzPmBb54ksGdGT0h1anENXpHegflhNZO\/MTxsBXGc1YglMwMOfqdZS2bcQuNKJvVgaXy5IlwJY2D+lAI7AToopHgOvixNwU683VK03ujJjBCVcGy4p1VZPeFKRIm66tQfberUN\/jwjSkEm+jNrMyN1dRDK4d41\/cZb1KFX9ZDGesyd1e3txO\/vJU9A7\/pjZ6000a3YbLJPqcZRRCOIboemxkNv1FvyL0lOZo9UY9SU2Z4rOpJGvELMltteAYCQzPplCXLRUhIcnR1h0xUZNz5IrXJHEepzCwgmaMkg55TLyf7cptJc0zQgE8BP+5oxb8QsSRDrUsz4EQGMk7dEByg9sSO1AvZo2oCtBB9FyI\/Hnf8hgepM8VN6Es0eTRhM9FuuwvzJ2Bj49dn6dGH1JGsf5XGgrqGzpnEjYl1\/A1fsPWwZ9YEGl6SniSq+WHQU\/cfPDo4uPnN23LjMyiNvHaHam9\/70Dtqh8eHDz88eFeZ8UL\/euN3x5sbKGoTpvN1h9pBYTmP90rYpwe7u7OZrM+fWVINLBTyV36mdm9pyJpn\/jTvb+NSu0m9wDh8qd7rsbLxnsWCfWUxOi9J1\/Z6mhXiwX\/AQ==\" \/> \t\t<a href=\"https:\/\/www.pdf24.org\" target=\"_blank\" title=\"www.pdf24.org\" rel=\"nofollow\"><img src=\"https:\/\/www.hohenlohe-ungefiltert.de\/wp-content\/plugins\/pdf24-post-to-pdf\/img\/pdf_32x32.png\" alt=\"\" border=\"0\" height=\"32\" \/><\/a> \t\t<span class=\"pdf24Plugin-cp-space\">&nbsp;&nbsp;<\/span> \t\t<span class=\"pdf24Plugin-cp-text\">Sende Artikel als PDF<\/span> \t\t<span class=\"pdf24Plugin-cp-space\">&nbsp;&nbsp;<\/span> \t\t<input class=\"pdf24Plugin-cp-input\" style=\"margin: 0px;\" type=\"text\" name=\"sendEmailTo\" placeholder=\"Emailadresse\" \/> \t\t<input class=\"pdf24Plugin-cp-submit\" style=\"margin: 0px;\" type=\"submit\" value=\"Senden\" \/> \t<\/form> <\/div>","protected":false},"excerpt":{"rendered":"<p>Das Verwaltungsgericht Weimar hat entschieden: Das Verbot antifaschistischen Gedenkens auf dem Gel\u00e4nde des ehemaligen Konzentrationslager Buchenwald war rechtswidrig.&#8220; Das schreibt die Rechtsanwaltskanzlei Meister &amp; Partner aus Gelsenkirchen in ihrer Pressemitteilung vom 18. Januar 2023. Informationen der Rechtsanwaltskanzlei Meister &amp; Partner in Gelsenkirchen Eilentscheidung von 2019 korrigiert Im Januar 2023 gingen uns die schriftlich abgesetzten Urteile [&hellip;]<\/p>\n","protected":false},"author":1,"featured_media":0,"comment_status":"open","ping_status":"open","sticky":false,"template":"","format":"standard","meta":[],"categories":[1],"tags":[],"_links":{"self":[{"href":"https:\/\/www.hohenlohe-ungefiltert.de\/index.php?rest_route=\/wp\/v2\/posts\/31218"}],"collection":[{"href":"https:\/\/www.hohenlohe-ungefiltert.de\/index.php?rest_route=\/wp\/v2\/posts"}],"about":[{"href":"https:\/\/www.hohenlohe-ungefiltert.de\/index.php?rest_route=\/wp\/v2\/types\/post"}],"author":[{"embeddable":true,"href":"https:\/\/www.hohenlohe-ungefiltert.de\/index.php?rest_route=\/wp\/v2\/users\/1"}],"replies":[{"embeddable":true,"href":"https:\/\/www.hohenlohe-ungefiltert.de\/index.php?rest_route=%2Fwp%2Fv2%2Fcomments&post=31218"}],"version-history":[{"count":10,"href":"https:\/\/www.hohenlohe-ungefiltert.de\/index.php?rest_route=\/wp\/v2\/posts\/31218\/revisions"}],"predecessor-version":[{"id":31238,"href":"https:\/\/www.hohenlohe-ungefiltert.de\/index.php?rest_route=\/wp\/v2\/posts\/31218\/revisions\/31238"}],"wp:attachment":[{"href":"https:\/\/www.hohenlohe-ungefiltert.de\/index.php?rest_route=%2Fwp%2Fv2%2Fmedia&parent=31218"}],"wp:term":[{"taxonomy":"category","embeddable":true,"href":"https:\/\/www.hohenlohe-ungefiltert.de\/index.php?rest_route=%2Fwp%2Fv2%2Fcategories&post=31218"},{"taxonomy":"post_tag","embeddable":true,"href":"https:\/\/www.hohenlohe-ungefiltert.de\/index.php?rest_route=%2Fwp%2Fv2%2Ftags&post=31218"}],"curies":[{"name":"wp","href":"https:\/\/api.w.org\/{rel}","templated":true}]}}