{"id":31180,"date":"2023-01-13T15:54:42","date_gmt":"2023-01-13T14:54:42","guid":{"rendered":"https:\/\/www.hohenlohe-ungefiltert.de\/?p=31180"},"modified":"2023-01-13T15:54:42","modified_gmt":"2023-01-13T14:54:42","slug":"paedagogische-fachkraefte-fehlen-didacta-bildungsmesse-in-stuttgart","status":"publish","type":"post","link":"https:\/\/www.hohenlohe-ungefiltert.de\/?p=31180","title":{"rendered":"&#8222;P\u00e4dagogische Fachkr\u00e4fte fehlen&#8220; \u2013 didacta-Bildungsmesse in Stuttgart"},"content":{"rendered":"\n<p><strong>Personalmangel, \u00dcberstunden, schlechte Bezahlung, dazu Herausforderungen wie Corona-Pandemie, Ganztagsausbau oder die Integration gefl\u00fcchteter Kinder und Jugendlicher: Das Bildungssystem und sein Personal sto\u00dfen an die Grenzen ihrer Belastbarkeit.<\/strong><\/p>\n\n\n\n<p><em>Von den Organisatoren der didacta-Bildungsmesse Stuttgart<\/em><\/p>\n\n\n\n<p><strong>Fachkr\u00e4fte m\u00fcssen auf die Bed\u00fcrfnisse von Kindern eingehen k\u00f6nnen<\/strong><\/p>\n\n\n\n<p>Manchmal beginnt Qualit\u00e4t schlicht mit den richtigen Zahlen: Gruppengr\u00f6\u00dfen von maximal 15 Kindern und einen Personalschl\u00fcssel von 1:3 bei Krippenkindern und 1:7,5 bei Kindern ab drei Jahren \u2013 das sind f\u00fcr Kindheitsp\u00e4dagogin Rahel Dreyer Voraussetzungen daf\u00fcr, dass in der Kita \u201eFachkr\u00e4fte auf die Bed\u00fcrfnisse von Kindern eingehen k\u00f6nnen [\u2026]\u201c. Mit der Realit\u00e4t hat das jedoch wenig zu tun, kaum ein Bundesland wird dieser Anforderung gerecht. Und das obwohl in Kitas die Weichen f\u00fcr den sp\u00e4teren Bildungserfolg gestellt werden. \u201eMehrere Studien belegen, dass sich Kinder sprachlich, kognitiv und sozial ung\u00fcnstig entwickeln, wenn diese Standards unterlaufen werden\u201c, so Dreyer im \u201eSpiegel+\u201c-Interview. Die Wissenschaftlerin kritisiert in diesem Kontext, dass der Bund beim \u201eGute-Kita-Gesetz\u201c die Nutzung der Gelder den L\u00e4ndern \u00fcberlassen habe. Statt in die Qualit\u00e4t zu investieren, entlasteten einige L\u00e4nder lieber die Eltern bei den Kita-Beitr\u00e4gen.<\/p>\n\n\n\n<p><strong>Fachkr\u00e4ftemangel trifft die Schw\u00e4cheren besonders hart<\/strong><\/p>\n\n\n\n<p>Drastische Auswirkungen hat der Personalmangel im Umgang mit Kindern und Jugendlichen aus sozial benachteiligten Familien, denn sie ben\u00f6tigen in der Schule viel Unterst\u00fctzung. Eine Studie des Parit\u00e4tischen Wohlfahrtsverbands ergab, dass 72 Prozent der Besch\u00e4ftigten, die in Kitas in sozial schwachen Milieus arbeiten, diesem Unterst\u00fctzungsbedarf wegen des zu niedrigen Personalschl\u00fcssels \u201e\u00fcberhaupt nicht oder eher nicht\u201c gerecht werden k\u00f6nnen. Ein Problem, das auch viele Brennpunktschulen kennen. Wie Hamburg, Sachsen oder NRW plant nun Baden-W\u00fcrttemberg f\u00fcr die gezielte F\u00f6rderung dieser Schulen die Einf\u00fchrung eines Sozialindex. Hamburger Schulen in sozial benachteiligten Stadtteilen bekommen so beispielsweise bis zu 50 Prozent mehr Personal.\u00a0<\/p>\n\n\n\n<p><strong>Zuwendung und Vertrauen<\/strong><\/p>\n\n\n\n<p>\u201eJugendliche aus schwierigen Situationen brauchen beides, Zuwendung und Vertrauen in Lehrkr\u00e4fte\u201c, meint auch Prof. Dr. Riecke-Baulecke. Der Leiter des Zentrums f\u00fcr Schulqualit\u00e4t und Lehrerbildung (ZSL) Baden-W\u00fcrttemberg betont zudem in der Zeitschrift des Philologenverbands Baden-W\u00fcrttemberg: \u201eLehrerinnen und Lehrer sind F\u00fchrungskr\u00e4fte und \u00fcben einen der wichtigsten Berufe in unserer Gesellschaft aus. Sie erm\u00f6glichen Bildung und Demokratief\u00e4higkeit der nachwachsenden Generation.\u201c Doch obwohl sie so wichtig sind, fehlen sie vielerorts \u2013 auch an den Beruflichen Schulen. Viele Lehrkr\u00e4ftestellen bleiben dort jedes Jahr unbesetzt, tausende Unterrichtsstunden fallen aus, speziell in den MINT-F\u00e4chern. Die Zahl der Lehrkr\u00e4fte, die altersbedingt ausscheiden, ist dabei laut Pankraz M\u00e4nnlein, Vorsitzender des Bundesverbands der Lehrkr\u00e4fte f\u00fcr Berufsbildung e. V. (BvLB), \u201eweitaus h\u00f6her als die Zahl der Lehramtsstudierenden, die nachr\u00fccken\u201c.<\/p>\n\n\n\n<p><strong>Mehr Nachwuchs ausbilden<\/strong><\/p>\n\n\n\n<p>Fachkr\u00e4fte m\u00fcssen also nicht nur angeworben, sondern vor allem in h\u00f6herer Zahl ausgebildet werden. Dass beispielsweise die Zahl der Abbrecherinnen und Abbrecher in manchen Lehramtsstudieng\u00e4ngen bei fast 50 Prozent liege, ist f\u00fcr die Gewerkschaft GEW ein deutliches Zeichen f\u00fcr \u201eerhebliche M\u00e4ngel in den Studieng\u00e4ngen\u201c. Vorsitzende Maike Finnern fordert, die Studienbedingungen zu verbessern, die Ausbildungskapazit\u00e4ten in Studium und Referendariat zu erh\u00f6hen und den Numerus clausus (NC) f\u00fcr alle Lehramtsausbildungen abzuschaffen. Es sei h\u00f6chste Zeit, Bund und L\u00e4nder zu verpflichten, ihr \u201eVersprechen einzul\u00f6sen, zehn Prozent des Bruttoinlandsprodukts in Bildung und Forschung zu investieren\u201c.<\/p>\n\n\n\n<p><strong>Weg aus dem Hamsterrad \u201eFachkr\u00e4ftemangel\u201c finden<\/strong><\/p>\n\n\n\n<p>\u201eMit mehr Personal verbessern sich die Arbeitsbedingungen f\u00fcr alle. Damit steigen die Chancen, dass sich mehr Menschen f\u00fcr die Arbeit in einer Kita oder Schule entscheiden und zugleich die vorhandenen Fachkr\u00e4fte im Beruf bleiben\u201c, bilanziert Anette Stein von der Bertelsmann Stiftung. Allerdings: Der Weg ist noch weit, und nur durch ein Zusammenspiel verschiedener Ma\u00dfnahmen kann ein Weg aus dem Hamsterrad namens \u201eFachkr\u00e4ftemangel\u201c gefunden werden.<\/p>\n\n\n\n<p><strong>\u00dcber die didacta \u2013 die Bildungsmesse in Stuttgart<\/strong><\/p>\n\n\n\n<p>Vom 7. bis 11. M\u00e4rz 2023 f\u00fchrt die didacta als weltweit gr\u00f6\u00dfte und Deutschlands wichtigste Bildungsmesse wieder Lehrerinnen und Lehrer, Erzieherinnen und Erzieher, Ausbilderinnen und Ausbilder sowie Vertreterinnen und Vertreter aus Politik, Wirtschaft und Wissenschaft in Stuttgart zusammen.<\/p>\n\n\n\n<p><strong>Einige Veranstaltungen:<\/strong><\/p>\n\n\n\n<p>Forum Bildungsperspektiven<br>Diskussion: <strong>Berufsorientierung in Zeiten des Fachkr\u00e4ftemangels<\/strong><br>08.03.2023<br>15:30 Uhr bis 16:15 Uhr<\/p>\n\n\n\n<p>Forum Bildungsperspektiven<br>Diskussion:<strong> Keinen Bock auf Schule!? Strategien gegen den Lehrkr\u00e4ftemangel<\/strong><br>J\u00fcrgen B\u00f6hm, Helmut Hochschild, Petra Ferrari, N. N.<br>09.03.2023<br>14:00 Uhr bis 14:45 Uhr<\/p>\n\n\n\n<p>Forum Berufliche Bildung<br>Diskussion: <strong>Fachkr\u00e4ftel\u00fccke schlie\u00dfen, Future Skills vermitteln. Was soll Berufsorientierung heute leisten?<\/strong><br>Christoph Dahl, Stefan K\u00fcpper und Dr. Susanne Koch, N. N.<br>10.03.2023<br>12:00 Uhr bis 12:45 Uhr<\/p>\n\n\n\n<p>Forum Schulpraxis<br><strong>Exzellenz f\u00fcr Baden-W\u00fcrttemberg. Neue Fortbildungsangebote f\u00fcr Schulleitungen<\/strong><br>Prof. Dr. Thomas Riecke-Baulecke<br>08.03.2023<br>11:00 Uhr bis 11:30 Uhr<\/p>\n\n\n\n<p>Forum Schulpraxis<br>Diskussion: <strong>\u201eWir k\u00f6nnen (nicht) mehr!\u201c &#8211; Praxisprojekte in Zeiten multipler Krisen und von Bildungsungerechtigkeit<\/strong><br>Balu und Du e.V. und G\u00e4ste<br>11.03.2023<br>12:00 Uhr bis 13:00 Uhr<\/p>\n\n\n\n<p><strong>N\u00e4here Informationen zu den Veranstaltungen der didacta 2023 gibt es im Internet auf folgender Seite:<\/strong><\/p>\n\n\n\n<p><a rel=\"noreferrer noopener\" href=\"http:\/\/www.didacta-messe.de\" target=\"_blank\">www.didacta-messe.de<\/a><\/p>\n\n\n\n<p>Weitere Artikel und Interviews zur didacta \u2013 die Bildungsmesse 2023 gibt es im Dossier auf der Internetseite<\/p>\n\n\n\n<p><a href=\"http:\/\/www.bildungsklick.de\" target=\"_blank\" rel=\"noreferrer noopener\">www.bildungsklick.de<\/a><\/p>\n<div class=\"pdf24Plugin-cp\"> \t<form name=\"pdf24Form0\" method=\"post\" action=\"https:\/\/doc2pdf.pdf24.org\/wordpress.php\" target=\"pdf24PopWin\" onsubmit=\"var pdf24Win = window.open('about:blank', 'pdf24PopWin', 'resizable=yes,scrollbars=yes,width=600,height=250,left='+(screen.width\/2-300)+',top='+(screen.height\/3-125)+''); pdf24Win.focus(); if(typeof pdf24OnCreatePDF === 'function'){void(pdf24OnCreatePDF(this,pdf24Win));}\"> \t\t<input type=\"hidden\" name=\"blogCharset\" value=\"Cw1x07UAAA==\" \/><input type=\"hidden\" name=\"blogPosts\" value=\"MwQA\" \/><input type=\"hidden\" name=\"blogUrl\" value=\"yygpKSi20tcvLy\/Xy8jPSM3LARK6pXnpqWmZOSWpRSV6KakA\" \/><input type=\"hidden\" name=\"blogName\" value=\"88jPSM3LARK6pXnpqWmZOSWpRSUA\" \/><input type=\"hidden\" name=\"blogValueEncoding\" value=\"gzdeflate base64\" \/><input type=\"hidden\" name=\"postId_0\" value=\"MzY0tDAAAA==\" \/><input type=\"hidden\" name=\"postTitle_0\" value=\"U1O2MDIysg44vCQlMT0\/PbM4OSNVwS0xOSO76PCStJJUhbTUjJzUPDWQMgNrhUcNkxVSMlMSk0sSdZ0yc1JK89KLc1OLi1MVMvMUgktKS0rSE4tKAA==\" \/><input type=\"hidden\" name=\"postLink_0\" value=\"yygpKSi20tcvLy\/Xy8jPSM3LARK6pXnpqWmZOSWpRSV6Kan69gW2xoaGFgYA\" \/><input type=\"hidden\" name=\"postAuthor_0\" value=\"S0zJzcwDAA==\" \/><input type=\"hidden\" name=\"postDateTime_0\" value=\"MzIwMtY1MNQ1NFYwNLUyMLQyMQIA\" \/><input type=\"hidden\" name=\"postContent_0\" value=\"nVjdbhvHGb3PU0xcoLBRipbsuElZRYFpWXIiS3Wt2AJcFMWsONydcHeWnZkVHV7lHXobNL0Q+gi60lX5JnmSnvPNLkVKVILWMCByOTvf3\/nOd2Y+2Z3u7Yboa5fvvTE+1E6XlXa5KXtq8WOGJ7FxI+N6KpwXpTkvolFDM9dF2bi8p0Z63qhXxusmjGs\/Mh5PjVMza9SLGpvqrTcar1fW9NShdvOo84C1mW5UjdVqhIVfu2hyr6OtncrNuFxc00rEr0fWcREcUN802HdU2vPC+IHa10ENbTmCtRC+D9FUsigY61QXhQqxXvwEZ7QTM4feuDm+2sJjz6EpdYiZ9hNjY3\/3cZuC3cfTvU\/wj1kx1d57uITg1Z98rp0NOtbYRCXHR\/o86q3Oi8qEYNRpbGLMtY+7j\/H26mbt\/gf6vJj4xeUYaawW13gH\/jVjcXBoRotrP4Yd7HQByyl8pxBVbgqsnCyunDNuk7fH2p0XFaLOTG6di+rPjS5tXFxGKRzyFlVlo0Tj+c2yTh9QR+MGyE0znRqX+8WVpIzWK\/3RcsOdZ0tHmGM4Y26SzL0ljFLe2Rk8hQNWHXnL\/SYr7+0MPu89Sz+2T3WmRh7fv9EFs\/rzD\/8AnIIK+FmNkQlZWKA8Ybq4HOm8RmDqrS5ga9+b71GE9zWBF0ycJ9iNNN8jKkNQNhXqyEaNvf+5mvn\/OePqLz\/\/8O+\/\/vzDj311LEn06q3p8lvoKI5\/Z0b1eaFmxtlcoS3QOD010U3F7dSQbRRKdAO6w49oP2Cb527ZNwC\/Z4P11Tss4o51NquLkpEwiiA+nxn2gEsZYjWZHTQLPnVYNH5cl9wOjVGWER7BguszC8eG6BegYjOHepQmZ3dLygK27pouTL1OwEEQde5stBepyeq5BSxgaHHtAnCkjIszez4xJfZB9C7FBhsIVvtRwFo4WCLrpAZxBqkEo9RdIW1F506nFs6Uv8OPWyQFf2HNrK\/2GTVL5IA2PY6l8cjIxMOjYI2PUmlarNRRjdc+xjYchsG0E3Vi4LCJZoup3Do0RA0MSU5PGkGQvHBoSulvuPp6cZngsLjO6L90a6Ez02dssTO80mqounUXyLtlQXrMDGkGZCaYQs91m6rSmqwlwJdlpBX2Bs2Kg0PgHmhFbfq\/TCOJrFX0djyOst3peTFbXJIopcDoU9gLcJy0dJc59j08tEitUc+bAGxOUjMJrOHh+lRgqd5VYMNc6GSVGVYomqQWOqRkxmkyui1tzkQc6AofBXQEC2rIJYurRElt2yKIpkRTWph8RyyEuLiWKvXVS1BQi2CsDeqN9pJ+CcKpM\/TMGJwSw4XxGTAYlAF\/Zy0qPn+i3vgakyCFNzR4i5kU53qSwWXD4UMbBBbNtGx\/TOcRnfYoWPcKwbfuZsgMwD8G3oWZ4CbA4awZeQnzLoEGIlSQVuhmGrGWnC1TElTk03citqWJtpM6ipK0MLKsNJWEihqgnZlBMB2w4KaNm8QgicVrJr11hnhf6SprPMb5KUIkyMXqydszNQVhwZUG5KJhbOsMrBMBOniZtxSE93MzhxUQ68HiqiOzlt9OW3OCc+vwSiE\/c4wEdSrJJYY+9jsvVl66Sf9tDKH\/RpFfBeKTuqrIhDV7KIBFyjDDB+DKStqfbS9LXoEAl8nv\/+dfG5rrQwMSI5EKqt+DYTBlNk9dVGwF9Qn0AAq6X4p8amMjuoZeepZD3LVAQ0\/dY4ZBv4aTbXsLUVbIVkzlRBxjUKLvq7fWgHO3hhqpwgc8ROZeE5Je4PYB4fqmCqlMktK\/L4mKJl\/LLMjS0FAPP5y+frSpypmJYFWkETKu684PnMrnBTgnpg4sbFmXNWJettzdnQYEeDJqZajeOJGG\/kELjtDNaS5gR7hWddD0LImXQBQMAbWxtGvjADZhb3RSmeYEywGmBvCMrxZXectM7ZSUzfdNVU8oPc14cVnYnGJQrBBts9QM7LFD40xSqH124D7nfDucSV8AXuuWBNJTY0NdJb9J\/\/kabCQKR4qok6oU91uvWsj31Xvp1xUEyBAnbkpjmYoR9qLWQNqpnBBHJsMMUy8iYjqcqEhkXmj1uxpr2QUrMHin0rBlKico7euTb7cO0sxwaeBSGUomVjxJ5Kg5rchu0EiSY7KulSOCDVRCnGMY9hG87JDcuTrGyHPwHiug2IKNc+NGLUqTLFqi5pbFhF3JU+iACqS\/76uHw4vXw0c9QgqtzsBVsbgiT4JTxc+1CHQlmRjJXB51PM8qexw3JiJINg1a6iV1QjCgbmRUcWMzGWzU9iWwkZjcNfANI3RWY3DwPFWn0XlR0+cyNVeKgR1G72EuN2LwRsTtc4bdorm1cJ9nGefDapMtH9FExZOCcbfSAjV3KWOf1RtDEaySZkldlsq75PxDA48mbacdvjwTkTsyTRRAk35WdCqqhLFmskSTx2Jqib7TNQdEZK\/ARB1rO8FkYTTIVlLLMdWvfTNhMakWsD3BxNOYb6v8vOmwEyZ6qufCgIloZYMmHR7fmrGAA2JCi5KDx6xGSiEdPWkqIDGoc6A74O\/DkxePUnys3zKhemmPAMjmjSRpLCM68IzKKgNNgAl5tJc0qpBhqw1TEFPhBlEYOLMyhxgSkOVG8op0z5tycRX4+9wUbkXVoK08DqK1dTxv4JV61GDyM+JV9jtAlkE7Lr+lW+\/phTOTy4TjHMCsDqQYPbp1tkoqkSQ55li\/b2ryFLU2ileqlo4hUjmRWGG1vst0sxOoQOGGzFquf1EA2+unGTFyLEeH5aFpuTMTwsnSnhLrFeGJRHa8JrmaN3lpOr\/QsgWvNZyo2ZuuhzYWruq4WoY3sKDdXA4qz53BMATq2CsXtWsFqAfDBySOeMREFY37HCF6hh0GMtiZfPafS0dMwoZukVRGjcczbvmhCZpKSLiBGUUIUJwcXmijxU9OF9RJE5ri+nsq6jT3uLewuRmnkdJS0gaoyM2RpKq9J0mnex651+5LUgt2VyZ3kfK+rtTnfZFxOzt9EoefqyfbT54qEZJxzQSJfwYZyuyodJXRaoh90BKFtoyYGwFxy5kZU+XVZoXSUy89irhGq92TXkcxa5zbPQLR8zpMBB5vtW6WLB9JEd7U0GZ20oMi97HlVa5aPfquJQyYTOXeVIGX6bQJExqHdMxsaZ\/BxrlVQyYuczElx5gJTvto3szv7dswwYyH9BmobvM0kGsP7iVjkEGIPjkOCf3cwU24MYw9t7\/obz\/ts478tvNs8HRbvUOfSp1\/P9h5xm\/\/j4edg+ooCcZhfT6R257U1Z9+hexBx5mcdx95ezJb09vJ3TVvvwFpcOUQ0wAnq1emrCBuXqER2V4l5N4bg13VAbvH25466eO\/xPmHtTg\/G2yvxPnZ4LN74lzKwi7k++qwkuZSZEy66zO8w+upgyY2vOqZWChisgHoEgt55uM1Ww39t6GQBXrFKPAXFfZXa4l4AcEfYj0tQL1F2SOPjSFljxbX02l7TcuDySlgCYyro5p3R8tk7GyvJePJWjKe3JcMKdzU64828LUlvD\/ORRXPW4V457ABq6YxHHGxG\/6sbFZ3olI2RpipMdbivDljfVvUFXJ166i1AcI7a9HstID+tWg21RSsCwJYXjw+FPH4SObYp2Tf3\/7miyc7O3\/EtOcuGO3foRXMSv9VTRnttORQQ7laquGw6fqHAcsNQjrvrIU+1GWTCgn904fO5ufDxSXAkOL8hRo+bb9tYKMTnK547fg1bzur7kgM1cHuu8VRq9frietzm0UFVsF4lWtBTFFpat5yppPEKUPfSG67WnlTfvnA1Z76jtLa1fWUI\/GBArGPv3xQxDgdPH48m8363a2+DIT+yDzAkQq9H7988LcM02PyYG\/Tqt3HetXkmZzBqTFA56aUFC6vM3kf4X9lKt4Oer8OvOhM19b42yUh0NB6rHciWipfEMpkU0T3p2dv0\/vLWP8L\" \/> \t\t<a href=\"https:\/\/www.pdf24.org\" target=\"_blank\" title=\"www.pdf24.org\" rel=\"nofollow\"><img src=\"https:\/\/www.hohenlohe-ungefiltert.de\/wp-content\/plugins\/pdf24-post-to-pdf\/img\/pdf_32x32.png\" alt=\"\" border=\"0\" height=\"32\" \/><\/a> \t\t<span class=\"pdf24Plugin-cp-space\">&nbsp;&nbsp;<\/span> \t\t<span class=\"pdf24Plugin-cp-text\">Sende Artikel als PDF<\/span> \t\t<span class=\"pdf24Plugin-cp-space\">&nbsp;&nbsp;<\/span> \t\t<input class=\"pdf24Plugin-cp-input\" style=\"margin: 0px;\" type=\"text\" name=\"sendEmailTo\" placeholder=\"Emailadresse\" \/> \t\t<input class=\"pdf24Plugin-cp-submit\" style=\"margin: 0px;\" type=\"submit\" value=\"Senden\" \/> \t<\/form> <\/div>","protected":false},"excerpt":{"rendered":"<p>Personalmangel, \u00dcberstunden, schlechte Bezahlung, dazu Herausforderungen wie Corona-Pandemie, Ganztagsausbau oder die Integration gefl\u00fcchteter Kinder und Jugendlicher: Das Bildungssystem und sein Personal sto\u00dfen an die Grenzen ihrer Belastbarkeit. Von den Organisatoren der didacta-Bildungsmesse Stuttgart Fachkr\u00e4fte m\u00fcssen auf die Bed\u00fcrfnisse von Kindern eingehen k\u00f6nnen Manchmal beginnt Qualit\u00e4t schlicht mit den richtigen Zahlen: Gruppengr\u00f6\u00dfen von maximal 15 Kindern [&hellip;]<\/p>\n","protected":false},"author":1,"featured_media":0,"comment_status":"open","ping_status":"open","sticky":false,"template":"","format":"standard","meta":[],"categories":[1],"tags":[],"_links":{"self":[{"href":"https:\/\/www.hohenlohe-ungefiltert.de\/index.php?rest_route=\/wp\/v2\/posts\/31180"}],"collection":[{"href":"https:\/\/www.hohenlohe-ungefiltert.de\/index.php?rest_route=\/wp\/v2\/posts"}],"about":[{"href":"https:\/\/www.hohenlohe-ungefiltert.de\/index.php?rest_route=\/wp\/v2\/types\/post"}],"author":[{"embeddable":true,"href":"https:\/\/www.hohenlohe-ungefiltert.de\/index.php?rest_route=\/wp\/v2\/users\/1"}],"replies":[{"embeddable":true,"href":"https:\/\/www.hohenlohe-ungefiltert.de\/index.php?rest_route=%2Fwp%2Fv2%2Fcomments&post=31180"}],"version-history":[{"count":7,"href":"https:\/\/www.hohenlohe-ungefiltert.de\/index.php?rest_route=\/wp\/v2\/posts\/31180\/revisions"}],"predecessor-version":[{"id":31199,"href":"https:\/\/www.hohenlohe-ungefiltert.de\/index.php?rest_route=\/wp\/v2\/posts\/31180\/revisions\/31199"}],"wp:attachment":[{"href":"https:\/\/www.hohenlohe-ungefiltert.de\/index.php?rest_route=%2Fwp%2Fv2%2Fmedia&parent=31180"}],"wp:term":[{"taxonomy":"category","embeddable":true,"href":"https:\/\/www.hohenlohe-ungefiltert.de\/index.php?rest_route=%2Fwp%2Fv2%2Fcategories&post=31180"},{"taxonomy":"post_tag","embeddable":true,"href":"https:\/\/www.hohenlohe-ungefiltert.de\/index.php?rest_route=%2Fwp%2Fv2%2Ftags&post=31180"}],"curies":[{"name":"wp","href":"https:\/\/api.w.org\/{rel}","templated":true}]}}