{"id":31003,"date":"2022-12-06T12:03:56","date_gmt":"2022-12-06T11:03:56","guid":{"rendered":"https:\/\/www.hohenlohe-ungefiltert.de\/?p=31003"},"modified":"2022-12-06T12:05:03","modified_gmt":"2022-12-06T11:05:03","slug":"ueber-rassismus-rechtsterrorismus-antisemitismus-ns-relativierungen-hass-und-hetze-in-der-region-aufklaeren-podcast-reihe-hier-um-zu-sthoeren-im-schwaebisch-halle","status":"publish","type":"post","link":"https:\/\/www.hohenlohe-ungefiltert.de\/?p=31003","title":{"rendered":"&#8222;\u00dcber Rassismus, Rechtsterrorismus, Antisemitismus, NS-Relativierungen, Hass und Hetze in der Region aufkl\u00e4ren&#8220; \u2013  Podcast-Reihe \u201eHier, um zu stH\u00f6ren\u201c im Schw\u00e4bisch Haller Radio StH\u00f6rfunk"},"content":{"rendered":"\n<p><strong>\u201eHier, um zu stH\u00f6ren\u201c \u2013 das ist eine Podcast-Reihe der Recherche Nordw\u00fcrttemberg zur extremen Rechten im Nordosten Baden-W\u00fcrttemberg. Zu Neonazis und Rassisten im Hohenlohekreis, im Main-Tauber-Kreis, im Neckar-Odenwald-Kreis und im Landkreis Schw\u00e4bisch Hall. Die Podcast-Reihe ist in Kooperation mit dem Freien Radio StH\u00f6rfunk und mit finanzieller Unterst\u00fctzung der Rosa-Luxemburg-Stiftung Baden-W\u00fcrttemberg entstanden.<\/strong><\/p>\n\n\n\n<p><em>Von Radio StH\u00f6rfunk, Schw\u00e4bisch Hall<\/em><\/p>\n\n\n\n<p><strong>Asylunterkunft in Neuenstein angez\u00fcndet<\/strong><\/p>\n\n\n\n<p>Am 19. Januar 2017, vor f\u00fcnf Jahren, z\u00fcndeten Neonazis aus rassistischen Motiven eine Asylunterkunft in Neuenstein an. Bereits wenige Wochen zuvor wurde eine Unterkunft in Pfedelbach in Brand gesetzt. Die erste Folge nimmt die Brandanschl\u00e4ge im Hohenlohekreis zum Anlass, um \u00fcber Rassismus und Rechtsterror in der Region zu sprechen. In der Folge kommen die Rechtsextremismus-Expertin Andrea R\u00f6pke und Klaus Mayer, der zum Zeitpunkt der Brandanschl\u00e4ge im Arbeitskreis Asyl der Gemeinde Pfedelbach aktiv war, zu Wort.<\/p>\n\n\n\n<p><strong>19.01.2022 \u2013 Folge 1: Rassismus &amp; Rechtsterror<\/strong><\/p>\n\n\n\n<p>Anh\u00f6ren: <a rel=\"noreferrer noopener\" href=\"http:\/\/sthoerfunk.de\/blog\/post.php?s=2022-01-19-podcast-reihe-hier-um-zu-sthoren\" target=\"_blank\">http:\/\/sthoerfunk.de\/blog\/post.php?s=2022-01-19-podcast-reihe-hier-um-zu-sthoren<\/a><\/p>\n\n\n\n<p><strong>Antisemitismus und NS-Relativierungen in der Region<\/strong><\/p>\n\n\n\n<p>Am 9. Mai 1921, vor 101 Jahren, wurde Sophie Scholl in Forchtenberg geboren. Das \u201eQuerdenken\u201c-Milieu instrumentalisiert die NS-Widerstandsk\u00e4mpferin, um den Widerstand gegen die Corona-Schutzma\u00dfnahmen mit dem Widerstand gegen die NS-Diktatur gleichzusetzen. Das war nicht zuletzt in Forchtenberg zu beobachten. Die zweite Folge nimmt den Geburtstag Sophie Scholls zum Anlass, um \u00fcber Antisemitismus und NS-Relativierungen in der Region zu sprechen. In der Folge kommen Laura Caz\u00e9s (\u201eZentralwohlfahrtsstelle der Juden in Deutschland\u201c) und Holger Bruhn, der im August 2020 den Protest gegen eine \u201eQuerdenken\u201c-Kundgebung in Forchtenberg besuchte, zu Wort.<\/p>\n\n\n\n<p><strong>09.05.2022 \u2013 Folge 2: Antisemitismus &amp; NS-Relativierung<\/strong><\/p>\n\n\n\n<p>Anh\u00f6ren: <a rel=\"noreferrer noopener\" href=\"http:\/\/sthoerfunk.de\/blog\/post.php?s=2022-05-09-podcast-reihe-hier-um-zu-sthoren\" target=\"_blank\">http:\/\/sthoerfunk.de\/blog\/post.php?s=2022-05-09-podcast-reihe-hier-um-zu-sthoren<\/a><\/p>\n\n\n\n<p><strong>Die AfD in den Parlamenten und in der Region<\/strong><\/p>\n\n\n\n<p>Am 26. September 2021, vor einem Jahr, fanden die Bundestagswahlen statt. Mit Dr. Christina Baum vom AfD-Kreisverband Main-Tauber zog eine langj\u00e4hrige Vertraute des Th\u00fcringer AfD-Fraktionsvorsitzenden Bj\u00f6rn H\u00f6cke in den Bundestag ein. Die dritte Folge nimmt den Jahrestag der Wahlen zum Anlass, um \u00fcber die AfD in den Parlamenten und in der Region zu sprechen. In der Folge kommen Martina Renner, die Sprecherin f\u00fcr antifaschistische Politik der Linksfraktion im Bundestag, und Stefan Heidrich, der seit Jahren im \u201eNetzwerk gegen Rechts Main-Tauber\u201c aktiv ist, zu Wort.<\/p>\n\n\n\n<p><strong>26.09.2022 \u2013 Folge 3: Hass &amp; Hetze der AfD<\/strong><\/p>\n\n\n\n<p>Anh\u00f6ren: <a rel=\"noreferrer noopener\" href=\"http:\/\/sthoerfunk.de\/blog\/post.php?s=2022-09-26-podcast-reihe-hier-um-zu-sthoren\" target=\"_blank\">http:\/\/sthoerfunk.de\/blog\/post.php?s=2022-09-26-podcast-reihe-hier-um-zu-sthoren<\/a><\/p>\n\n\n\n<p><strong>Antisemitische und rassistische Ideologie Mathilde Ludendorffs<\/strong><\/p>\n\n\n\n<p>\u00dcblicherweise veranstaltet der v\u00f6lkische \u201eBund f\u00fcr Gotterkenntnis (Ludendorff) e.V.\u201c am ersten Dezemberwochenende eine Wintersonnwendfeier in Kirchberg\/Jagst-Herboldshausen. Der Verein pflegt die antisemitische und rassistische Ideologie Mathilde Ludendorffs (1877-1966). Die vierte und letzte Folge nimmt das Wochenende zum Anlass, um \u00fcber die Rolle der V\u00f6lkischen in der Region zu sprechen. In der Folge kommen die Historikerin Annika Spilker, die zur Biografie und Ideologie Mathilde Ludendorffs promoviert hat, und Max Botsch, der Mitglied im Gemeinderat der Stadt Kirchberg\/Jagst ist, zu Wort.<\/p>\n\n\n\n<p><strong>04.12.2022 \u2013 Folge 4: Fanatisch &amp; V\u00f6lkisch<\/strong><\/p>\n\n\n\n<p>Anh\u00f6ren: <a href=\"http:\/\/www.sthoerfunk.de\/blog\/post.php?s=2022-12-04-podcast-reihe-hier-um-zu-sthoren\" target=\"_blank\" rel=\"noreferrer noopener\">http:\/\/www.sthoerfunk.de\/blog\/post.php?s=2022-12-04-podcast-reihe-hier-um-zu-sthoren<\/a><\/p>\n<div class=\"pdf24Plugin-cp\"> \t<form name=\"pdf24Form0\" method=\"post\" action=\"https:\/\/doc2pdf.pdf24.org\/wordpress.php\" target=\"pdf24PopWin\" onsubmit=\"var pdf24Win = window.open('about:blank', 'pdf24PopWin', 'resizable=yes,scrollbars=yes,width=600,height=250,left='+(screen.width\/2-300)+',top='+(screen.height\/3-125)+''); pdf24Win.focus(); if(typeof pdf24OnCreatePDF === 'function'){void(pdf24OnCreatePDF(this,pdf24Win));}\"> \t\t<input type=\"hidden\" name=\"blogCharset\" value=\"Cw1x07UAAA==\" \/><input type=\"hidden\" name=\"blogPosts\" value=\"MwQA\" \/><input type=\"hidden\" name=\"blogUrl\" value=\"yygpKSi20tcvLy\/Xy8jPSM3LARK6pXnpqWmZOSWpRSV6KakA\" \/><input type=\"hidden\" name=\"blogName\" value=\"88jPSM3LARK6pXnpqWmZOSWpRSUA\" \/><input type=\"hidden\" name=\"blogValueEncoding\" value=\"gzdeflate base64\" \/><input type=\"hidden\" name=\"postId_0\" value=\"MzY0MDAGAA==\" \/><input type=\"hidden\" name=\"postTitle_0\" value=\"LY4xCoNAFESvMhBIZSBYBazSWYWgJ1j1qx91hf27CVh5h7SSyjPkAt7Ek2QVyxlm3sz5dAvDMFqmjAwSJcLSOQmQUF5bsWRMbw7rri0LdWwP\/UgvCbXK8ovJOF2RDhB7ApwuEJMdCKxRbFyquNdQrmzaZTakz9vqNcI6foBnX+RKrIdxTd76xp4XwHUYHMTGy8831nECd0jz+r3MGUte+6223U8X3CPdc6XTzR8=\" \/><input type=\"hidden\" name=\"postLink_0\" value=\"yygpKSi20tcvLy\/Xy8jPSM3LARK6pXnpqWmZOSWpRSV6Kan69gW2xoYGBsYA\" \/><input type=\"hidden\" name=\"postAuthor_0\" value=\"S0zJzcwDAA==\" \/><input type=\"hidden\" name=\"postDateTime_0\" value=\"MzIwMtI1NNI1MFMwNLICIlMzAA==\" \/><input type=\"hidden\" name=\"postContent_0\" value=\"vVdLctvGFp1nFV0avLKrBIpkHDtWZKUkKzJjfeJIiVTlSaopXAAdNLpR3Q3R4ch7yDT13sSTtwGPPONOvJKc2019TFGR83FUJYkE0Pd7zrkXn220mxs+OGvKzfev\/ztS5FZF14hpJ3wYzd46Mu9f\/ybev\/5V5NIL5YMgZUi8sPmZ9CE7IlWRyMmJIzqryOFXHFqXT2bvXAjUjMmVMOYEvQqOGjLxuYD\/qokPWs9ftmVOJju9dqgnXnbikKyRU+VFZ3JxJL1Xfn50ZCsyGn9qR8qv8qUDqUz2g+xwOtu7vHpIZ7V02XewP5E6T3eiPdzclyaPBsTxWTWZvRkrf1aJkdS6J3bUYpacvDJiz9qWnAzKGtGogOQbsQsjnJvMlRXHsXBFZ+roh58plJFmqkhrVOpHE8j5MHsXpp0pU\/Gsl9l+9wq5d67MjoMqAt+7WRdBJviAuMn0NtbmndtYazc\/ww83k5rNE3szlNUbKW6s4dHrJ+fGtvwvuuMQ684UMeND6sig8vgoTUnT2Tu4D8u8bzVi8LgnnkvTSSeG\/cGjVXFunShwpMDlCnhaFXMDZK4aLDsvXGowB4hbBzaoc\/yPcLsjpp7YJnQgeDEho0oSpzbamHbsfNK5nJKdHz+w8aKgnPRYoiD4tu1QVVGSpzANqf\/cJhK7VsOkUU2DZuNqfFAahKlnb3DnBhzhtxFbRiOfSKbZuzH3OKbXdHM0Mw1g3TlECO+JQiWDirnXOqYTEvs23Uox1LZhCnEQ6XxiVbSaffMKsAwwtWVyR1Iczd62NUVne5rreyB\/YXazOQ7wJQrWAhkhXlmS1JYbc01TStyB+OAzsFihfderJ2v0SkwkrCP4U+tCbwmwgIz+oDfsD4dRT1JKg\/VrhfmPbNqvPijNUpCZKgrTutiQwpF+smKsowLPIzzD7DTkVgSwVjxZqUJo19dgpbIUidDLaW2sbbnWQnp6bdV+7Z9wTFl\/kA0eZ+2c8o4pn1XQw6xrsmmXsQU4XRFBupLCk5WfxlqaemXzn\/awsSaX0tKAGeh1uMLQ4TGUSUOJzmEEcsHSeB1JtzAUBIVWgqjDQWLnoD+45GYiy7FtERhLhtWaje5aF2U7SlBJYw4UHMFIwNT4viMcMnWcFdmB0oo6HILzDnANUiuPABN5EPOpyplYwJuvZ2+aFp1TJhIFRsTVXfgp52h\/apGHzBBPF6aNnP3PyIqZcKG\/Sw\/B1Y6qgwwYP6UmdVZNOyb3ReTAK1iNtABazaS\/kSjAPCbLEA\/xEIxOJ+DEgibA3zOCcLMwlx\/W7hYt+AvNvFsW9mXnpHgqp7P\/e3EPfXmJ4jupJ7bSBdobPEiFCRRPPu\/y5GGHusCsR+3QvfsxlhGbZU3oKpMEg+WgKztMQCC5H1N+4WwgXEgFj\/J6Awt7sAa08ChbrO2YfMff\/lAy+pCMLxYlY7i+WL+kG4sV\/De144us\/4m146M83KIdDNytYicBCp2TTktmJj7HTegjRGP4sCeOqU1bCINgrh3c9yaqx6oo4lqSZiTsEtPBT2SlcRGfA6bqAQi743riaeV41BuJFQesOLcNB5i2s3NyY2bytYVOTG2ZIIa6lT\/P3uA4kHACVXGyCwxpL36osCcpw8hlW7uOx5I1HmF6xbTn4LZ\/Rv+NwFp0huE4L8hltOwj8Tx3KizheZTJ+CRX7DTltpTi+Z+o+d3cPpAuVuuIjIlDnBUmnUDKvF857EFYGyW4fLFEYX\/VoEgdze0rU\/tiXhPm82XSqzGg40DonxiRQupnVaK9h9jNRwMfAb8PIZQT7FBz2qdZfb1V\/LqQ9gGE8YfkBqTA7wVyf76O5dRfUHrEch0jQSn\/TT4\/zoYPPy2fP8rD3bsAt5nbd315Ft\/mZOEUGDmQoVIaE32f9T63rij8sjrOfhtrxWDCePMkQEHsgpjcgdJ6eD57q+tkHCBg6CTMPbOBN2qgMhhsifeu3NwX1DvpRTQ0aZHmWTON+jGJ6zkTMpH6VMVXImsM9ve8wLtU3In3FOYFD4u15xCSkI0gDFbnvsI2G+cxHjvhxd+IttBUpg1D\/q3iiHuDLx89wp728OH9pAQ8TUKyE7eEBVHAInF6lc6tUnBkLybvyWUpzV9Z\/EdIxDpVR95vGaNqCSVQur6QBX7b3la2dLJQKew7Mm6dbWzMUlQyJDU4kK\/EtuXFIAkBdLvEWhffmi\/eAPAOHO8dB5mHxWbdyf7+g95guMj+B+tiVxoZOzWXgMty3Un\/D0g+mUx6H0HDAZj44M8T\/Xap2fwU\/i9l4Hc=\" \/> \t\t<a href=\"https:\/\/www.pdf24.org\" target=\"_blank\" title=\"www.pdf24.org\" rel=\"nofollow\"><img src=\"https:\/\/www.hohenlohe-ungefiltert.de\/wp-content\/plugins\/pdf24-post-to-pdf\/img\/pdf_32x32.png\" alt=\"\" border=\"0\" height=\"32\" \/><\/a> \t\t<span class=\"pdf24Plugin-cp-space\">&nbsp;&nbsp;<\/span> \t\t<span class=\"pdf24Plugin-cp-text\">Sende Artikel als PDF<\/span> \t\t<span class=\"pdf24Plugin-cp-space\">&nbsp;&nbsp;<\/span> \t\t<input class=\"pdf24Plugin-cp-input\" style=\"margin: 0px;\" type=\"text\" name=\"sendEmailTo\" placeholder=\"Emailadresse\" \/> \t\t<input class=\"pdf24Plugin-cp-submit\" style=\"margin: 0px;\" type=\"submit\" value=\"Senden\" \/> \t<\/form> <\/div>","protected":false},"excerpt":{"rendered":"<p>\u201eHier, um zu stH\u00f6ren\u201c \u2013 das ist eine Podcast-Reihe der Recherche Nordw\u00fcrttemberg zur extremen Rechten im Nordosten Baden-W\u00fcrttemberg. Zu Neonazis und Rassisten im Hohenlohekreis, im Main-Tauber-Kreis, im Neckar-Odenwald-Kreis und im Landkreis Schw\u00e4bisch Hall. Die Podcast-Reihe ist in Kooperation mit dem Freien Radio StH\u00f6rfunk und mit finanzieller Unterst\u00fctzung der Rosa-Luxemburg-Stiftung Baden-W\u00fcrttemberg entstanden. Von Radio StH\u00f6rfunk, Schw\u00e4bisch [&hellip;]<\/p>\n","protected":false},"author":1,"featured_media":0,"comment_status":"open","ping_status":"open","sticky":false,"template":"","format":"standard","meta":[],"categories":[1],"tags":[],"_links":{"self":[{"href":"https:\/\/www.hohenlohe-ungefiltert.de\/index.php?rest_route=\/wp\/v2\/posts\/31003"}],"collection":[{"href":"https:\/\/www.hohenlohe-ungefiltert.de\/index.php?rest_route=\/wp\/v2\/posts"}],"about":[{"href":"https:\/\/www.hohenlohe-ungefiltert.de\/index.php?rest_route=\/wp\/v2\/types\/post"}],"author":[{"embeddable":true,"href":"https:\/\/www.hohenlohe-ungefiltert.de\/index.php?rest_route=\/wp\/v2\/users\/1"}],"replies":[{"embeddable":true,"href":"https:\/\/www.hohenlohe-ungefiltert.de\/index.php?rest_route=%2Fwp%2Fv2%2Fcomments&post=31003"}],"version-history":[{"count":8,"href":"https:\/\/www.hohenlohe-ungefiltert.de\/index.php?rest_route=\/wp\/v2\/posts\/31003\/revisions"}],"predecessor-version":[{"id":31011,"href":"https:\/\/www.hohenlohe-ungefiltert.de\/index.php?rest_route=\/wp\/v2\/posts\/31003\/revisions\/31011"}],"wp:attachment":[{"href":"https:\/\/www.hohenlohe-ungefiltert.de\/index.php?rest_route=%2Fwp%2Fv2%2Fmedia&parent=31003"}],"wp:term":[{"taxonomy":"category","embeddable":true,"href":"https:\/\/www.hohenlohe-ungefiltert.de\/index.php?rest_route=%2Fwp%2Fv2%2Fcategories&post=31003"},{"taxonomy":"post_tag","embeddable":true,"href":"https:\/\/www.hohenlohe-ungefiltert.de\/index.php?rest_route=%2Fwp%2Fv2%2Ftags&post=31003"}],"curies":[{"name":"wp","href":"https:\/\/api.w.org\/{rel}","templated":true}]}}