{"id":30979,"date":"2022-12-05T09:41:42","date_gmt":"2022-12-05T08:41:42","guid":{"rendered":"https:\/\/www.hohenlohe-ungefiltert.de\/?p=30979"},"modified":"2022-12-05T09:42:52","modified_gmt":"2022-12-05T08:42:52","slug":"fuer-die-nazis-waren-sie-asoziale-und-berufsverbrecher-frank-nonnenmacher-ueber-eine-ns-opfergruppe-die-sich-nie-organisiert-hat","status":"publish","type":"post","link":"https:\/\/www.hohenlohe-ungefiltert.de\/?p=30979","title":{"rendered":"&#8222;F\u00fcr die Nazis waren sie Asoziale und Berufsverbrecher&#8220; \u2013\u00a0Frank Nonnenmacher und Unterst\u00fctzer:innen wollen einen Opferverband gr\u00fcnden"},"content":{"rendered":"\n<p><strong>F\u00fcr die Nazis war Ines Eichm\u00fcllers Gro\u00dfvater ein \u201eAsozialer\u201c. Auf Grund seines unangepassten Lebensstils kam er ohne jedes rechtsf\u00f6rmige Verfahren ins Konzentrationslager Dachau. Mein Onkel Ernst, der als oft arbeitsloser Wanderarbeiter straff\u00e4llig geworden war, wurde nach vollst\u00e4ndiger Verb\u00fc\u00dfung seiner letzten Haftstrafe von der Kripo gefasst und ins KZ Flossenb\u00fcrg verschleppt. Er \u00fcberlebte knapp ein Strafkommando im Steinbruch des KZ.<\/strong><\/p>\n\n\n\n<p><em>Von Frank Nonnenmacher<\/em><\/p>\n\n\n\n<p><strong>Gedem\u00fctigt, gequ\u00e4lt und ermordet<\/strong><\/p>\n\n\n\n<p>F\u00fcr die Nazis war er ein typischer Fall von \u201eBerufsverbrecher\u201c. Sie hatten die irre Idee, wiederholt straff\u00e4llig gewordene Menschen h\u00e4tten \u201ekriminelle Gene\u201c, weshalb sie \u2013 nach vollst\u00e4ndiger Verb\u00fc\u00dfung ihrer letzten Strafhaft \u2013  zur Herstellung einer kriminalit\u00e4tsfreien Gesellschaft unbegrenzt in den KZ weggesperrt, gedem\u00fctigt, gequ\u00e4lt und ermordet wurden. Ernst \u00fcberlebte das Strafkommando im Steinbruch des KZs nur knapp (Vgl .F. Nonnenmacher, DU hattest es besser als ICH).<\/p>\n\n\n\n<p><strong>Verleugnete NS-Opfer<\/strong><\/p>\n\n\n\n<p>Unseres Erachtens muss man die bis heute \u00fcblichen Bezeichnungen \u201eBerufsverbrecher\u201c und \u201eAsoziale\u201c ablehnen. Sie sprechen den Betroffenen die W\u00fcrde ab \u2013 auch wenn sie in Anf\u00fchrungszeichen gesetzt werden. Wir setzen uns daf\u00fcr ein, in Zukunft von \u201eden verleugneten NS-Opfern\u201c zu sprechen. Fast alle Opfergruppen haben nach 1945 Verb\u00e4nde gegr\u00fcndet und f\u00fcr ihre Anerkennung gek\u00e4mpft \u2013 manche waren damit erst besch\u00e4mend sp\u00e4t erfolgreich, so z. B. fand die Aufhebung des Paragraph 175 erst 1994 statt.<\/p>\n\n\n\n<p><strong>2018 \u00f6ffentlichen Appell an den Bundestag gerichtet<\/strong><\/p>\n\n\n\n<p>2018 habe ich mit j\u00fcngeren Wissenschaftler:innen zusammen (Julia H\u00f6rath, Sylvia K\u00f6chl, Andreas Kranebitter und Dagmar Lieske) einen \u00f6ffentlichen Appell an den Bundestag gerichtet, die sozialrassistisch Verfolgten des Nazisystems endlich als solche offiziell anzuerkennen. Der Appell fand breite Unterst\u00fctzung, und am 13. Februar 2020 beschloss der Bundestag einstimmig, die von den Nationalsozialisten als \u201eAsoziale\u201c oder \u201eBerufsverbrecher\u201c Verfolgten anzuerkennen\u201c.<\/p>\n\n\n\n<p><strong>Wanderausstellung ist in Arbeit<\/strong><\/p>\n\n\n\n<p>Das ist gut so und ein wichtiger erinnerungskultureller Fortschritt. Gut ist auch, dass der Beschluss die zu ziehenden Konsequenzen nennt, indem er z. B. die Erstellung einer anspruchsvollen Wanderausstellung zu den Schicksalen der so lange ignorierten Opfer fordert. Diese ist inzwischen in Arbeit und auch das ist gut so.<br>Schlecht ist aber, dass die Anerkennung so sp\u00e4t kommt, dass niemand mehr in den Genuss der m\u00f6glichen Entsch\u00e4digung kommt. Zynisch k\u00f6nnte man sagen, dass die Bundesrepublik sich durch das lange Zuwarten viel Geld gespart hat.<\/p>\n\n\n\n<p><strong>Rolle der Verfolgungsinstanzen erforschen<\/strong><\/p>\n\n\n\n<p>Schlecht ist auch, dass bis jetzt die im Bundestagsbeschluss geforderten Finanzmittel zu der seit Jahrzehnten ausgebliebenen Erforschung von Biografien dieser Verfolgtengruppe nicht zur Verf\u00fcgung gestellt wurden. Auch f\u00fcr die geforderte spezifische Erforschung der Rolle der Verfolgungsinstanzen gibt es bis heute kein Budget. Und es sind schon wieder Jahre vergangen.<\/p>\n\n\n\n<p><strong>Opferverband soll im Januar 2023 gegr\u00fcndet werden<\/strong><\/p>\n\n\n\n<p>Ines Eichm\u00fcller und ich, sowie weitere Nachkommen der ignorierten NS-Opfer sind bei dieser Bilanz der Auffassung, dass es nicht l\u00e4nger am Engagement einzelner h\u00e4ngen kann, ob diese Opfergruppe integraler Teil unserer Erinnerungskultur wird. Ein Verband der Nachkommen, den wir im Januar 2023 gr\u00fcnden wollen, kann hier nicht nur bei der jeweils eigenen familiengeschichtlichen Aufarbeitung eine wichtige Rolle spielen, er kann auch nach au\u00dfen wirken, z. B. als Kritiker halbherzig ausgef\u00fchrter Bundestagsbeschl\u00fcsse, als Stimme, die im nationalen Gedenken zwar keine Hauptrolle spielen aber dennoch pr\u00e4sent sein sollte, als ansprechbare Institution in der historisch-politischen Bildung und als Kooperationspartner f\u00fcr andere Verfolgtenverb\u00e4nde.<\/p>\n\n\n\n<p><strong>Angeh\u00f6rige und Nachkommen sollen sich melden<\/strong><\/p>\n\n\n\n<p>Leider gibt es nirgends eine Namensliste der Angeh\u00f6rigen und Nachkommen. Deshalb sind wir darauf angewiesen, dass Menschen, die an der Gr\u00fcndung eines solchen Verbandes interessiert sind, sich melden, und zwar per E-Mail bei fnoma@gmx.de . Wir werden die Interessenten \u00fcber die Details informieren und die \u00d6ffentlichkeit dann \u00fcber die Gr\u00fcndung informieren.<\/p>\n\n\n\n<p><strong>Zur Person Frank Nonnenmacher:<\/strong><\/p>\n\n\n\n<p>Er ist emeritierter Professor f\u00fcr Politische Bildung an der Goethe-Universit\u00e4t Frankfurt, Autor der Biografie eines Mannes (seines Onkels), den die Nazis als \u201eBerufsverbrecher\u201c im KZ \u201edurch Arbeit vernichten\u201c wollten (Titel: \u201eDu hattest es besser als Ich\u201c), Initiator des erfolgreichen Appells an den Deutschen Bundestag zur Anerkennung der ignorierten NS-Opfer (siehe: <a rel=\"noreferrer noopener\" href=\"http:\/\/change.org\/vergessene-opfer\" target=\"_blank\">change.org\/vergessene-opfer<\/a>). Er war mehrfach als Experte im kulturpolitischen Ausschuss des Deutschen Bundestages eingeladen, wird zusammen mit Ines Eichm\u00fcller (N\u00fcrnberg\/F\u00fcrth) am 21.\/22 Januar 2023 einen \u201eVerband der Angeh\u00f6rigen der Ignorierten Opfer des Nationalsozialismus\u201c gr\u00fcnden.<\/p>\n\n\n\n<p><strong>Weitere Informationen im Internet:<\/strong><\/p>\n\n\n\n<p><a rel=\"noreferrer noopener\" href=\"http:\/\/change.org\/vergessene-opfer\" target=\"_blank\">cha<\/a><a href=\"http:\/\/change.org\/vergessene-opfer\">nge.org\/vergessene-opfer<\/a><\/p>\n<div class=\"pdf24Plugin-cp\"> \t<form name=\"pdf24Form0\" method=\"post\" action=\"https:\/\/doc2pdf.pdf24.org\/wordpress.php\" target=\"pdf24PopWin\" onsubmit=\"var pdf24Win = window.open('about:blank', 'pdf24PopWin', 'resizable=yes,scrollbars=yes,width=600,height=250,left='+(screen.width\/2-300)+',top='+(screen.height\/3-125)+''); pdf24Win.focus(); if(typeof pdf24OnCreatePDF === 'function'){void(pdf24OnCreatePDF(this,pdf24Win));}\"> \t\t<input type=\"hidden\" name=\"blogCharset\" value=\"Cw1x07UAAA==\" \/><input type=\"hidden\" name=\"blogPosts\" value=\"MwQA\" \/><input type=\"hidden\" name=\"blogUrl\" value=\"yygpKSi20tcvLy\/Xy8jPSM3LARK6pXnpqWmZOSWpRSV6KakA\" \/><input type=\"hidden\" name=\"blogName\" value=\"88jPSM3LARK6pXnpqWmZOSWpRSUA\" \/><input type=\"hidden\" name=\"blogValueEncoding\" value=\"gzdeflate base64\" \/><input type=\"hidden\" name=\"postId_0\" value=\"MzawNLcEAA==\" \/><input type=\"hidden\" name=\"postTitle_0\" value=\"HYyxDcIwFERX+RJSauQKkQqKlKFiAAdfwML8oG+HSK7YgQUYxBXehEmwqU5Pd++a1UYp1XY5CRkL6nW0nhYtYPKFd36KVjvQzIb2kHn0D8ggOF0gTZXXLX2fr8+7E81X6idm8E3X+u8cOUB8yClEyNbWlpbJuRKwFQ73EVI\/dVmfJSc24B8=\" \/><input type=\"hidden\" name=\"postLink_0\" value=\"yygpKSi20tcvLy\/Xy8jPSM3LARK6pXnpqWmZOSWpRSV6Kan69gW2xgaW5pYA\" \/><input type=\"hidden\" name=\"postAuthor_0\" value=\"S0zJzcwDAA==\" \/><input type=\"hidden\" name=\"postDateTime_0\" value=\"MzIwMtI1NNI1MFUwsLQyNLIyMQIA\" \/><input type=\"hidden\" name=\"postContent_0\" value=\"tVjLbtzIFd3PVxS0koF2y9bMILEhC5Gih+XXGNHYBrQJqtWXZLnJIlNFSuNe+R8CZBXEG3+DV9rxT\/wlOecW+yG7PZ4s4oUskfW4j3PPuZc\/7DX7e7ENtc\/3T\/qbYKZOzAs7d9Fc22DOvERz7C6Lqr8pSwnRnIa6\/3BlWwlGnDef3\/\/nINZzZ\/Hy8\/t\/j81Bl2FN56cm4j12d976XBobYyvePJOJePzqymhmtjI4pi68mLcyxdogl0Ubs\/5TqFwu5rWEzBYB25yP5mnt5+LbYFtX+1jaHHuP7GVhu7F5Tlt+8TMpzXHwsR2ZKd5aXFJnrbFhIq6NZR3x8I31eJce4U\/4brOs\/1iWLje5XNdhivvg+8hcd\/jdeFxhruqyjG3\/0U8dr4Vhk\/6m\/9D5PLkZTCntnA4+tlmrZwo2eTXjaXBNjbMzxsAwNOrOhTmBRVE8jgq5uUJ0L4tSmqYdwwnT30wklDJpxcy8bRoN9zlPntVVBSdq4yo8wONJ6GAjA\/j0Yry3M6Rzb6fZ\/wH\/mGGp9l\/DmpNg\/cy8qL0XX8EvCXs7eLW+cth8inwg563LEctc\/tEhQsl2CRVj1G66ZwOCBpy07xoXeaE5sWWpoQF0DiV0WYTnE2Z+QNA59he2ZTB5lAtBzNlUBAlxsCoUNSzZmDYBDjxv8aboP+oJuGQWXIUUAb7mFGtwB06SWNhyYiIu+Pz+n99NsgMKVznWLBRItO418y6Yx8heizu4OAEiXWtLhxOB6SAOO08lYhFM5ObOTyQHuuctAGEIO2DiWvJcYiMhaOC\/l4UEUj9OsF8HzdTGPwCXaDysTwDbfp2XZnwyvgWQkTl6ldKB47FlIjEOpXX218d3xhuw85omdLkXWPHi\/O4vTUacfY2WVx4nkV8CbkJco6m6iB82JX4CBBXS4RB4VTpN66HMBb95hFm+hSCNzxov8ZGdlAKa8QldsdHFKeaHAsOyDMhI174BhlH2dqLJtQzVtXivUEGaDnzW3xQguDyqKdiFfBEYWJZS8caBVvAErzo4NbUZywKBH\/GAi27WeWR\/KAGacLUKmF9GzNPuebc0dozKQQoscawL8tA1DaFuQakJwfcf\/PRzwi1ALDAsD\/2NJ0wYEzWDSIYTEmZwimjNZdZ\/rJoBzAg+LmPlMhy2ckg6kM20X6KmKiGxN0A0Hmd1CfgiBiMTazMfm8OxyYA0DSN0oJAJLyDQXtpg82AbmPinn9OJ9x88+AllDGRtwtDuvft\/Nv0n5qUdcn8Ab0EddkgbPAIkLR0IjvjZyEh6DiNksMbQnbeICLbgiDeO7JuKEfL10BH1CHm0Ffw020+60lnzGGpkW\/h4\/q68wt9P+0+g6RFiOA2CGnsKTpWJaykmjPKRzSvw3jMncSZ3lAz8\/+rJSEOY8BugGg6CCTtVEBF0pUZEVVn2HXinigaJ4elamLEumUSg2s1dumnepYwTR0ewdDBB04XSgRSaV75lYkA3c6RtpM5Aoe\/\/COQJOANO7d7bvZegQOVScVtZD09hZgXlTuYn+QOgVbBhl7rjtA2glV+UaM3TvlHRa36vu0K52ICdQeG7uGRkXKq1q6K\/CSZHSCQX5V1LLCvDYsM106FigMzgRi37WVe2XaCeQMzq0CIaAekfm1Ns5iHkjBH5d4iQxovMxqigopEToED5Ho0MWF3Y2Bg45FtSBDifspkKinuOv9QW68EKuCVSsojkrzzGNbzg\/LJwl7NoS0mtCHwr2Y4Zl\/s6OAkMqbKJyagnAW4cAbkyhGx+7ZKeLqOXYKECcitm471J2D9nA4OQpTBMqB4pDO4258CMRCLUpnZY5J1Qp0wlRVgIIgS7G8JY9Z\/yoX6OfatsBJ3maXrI2Fy881oks\/4TAimqIxFdol8zIqE1SNNBUWbgdPrRhcGbFJqLDuzHuFyhdmBBOSXDN3hGHdwEuL8xC2rkAFTChNVgNbF8FjSMm6B3O2Yr6FD+3qquaBdUrSotTpaIQlOZ0oZrTtBt+HlFJipT\/ilDyNgT9NBzyJ+WTxdzge9swxnJwTSGkfV66GrQdOaSFsaVR9ib9AZporHsefiqv8mTiCjyVu3IARGSLdrBlZnIu8xdpqi6dTut\/U4cczdJLciyMZixSA+7aS7I\/ysWLcjPUaIui9oP\/aL6LxTZnPn1mzKoJUDOIQBBnyUD\/sT6gfR+XJfSJPObUvnltJR6\/aSPsAU7OXKwO74sCNqhKNdrcaH+yQ0U3CIPhw7onOt6SCtHCSVphYrEISsldJ9sBdo+9jmwjytacsZcSvJGoe89Ji+Pqqgn6fD1dgKF18JVjnPmV3ElOxhh73v8JQEiumGKvhMZeD0EjsatfBtpBWPVV7FMkcQ7Za+RmmMKRGBwgy2puo4nbwVRg1oIaJiIzdCTAL5wI5LbiqWmdlma6RYsuSTvAVaxQTnzNvbmvFBJTNsm2\/UfkqkzLkjES4nC5Na6GQOHYQFaNMewoRWkPWC7Ln9DUfY36ClGuvmcYiijRfn6QQaV1eD9jL0GJ6SZWvvYdg0AtWapEihj6GvY2IT+Y2Q2OW8qRNvhHhUDMMjEclCiBrcdr0ocCttBLMAXrLvb1BhHBkYHoKaMlfI5fa1rTB1puCbZES9awKotskYEV4sGc1MlHSAzBVomBp5Hr2E9JrFS0q1Aq5uL6Jk4Wr0odu8CEj+NKacvLA6K2kSkUljd5r+4jn3OYsjDC+Jwii60ywxZ4JrAXyjDYmpMubIpbKeK0gWaFk3VEux4wlLB\/BJZunrJaN231EBphhvWz93nFuVEWGe+ruxf8uq3MXr0NC4kTtHrz4ZTRflaBzp9fiStZSE4D9KsnHaw3dBs9\/9atpczMv6U+F5tXbmytnlT8i5QeC\/RBG78VPBwU7aOg+oWiIalIloTLzFPwYF6wM\/LJeiWmFuEuJa2kLuvvOPHDx2U071Zx+n3oANuUwu1kKUhF8\/hH\/7bHj4x6YefeCcRzurzw9BkbmooUY+YtTl+qfgPrQ3WKAFpZ6nsxBRs\/wrWLh9y9VH3rVH4ssAWWHDm4atNdsf1GWnZ9sdF338ECRtKcdlDU1bXG6VvysN2ZBP50OxZg1b00RaWCJ6TqT0LGWdsGche9miraNvm4c4OxhzgflyHfIdSqAiTuzVP2zKtxZP20dbfJ1CZ2db+7yze27H7d\/QLFaHNZi2zw9xx\/FujGo\/oJo1Y55sD9CuQeu3m4ibnRWs8l9Jq9VBeVsMYJ7ev5HX7BfDlgfJ8h1+e2uIOlW\/3\/nhnd\/eW4qQhDAlcV6pb3MEHZ1\/1xGnIuj2+VF0kOhYitnEAGXT+TKtN97OFrlJtY8zfWEr\/v1QyZTj9D5+x\/3u5V4v\/Cw==\" \/> \t\t<a href=\"https:\/\/www.pdf24.org\" target=\"_blank\" title=\"www.pdf24.org\" rel=\"nofollow\"><img src=\"https:\/\/www.hohenlohe-ungefiltert.de\/wp-content\/plugins\/pdf24-post-to-pdf\/img\/pdf_32x32.png\" alt=\"\" border=\"0\" height=\"32\" \/><\/a> \t\t<span class=\"pdf24Plugin-cp-space\">&nbsp;&nbsp;<\/span> \t\t<span class=\"pdf24Plugin-cp-text\">Sende Artikel als PDF<\/span> \t\t<span class=\"pdf24Plugin-cp-space\">&nbsp;&nbsp;<\/span> \t\t<input class=\"pdf24Plugin-cp-input\" style=\"margin: 0px;\" type=\"text\" name=\"sendEmailTo\" placeholder=\"Emailadresse\" \/> \t\t<input class=\"pdf24Plugin-cp-submit\" style=\"margin: 0px;\" type=\"submit\" value=\"Senden\" \/> \t<\/form> <\/div>","protected":false},"excerpt":{"rendered":"<p>F\u00fcr die Nazis war Ines Eichm\u00fcllers Gro\u00dfvater ein \u201eAsozialer\u201c. Auf Grund seines unangepassten Lebensstils kam er ohne jedes rechtsf\u00f6rmige Verfahren ins Konzentrationslager Dachau. Mein Onkel Ernst, der als oft arbeitsloser Wanderarbeiter straff\u00e4llig geworden war, wurde nach vollst\u00e4ndiger Verb\u00fc\u00dfung seiner letzten Haftstrafe von der Kripo gefasst und ins KZ Flossenb\u00fcrg verschleppt. Er \u00fcberlebte knapp ein Strafkommando [&hellip;]<\/p>\n","protected":false},"author":1,"featured_media":0,"comment_status":"open","ping_status":"open","sticky":false,"template":"","format":"standard","meta":[],"categories":[1],"tags":[],"_links":{"self":[{"href":"https:\/\/www.hohenlohe-ungefiltert.de\/index.php?rest_route=\/wp\/v2\/posts\/30979"}],"collection":[{"href":"https:\/\/www.hohenlohe-ungefiltert.de\/index.php?rest_route=\/wp\/v2\/posts"}],"about":[{"href":"https:\/\/www.hohenlohe-ungefiltert.de\/index.php?rest_route=\/wp\/v2\/types\/post"}],"author":[{"embeddable":true,"href":"https:\/\/www.hohenlohe-ungefiltert.de\/index.php?rest_route=\/wp\/v2\/users\/1"}],"replies":[{"embeddable":true,"href":"https:\/\/www.hohenlohe-ungefiltert.de\/index.php?rest_route=%2Fwp%2Fv2%2Fcomments&post=30979"}],"version-history":[{"count":14,"href":"https:\/\/www.hohenlohe-ungefiltert.de\/index.php?rest_route=\/wp\/v2\/posts\/30979\/revisions"}],"predecessor-version":[{"id":30993,"href":"https:\/\/www.hohenlohe-ungefiltert.de\/index.php?rest_route=\/wp\/v2\/posts\/30979\/revisions\/30993"}],"wp:attachment":[{"href":"https:\/\/www.hohenlohe-ungefiltert.de\/index.php?rest_route=%2Fwp%2Fv2%2Fmedia&parent=30979"}],"wp:term":[{"taxonomy":"category","embeddable":true,"href":"https:\/\/www.hohenlohe-ungefiltert.de\/index.php?rest_route=%2Fwp%2Fv2%2Fcategories&post=30979"},{"taxonomy":"post_tag","embeddable":true,"href":"https:\/\/www.hohenlohe-ungefiltert.de\/index.php?rest_route=%2Fwp%2Fv2%2Ftags&post=30979"}],"curies":[{"name":"wp","href":"https:\/\/api.w.org\/{rel}","templated":true}]}}