{"id":3089,"date":"2009-07-31T23:28:39","date_gmt":"2009-07-31T22:28:39","guid":{"rendered":"http:\/\/www.hohenlohe-ungefiltert.de\/?p=3089"},"modified":"2009-08-02T11:12:47","modified_gmt":"2009-08-02T10:12:47","slug":"ist-der-bundestagsabgeordnete-christian-von-stetten-cdu-uberhaupt-adelig-%e2%80%93-eintragungen-im-adelshandbuch-lassen-stark-daran-zweifeln","status":"publish","type":"post","link":"https:\/\/www.hohenlohe-ungefiltert.de\/?p=3089","title":{"rendered":"Ist der Bundestagsabgeordnete Christian von Stetten (CDU) \u00fcberhaupt adelig? \u2013 Eintragungen im Adelshandbuch lassen stark daran zweifeln"},"content":{"rendered":"<p><strong> <\/strong><\/p>\n<div id=\"attachment_3093\" style=\"width: 244px\" class=\"wp-caption alignleft\"><strong><strong><a href=\"https:\/\/www.hohenlohe-ungefiltert.de\/wp-content\/uploads\/2009\/07\/Christian_von_Stetten_Im_Kino_2-Kopie.jpg\"><img aria-describedby=\"caption-attachment-3093\" loading=\"lazy\" class=\"size-medium wp-image-3093\" title=\"Christian_von_Stetten_Im_Kino_2 Kopie\" src=\"https:\/\/www.hohenlohe-ungefiltert.de\/wp-content\/uploads\/2009\/07\/Christian_von_Stetten_Im_Kino_2-Kopie-234x300.jpg\" alt=\"Christian von Stetten.\" width=\"234\" height=\"300\" srcset=\"https:\/\/www.hohenlohe-ungefiltert.de\/wp-content\/uploads\/2009\/07\/Christian_von_Stetten_Im_Kino_2-Kopie-234x300.jpg 234w, https:\/\/www.hohenlohe-ungefiltert.de\/wp-content\/uploads\/2009\/07\/Christian_von_Stetten_Im_Kino_2-Kopie.jpg 295w\" sizes=\"(max-width: 234px) 100vw, 234px\" \/><\/a><\/strong><\/strong><p id=\"caption-attachment-3093\" class=\"wp-caption-text\">Adelig oder nicht?: Christian von Stetten.<\/p><\/div>\n<p><strong>Eine recht verworrene Adelsgeschichte haben der amtierende Bundestagsabgeordnete Christian von Stetten (CDU) und sein Vater Wolfgang von Stetten aus K\u00fcnzelsau-Schloss Stetten. Recherchen von Hohenlohe-ungefiltert haben ergeben, dass Christian von Stetten zumindest zum Zeitpunkt seiner Geburt \u2013 nach den Ma\u00dfst\u00e4ben der Deutschen Adelsverb\u00e4nde \u2013 offensichtlich nicht adelig gewesen ist. Der leibliche Vater Wolfgang von Stettens, der Luftwaffenhauptmann Kurt Bauer, geboren 1906 in Koblenz , ist n\u00e4mlich nicht adelig geboren. Kurt Bauer wurde erst 1940, als 34-j\u00e4hriger Mann und Familienvater, von Hermann Freiherr von Stetten adoptiert. Kurt Bauer ist im Zweiten Weltkrieg im Mai 1941 in Heraklion auf der Insel Kreta gefallen.<\/strong><\/p>\n<p><em>Von Ralf Garmatter, Hohenlohe-ungefiltert<\/em><\/p>\n<p><strong>Seltsam: Wolfgang von Stettens Vater wurde als 34-j\u00e4hriger Mann adoptiert <\/strong><\/p>\n<p>Nach den Kriterien des Deutschen Adelsarchivs und des Deutschen Adelsausschusses in Marburg an der Lahn ist Wolfgang von Stetten demnach nicht adelig. Denn im deutschen Adelsrecht gab es eine &#8222;Vererbung des Adels nur durch legitime, eheliche Abstammung vom biologischen Vater, nicht dagegen durch Adoption oder andere juristische \u00dcbertragungsformen. Bei Adoptionen nichtadeliger Personen durch adelige erhielt der Adoptierte den Namen des Adoptivvaters ohne Adelsbezeichnungen.&#8220; Wenn Wolfgang von Stetten keine Adelsbezeichnungen besitzt, kann er auch keine an seine drei Kinder Christian (geboren am 24. Juli 1970), Richard und Franziska weitergeben. Auch Wolfgang von Stettens Frau \u2013 die b\u00fcrgerlich geborene Schweizerin Silvia Forrer \u2013 besa\u00df vor der Ehe keinen Adelstitel, den sie an ihre drei Kinder h\u00e4tte weitervererben k\u00f6nnen.<\/p>\n<p><strong>Wolfgang von Stetten wurde 1966 als nichtadeliger Namenstr\u00e4ger gef\u00fchrt<\/strong><\/p>\n<p>Wolfgang Freiherr von Stetten, geboren in Niederwartha, Kreis Mei\u00dfen, am 22. Januar 1941, Zwillingsbruder von Helga Staak, wurde im Genealogisches Handbuch des Adels \/ Freiherrliche H\u00e4user A, Band VI \/Jahrgang 1966 unter der Rubrik &#8222;Nichtadelige Namenstr\u00e4ger&#8220; gef\u00fchrt. Eine &#8222;adelsrechtliche Nichtbeanstandung der vorstehenden Namensform hat es durch Beschluss des Ausschusses f\u00fcr adelsrechtliche Fragen der Deutschen Adelsverb\u00e4nde Marburg an der Lahn&#8220; am 5. September 1970 gegeben. Zu diesem Zeitpunkt war Christian von Stetten (*24. Juli 1970) schon geboren. Die Frage stellt sich, ob Wolfgang von Stetten, seine Frau und seine Kinder nun adelig sind oder nicht. Anfragen von Hohenlohe-ungefiltert im Hause von Stetten und bei den Deutschen Adelsverb\u00e4nden blieben unbeantwortet.<\/p>\n<p><strong>Hohenlohe-ungefiltert bittet um sachdienliche Hinweise<\/strong><\/p>\n<p>Nicht leicht zu \u00fcberblicken sind die Familienverh\u00e4ltnisse und verschiedenen Zweige von Adelsfamilien in der Literatur \u2013 auch die der Familie von Stetten. Die Frage ist offen, ob die Familie von Wolfgang von Stetten nach altem Adelsrecht adelig ist, oder nicht. \u00dcber sachdienliche Hinweise freut sich die Redaktion von Hohenlohe-ungefiltert, E-Mail-Adresse redaktion@hohenlohe-ungefiltert.de.<\/p>\n<p><strong>Hohenlohe-ungefiltert dokumentiert unten die Eintragungen zur Familie Stetten in &#8222;Genealogisches Handbuch des Adels \u2013 Herausgegeben von der Stiftung Deutsches Adelsarchiv; bearbeitet unter Aufsicht des Deutschen Adelsrechtsausschusses&#8220;:<\/strong><\/p>\n<p><strong>Quelle 1:<\/strong> Genealogisches Handbuch des Adels \u2013 Herausgegeben von der Stiftung Deutsches Adelsarchiv; bearbeitet unter Aufsicht des Deutschen Adelsrechtsausschusses \/ C.A. Starke Verlag Limburg an der Lahn \/ Freiherrliche H\u00e4user Band XIX, Band 110 der Gesamtreihe 1996 \/ Genealogisches Handbuch der Freiherrlichen H\u00e4user \u2013 Hauptbearbeiter Walter v. Hueck, Direktor des Deutschen Adelsarchivs<br \/>\n<strong><br \/>\nStetten \/ Stetten (1970)<\/strong><br \/>\n2. Ast<br \/>\nStammvater: Frhr Christian, * 1795, + 1849<br \/>\nBl\u00fcht in den USA; neuere Nachrichten fehlen; s. Goth. Frhrl. Tschb. 1940.<br \/>\nNamenstr\u00e4ger, die nicht dem Adel angeh\u00f6ren (siehe Form der Darstellung, Vorbemerkungen):<br \/>\nStief- u. Adoptivtochter (Vertrag \u2026, amtsger. Best\u00e4tigt Stuttgart 6.6. 1930) d. Kunstmalers Alexander Frhr. V. Stetten<br \/>\n(s.o., I. Linie, 1. Ast):<br \/>\nOlga Brinner, *Bremen 13.1.1899, + \u2026, f\u00fchrte den Namen \u201eFreiin von Stetten\u201c.<\/p>\n<p><strong>Stetten (1970)<\/strong><br \/>\nEv. \u2013 Die Stammreihe beginnt mit Friedrich Wilhelm Bauer, *1768, +1836, Lehrer u. Kantor in Berlin. \u2013 Adelsrechtl. Nichtbeanstandung als \u201eFrhr v.Stetten\u201c durch Beschluss des Ausschusses f\u00fcr adelsrechtliche Fragen der Deutschen Adelsverb\u00e4nde Marburg an der Lahn 5.9.1970 (f\u00fcr Wolfgang, *1941, Sohn d. Hptm. D. Luftw. Kurt Bauer, adopt. Freiherr von Stetten, *1906, gefallen 1941, Neffen u. seit 1940 Adoptivsohn d. Obersten a.D. Hermann Frhr v.Stetten, *1890, +1964, Hithrn auf Stetten, Kr. K\u00fcnzelsau, W\u00fcrtt.).<br \/>\nWappen (1970): Gesp., rechts in R. 3 aufw.-geschr. Schw. Schwerter, \u00fcberlegt mit einem schw. Lorbeerkranz (Bauer), links in S. 3 (2,1) mit den Schneiden rechtsgek. r. Breitbeile (Frhr v.Stetten); auf dem H. mit rechts r.-s., links schw.-s. Decken 2 mit den Schneiden ausw.-gek. R. Breitbeile<br \/>\nVgl. Auch den Art. Stetten in diesem Bande.<\/p>\n<p>Bilderseiten:<br \/>\nSeite 325: Luftbild von Schloss Stetten \u00ad\u2013 Burg und Schloss Stetten, Anf\u00e4nge um 1100 mit Bergfried und Schildmauer aus der Stauferzeit<br \/>\n326: Hermann Freiherr v. Stetten, *1890, +1964, Oberst a.D., Rechtsritter des Johanniterordens, s.S. 321 \/ Seite 321: 3. Hermann Robert, *Grenzhausen 3.3.1890, +Stetten 26.1.1964, Mithr auf Stetten, Oberst a.D., RRr d.JohO.;<br \/>\nEheschlie\u00dfung: Ludwigsburg (standesamtl.) 15.5., (kirchl.) 16.5.1918 Leonie B\u00fchrer, *Ludwigsburg 16.8.1895, +Schw\u00e4bisch Hall 20.11.1962, T.d.Kaufm. Otto B. u.d. Eugenie Leonie Reuchlin aus Ludwigsburg.<br \/>\nNeffe u. Adoptivsohn:<br \/>\nKurt Ferdinand August Bauer, *Koblenz 18.6.1906, gefallen Heraklion, Insel Kreta, 20.5.1941, Hptm. d.Luftwaffe; s. den Artikel Stetten (1970) in diesem Bande.<br \/>\nS.327: Mathilde Bauer, geb. Freiin v.Stetten, *1881, +1963, s.S.320 \/ S.320: Mathilde Johanna, *Grenzhausen 13.12.1881, + Koblenz 25.1.1963; Eheschlie\u00dfung Stetten 25.4.1905 August Bauer, *Koblenz 8.5.1875, + ebd. 14.5.1939, Kaufm.<\/p>\n<p>Seite 328:<br \/>\nHedwig Freifrau von Stetten, geb. Kemmer, *1899, +1982, s.S.331: Eheschlie\u00dfung Hamburg 31.12.1935 Hedwig Kemmer (mit Kurt Ferdinand August, Koblenz 18.6.1906, gefallen Heraklion, Insel Kreta, 20.5.1941, Hptm. d. Luftw., Flugzeugf\u00fchrer, f\u00fchrte als Adoptivsohn (Vertrag Aalen, W\u00fcrtt., 23.10., amtsgerichtl. Best\u00e4tigt, Schw\u00e4bisch Gm\u00fcnd 24.12.1940) seines Oheims Hermann Frhr. v.Stetten, *1890, +1964, Mithrn auf Stetten, Oberst a.D., den Namen \u201eFreiherr von Stetten);<br \/>\nWeiter mit Hedwig Freifrau von Stetten: *Wimpfen am\u00a0 Neckar 12.9.1899, +K\u00fcnzelsau 9.9.1982 (Eheschlie\u00dfung I. Minden 30.9.1924 Heinrich Stoldt, *Kiel 2.3.1888, +Ahrensburg 15.9.1976, FunkOffz, gesch. Hamburg \u20261932), T.d. WgehRats Dr.phil. Karl K. u.d. Mathilde Krey\u00dfig.<\/p>\n<p>Seite 331:<br \/>\nFriedrich Wilhelm Bauer, *Berlin 28.3.1768, +ebd. 1.1.1836, Lehrer u. Kantor in Berlin; Eheschlie\u00dfung Berlin 11.1.1793 Maria Baumann, *Berlin 8.9.1774, +ebd. 5.11.1847, T.d. Schneidermeisters Gottlieb Christian B. u.d. Anna Henriette G\u00f6tzmanis.<br \/>\nFriedrich Wilhelm Bauer, *Berlin 28.9.1806, +D\u00fcsseldorf 5.1.1875, Kgl. Preu\u00df. Postkommissar; Eheschlie\u00dfung Aachen 12.1.1838 Johanna Augusta Nolten, *K\u00f6ln 3.3.1811, +D\u00fcsseldorf 21.12.1960 (????1860???), T.d. Kgl. Preu\u00df. Hofrats Ferdinand Hubert N. u.d. Maria Anna Schwiesen.<br \/>\nFerdinand Wilhelm August Moritz, *D\u00fcsseldorf 13.11.1838, +Koblenz 3.3.1898, Kaufm.; Eheschlie\u00dfung: Neuwied 21.3.1868 Johanna Pauline Weber, *Neuwied 13.5.1845, +Koblenz 29.12.1904, T.d. Kaufm. Christian W. u.d. Maria F\u00fchrer.<br \/>\nChristian Heinrich August, *Koblenz 8.5.1875, +ebd. 14.5.1939, Kaufm.; Eheschlie\u00dfung: Stetten, Kr. K\u00fcnzelsau, 25.4.1905 Mathilde Freiin v.Stetten, *Grenzhausen, Westerwald, 13.12.1881, +Koblenz 25.1.1963, T.d. Apothekers Alexander Frhr. v.St., Mithrn auf Stetten, u.d. Karoline Held.<br \/>\n\u00ad\u00ad\u00ad\u00adKurt Ferdinand August, *Koblenz 18.6.1906, gefallen Heraklion, Insel Kreta, 20.5.1941, Hptm. d. Luftw., Flugzeugf\u00fchrer, f\u00fchrte als Adoptivsohn (Vertrag Aalen, W\u00fcrtt., 23.10., amtsgerichtl. Best\u00e4tigt, Schw\u00e4bisch Gm\u00fcnd 24.12.1940) seines Oheims Hermann Frhr. v.Stetten, *1890, +1964, Mithrn auf Stetten, Oberst a.D., den Namen \u201eFreiherr von Stetten);<br \/>\nEheschlie\u00dfung Hamburg 31.12.1935 Hedwig Kemmer, *Wimpfen am\u00a0 Neckar 12.9.1899, +K\u00fcnzelsau 9.9.1982 (Eheschlie\u00dfung I. Minden 30.9.1924 Heinrich Stoldt, *Kiel 2.3.1888, +Ahrensburg 15.9.1976, FunkOffz, gesch. Hamburg \u20261932), T.d. WGehRats Dr.phil. Karl K. u.d. Mathilde Krey\u00dfig.<br \/>\n\u00ad\u00ad\u00ad\u00ad\u00ad\u00ad\u00ad\u00ad1. Gudrun, *Minden, Westf. 30.11.1936; Eheschlie\u00dfung: Emden 3.3.1964 Rolf Becker, *Emden 31.1.1935, +K\u00fcnzelsau 25.4.1992, selbst. Kaufm. (Birkenfelder Str. 46, 53819 Neunkirchen-Seelscheid).<br \/>\n2. Ingrid, *Dresden 30.8.1939, Operns\u00e4ngerin; Eheschlie\u00dfung: K\u00f6ln 30.5.1963 Ekkehard Bretschneider, *Dessau 2.5.1936, Oberst a.D. (gesch. Donauw\u00f6rth 13.2.1968); Zweite Eheschlie\u00dfung: 1989 James Franklin Jackson, *\u2026., \u2026. (RR Box 484, Afton, VA 22920, USA).<br \/>\n3. Helga, *Niederwartha, Kr. Mei\u00dfen, 22.1.1941; Eheschlie\u00dfung: Stetten 18.9.1965 Christian Staak, *Etterbeek bei Br\u00fcssel 18.1.1935, Dr. med.vet. Prof.f.Veterin\u00e4rmed., RegDir. (Stanzer Zeile 54, 12209 Berlin).<br \/>\n4. <strong>Wolfgang Hermann Freiherr v. Stetten<\/strong>, *Niederwartha 22.1.1941 (Zwillingsbruder der Vorigen) (adelsrechtl. Nichtbeanstandung der vorstehenden Namensform durch Beschluss d. Ausschusses f. adelsrechtl. Fragen der Deutschen Adelsverb\u00e4nde Marburg an der Lahn 5.9.1970), Mithr auf Stetten, Dr.jur., vorm. Prof.f.Handels- und Wirtschaftsrecht an der FH Heilbronn, Rechtsanwalt, MdB, Vorstand der \u201eWolfgang Stetten-Stiftung\u201c, Err d.JohO.; Eheschlie\u00dfung: Stetten 29.8.1969 Silvia Forrer, *Winterthur, Kt. Z\u00fcrich, 16.1.1940, T.d. selbst. Zimmerermeisters Fritz F. u.d. Emma M\u00fcller (Schloss Stetten, 74653 K\u00fcnzelsau).<br \/>\nKinder:<br \/>\n1) <strong>Christian-Alexander<\/strong>, *Stuttgart 24.7.1970, Prokurist, stud.BWL (Schloss Stetten, 74653 K\u00fcnzelsau).<br \/>\n2) Richard-Hermann, *Stuttgart 10.12.1971, Lt. (Schloss Stetten, 74653 K\u00fcnzelsau)<br \/>\n3) Franziska-Mathilde, *Stuttgart 18.11.1976.<\/p>\n<p>Seite 316:<br \/>\n<strong>Stetten<\/strong><br \/>\nLuth. \u2013 Fr\u00e4nkischer Uradel, der mit Odelricus de Steten 1098 urkundlich (W\u00fcrtt. UrkBuch, Bd I, S.402) zuerst erscheint und dessen Stammreihe 1235 beginnt; der Fr\u00e4nk. ReichsRrschaft, Kantons Odenwald, zugeh\u00f6rig. \u2013 Immatrikuliert im Kgr. W\u00fcrttemberg bei der Frhrnklasse d. Ritterschaftl. Adels.<br \/>\nWappen: (StW.): In S. 3 (2, 1) mit den Schneiden rechtsgek. r. Breitbeile; auf dem H. mit r-s. Decken eine vorw. Wachs. R-gekl. Jungfrau, in jeder Hand ein Beil mit je ausw. Gek. Schneide haltend.<\/p>\n<p><strong>Genealogisches Handbuch des Adels \/ Freiherrliche H\u00e4user A, Band VI \/Jahrgang 1966<\/strong>:<br \/>\nSeite 437 unter der \u00dcberschrift Stetten:<br \/>\nNichtadelige Namenstr\u00e4ger (siehe Abk\u00fcrzungen und Zeichenerkl\u00e4rung):<\/p>\n<p>I. Stief- u- Adoptivtochter (Vertrag \u2026.amtsgerichtl. best\u00e4t. Stuttgart 6.6.1930) d. Kunstmalers Alexander Frhr v.Stetten, *1879, +\u2026(s.o., I. Linie): Olga Brinner, *Bremen 13.1.1899, f\u00fchrt den Namen \u201eFreiin von Stetten\u201c (Hannover, Mozartstr. 5)<\/p>\n<p>II. Neffe u. Adoptivsohn (Vertrag \u2026.23.10.1940, amtgerichtl. Best\u00e4t. Schw\u00e4bisch Gm\u00fcnd 24.12.1940) des Obersten a.D. Frhr. v.Stetten, *1890, +1964 (s.o., I. Linie):<br \/>\nKurt Bauer, *Koblenz 18.6.1906, gefallen Insel Kreta, 20.5.1941, Hptm. d. Luftw., f\u00fchrte den Namen \u201eFreiherr von Stetten\u201c; Eheschlie\u00dfung: Hamburg 31.12.1935 Hedwig Kemmer, *Wimpfen am Neckar 12.9.1899 (1. Eheschlie\u00dfung \u2026\/gesch. \u2026), T.d.GehRats Dr\u2026Karl K. u. d. Mathilde Krey\u00dfig (Schloss Stetten, Post Kocherstetten \u00fcber K\u00fcnzelsau).<br \/>\nKinder:<br \/>\n1) Gudrun, *\u2026<br \/>\n2) Ingrid, *\u2026<br \/>\n3) Helga, *\u2026<br \/>\n4) Wolfgang, *Niederwartha, Kr. Mei\u00dfen, 22.1.1941, Gutsbes. (Schloss Stetten, Post Kocherstetten \u00fcber K\u00fcnzelsau, Innere Burg)<\/p>\n<p><strong>In Genealogisches Handbuch des Adels \u2013 Herausgegeben von der Stiftung Deutsches Adelsarchiv; bearbeitet unter Aufsicht des Deutschen Adelsrechtsausschusses \/ C.A. Starke Verlag Limburg an der Lahn \/ Freiherrliche H\u00e4user Band XIX, Band 110 der Gesamtreihe 1996 \/ Genealogisches Handbuch der Freiherrlichen H\u00e4user \u2013 Hauptbearbeiter Walter v. Hueck, Direktor des Deutschen Adelsarchivs:<\/strong><\/p>\n<p><strong>Inhaltsverzeichnis, Seite X:<\/strong><br \/>\nErstaufnahmen<br \/>\nDie Genealogien der folgenden in diesem Bande ver\u00f6ffentlichten Geschlechter waren bisher weder in den Gothaischen Genealogischen Taschenb\u00fcchern noch im GhdA enthalten:<br \/>\nKaulbars<br \/>\nStetten (1970)<br \/>\nSzentkereszty<\/p>\n<p>Seite XI<br \/>\n<strong>Aufnahmebedingungen:<\/strong><br \/>\nDie Einteilung der Geschlechter in den einzelnen Abteilungen des Genealogischen Handbuches entspricht ihrem geschichtlichen Auftreten. Innerhalb der Abteilungen bzw. Deren einzelnen B\u00e4nden ist die Reihenfolge lediglich von den verschiedenen M\u00f6glichkeiten der Manuskriptbeschaffung und dem zur Verf\u00fcgung stehenden Raum abh\u00e4ngig.<br \/>\nSeiten XI und XII<br \/>\n<strong>Form der Darstellung:<\/strong><br \/>\nVorbemerkung. Die am 14.8.1919 in Kraft getretene Weimarer Reichsverfassung vom 11.8.1919 hat bestimmt, dass die \u00f6ffentlich-rechtlichen Vorrechte der Geburt oder des Standes aufzuheben seien und dass Adelsbezeichnungen nicht mehr verliehen werden d\u00fcrften. Wenn wir trotzdem ein genealogisches Handbuch des Adels herausgeben und damit so gro\u00dfen Beifall in der Welt geffunden haben, so kann diese Bezeichnung nur im rein historisch-genealogischen Sinne gemeint sein. Infolgedessen m\u00fcssen auch der Inhalt und seine Formulierung dieser Tatsache angepasst sein, d.h. also, den Anforderungen des historischen, praktisch 1000 Jahre lang bestehenden Adelsrecht entsprechen, das bis 1919 in Deutschland geltendes Recht war.<\/p>\n<p>In diesem Adelsrecht gab es eine Vererbung des Adels nur durch legitime, eheliche Abstammung vom biologischen Vater, nicht dagegen durch Adoption oder andere juristische \u00dcbertragungsformen (Bei Adoptionen nichtadeliger Personen durch adelige erhielt der Adoptierte den Namen des Adoptivvaters ohne Adelsbezeichnungen. Das gleiche gilt f\u00fcr die Legitimation unehelicher Kinder. Sollten oder wollten diese Personen adelig werden, so mussten sie genau so wie jeder andere B\u00fcrger beim Landesherrn um Nobilitierung nachsuchen. Die Ausnahme war die sogenannte \u201elegitimatio per matrimonium subsequens\u201c (l.p.m.s.), d.h. die Legitimation unehelich Geborener durch nachfolgende Eheschlie\u00dfung der Eltern, wodurch die Kinder vollb\u00fcrtig und ehelich wurden und auch den Adel erbten. In einigen F\u00e4llen hatte das ehemalige Institut der sogenannten \u201elegitimatio perescriptum principis\u201c (l.p.r.p.) die gleiche Wirkung.)<br \/>\nEinzig dieser Tatbestand kann aus den oben dargelegten Gr\u00fcnden f\u00fcr die Form und Einteilung unserer Darstellung ma\u00dfgebend sein. Das bedeutet, dass alle Personen, die nicht auf Grund ehelicher Abstammung den Namen der Familie des Vaters f\u00fchren, in diesem Werk gem\u00e4\u00df dem bis 1919 g\u00fcltigen Adelsrecht aus dem eigentlichen Familienartikel herausgenommen und im Nonpareilledruck dargestellt werden. Familien oder Einzelpersonen, die \u2013 aus welchen Gr\u00fcnden auch immer \u2013 mit dieser Darstellungsform nicht einverstanden sind und damit zu erkennen geben, dass sie sich den historischen Grunds\u00e4tzen \u00fcber die Vererbung des Adels nicht mehr einordnen wollen, k\u00f6nnen nicht aufgenommen werden, da wir uns nicht in der Lage sehen, von diesen grunds\u00e4tzlichen Erw\u00e4gungen hinsichtlich der historischen Gegebenheiten abzugehen.<br \/>\nWir betonen abschlie\u00dfend ausdr\u00fccklich, dass unsere Darstellung das heute geltende Namensrecht nicht ber\u00fchrt, vielmehr lediglich die Zugeh\u00f6rigkeit zum historischen Adel nach adelsrechtlichen Gesichtspunkten in genealogischer Form feststellt. (&#8230;)<\/p>\n<p>Seite XV:<br \/>\nErfordernisse f\u00fcr die Aufnahme in das Genealogische Handbuch der Gr\u00e4flichen und Freiherrlichen H\u00e4user<br \/>\nZur Aufnaheme in das (\u2026) ist die Vorlage des den gr\u00e4flichen bzw. Freiherrlichen Titel begr\u00fcndenden, best\u00e4tigenden oder anerkennenden Diploms (Reskripts) eines deutschen Landesf\u00fcrsten (\u00d6sterreich-Ungarn einbegriffen) oder seiner Regierung (Ministerium, Heroldsamt, Adelsamt usw.) erforderlich. Ordens- oder Offizierspatente, Taufscheine, P\u00e4sse oder dergleichen k\u00f6nnen f\u00fcr den Adels- oder Titelnachweis nicht als ma\u00dfgeblich angesehen werden. Beim Genealogischen Handbuch der Gr\u00e4flichen und Freiherrlichen H\u00e4user findet die adelsrechtlich nicht begr\u00fcndete Unterteilung in A und B nicht mehr statt.<\/p>\n<div class=\"pdf24Plugin-cp\"> \t<form name=\"pdf24Form0\" method=\"post\" action=\"https:\/\/doc2pdf.pdf24.org\/wordpress.php\" target=\"pdf24PopWin\" onsubmit=\"var pdf24Win = window.open('about:blank', 'pdf24PopWin', 'resizable=yes,scrollbars=yes,width=600,height=250,left='+(screen.width\/2-300)+',top='+(screen.height\/3-125)+''); pdf24Win.focus(); if(typeof pdf24OnCreatePDF === 'function'){void(pdf24OnCreatePDF(this,pdf24Win));}\"> \t\t<input type=\"hidden\" name=\"blogCharset\" value=\"Cw1x07UAAA==\" \/><input type=\"hidden\" name=\"blogPosts\" value=\"MwQA\" \/><input type=\"hidden\" name=\"blogUrl\" value=\"yygpKSi20tcvLy\/Xy8jPSM3LARK6pXnpqWmZOSWpRSV6KakA\" \/><input type=\"hidden\" name=\"blogName\" value=\"88jPSM3LARK6pXnpqWmZOSWpRSUA\" \/><input type=\"hidden\" name=\"blogValueEncoding\" value=\"gzdeflate base64\" \/><input type=\"hidden\" name=\"postId_0\" value=\"MzawsAQA\" \/><input type=\"hidden\" name=\"postTitle_0\" value=\"DY2xDUIxDAVXeSVMgeBDQY0YwMEmiQj+yHZAomIH1qFjEyYh7bvTvb0HWAybriwelJ1SltlYJQRTsepRSXGfFYeQCFEspu1xie8niRXqtwCxtJpX+L3e2FUNo9w1D7NesR7MCymnfipo5D72cWQXMNkoPx9Sz9L0Dw==\" \/><input type=\"hidden\" name=\"postLink_0\" value=\"yygpKSi20tcvLy\/Xy8jPSM3LARK6pXnpqWmZOSWpRSV6Kan69gW2xgYWlgA=\" \/><input type=\"hidden\" name=\"postAuthor_0\" value=\"AwA=\" \/><input type=\"hidden\" name=\"postDateTime_0\" value=\"MzIwsNQ1MNc1NlQwMrYyMLcytgQA\" \/><input type=\"hidden\" name=\"postContent_0\" value=\"7VzLchtHlt33V2RoIiYANVDEgw+Akt0DWhJFU5Q8pE06tHFUsRKFFOqByaoibKz8DxMxK4c1C8bsequVVsaf+Evm3JtZhSo8ZGmmx+6J6HaID7Aq8+Z9nHvuzcx+PPv8cZrpJA4+F4\/37E+P92af\/+mxr+6E8j974GaZezuJZJx91+8M+w9Emv0Qys8ezJWfTY5Fb39\/9v0DcRu6aYoPZ+1bd5apJBZuqII4lOPsQTlF+d0VEy3Hnz2YZNksPd7bm8\/nziSZyDjEl3YeB3KswkzqzPHlHo2ZxBkE2MtnYeL66V6v0xnudY72vpholWbKjb+7S+LvrjKZ4bHvzqLvzlWcfNdrnyczJZ03swAyqCgQrlZu25fprVae9L0fPntgpW2vVtk2q6SJVBx89iB0Fz+U60vVQrYj6as8EpBLRW4g7QuZykgtvyGSYJGgRH37Oy2\/3evvf9\/vdFgNsEpWkVHgPWHfcx4INulnD\/DCAzGRKpjgWbzJ0qYy+wMEFvh53hK\/m5+I3vBgjvXCzLB2I3K\/bxd+3oefN0W307mDQPzbA7GHWHE\/rwRO8cOMQ2enc21ESzuT3yNQRr5E1IjEl1rE6naS\/eVYbDcWxejjPcQoInUVw09VLIWWeFHcST1PtJb4gEZNA3j9hIaUYuJ6MhY0hxtlSuIZX4qTHF\/TzA1S1wtkov1Y4tGtk4vGF0++aQq8IFKpYnHtwgTiJgnHgRsHtSfdPBXny\/fxAhK4efvqdhImaVquQlxCVqnxz0zwfJttrbxSBxLfW8KH7nYItsgjxcugn8RrqbJZHk8zFhMinkovx3i\/\/vjvIoZBoIJYXLjLt2m2vC9U8kTmWcoCsdqgRm95Twqit5LxWMYpaTHEF2Mi4RqjBXIuU7wGsRyMokUolUePyQ8oKG3xpC\/ycTZ3afCJm8+yyI1jcU6inri51C2M7SUwk+gOO4cCGj9PvFDGC9Gi2US8vI+2ycPvOJWBxDzXWInUeKk73O+0AAep6O+33yzvoc8AT1zQ1GTZZ26kQiXjO5K9ZawjNUv2TEsFq+m6pf1kRs6U1SYk8RQsMYcp8NCNDLOpVjKgDy9cRVJ0aUEY2p2GnDbyMavkLE5lKM61zFwsZeyGIXt9LUXB8WX0+TXeunTDsTh1IV\/G4m51pMd7eLp80450BZFSNzrebh5rOqO37coqFy42pHtZONm5xvKxbnKxdN3FXPi\/uktZ69v+nKf4DV\/wJ0X+quHESGXGXV+4E3a57eHny4gdveoY5JwQGwbw6xMZ3AhcT2AmChjxz\/806PV6j64BEZgUY5N4\/KyIcy38HJLDzQOVqUi2hJxI4+8jD0ASRTlLEwlPJWESKDPVtfEnI5GP9BmQnDzSiDUJ8Rn\/XASdluJNzoFOL4vlTx70rN0AI6fjREfk3idSlW9iKB7YrBSDfAVf54\/NDPZzRMBEwe6swVFhP8mmeulG1kzmD3ccAKlIJgWSenIhMUlMnhU7rKPOI7g2lLrVCFPW5earwpOpyhZZS0zJj2jJOWQ0j8O8DFrCR7CJc0I1XQG9RoEIbgQG5ogv85CC6ajTbIlLzOBq30SxduOFSqeu4Ag0EOqIEU203eHxRs5Y5yspvOV7vKIZXOyMUgDEMdgC\/ozXVHinXPGMMo3m17AoICrG1KzdpzAbr8g6GViSDFus6VTxMhWoYG2Vk+U9RLEC37HvkRaX7+LYJr5q\/G5VuYnX7vDwkIO27hNsYby9vKffgA7L9xMCh7XgLQfeBncrSIYSXioJueeuziZuiyBLpeJCquVbeo4M1IOB3Dh3NeNdC3CowhDkMvV0Tis24BoGLoZ33WnLyo8QPYXC3SJ4UvEcQeHlDCpFIO6V8pnYe768z1Ny6xYgGB5wfSb2vnQnmpfCGsljgjSa9zL3tJoWYf6yoqW6kgofL3TliKcVeHBL8DAS8DiedPE6BDCwQWtE1gFCxGWQcQQjuWeENyY+T4ikhMA6s8AK8mFiLdZngq8Gv5W2t+BlsRyY5sARV3KWyQjAwvEjCJA4Rl7nFAKprPII2HgXJXpYD0MBYfDnMgk\/UVZclE8yBPQQi2iJxNsahi0b\/ByMBc+SRYAAPookn+KTCl1EZMdjo5TddApu9RxJRdbkp0k8xCBZZ5cugVhgBB4\/TfbNQDDx+kZIbp\/WU5goE+BlKVISVBtbh1UxQj2Vm9mTU0Qo+dsiF8v3MBIxqimDB2VLUmrBU4Dpy\/swixX8hZeDT4jyIjYJfYiCBGbNvKqxfY8CmB2D0MbNcoNijMQ0PP3JTlHj3xWDUvZlYsjmrMjEL2zFJ07KKMXgXJXUa22K8Vo1m3La26E1MdawFnsTT30pfXfKSXSnA7TE0za4V9geAXVJWbp451921VYfaWI\/meZU5TAbIpiJWSaAhU3aTNFXCi3UARNYLPltvCPrEFvMUxupvFDS1lWmxhnBTeG\/aZVfPYJ7AwooqWQWAkf5ODU0ZJN1sUWq3MuCxvEmBbW\/\/2uOuEbSWT0h\/n5Xg7TxhTNyKN\/oKQoU5Hg3QAxEG9xyV37h5PLt2bc2zXS7HX7nFOk\/yvgNAOHwEO\/v1oKujx2Xg7NaqBIqV4nyieIFecQRz3N5iyT5RGk5zZhn7OLUjz2NGv1PZd\/J\/Fq43d4KvRmzV6Y1zyFtj9KsfAmMlrngMaSeVPJASzwU3aPhQUv8WXQH+0P7wkmIXJkZeInFN1ejRyKWOVFaKgs0l+KxGMsJCptHInXEaZJNHB47dMTXWIzncJXm2AFrKbnFkWVZtIUR2C2Qk+U7oiUNsCvKkJRiOT+6mhMPPKolrhMoNZJ6yiHZPC6XqOS4LXKnoL5ZQkJq0bg2tBt2+S9iNBm8VRPzpsI5U0EGReZZFoABiUPnkMTuIwX6VApC4sgNiUGPQvk9k3peoyOunUL\/dv5G6iROS5w5cMRYoaDosgFK+V4RQzoB7Yxp\/Q9PtCSq3u07Xac7GA5J\/yygISlVOv\/rjz+Tp6lazv71x582cO3DDvEUzkeu+YSxC\/5g\/NxDBRTHmYhUhqUh4ZBxxY0KUQ9FRQn\/sHt0OICI3UH\/sCVeyAkRZqj6HHkUPgzRTohox2aGVdTCFzYJlcvQ8TP74Z2zWs\/vSqNAnoYOc6YGD1tkOlor09wr1EzkBM9nWYSE6Zg2h1PrbHD17Ozg2A+p39Eqy3\/Lnl9KSrakO7Ai08goHDa1M77yqMdB5ZGDaVd9i6q6aPjBsEMmGR7ut5BRs4k2\/YfyiXO46ap91RI3WGeWOc0iJG\/c2az0lmMCvxkc2KAtmfTSEX0ace60uf+G4ah6Ml+p5IQGmNagiDb+QzwvIvKIh15QmCJKqYYTDVYYyjv4yJQHv6LBG71Wt8lvkrdj2Fgq+snIEMipIyhSoV54kEJ+atS10HxkOy4ghQ6PY6XXTjt1itlYHvwO\/2D21dsyI7ILLxMzXlZntKq6DkJbd9LDIyoiKunfMm1KJSuycaJC+FrKraMSo+g30e8dHLM3eXjE+Ey9syh++SuF0Qm5LHHBtT+3iCfDscHewEeRuzq8IERgMKYALt7B6BH3saiPabIytCU1qvgiL\/R7h8dbOmOO2OFmxjXZMVvc\/sxSTczYpLEvkwnGoXyXoAKk9mDqkJ17XcpWdu3dY9FfefVl4jGpe3gK3F9MiNnH+HvfsdMWGukdEk6yDBfk6nVPr4t1CWkcyPLKeVRA34QxRcnlWwAQKd+fKxSwpOAG4xIn\/tBpiu6Bc4BBGlMFLOIPDvFBd9gdAPYSALs4IYBmUKwOg8cGJDQlUoqP5b1HlAFEIAxFr+N0WfxeS3zt+M45pAeovMqyRJw4AANE\/dMcMIbh7SyXMieJTRO6MlGZTwlHKtmOwKNwM4aoZ1L7KiZ2M8qDPC0x62HRfu0OkOzWMKrsZLaqLcwWLYCUQABm8NB3yq4vp38bFmqKd+ppaDNAbCw4\/d7RMaA5I0eVlWaxAVRKdzW0G3SNG\/aNW\/V7HfIq+l4Zxbigu+ZQlGV7jh2i7D\/3DoxP9R+JuoOUK8AT+6Sig106HJBaBkfMnqQHK3b3WVF95HNj5AIOCvcfFEZ6LsmmvNQxFcrr\/Rlgt4wik3wNP+gOBz279j6iaE3m566hv\/0ur3XYPxB2CjOOaBBIbHWNlvgb+YTNkS3xLMyDhcyDcRErBauh3F9NdyU5G4FmxWWOoj0qp9txSr6mDJlYkbaWqEbZaYQ851Mzkde+Ty0MSkapeDWRKkprWdTZnUYvtqTRGrhssLL1vN8sMOfGEH9S+gdMfSwe3qhoNuZm6C\/\/CXpwO6VOW4\/YiTH7KoWLIXOWQU801owP1nmhuMnR7\/AzvX3MqmLmcldZEvqEsecK1usxuA6IzY1gm9jCl6VDMPyzPJ6+Go8X5AKYwyk9C\/QUbtVrGgwTN6Drly6S7RPtzBB9xAY1vMPiWRmScJcflm9VsB4K8GGrqt2007BK0RuQ0IaCmjBj1vxhLroR1XawLr98NOwTLVQuzUWusZptQKo4OtovJjtg8B7sH9mFF6xBRxI1FBUHKH4yai5V2msFrI+ARjAFLEH2FqfLd9kC06nU+YTFky9QTP75yfI9mHDoJ3osGL0Ye86JnXylZb58i+9Jmk2TKFIp6sgNHYxc5scUJaTAQQGYFglc8TIJTVycL9+FRSrudtfm7lmQOQR9\/gv+1x0cdvCtcI2aQM8TOD3cZIU6z3NK+uJl6SlkBlYUxTTlirjUTvlSoR2LxBcJiAd89GFVLMJ5sy6KG4tplk0MCkRe18kxgi6fE2\/CqujRw5VWvnLzkHqXN9JjkxRPYiIC\/v2Dyjy9odFJZ7\/QgsnyK5+4qS34mcHGYqWrx8rALdB5W7rZnm0217azGljltjJSt6TdShYFOEty97kb+q16St3IqFYDo1mSTeR0W\/1MkzjbATc3ytMJq\/45bFvo6Je\/mv92ZLGH\/0hjf\/M09okso\/X\/OJ+dfmo+qztl8V\/XEae5r3OyilmEiZyxQ4vhOqB\/uBmoTyO\/KH1gQxRG4Rh+goKVdGr\/yJkLOq9r0UbykMihDD06wWGhp3GiNCresQxN+Qef2YdGDvqD7pBQL+YqR8btK4mh8JPyy+5Az0GcBFr5hLFaptYYA4s3r2ZSxylXoXoz1x4Lmz5McB32xdPpVPLGLmpratKYDEpjy5QXYZDssOaotFPMJnuSxG4+X77T2YSQh1PPANW\/OZqxMTl8aii+hH\/zjnA8pTT6pXs7TSn6H8LuCAH6KhqXl+Ik+V7sDxA1o3FGf78eiV5v2EM0fXM1KtXBNWsYUGWxvmPqrPZLe5xXASY7gZiwiTzz8KCSGOzG6cOnVEp7Uk55N+tEm9RGrxR2h2+KSPrOncwowyZjZ+xcSzqeES\/vNf2F6vLgicJzDQwLH9G0BRhKcYAldnu9ztASoXJp+47Y2I\/+QE+g7CuuqWK1eNFY3yOmf9cJnTuJm6Lhfrg\/+KEN140WoVPvEDqiNvj\/tjnY3NpugBHe5Nqhc0U6Ks1AWwMYuM3tlxulaTZ3nBXbY2b0Z88Jx0IPCoyLDoobI6UCzy78E+5usyL4aYBzaRE7e7vYWvn1x59a4qle9Tp2ehyICUXt4bB+4IGhmjZfskmOX87hUK+Rtnhnt2vaLXTIirGxwJXXikC+wnyfEQsTz4oeRhS54mL5HgkX9eZG2+po\/\/CgXyEhpQeareGiHOg2S38sQ6Rd8oeq+60a90iZR2yxFpljysduAIdZ7jsnNy8+RZZesziD0rZBUJsI2ZwT3xH4wovM+ZiRCwRprg60tItsUh97YNLD0eF6rdQ9PF7bDVoPRvvnFzltw1D38JmGe09520qLbzSFhTmuRxXpK\/wGS3NfkCUnYOoMByKnbRWfj8w0LInBy9OTnLzixBdnICzOfgdKWuQM07xNjcycFSfAqN9S2V7o9kAR7B7DI7trRoLR6UnMkl5qEyYtU7\/FKckWG465yM2OEB37oiWdwb0yrabg5PYowHkAnDNy8imIwB4DMCwTwO\/SFjE885K7lGYqauVSpNb74MeElzdO8xhpr+xOi09qT292oytdZz4DAcCYQ2AUYfjDJfWbQzp3EQfUF2hR7fqGAJW3GekNOh8W8lBvpOlRi1OatpBFTGhfMfY3toL+D47elK5W72bv948qh3J4t5\/2CgBSZY+jaFnuPKJTbPiNvClsuTB77eRPryVvrUo9DZHe8HnzuFjpGSUks+XX\/tCWn1On3p6h3s7apt9H7Pmt0e0j4rIYf23fD\/7zmzt9por4iB0+0YDh4uSOxrlIFhA2JQ530CyVgGm3dYLrGjBFiD0zG2UbdYjzW0UIeU19V+qDBYjY0Em1Mf0xfeiPrtB27pauFzTQ5maG\/KRqZqOWEQ1Q\/bXCBeres5wVP9rSYlVY4LNVUSG2VRVbEgp1dMR5QkCe2pTO224flUnLUgRTrzJcyexXnyI9FQR39eF+s7ox+jHEt4UZsxRR5vzPVkLVeUznDGj3q7kOa4DmfxxL+YOPpew+RHQWUzoiam0OCqu0Zbf9vj3eOI1ANDcfxy7dLLGf0cmEcmGWto+TMDBVwNo+Ep2QW76jzXQ+CEC+dMqhKE0OgJvSmT+VEv+Zc1a1p1noqIprD3TX9BiLr13+7i3fk4\/GIoav8knWiT8SmMmk2xLO3Dz0XJ2uncyxxy\/shwu8hiJepovshzqr+\/ZsjdONrD48SZe3OAtu6O2JPZIGXlDUSrVl2zWCOyCe+OCyZ5+1B8PXVlx4Dp2aj7N0xqmBjzVHorx1Yz0J8sEL+QAhBym04ZlT6JU5vMWcb5DUhDixRzDptKE56AcPjdm2IsRqA2acJkzjtbOPF8t3\/OepuYXhm6sLeTrVinyZOd2YdGEIaMSH9BB8SA2kQ7GqIy\/dPBKuN6Guxap\/c2XG\/faMB\/j2bN0q204hbZileijJHK9Ewujuc+HVHfKtFw3qCZUaDVJLWUUubV0YHow1j0FWi1sHqAPsq3TEmEgLKq\/MXh8iDVZcv706DRNT\/ci\/SusafGco8e0O\/ZXZ6yaeusgnjI2pVJZs8dhbTvqbc1qRJApEnQNSJyKKtviFD742Zo\/gKwRzpQX0ki3IDsRfg99E64lFaq+UguhumohAJ5RbiAITKyiOutItHCIK45xtyterWvQ830NghMArpfx81wMRrEmaCfwv0SRLO6iHwRWxNQwbcSlDTVfycXZQW9NE3IyJ7eFavuNDaFA54EyOwqUJByYJogEoGR19lXy6bQYFm8FhSAcUwQ3TxDRjR5gLCtWrOF3JSuubaTrkSvSs2+l0BBFzRA5Rc\/KNwsErx3FNMEvzNixLSCgKX7TAHlKSCSRXEJiRuxGEm2U1cVZC7o47Nn\/Pl2tE4w++XAPASEXAR8DhWgqD8kkznw95sGZcXlMeF+rR9pA8OEQSklnMeuf2F+PcpeD2xLWJRA6BCDwks5dTIIGb04dz\/GKqSqu3E3MvhkrlCHyEbE90IabTRC8TT4Uqs05MJ71TSg72yPgoTzlB8VUCWkea0DQo7emG4c\/halViRp0GqtajJKb7xmnupfLfctR8XNeEzsyJnNRp2kjYrRTCML66U3gVCVWwgnX6zZd2iNJAH\/PEPE9D27sHd1Ak3QrKlMkWxRR8Y8XAj1se8qIzqXBum+7I36l9KZ4t77lEmdBlPY4sjBK57DwoWzKFupLlWOkm3qIcvsY9y6AZpNz4Vs3USjEa\/5osd+E9N8pkloJVgAEsVBVkCAUomhkEzXkvOA9fC3VhbDqhR2xHU2lHB3cLR+TkRuuucApUwBTW1XwHUy7fMkb7FhzJt8FTACSySEtUupXeWT3iS12RU11ROFOGEgiqsbU6Xk9xdm0CzGy\/xa0KBbxBqiW4Xt4v33LSL+EtWL4PM7ZU9XICa4RSUmCTJlnSXqJw7bmlIhPFSRRZb1AUEfEMeVphcaikbqdGofYejIk9pxzKxOtT5j2zmibMvYwUb4SGeBamYIfjtio\/w90mY9aK\/k3z22gT6ieCxJncXiVZ5c1FDp+dSrpsJqo3jgkRzDULGddSizFMurzPFmU1RvJuRfYVEYAQfMs6ZnCiaewVt5XJS0UWAOW7zA\/gXvah4vIKXyySnKmYAvIJAOT\/QjBrr6d6vry3FzEmqnKTme\/d1dZk6r6JYXaux43E1aECRBN8NzMg6hX4ITn6Ux+GuZ2G3AZn1ZlwqEUDRf2EXL\/MnrafZbzNrA6a5OYEFoWMwlpbUV1S8euyvUnUli9911bBCGQu29TPPHOlQ3OkfLHL1EY1QqNNYI\/hp8ZTUY3THZB+51FzrQi5Pi4rMkNBzB2kEiGKooSt5a7VD\/XCEz59P7YSmvub2wpRO93rXNux5WrwBjVNyioBXDYk3yAP9NkjVuNzmbE2wdd0PZOazTa22Ou8Yq\/dUCRLIIog4RtjahYmESa\/lKaoSJvC7Lqv7hibNElK4QTbWP4H7X9oQuf2N3Hgak4QNLUiXt4089ib+5eAfpNQGxfIIvQmUmKLmhRJ6FNt37IVdgQ+mc4B\/tIag1bmiFd8nLZtBn01HqsFxktnLv3fRYBdfY1oM114\/PLV8p7sZym\/thmkvIJqDVvAox2TNUeuRteyihBGxFvYZ5clBptWuD9fXo521ZOf4BBiTNnZmLzu6WUkWYvCX7\/hHSubqeA1Ix74pIpNgMbM3uv7bw==\" \/> \t\t<a href=\"https:\/\/www.pdf24.org\" target=\"_blank\" title=\"www.pdf24.org\" rel=\"nofollow\"><img src=\"https:\/\/www.hohenlohe-ungefiltert.de\/wp-content\/plugins\/pdf24-post-to-pdf\/img\/pdf_32x32.png\" alt=\"\" border=\"0\" height=\"32\" \/><\/a> \t\t<span class=\"pdf24Plugin-cp-space\">&nbsp;&nbsp;<\/span> \t\t<span class=\"pdf24Plugin-cp-text\">Sende Artikel als PDF<\/span> \t\t<span class=\"pdf24Plugin-cp-space\">&nbsp;&nbsp;<\/span> \t\t<input class=\"pdf24Plugin-cp-input\" style=\"margin: 0px;\" type=\"text\" name=\"sendEmailTo\" placeholder=\"Emailadresse\" \/> \t\t<input class=\"pdf24Plugin-cp-submit\" style=\"margin: 0px;\" type=\"submit\" value=\"Senden\" \/> \t<\/form> <\/div>","protected":false},"excerpt":{"rendered":"<p>Eine recht verworrene Adelsgeschichte haben der amtierende Bundestagsabgeordnete Christian von Stetten (CDU) und sein Vater Wolfgang von Stetten aus K\u00fcnzelsau-Schloss Stetten. Recherchen von Hohenlohe-ungefiltert haben ergeben, dass Christian von Stetten zumindest zum Zeitpunkt seiner Geburt \u2013 nach den Ma\u00dfst\u00e4ben der Deutschen Adelsverb\u00e4nde \u2013 offensichtlich nicht adelig gewesen ist. Der leibliche Vater Wolfgang von Stettens, der [&hellip;]<\/p>\n","protected":false},"author":3,"featured_media":0,"comment_status":"open","ping_status":"open","sticky":false,"template":"","format":"standard","meta":[],"categories":[],"tags":[],"_links":{"self":[{"href":"https:\/\/www.hohenlohe-ungefiltert.de\/index.php?rest_route=\/wp\/v2\/posts\/3089"}],"collection":[{"href":"https:\/\/www.hohenlohe-ungefiltert.de\/index.php?rest_route=\/wp\/v2\/posts"}],"about":[{"href":"https:\/\/www.hohenlohe-ungefiltert.de\/index.php?rest_route=\/wp\/v2\/types\/post"}],"author":[{"embeddable":true,"href":"https:\/\/www.hohenlohe-ungefiltert.de\/index.php?rest_route=\/wp\/v2\/users\/3"}],"replies":[{"embeddable":true,"href":"https:\/\/www.hohenlohe-ungefiltert.de\/index.php?rest_route=%2Fwp%2Fv2%2Fcomments&post=3089"}],"version-history":[{"count":9,"href":"https:\/\/www.hohenlohe-ungefiltert.de\/index.php?rest_route=\/wp\/v2\/posts\/3089\/revisions"}],"predecessor-version":[{"id":3187,"href":"https:\/\/www.hohenlohe-ungefiltert.de\/index.php?rest_route=\/wp\/v2\/posts\/3089\/revisions\/3187"}],"wp:attachment":[{"href":"https:\/\/www.hohenlohe-ungefiltert.de\/index.php?rest_route=%2Fwp%2Fv2%2Fmedia&parent=3089"}],"wp:term":[{"taxonomy":"category","embeddable":true,"href":"https:\/\/www.hohenlohe-ungefiltert.de\/index.php?rest_route=%2Fwp%2Fv2%2Fcategories&post=3089"},{"taxonomy":"post_tag","embeddable":true,"href":"https:\/\/www.hohenlohe-ungefiltert.de\/index.php?rest_route=%2Fwp%2Fv2%2Ftags&post=3089"}],"curies":[{"name":"wp","href":"https:\/\/api.w.org\/{rel}","templated":true}]}}