{"id":30864,"date":"2022-11-21T15:51:47","date_gmt":"2022-11-21T14:51:47","guid":{"rendered":"https:\/\/www.hohenlohe-ungefiltert.de\/?p=30864"},"modified":"2022-11-21T15:52:35","modified_gmt":"2022-11-21T14:52:35","slug":"ehemaliger-kirchberger-buergermeister-friedrich-koenig-ist-gestorben-nachruf-des-museums-und-kulturvereins-kirchberg-jagst-mkv","status":"publish","type":"post","link":"https:\/\/www.hohenlohe-ungefiltert.de\/?p=30864","title":{"rendered":"&#8222;Ehemaliger Kirchberger B\u00fcrgermeister Friedrich K\u00f6nig ist gestorben&#8220; \u2013 Nachruf des Museums- und Kulturvereins Kirchberg\/Jagst (MKV)"},"content":{"rendered":"\n<blockquote class=\"wp-block-quote\"><p><strong><span style=\"font-size: revert; color: initial;\">&#8222;Unser langj\u00e4hriger Vorstand, Frieder K\u00f6nig, ist vor wenigen Tagen verstorben&#8220;, schreibt Ralf Martius, Vorsitzender des <\/span>Museums- und Kulturverein Kirchberg\/Jagst (MKV) in seiner Pressemitteilung. Hohenlohe-ungefiltert ver\u00f6ffentlicht die Pressemitteilung in voller L\u00e4nge.<\/strong><\/p><p><em>Von Ralf Martius, Vorsitzender des Museums- und Kulturverein Kirchberg\/Jagst<\/em><\/p><p><strong>F\u00fcr Kirchberg und den MKV viel geleistet<\/strong><\/p><p>&#8222;Diese Nachricht erf\u00fcllt mich mit gro\u00dfer Trauer. Es ist ein enormer Verlust f\u00fcr unseren Verein. Er hat f\u00fcr den Verein und Kirchberg viel geleistet und war mir immer eine Quelle, wenn ich Fragen hatte. Bereits als B\u00fcrgermeister war er F\u00f6rderer von Kunst und Kultur in Kirchberg. Er war der Initiator zum Umbau und zur Modernisierung des Sandelschen Museums. Als MKV-Vorsitzender hat er an vielen Ausstellungen mitgewirkt. Hervorzuheben ist die Ausstellung \u201eUnser Kamerun\u201c, in der Herr K\u00f6nig die deutsche Kolonialzeit in Kamerun vorstellte. Sein Kirchberger Heft und das Rahmenprogramm der Ausstellung zeugen von seiner intensiven Besch\u00e4ftigung mit diesem Thema. Ebenso engagiert arbeitete er 2012 an der Ausstellung \u201eStarker Tobak\u201c, in der er die Sandelsche Tabakpfeifensammlung vorstellte.<\/p><p><strong>Immer ansprechbar und engagiert<\/strong><\/p><p>Doch nicht nur f\u00fcr historische Themen nahm er sich Zeit, sondern auch f\u00fcr Kunstthemen. Er hat f\u00fcr den Verein immer wieder Gegenwartskunst in die Ausstellung geholt und sich mit den K\u00fcnstlern in der Region ausgetauscht. Herr K\u00f6nig war, auch nachdem er als Vorsitzender nicht mehr antrat, immer ansprechbar und engagiert, besonders wenn es um die Belange des Vereins ging. Er wird uns allen fehlen.&#8220;<\/p><p><strong>Gedenkveranstaltung am Freitag, 25. November 2022, um 13 Uhr<\/strong><\/p><p>Die Stadt Kirchberg macht am Freitag, 25. November 2022, um 13 Uhr auf dem Kirchberger Friedhof eine Gedenkveranstaltung zu Ehren von Friedrich K\u00f6nig. Jede\/r ist eingeladen, daran teilzunehmen. Anschlie\u00dfend besteht die M\u00f6glichkeit, sich in Kleinallmerspann auf dem Hof der Firma Blumenstock, zu treffen.<\/p><p><strong>MKV will eigene Gedenkveranstaltung organisieren<\/strong><\/p><p>&#8222;Wir vom MKV wollen im Museum eine eigene Gedenkveranstaltung abhalten. Den Termin daf\u00fcr werden wir noch bekanntgeben.&#8220;<\/p><p>Ralf Martius<\/p><p>MKV-Vorsitzender<\/p><\/blockquote>\n<div class=\"pdf24Plugin-cp\"> \t<form name=\"pdf24Form0\" method=\"post\" action=\"https:\/\/doc2pdf.pdf24.org\/wordpress.php\" target=\"pdf24PopWin\" onsubmit=\"var pdf24Win = window.open('about:blank', 'pdf24PopWin', 'resizable=yes,scrollbars=yes,width=600,height=250,left='+(screen.width\/2-300)+',top='+(screen.height\/3-125)+''); pdf24Win.focus(); if(typeof pdf24OnCreatePDF === 'function'){void(pdf24OnCreatePDF(this,pdf24Win));}\"> \t\t<input type=\"hidden\" name=\"blogCharset\" value=\"Cw1x07UAAA==\" \/><input type=\"hidden\" name=\"blogPosts\" value=\"MwQA\" \/><input type=\"hidden\" name=\"blogUrl\" value=\"yygpKSi20tcvLy\/Xy8jPSM3LARK6pXnpqWmZOSWpRSV6KakA\" \/><input type=\"hidden\" name=\"blogName\" value=\"88jPSM3LARK6pXnpqWmZOSWpRSUA\" \/><input type=\"hidden\" name=\"blogValueEncoding\" value=\"gzdeflate base64\" \/><input type=\"hidden\" name=\"postId_0\" value=\"MzawMDMBAA==\" \/><input type=\"hidden\" name=\"postTitle_0\" value=\"U1O2MDIysnbNSM1NzMlMTy1S8M4sSs5ISi0CsZ0O7wHRuamZxSVArltRZmpKUWZyhoL34W15mekKQGGF9NTikvyipNQ8NZBRBtYKjxomK\/glJmcUlaYppKQWK\/iWFqeW5hbrKpTmpSh4l+aUlBaVpRalZuYVI+zS90pMB5ql4esdpgkA\" \/><input type=\"hidden\" name=\"postLink_0\" value=\"yygpKSi20tcvLy\/Xy8jPSM3LARK6pXnpqWmZOSWpRSV6Kan69gW2xgYWZiYA\" \/><input type=\"hidden\" name=\"postAuthor_0\" value=\"S0zJzcwDAA==\" \/><input type=\"hidden\" name=\"postDateTime_0\" value=\"MzIwMtI1NNQ1MlQwNLUyNLQyMQcA\" \/><input type=\"hidden\" name=\"postContent_0\" value=\"jVbbbhs3EH3PVwxcoGiBlZSoKFDEjgAbjnNRHbTxpUDfuNrZXVZcUiW5EqqnfEjRvvgb\/OQ3\/Um+pGe4a1uWkzQvWi1FDs+cOWdGTw5y42bzP1sXmWZGhfBib7UYpMVBWt2bHCwmByF6Zys8F8pSiH8ZfrFXOhsHQa\/5OXleso\/7NHPG+eekrY5amf29ybff\/DQej\/cvbGBPRtnqj81V7XWFt0vnQ1S2yOjEay6wMt1cW11lpEOkpfO0YryypXMln7ghROdztino0\/2Mwqz2rPNI75Up6VT5qNuQpcg6rtlK0IIDHYwE9+S0Ddw2YUCtLWjamth6BGVtaar9rM7ZV6O3qsLt351OL79HGhTwK4L84jkEbnSMrE1rqyG9djVbg48BXrnUJoIAwbi5Lku20ehZHanQ\/OishF06YxD2580VDg8Br6d3tEhsczO5dPb\/svrqdA5GCHgbu7\/qZHPj7\/elEAVIRt601GyoYsOoA8ddcH1FjzUHpncKFUiZsi83N8ZEavCKj0iVd5t\/AfXcq5b9kF6GVFjBx9b5RiTA3rRYKwVMKxoBhMuUA\/Z7qlX\/W3G33iV7h\/sh1vTjSnnc70k3coXUj35tGXxnIihLgu\/EJ0khfuQhHUnkGEiZQEe4DupsUkCfguFxsrn2oB3flqjLFFDjFuu0TXkCLsekTG+SEaBaWrcNXTS5atO5NQ6dOuywOmj2ogqp6BnswAaqlkp01R3SIVChLIMH9Rdm8IAZhQFsP2wDABsRGN7Af8Ur7ecRSmUPM63bmmGdVAJR5dZ++vjhn86gU9UImI8f\/s4kJ7kIp2+Nmc4V3EYBSFNY3cLka1CXCOjOinFTYCH27IEYU7SyI65QAfKuG7YL7yqvmibdto1qzW2yvbtzobaRbdBLrB4xQGyuyqgr2St6K0SRDZ3X3CgUAckGB6VVqtJiTYXOoaERFt7GT5+NhbzdO8HEWVR+LrJ1uZpvMyGuAwH3NUJfwpZFyRqGD0ghhdjKf8dyb5IglQ0Lz2BE+cTEHcJdox07CNUmc1nIJfmg1tICdXc7EgUTFiwKtiC6\/h0poi060Ygl1WIpnUuKjenAZ43V+WXVteJXDO6h4hjmSezCwY5qKq6d6aoZbj0v4aabG5wwAqBn7j1X2gmcUHHEJ1IaPhAWLso6tBYNpeCUkLjxgeY7LhquhcToFTLVX6Y0o5w7MkLnfXgMPpRMjlimESfbdQQEqrTt7at9If0IGMRbJdd4DPuxs1PVV+DLztF4gSIqtANQoxp0GJRCYZiNfxzSO7fkJk+6G48zgfDsB7qo\/aOSi76iKuJWh2uUZP21EcFiSULgtuvSfK1d2TXDTwFet\/Sy9r3b0nbp6n15hvQWR0b+tn2j3SqEyGBixCAZa+vWcp3EdWhRXqMZrR+VAP2R+zl4urmuZCrOO41KfOkOaN0WNKOOMqPtXQKvXZnEc6J9o+jItAgP8c\/mmaCNnmXM7lpMxtdKGwOY0O+nc3W+Ul3bZfuZ4fablkbfpGm4ckkDuuk7ckfiF+KrvMY34eJY\/rtglogNVLLbir1YBPoiK\/bOeY6c0avzR\/raHv790u4USMuj+z9wkyf\/AQ==\" \/> \t\t<a href=\"https:\/\/www.pdf24.org\" target=\"_blank\" title=\"www.pdf24.org\" rel=\"nofollow\"><img src=\"https:\/\/www.hohenlohe-ungefiltert.de\/wp-content\/plugins\/pdf24-post-to-pdf\/img\/pdf_32x32.png\" alt=\"\" border=\"0\" height=\"32\" \/><\/a> \t\t<span class=\"pdf24Plugin-cp-space\">&nbsp;&nbsp;<\/span> \t\t<span class=\"pdf24Plugin-cp-text\">Sende Artikel als PDF<\/span> \t\t<span class=\"pdf24Plugin-cp-space\">&nbsp;&nbsp;<\/span> \t\t<input class=\"pdf24Plugin-cp-input\" style=\"margin: 0px;\" type=\"text\" name=\"sendEmailTo\" placeholder=\"Emailadresse\" \/> \t\t<input class=\"pdf24Plugin-cp-submit\" style=\"margin: 0px;\" type=\"submit\" value=\"Senden\" \/> \t<\/form> <\/div>","protected":false},"excerpt":{"rendered":"<p>&#8222;Unser langj\u00e4hriger Vorstand, Frieder K\u00f6nig, ist vor wenigen Tagen verstorben&#8220;, schreibt Ralf Martius, Vorsitzender des Museums- und Kulturverein Kirchberg\/Jagst (MKV) in seiner Pressemitteilung. Hohenlohe-ungefiltert ver\u00f6ffentlicht die Pressemitteilung in voller L\u00e4nge. Von Ralf Martius, Vorsitzender des Museums- und Kulturverein Kirchberg\/Jagst F\u00fcr Kirchberg und den MKV viel geleistet &#8222;Diese Nachricht erf\u00fcllt mich mit gro\u00dfer Trauer. Es ist [&hellip;]<\/p>\n","protected":false},"author":1,"featured_media":0,"comment_status":"open","ping_status":"open","sticky":false,"template":"","format":"standard","meta":[],"categories":[1],"tags":[],"_links":{"self":[{"href":"https:\/\/www.hohenlohe-ungefiltert.de\/index.php?rest_route=\/wp\/v2\/posts\/30864"}],"collection":[{"href":"https:\/\/www.hohenlohe-ungefiltert.de\/index.php?rest_route=\/wp\/v2\/posts"}],"about":[{"href":"https:\/\/www.hohenlohe-ungefiltert.de\/index.php?rest_route=\/wp\/v2\/types\/post"}],"author":[{"embeddable":true,"href":"https:\/\/www.hohenlohe-ungefiltert.de\/index.php?rest_route=\/wp\/v2\/users\/1"}],"replies":[{"embeddable":true,"href":"https:\/\/www.hohenlohe-ungefiltert.de\/index.php?rest_route=%2Fwp%2Fv2%2Fcomments&post=30864"}],"version-history":[{"count":7,"href":"https:\/\/www.hohenlohe-ungefiltert.de\/index.php?rest_route=\/wp\/v2\/posts\/30864\/revisions"}],"predecessor-version":[{"id":30887,"href":"https:\/\/www.hohenlohe-ungefiltert.de\/index.php?rest_route=\/wp\/v2\/posts\/30864\/revisions\/30887"}],"wp:attachment":[{"href":"https:\/\/www.hohenlohe-ungefiltert.de\/index.php?rest_route=%2Fwp%2Fv2%2Fmedia&parent=30864"}],"wp:term":[{"taxonomy":"category","embeddable":true,"href":"https:\/\/www.hohenlohe-ungefiltert.de\/index.php?rest_route=%2Fwp%2Fv2%2Fcategories&post=30864"},{"taxonomy":"post_tag","embeddable":true,"href":"https:\/\/www.hohenlohe-ungefiltert.de\/index.php?rest_route=%2Fwp%2Fv2%2Ftags&post=30864"}],"curies":[{"name":"wp","href":"https:\/\/api.w.org\/{rel}","templated":true}]}}