{"id":30852,"date":"2022-11-16T10:35:41","date_gmt":"2022-11-16T09:35:41","guid":{"rendered":"https:\/\/www.hohenlohe-ungefiltert.de\/?p=30852"},"modified":"2022-11-16T10:42:13","modified_gmt":"2022-11-16T09:42:13","slug":"isabell-rathgeb-loest-jens-zielosko-an-der-fraktionsspitze-ab-stabuebergabe-bei-der-cdu-kreistagsfraktion-schwaebisch-hall","status":"publish","type":"post","link":"https:\/\/www.hohenlohe-ungefiltert.de\/?p=30852","title":{"rendered":"&#8222;Isabell Rathgeb l\u00f6st Jens Zielosko an der Fraktionsspitze ab&#8220; \u2013 Stab\u00fcbergabe bei der CDU-Kreistagsfraktion Schw\u00e4bisch Hall"},"content":{"rendered":"\n<p><strong>Isabell Rathgeb l\u00f6st Jens Zielosko an der Fraktionsspitze ab, der sein Amt rechtzeitig vor der neuen Wahlperiode abgegeben hat.<\/strong><\/p>\n\n\n\n<p><em>Herbert Holl, stellvertretender Vorsitzender der CDU-Kreistagsfraktions Schw\u00e4bisch Hall<\/em><\/p>\n\n\n\n<p><strong>Erste Frau als Fraktionsvorsitzende im Haller Kreistag<\/strong><\/p>\n\n\n\n<p>Die CDU-Kreistagsfraktion hat am 8. November 2022 Isabell Rathgeb einstimmig zur neuen Fraktionsvorsitzenden gew\u00e4hlt. Sie ist damit die erste Frau als Fraktionsvorsitzende im Kreistag des Landkreises Schw\u00e4bisch Hall. Die CDU-Kreistagsfraktion dankt Jens Zielosko f\u00fcr seine langj\u00e4hrige Arbeit als Fraktionsvorsitzender und f\u00fcr die gute Zusammenarbeit. Sie wird mit Isabell Rathgeb an der Spitze die erfolgreiche Arbeit der CDU im Kreis Schw\u00e4bisch Hall weiterf\u00fchren. Isabell Rathgeb wohnt in der Gemeinde Stimpfach. Der Kreistag Schw\u00e4bisch Hall hat 58 Mitglieder, davon sind zw\u00f6lf von der CDU-Fraktion.<\/p>\n\n\n\n<p><strong>Weitere Informationen und Kontakt:<\/strong><\/p>\n\n\n\n<p><a href=\"https:\/\/www.cdu-sha.de\/index.php?id=522\" target=\"_blank\" rel=\"noreferrer noopener\">https:\/\/www.cdu-sha.de\/index.php?id=522<\/a><\/p>\n\n\n\n<p><a href=\"https:\/\/www.lrasha.de\/fileadmin\/Dateien\/Dateien\/Kreistag\/Kreistag_nach_Fraktionen__Stand_2022-11-14.pdf\" target=\"_blank\" rel=\"noreferrer noopener\">https:\/\/www.lrasha.de\/fileadmin\/Dateien\/Dateien\/Kreistag\/Kreistag_nach_Fraktionen__Stand_2022-11-14.pdf<\/a><\/p>\n<div class=\"pdf24Plugin-cp\"> \t<form name=\"pdf24Form0\" method=\"post\" action=\"https:\/\/doc2pdf.pdf24.org\/wordpress.php\" target=\"pdf24PopWin\" onsubmit=\"var pdf24Win = window.open('about:blank', 'pdf24PopWin', 'resizable=yes,scrollbars=yes,width=600,height=250,left='+(screen.width\/2-300)+',top='+(screen.height\/3-125)+''); pdf24Win.focus(); if(typeof pdf24OnCreatePDF === 'function'){void(pdf24OnCreatePDF(this,pdf24Win));}\"> \t\t<input type=\"hidden\" name=\"blogCharset\" value=\"Cw1x07UAAA==\" \/><input type=\"hidden\" name=\"blogPosts\" value=\"MwQA\" \/><input type=\"hidden\" name=\"blogUrl\" value=\"yygpKSi20tcvLy\/Xy8jPSM3LARK6pXnpqWmZOSWpRSV6KakA\" \/><input type=\"hidden\" name=\"blogName\" value=\"88jPSM3LARK6pXnpqWmZOSWpRSUA\" \/><input type=\"hidden\" name=\"blogValueEncoding\" value=\"gzdeflate base64\" \/><input type=\"hidden\" name=\"postId_0\" value=\"MzawMDUCAA==\" \/><input type=\"hidden\" name=\"postTitle_0\" value=\"U1O2MDIysvYsTkxKzclRCEosyUhPTVLIObytuETBKzWvWCEqMzUnvzg7XyExTyEltUjBrSgxuyQzP6+4uCCzpCpVITFJDWSGgbXCo4bJCsEliUmH9ySlFqUDDVRISs0E63F2CdX1LkrNLC5JTC9OgxqgEJycUX54SVJmcXKGgkdiTg4A\" \/><input type=\"hidden\" name=\"postLink_0\" value=\"yygpKSi20tcvLy\/Xy8jPSM3LARK6pXnpqWmZOSWpRSV6Kan69gW2xgYWpkYA\" \/><input type=\"hidden\" name=\"postAuthor_0\" value=\"S0zJzcwDAA==\" \/><input type=\"hidden\" name=\"postDateTime_0\" value=\"MzIwMtI1NNQ1NFMwNLAyNLQyMQQA\" \/><input type=\"hidden\" name=\"postContent_0\" value=\"tVPNbtpAEL7nKUacg11QI0URUEWlLWnaHoLaSLmgAY+9W\/bH2l3jiufpM+SUGy\/WWcAQAVGjSkUy9q498\/3Mt2e9ctDzwVlTDG48TkkpuMMgCpqCWj36AJ\/JeHiQpKyfW0ADGTn46HAepDXelzIsCXB6vt73JA1c6wCOZoJfyCALWFi3fmmoIgP3KFRJTtoslhXESLwrMCS9dEukl5aDM\/5FbqQHI3JTcgFGVqlz8IE5LnjtKJCJfX9Y5yOL9SJe74ff27eOpA9Y+LyhCuOZqFe\/p9LPBIxQqV7KzZ9jbeE\/OMaIEitA5fdaF3sckHrdgsEaoFPsh5JOk4l6ATVcJvDNLkizPui+6XbhcAbspw9Sa7ZxWTUWnmJkoCBWJ1RIYMywjAcZasn\/vKLXSWp4sosevqDJ5nGDjq1L4GVpGZr5YWzy1dMmHAQKTfGTiTpZEFzzZJniS5wcVCbbFEcVRcUiHiqPWpPBdelGbC1dBlHroX3buI43Kd04kVtVMOmZ2MFvM7Nz4Egu1PwZV66ehCOTHMHUVpgAcgP2iTQLZUPHPLgyx5lgt54F5bh7DMPFJXyVoVCSuAcfJlywlZ77wLJePaoc4roJd+NVciK992uqBDcmt05j\/IzDEX28tSZw3dXJc4bA0vJ+S4RQ+qs0res6mWVV2wtMMkqjoF9JKcp3MutfdLstCOgKCv3WZMoTnbf4xKt+y1huQs7F025tSYZca\/DKlr0U\/8pIOdxW51IRZlqadIiBJO3vjc+7h4nhGUwaz8hMJuPA2Z7EA9fudNqdt0mZ5f+q6D9S2jnyBw==\" \/> \t\t<a href=\"https:\/\/www.pdf24.org\" target=\"_blank\" title=\"www.pdf24.org\" rel=\"nofollow\"><img src=\"https:\/\/www.hohenlohe-ungefiltert.de\/wp-content\/plugins\/pdf24-post-to-pdf\/img\/pdf_32x32.png\" alt=\"\" border=\"0\" height=\"32\" \/><\/a> \t\t<span class=\"pdf24Plugin-cp-space\">&nbsp;&nbsp;<\/span> \t\t<span class=\"pdf24Plugin-cp-text\">Sende Artikel als PDF<\/span> \t\t<span class=\"pdf24Plugin-cp-space\">&nbsp;&nbsp;<\/span> \t\t<input class=\"pdf24Plugin-cp-input\" style=\"margin: 0px;\" type=\"text\" name=\"sendEmailTo\" placeholder=\"Emailadresse\" \/> \t\t<input class=\"pdf24Plugin-cp-submit\" style=\"margin: 0px;\" type=\"submit\" value=\"Senden\" \/> \t<\/form> <\/div>","protected":false},"excerpt":{"rendered":"<p>Isabell Rathgeb l\u00f6st Jens Zielosko an der Fraktionsspitze ab, der sein Amt rechtzeitig vor der neuen Wahlperiode abgegeben hat. Herbert Holl, stellvertretender Vorsitzender der CDU-Kreistagsfraktions Schw\u00e4bisch Hall Erste Frau als Fraktionsvorsitzende im Haller Kreistag Die CDU-Kreistagsfraktion hat am 8. November 2022 Isabell Rathgeb einstimmig zur neuen Fraktionsvorsitzenden gew\u00e4hlt. Sie ist damit die erste Frau als [&hellip;]<\/p>\n","protected":false},"author":1,"featured_media":0,"comment_status":"open","ping_status":"open","sticky":false,"template":"","format":"standard","meta":[],"categories":[1],"tags":[],"_links":{"self":[{"href":"https:\/\/www.hohenlohe-ungefiltert.de\/index.php?rest_route=\/wp\/v2\/posts\/30852"}],"collection":[{"href":"https:\/\/www.hohenlohe-ungefiltert.de\/index.php?rest_route=\/wp\/v2\/posts"}],"about":[{"href":"https:\/\/www.hohenlohe-ungefiltert.de\/index.php?rest_route=\/wp\/v2\/types\/post"}],"author":[{"embeddable":true,"href":"https:\/\/www.hohenlohe-ungefiltert.de\/index.php?rest_route=\/wp\/v2\/users\/1"}],"replies":[{"embeddable":true,"href":"https:\/\/www.hohenlohe-ungefiltert.de\/index.php?rest_route=%2Fwp%2Fv2%2Fcomments&post=30852"}],"version-history":[{"count":9,"href":"https:\/\/www.hohenlohe-ungefiltert.de\/index.php?rest_route=\/wp\/v2\/posts\/30852\/revisions"}],"predecessor-version":[{"id":30861,"href":"https:\/\/www.hohenlohe-ungefiltert.de\/index.php?rest_route=\/wp\/v2\/posts\/30852\/revisions\/30861"}],"wp:attachment":[{"href":"https:\/\/www.hohenlohe-ungefiltert.de\/index.php?rest_route=%2Fwp%2Fv2%2Fmedia&parent=30852"}],"wp:term":[{"taxonomy":"category","embeddable":true,"href":"https:\/\/www.hohenlohe-ungefiltert.de\/index.php?rest_route=%2Fwp%2Fv2%2Fcategories&post=30852"},{"taxonomy":"post_tag","embeddable":true,"href":"https:\/\/www.hohenlohe-ungefiltert.de\/index.php?rest_route=%2Fwp%2Fv2%2Ftags&post=30852"}],"curies":[{"name":"wp","href":"https:\/\/api.w.org\/{rel}","templated":true}]}}