{"id":30850,"date":"2022-11-26T17:47:57","date_gmt":"2022-11-26T16:47:57","guid":{"rendered":"https:\/\/www.hohenlohe-ungefiltert.de\/?p=30850"},"modified":"2022-11-26T17:58:06","modified_gmt":"2022-11-26T16:58:06","slug":"die-widerstandsgruppe-weisse-rose-unterstuetzt-in-stuttgart-stolperstein-fuer-den-crailsheimer-eugen-grimminger-verlegt","status":"publish","type":"post","link":"https:\/\/www.hohenlohe-ungefiltert.de\/?p=30850","title":{"rendered":"&#8222;Die Widerstandsgruppe Wei\u00dfe Rose unterst\u00fctzt&#8220; \u2013\u00a0In Stuttgart \u201eStolperstein\u201c f\u00fcr den Crailsheimer Eugen Grimminger verlegt"},"content":{"rendered":"\n<p><strong>Mit einer kleinen Feierstunde der \u201eInitiative Stolpersteine Stuttgart-S\u00fcd\u201c wurde k\u00fcrzlich vor dem Geb\u00e4ude Altenbergstra\u00dfe 42 in Stuttgart der neu verlegte \u201eStolperstein\u201c f\u00fcr Eugen Grimminger vorgestellt. F\u00fcr Eugen Grimminger, nach dem in seiner Heimatstadt Crailsheim eine Schule und eine Stra\u00dfe benannt sind und der dort mit einem Denkmal geehrt wird, wurde nun ein \u201eStolperstein\u201c in Stuttgart verlegt.<\/strong><\/p>\n\n\n\n<p><em>Informationen von der Stadtverwaltung Crailsheim<\/em><\/p>\n\n\n\n<p><strong>Grimmigers Frau im KZ ermordet <\/strong><\/p>\n\n\n\n<p>Grimminger wohnte seit 1935 mit seiner j\u00fcdischen Ehefrau Jenni Stern in dem Haus unweit der Neuen Weinsteige in Stuttgart. F\u00fcr Jenni Stern, die nach der Verhaftung ihres Ehemanns als Unterst\u00fctzer der Widerstandsgruppe \u201eWei\u00dfe Rose\u201c 1943 deportiert und in Auschwitz ermordet wurde, gibt es dort bereits seit 2006 einen \u201eStolperstein\u201c, der jetzt erneuert wurde. Initiiert wurde der \u201eStolperstein\u201c f\u00fcr Eugen Grimminger durch die \u201eHistoriker-Genossenschaft eG\u201c, deren Vorsitzender Holger Martens bei der Einweihung die standhafte Haltung Grimmingers gegen die NS-Diktatur w\u00fcrdigte. Anwesend waren auch einige G\u00e4ste aus Crailsheim, darunter das Ehepaar Pietzker als Verwandte Grimmingers und Stadtarchivar Folker F\u00f6rtsch, der die Versammelten in einem kurzen Beitrag \u00fcber die Grimminger-Erinnerung in Crailsheim informierte.<\/p>\n\n\n\n<p><strong>Info:<\/strong> In Crailsheim erinnern aktuell 23 \u201eStolpersteine\u201c an Opfer der nationalsozialistischen Herrschaft. Die n\u00e4chste Verlegung von weiteren 19 Steinen durch den K\u00fcnstler Gunter Demnig findet am 23. M\u00e4rz 2023 statt.<\/p>\n\n\n\n<p><strong>Weitere Informationen und Kontakt:<\/strong><\/p>\n\n\n\n<p><a href=\"https:\/\/www.stadtarchiv-crailsheim.de\/projekte\/weisse-rose-erinnerung\/\" target=\"_blank\" rel=\"noreferrer noopener\">https:\/\/www.stadtarchiv-crailsheim.de\/projekte\/weisse-rose-erinnerung\/<\/a><\/p>\n\n\n\n<p><a href=\"https:\/\/www.stadtarchiv-crailsheim.de\/projekte\/weisse-rose-erinnerung\/scholl-grimminger-sammlung\/\" target=\"_blank\" rel=\"noreferrer noopener\">https:\/\/www.stadtarchiv-crailsheim.de\/projekte\/weisse-rose-erinnerung\/scholl-grimminger-sammlung\/<\/a><\/p>\n\n\n\n<p><a href=\"https:\/\/www.stadtarchiv-crailsheim.de\/projekte\/weisse-rose-erinnerung\/scholl-grimminger-denkmal\/\" target=\"_blank\" rel=\"noreferrer noopener\">https:\/\/www.stadtarchiv-crailsheim.de\/projekte\/weisse-rose-erinnerung\/scholl-grimminger-denkmal\/<\/a><\/p>\n\n\n\n<p><strong>Regelrechtes Auskunfts- und Hilfsb\u00fcro f\u00fcr politisch und rassisch Verfolgte<\/strong><\/p>\n\n\n\n<p>Eugen Grimminger ist w\u00e4hrend des \u201eDritten Reiches\u201c aus politischen Gr\u00fcnden nicht nur benachteiligt, sondern auch verfolgt worden. Er war den Machthabern wegen seiner Ehe mit einer j\u00fcdischen Frau (\u201ej\u00fcdische Versippung\u201c) aufgefallen. Daf\u00fcr wurde er bereits 1935 aus einer vielversprechenden Karriere im w\u00fcrttembergischen Genossenschaftswesen gerissen. \u00dcbelgenommen wurde ihm sp\u00e4ter, dass sein Stuttgarter Steuerb\u00fcro ein regelrechtes Auskunfts- und Hilfsb\u00fcro f\u00fcr politisch und rassisch Verfolgte wurde.<\/p>\n\n\n\n<p><strong>Bitteres Ende f\u00fcr die j\u00fcdische Schw\u00e4gerin und ihre vier Kinder<\/strong><\/p>\n\n\n\n<p>Grimmingers Einsatz galt ganz besonders der Familie seiner j\u00fcdischen Schw\u00e4gerin Senta Meyer mit ihren vier minderj\u00e4hrigen Kindern \u2013 mit einem bitteren Ende. Nachdem er seit Mitte der 1930er Jahre die nach Stuttgart gekommene Familie umsorgt hatte, war er schlie\u00dflich gezwungen, die liebgewonnenen Menschen 1941 in das Sammellager f\u00fcr die erste Deportation aus W\u00fcrttemberg auf den Killesberg zu begleiten. Ihm war bewusst, dass er die Meyers nie mehr wiedersehen w\u00fcrde.<\/p>\n\n\n\n<p><strong>Nationalsozialistische Scheu\u00dflichkeiten erlebt<\/strong><\/p>\n\n\n\n<p>In Ulm, Stuttgart und Crailsheim stand Grimminger \u00fcber Jahre hinweg mit politischen Freunden in Kontakt, die seine Ablehnung des verbrecherischen Systems teilten, darunter Robert Scholl, der Vater der Geschwister Scholl. In seiner Autobiographie begr\u00fcndet Grimminger sein Mitwirken im Widerstand und die Unterst\u00fctzung der Aktionen von Hans Scholl und Alexander Schmorell: Wegen der erlebten nationalsozialistischen Scheu\u00dflichkeiten \u201ekonnte er nicht anders\u201c. Scholl und Schmorell argumentierten im zweiten Flugblatt ausdr\u00fccklich mit dem Verbrechen an den j\u00fcdischen Menschen. Grimmingers Identifikation mit den bedrohten Juden verst\u00e4rkt im R\u00fcckblick die Sonderstellung der \u201eWei\u00dfen Rose\u201c im deutschen Widerstand.<\/p>\n\n\n\n<p><strong>Zu zehn Jahren Zuchthaus verurteilt<\/strong><\/p>\n\n\n\n<p>Grimminger selbst stand im zweiten Wei\u00dfe-Rose-Prozess zusammen mit Schmorell, Kurt Huber und Willi Graf vor Freislers Volksgerichtshof. Eine mutig und zugleich umsichtig gestaltete Strafverteidigung rettete ihm das Leben. Er wurde zu zehn Jahren Zuchthaus verurteilt. Seine Frau Jenny bezahlte Grimmingers Engagement im Widerstand mit dem Tod in Auschwitz \u2013 zeitlebens eine Belastung f\u00fcr ihn.<\/p>\n\n\n\n<p><strong>1986 in Schanbach bei Stuttgart gestorben<\/strong><\/p>\n\n\n\n<p>Eugen Grimminger wurde am 29.Juli 1892 in Crailsheim geboren und hatte bis zu seinem 30. Lebensjahr seinen Wohnsitz in Crailsheim. Auch als erfolgreicher Genossenschaftsmanager hielt er bis in die letzten Monate seines Lebens engen Kontakt zu seiner Heimatstadt. Er starb am 10. April 1986 in Schanbach bei Stuttgart.<\/p>\n\n\n\n<p><strong>Texte zu Eugen Grimminger und die Wei\u00dfe Rose im Stadtarchiv Crailsheim:<\/strong><\/p>\n\n\n\n<p><a href=\"https:\/\/www.stadtarchiv-crailsheim.de\/projekte\/weisse-rose-erinnerung\/scholl-grimminger-denkmal\/\" target=\"_blank\" rel=\"noreferrer noopener\">https:\/\/www.stadtarchiv-crailsheim.de\/projekte\/weisse-rose-erinnerung\/scholl-grimminger-denkmal\/<\/a><\/p>\n<div class=\"pdf24Plugin-cp\"> \t<form name=\"pdf24Form0\" method=\"post\" action=\"https:\/\/doc2pdf.pdf24.org\/wordpress.php\" target=\"pdf24PopWin\" onsubmit=\"var pdf24Win = window.open('about:blank', 'pdf24PopWin', 'resizable=yes,scrollbars=yes,width=600,height=250,left='+(screen.width\/2-300)+',top='+(screen.height\/3-125)+''); pdf24Win.focus(); if(typeof pdf24OnCreatePDF === 'function'){void(pdf24OnCreatePDF(this,pdf24Win));}\"> \t\t<input type=\"hidden\" name=\"blogCharset\" value=\"Cw1x07UAAA==\" \/><input type=\"hidden\" name=\"blogPosts\" value=\"MwQA\" \/><input type=\"hidden\" name=\"blogUrl\" value=\"yygpKSi20tcvLy\/Xy8jPSM3LARK6pXnpqWmZOSWpRSV6KakA\" \/><input type=\"hidden\" name=\"blogName\" value=\"88jPSM3LARK6pXnpqWmZOSWpRSUA\" \/><input type=\"hidden\" name=\"blogValueEncoding\" value=\"gzdeflate base64\" \/><input type=\"hidden\" name=\"postId_0\" value=\"MzawMDUAAA==\" \/><input type=\"hidden\" name=\"postTitle_0\" value=\"FcsxCgIxEIXhqwwIW0sqYUsVsXUL60DGOJBkw2SyhdXewVbUg2xlbrInMWm\/\/71us1NK9QdCuJJBTqKDSZZzjFWQygfhMiaEHKTVsshDunba9rDOz9\/3HGCQLGI1S5X3IKOLbYoU1vkFt7IwGAywZ00u3ZE8MhyzrXRi8p6CrTAhO7TyBw==\" \/><input type=\"hidden\" name=\"postLink_0\" value=\"yygpKSi20tcvLy\/Xy8jPSM3LARK6pXnpqWmZOSWpRSV6Kan69gW2xgYWpgYA\" \/><input type=\"hidden\" name=\"postAuthor_0\" value=\"S0zJzcwDAA==\" \/><input type=\"hidden\" name=\"postDateTime_0\" value=\"MzIwMtI1NNQ1MlMwNLcyNLQyNQcA\" \/><input type=\"hidden\" name=\"postContent_0\" value=\"1VjNbhzHEb77KRo8JQB3KUqKYQoUATr8kxgqBmmTgC5BD6d2pjU9PYv+4Vp78jvkasQXPkNOvO2b+EnyVfXs7pDaWD44TiJAEjk\/XVVffVX11XyxPz3YD9F3rjq4MFGRceRVY\/l\/p07IkA8xuZJUies\/\/\/CPN85Eo6O5I3UVOzvl+\/wwfksxVtrH0dXiofz5hx\/VLHm81ywe\/Nya21rddR6ntOqUisV9wq1DG8kV5Cs4oBc\/kXr5XBm3PklsOkrqjrylKhI7MLTKViY4Xx2nCu6eetO2xlV4C7YqwjPWxrE62fTItnIaTrFDsBly4GdkWh1D1GVUf\/ba2FDjisoB3tbJkgIY\/e+90wU57VxUweAO32Wvyw7utz2grToi17Taqoqoxo2Z8eV2j49Ljh\/aFNojLHoMxvs7fbr2d6YHX+APZ5Dagzdu0nk4bzrO3F3nxI8rDgWvzrRFGqtBUPs7eGl4Rn9sRggABXXidVII\/\/y9It928DaqTeYHuM+62iFPgDOq3b0XfxIMenA\/gBcm3NZw77imCR\/+lpwzcJK842g5GWc6BcA44xM4gneU8MINjmBcKnqESp\/bwTHbqjS0TK1X1+RrPZHQTe0psOUW6QpK26C+g6+Ae\/EQ55wz\/L0xJV\/RrgyVT9OpUA7GOdGXXSBOy+7eyxd4eIoUozyi5BxOHSbENjNxvgZLMrytKlOACCGTAnxHaCFD9PzZsy9VrrVP878tHn2gOMfbHnXAxuTIsZIyNKsLy+r8dcVRJs\/wGAnuzITYedOQH52S60IghziAmaLTpRN4\/brzAbGRY0tnneVzLpABPI2QjDhwbDhtNYPNhwuMfBIhqZl+aycCaoHd4gffXY2OTBN1TCAQPC4Nan2sDnEavCnVTLMHOsFpxMUcOF3cI0bFVFkzGq5qnzil+EEyPdXaq28MEER4kvFrLgVX4t2hK5xBqRQNYMwdXjrpLL9ysvinj4Ajp4J9xQFBty1x6+Ks5\/pukgc06mvk1OtKLR6K\/vG1ldGxNw5lIFR0w+5ipHI5mTTeUJBc2K9WZYfMP+pM+VCg08SEbqeev3jKA+Gsduqv00lPciddAnB0c6Mt8t9X5Rl5n3M\/VkdcRYv725pxvpbew55zX+HSFE7s7nHNCXt7SuGn88UDKtXCzGnOxRG1yJmaoD2iJHQLF8fqYnHv56A\/3AVNYtwU+E22ox53Ns7VeeciAn61sRdqhUKfvN6qY5yGVzs7s9lsHNbJHd2u0BuXtDP13QdqIu0gKnB\/5FHkI1qlamdL4b2K4uutvxVWu2ZLebKvt1wHG4CL0ey6KeHprYPfxuL+jv4PxoP8dtaOqjUvmc72vxPqLzjze6NQ5gn9PwHC0penGPRkv0TjtJ5u64iZgqnTJDeJYSSVcWbsJBTooV3u\/dPOGilvuet1CPILCnqCHh5pUwV9Mi\/QIdCX75EAUTeBO8yRN5Fb4CVB2lGQHoNuvLInJ6AVcEtweCRC6HjRSuy3sWjx2yp0PE761n7X+wQNgYnmxurYc+eXpnLBb9W64IdnMjd6TYEmv5JZjxSGaJc\/wNHVNWndZjoF5vD2jzA6qWiirWVbR1rgysOU\/GpKi4bhwLKBO0MWfoYpw08S3Ln23nCbQjfm4QVUWta0SxAezdQgEw2jzzMVYHfxY0GYpa7DSHG9eVO3KkwX95FFKiaZaIWB6BFZx2og55nv+d+QEr3E2EC8rznlIqJ4IZDDeMatEYZEBk84utynWXIxZl6dc\/f3vyweAwuIoCGgKsgF\/OPmyEPmSJDBdaJbMIc2CMqh5SvCdFAX9BGPMDfYC5fdaMWND8xlwyzKbrH4+vtArRc5TidxjtU7kI+VKd4X0XbBt8UfsOMZ\/nurOc6V7lxr9ooaSSytPE9twGYSVY2ZB2XI\/OZjb2vcXPwka1JF8xk4Sr2UxY2iolmHdsHj70KoJMP35a5oZkidK1EkVnOxrtIi4x\/Tl3WqDE\/h8c2AolwCeWYbVEGQS\/MEzCvLoxf0fAMqso8FzVIIsadjr20E4YDqRglircFWQ5wpYu9Exm0k0buN4oMTSCkj0IhxxZqjiJsoAwn0nYXcWwPNZBuoIlGeww6WBVnOU80qtZJ0D7vViackBQ1Me32REyBkU4eFpdqJtEUBoAcU0gL8kn8fAXYbFLe2KKlbStHLrmCZfiVdPuvIax17JXZKsjMEqWl5gqX9kt+HKXaF6Sqvp7XhRbPKHTUOQ5PeAEpip2zY+3aww+R1FK8OFp0cAg5vBqvimYaMzw7IO4eWvtci9XERywzI9Qo7mAh28n1quLP\/GyX5aTbRiRtwOEp3zQNBDPDkGA9NrwwqzOGE4pElK0c2n+XDTmyqMJ1jZEqXAOW2kdJpZWdsuZfl9DgWvpzUQatYVtD40QrwpmRLE9PkUsknOWBe+q5mm28T\/34nMN77JrI\/l2y5gOlGUL7KrYq\/OixRXm2PbrU+4r2SUszOrHO1qVbeJzUH6zJxnXqfZAom4V\/ywrXP7OOBbIHpndkwQDA7NWKfRt\/4bk4o63mSzSYHv0rDtjqHKXWWuII4QTdoFgbY6Yl80UHdmGAZwmvsTIFbMLwMdTcZcz9Hb0gR8p\/fnCduLDx42sAP4TJ\/pEGzp5i\/p0zuONcGCyAD6CnKHR6I3Ob+QsVSF8ignH8eHlBLyvdk+bXhI1I617V9sgEeuwrdk9n2pIKWlPq2e7Lk88iYA0zLTmV9gP3P6iCLrnRhU7tNWd3d++pL+YoBSeAKnhi8QA+nBm\/kOPVXibMMBa9Ve+O3CZnZ\/Wrv+ZMNs6Ki8\/3uJJMHI47znRtNq148G2dwwwdAma+CI13teOd\/fBj2clZrvExnxeBFAfqnSqfVTuYROpeNIqlg0uSF3\/I3DS5F9I7Yd9g+vTjVyWTOLXjl5KNvc8IB\/OQLDnwX3h9OvbHqM8huSsa39H0UJn0C7LJ3Dr7+MDcG3wkGqPweq+j\/2dLyLw==\" \/> \t\t<a href=\"https:\/\/www.pdf24.org\" target=\"_blank\" title=\"www.pdf24.org\" rel=\"nofollow\"><img src=\"https:\/\/www.hohenlohe-ungefiltert.de\/wp-content\/plugins\/pdf24-post-to-pdf\/img\/pdf_32x32.png\" alt=\"\" border=\"0\" height=\"32\" \/><\/a> \t\t<span class=\"pdf24Plugin-cp-space\">&nbsp;&nbsp;<\/span> \t\t<span class=\"pdf24Plugin-cp-text\">Sende Artikel als PDF<\/span> \t\t<span class=\"pdf24Plugin-cp-space\">&nbsp;&nbsp;<\/span> \t\t<input class=\"pdf24Plugin-cp-input\" style=\"margin: 0px;\" type=\"text\" name=\"sendEmailTo\" placeholder=\"Emailadresse\" \/> \t\t<input class=\"pdf24Plugin-cp-submit\" style=\"margin: 0px;\" type=\"submit\" value=\"Senden\" \/> \t<\/form> <\/div>","protected":false},"excerpt":{"rendered":"<p>Mit einer kleinen Feierstunde der \u201eInitiative Stolpersteine Stuttgart-S\u00fcd\u201c wurde k\u00fcrzlich vor dem Geb\u00e4ude Altenbergstra\u00dfe 42 in Stuttgart der neu verlegte \u201eStolperstein\u201c f\u00fcr Eugen Grimminger vorgestellt. F\u00fcr Eugen Grimminger, nach dem in seiner Heimatstadt Crailsheim eine Schule und eine Stra\u00dfe benannt sind und der dort mit einem Denkmal geehrt wird, wurde nun ein \u201eStolperstein\u201c in Stuttgart [&hellip;]<\/p>\n","protected":false},"author":1,"featured_media":0,"comment_status":"open","ping_status":"open","sticky":false,"template":"","format":"standard","meta":[],"categories":[1],"tags":[],"_links":{"self":[{"href":"https:\/\/www.hohenlohe-ungefiltert.de\/index.php?rest_route=\/wp\/v2\/posts\/30850"}],"collection":[{"href":"https:\/\/www.hohenlohe-ungefiltert.de\/index.php?rest_route=\/wp\/v2\/posts"}],"about":[{"href":"https:\/\/www.hohenlohe-ungefiltert.de\/index.php?rest_route=\/wp\/v2\/types\/post"}],"author":[{"embeddable":true,"href":"https:\/\/www.hohenlohe-ungefiltert.de\/index.php?rest_route=\/wp\/v2\/users\/1"}],"replies":[{"embeddable":true,"href":"https:\/\/www.hohenlohe-ungefiltert.de\/index.php?rest_route=%2Fwp%2Fv2%2Fcomments&post=30850"}],"version-history":[{"count":11,"href":"https:\/\/www.hohenlohe-ungefiltert.de\/index.php?rest_route=\/wp\/v2\/posts\/30850\/revisions"}],"predecessor-version":[{"id":30921,"href":"https:\/\/www.hohenlohe-ungefiltert.de\/index.php?rest_route=\/wp\/v2\/posts\/30850\/revisions\/30921"}],"wp:attachment":[{"href":"https:\/\/www.hohenlohe-ungefiltert.de\/index.php?rest_route=%2Fwp%2Fv2%2Fmedia&parent=30850"}],"wp:term":[{"taxonomy":"category","embeddable":true,"href":"https:\/\/www.hohenlohe-ungefiltert.de\/index.php?rest_route=%2Fwp%2Fv2%2Fcategories&post=30850"},{"taxonomy":"post_tag","embeddable":true,"href":"https:\/\/www.hohenlohe-ungefiltert.de\/index.php?rest_route=%2Fwp%2Fv2%2Ftags&post=30850"}],"curies":[{"name":"wp","href":"https:\/\/api.w.org\/{rel}","templated":true}]}}