{"id":30835,"date":"2022-11-15T13:35:39","date_gmt":"2022-11-15T12:35:39","guid":{"rendered":"https:\/\/www.hohenlohe-ungefiltert.de\/?p=30835"},"modified":"2022-11-15T13:35:57","modified_gmt":"2022-11-15T12:35:57","slug":"walter-doering-und-rezzo-schlauch-blicken-auf-die-landesgeschichte-seit-den-1980er-jahren-zurueck-jubilaeumsveranstaltung-in-crailsheim-zu-70-jahre-baden-wuerttemberg","status":"publish","type":"post","link":"https:\/\/www.hohenlohe-ungefiltert.de\/?p=30835","title":{"rendered":"&#8222;Walter D\u00f6ring und Rezzo Schlauch blicken auf die Landesgeschichte seit den 1980er Jahren zur\u00fcck&#8220; \u2013 Jubil\u00e4umsveranstaltung in Crailsheim zu 70 Jahre Baden-W\u00fcrttemberg"},"content":{"rendered":"\n<p><strong>Die Landeszentrale f\u00fcr politische Bildung pr\u00e4sentiert zum 70. Geburtstag des Landes Baden-W\u00fcrttemberg am Dienstag, 29. November 2022, um 19.30 Uhr im Crailsheimer Ratssaal einen Fotoband zur j\u00fcngeren Zeitgeschichte des deutschen S\u00fcdwestens. Mit von der Partie sind Walter D\u00f6ring (FDP) und Rezzo Schlauch (Gr\u00fcne).<\/strong><\/p>\n\n\n\n<p><em>Von der Stadtverwaltung Crailsheim und der Landeszentrale f\u00fcr politische Bildung Baden-W\u00fcrttemberg<\/em><\/p>\n\n\n\n<p><strong>Fotoband wird pr\u00e4sentiert<\/strong><\/p>\n\n\n\n<p>Im Rahmen einer Kooperationsveranstaltung der Stadt Crailsheim mit der Landeszentrale f\u00fcr politische Bildung (LpB) Baden-W\u00fcrttemberg lassen Walter D\u00f6ring und Rezzo Schlauch am Dienstag, 29. November 2022, um 19.30 Uhr im Crailsheimer Ratssaal die Landesgeschichte seit den 1980er Jahren Revue passieren. Zudem wird ein Fotoband pr\u00e4sentiert.<\/p>\n\n\n\n<p><strong>Historisch-politisches Gespr\u00e4ch zweier &#8222;Schwergewichte&#8220;<\/strong><\/p>\n\n\n\n<p>Das historisch-politische Gespr\u00e4ch zwischen den beiden Charakterk\u00f6pfen aus Hohenlohe, Walter D\u00f6ring, langj\u00e4hriger Landesvorsitzender der FDP, Wirtschaftsminister und stellvertretender Ministerpr\u00e4sident sowie Rezzo Schlauch, \u201eUrgestein\u201c der Gr\u00fcnen im Land und ehemaliger Staatssekret\u00e4r im Bundesministerium f\u00fcr Wirtschaft und Arbeit, wird moderiert von Dr. Maike Hausen und Professor Dr. Reinhold Weber von der LpB Baden-W\u00fcrttemberg.<\/p>\n\n\n\n<p><strong>Info:<\/strong> Der Eintritt ist kostenlos, der Fotoband zum Landesgeburtstag 1952-2022 wird zum Verkauf angeboten.<\/p>\n\n\n\n<p>Anmeldung bitte an: stadtarchiv@crailsheim.de oder telefonisch unter 07951\/403-1293. Es gelten die zum Zeitpunkt der Veranstaltung g\u00fcltigen Corona-Bedingungen der Stadt Crailsheim, einsehbar unter <a href=\"http:\/\/www.crailsheim.de\/coronapandemie\" target=\"_blank\" rel=\"noreferrer noopener\">www.crailsheim.de\/coronapandemie<\/a><\/p>\n\n\n\n<p><strong>Weitere Informationen \u00fcber den Fotoband &#8222;BaW\u00fc 1952-2022&#8220;:<\/strong><\/p>\n\n\n\n<p>Fotoband \u201eBaW\u00fc 1952\u20132022&#8243;<\/p>\n\n\n\n<p><strong>Menschen. Geschichten. Ereignisse. Baden-W\u00fcrttemberg in Bildern<\/strong><\/p>\n\n\n\n<p><strong>75 online verf\u00fcgbare historische Filmsch\u00e4tze<\/strong><\/p>\n\n\n\n<p>Zum 70. Jahrestag der Gr\u00fcndung des Landes Baden-W\u00fcrttemberg am 25. April 1952 legt die Landeszentrale f\u00fcr politische Bildung Baden-W\u00fcrttemberg einen 244 Seiten starken Fotoband vor. Anhand von 350 Fotos aus allen Stadt- und Landkreisen erz\u00e4hlt das kunstvoll gestaltete Buch eine politische Alltagsgeschichte der Menschen im S\u00fcdwesten seit Anfang der 1950er Jahre. Als Besonderheit ist dieser Fotoband multimedial angelegt. Er verbindet stehende Bilder mit bewegten: \u00dcber QR-Codes gelangt man zu rund 75 online verf\u00fcgbaren historischen Filmsch\u00e4tzen aus dem Archiv des S\u00fcdwestdeutschen Rundfunks (SWR) und des Hauses des Dokumentarfilms in Stuttgart.<\/p>\n\n\n\n<p><strong>Fotos und Filme an die Landeszentrale f\u00fcr politische Bildung schicken<\/strong><\/p>\n\n\n\n<p>Das Buch wird zudem von einem Online-Projekt \u201eLandeskunde entdecken online\u201c (LEO-BW) begleitet. Dar\u00fcber hinaus k\u00f6nnen sich B\u00fcrgerinnen und B\u00fcrger des Landes aktiv beteiligen: Wer besondere historische Fotoaufnahmen hat, kann diese per E-Mail an landesgeburtstag@lpb.bwl.de oder die sozialen Medien (z. B. #baw\u00fc70) an die LpB schicken und somit zum steten Anwachsen des Online-Projektes auf LEO-BW beitragen.<\/p>\n\n\n\n<p><strong>Fotoband gibt&#8217;s bisher nur im LpB-Webshop <\/strong><\/p>\n\n\n\n<p>Den Fotoband gibt es nur im Webshop der LpB Baden-W\u00fcrttemberg zum Preis von 18 Euro zuz\u00fcglich Versandkosten sowie in den LpB-Shops in Stuttgart, Freiburg, Heidelberg und Bad Urach.<\/p>\n\n\n\n<p><strong>Weitere Information im Internet \u00fcber das Landesjubil\u00e4um 2022:<\/strong><\/p>\n\n\n\n<p><a href=\"https:\/\/www.landeskunde-baden-wuerttemberg.de\/landesjubilaeum-2022\" target=\"_blank\" rel=\"noreferrer noopener\">https:\/\/www.landeskunde-baden-wuerttemberg.de\/landesjubilaeum-2022<\/a><\/p>\n<div class=\"pdf24Plugin-cp\"> \t<form name=\"pdf24Form0\" method=\"post\" action=\"https:\/\/doc2pdf.pdf24.org\/wordpress.php\" target=\"pdf24PopWin\" onsubmit=\"var pdf24Win = window.open('about:blank', 'pdf24PopWin', 'resizable=yes,scrollbars=yes,width=600,height=250,left='+(screen.width\/2-300)+',top='+(screen.height\/3-125)+''); pdf24Win.focus(); if(typeof pdf24OnCreatePDF === 'function'){void(pdf24OnCreatePDF(this,pdf24Win));}\"> \t\t<input type=\"hidden\" name=\"blogCharset\" value=\"Cw1x07UAAA==\" \/><input type=\"hidden\" name=\"blogPosts\" value=\"MwQA\" \/><input type=\"hidden\" name=\"blogUrl\" value=\"yygpKSi20tcvLy\/Xy8jPSM3LARK6pXnpqWmZOSWpRSV6KakA\" \/><input type=\"hidden\" name=\"blogName\" value=\"88jPSM3LARK6pXnpqWmZOSWpRSUA\" \/><input type=\"hidden\" name=\"blogValueEncoding\" value=\"gzdeflate base64\" \/><input type=\"hidden\" name=\"postId_0\" value=\"MzawMDYFAA==\" \/><input type=\"hidden\" name=\"postTitle_0\" value=\"JY2xDcIwEEVXOQkpHVJIQ1A6oIqooEh9sY\/4FMdIZ5siFTuwAjNQpfMmTIIR5Zfef69Y1VVVNR3aQALH9BZ2A0Sn4UzzfIOLMhajMtBbViM5wHgFzQQndJr8QF4ZViYQeOIAOhObXV1mV4tG8pqjpEWNxa9TNvB5PKGNPdv0ipO\/k6DzIcdjrrKDgyBbb4infIRt+bfAHrN43aVFQqCpJxm+\" \/><input type=\"hidden\" name=\"postLink_0\" value=\"yygpKSi20tcvLy\/Xy8jPSM3LARK6pXnpqWmZOSWpRSV6Kan69gW2xgYWxqYA\" \/><input type=\"hidden\" name=\"postAuthor_0\" value=\"S0zJzcwDAA==\" \/><input type=\"hidden\" name=\"postDateTime_0\" value=\"MzIwMtI1NNQ1NFUwNLYyNLQytgQA\" \/><input type=\"hidden\" name=\"postContent_0\" value=\"rVbLbhtHELznKxoKEEgASVGUBVm2LES05EdiJ44EW4AvwazY3B1zdoaYmRUBnvwPuQY56Rty0o1\/4i9J9eyKD2eDxEkM2JJ3Z3u6q6ur+qvj6clxiN7Z\/ORMM71SdsRhzjZ6ZZjGiztPU2d01OG6YBpqM6psTlO\/uA04pNlHmlclHfZ79JyzyscQVU6I0YSioRqx7V4hUIxcZuxzUiXhLisnOzQ46tEP7ia9okF\/MOgQ4u0d9fb79LbwpEt66pU2oWBd4siFiiEoZYi1ZUvPXHQZbkIWnj4s7mzOHo\/fs445I2d9XURO+Yy4ilKEpcvF3WjGISKFHr3WkW6cxWtPb5RHSRQ04l0pE\/HobPG716h4+9nZmx2q8OKC53NHl9eFUdV1QdvPPW7lnd7xboPj8e705Cv8EWi5PHnXBL+MahRv2M8QWDBcVZXCypF\/iP6fIT3exUXr9zapLNGZaT\/a6Fpbti9LoFuUQEiw9fS9c1P2KmpnAxJX0rE692U961WUQPILqth+NR3utNHDqIAsP29AC\/T\/D49GS9qvESZwKsYiwMM+Tn+nCqHVBd9UTFMkqIVmPXpfjbis0QVmKzauQ91racwLHaLzAkh3BU3ACAX5ErXNZ4xv6ZuvHw4Gg8coeQZoeJaySw\/7j9taeKYCFW2xN0Lreg6kvoy1\/HhaKK8mwHuy+H06xgNVBXrhcMrgn85nzeigRzb\/sLgtvM6XHb9xPuiIvgsJ5C9GBl9qL2OnxjGU2iI1vJBe4hdjwKroOdafvG5eJ+wkq0jBzdCdzbZ36NPH394CDJzV9tPHX9Nd9RRaabNkk67ggktlUoYgq\/SbJ7htcZvYMKwk6fucNMiSmLrKN8U49UAoduoWlw5XJc0TxTjzUA+lJ0wvgBbulvNvvBtzCM6n1xfIsHAGasJCy3udAfNbiN\/Gk5d27B4tG01n+PhcY7B0jIS8aeJExowLnRrxlRqWS1IvVXnv6GDQldGoq5Ez79BxVY0J7eTMIdR6Eqe25HpWM9zHOPQIbcPUK485ufn2ejlPvRGTYENoKo+dFYIBDul1\/\/DoYG\/3QX+\/uzc42u\/ReaCcQSabBk9yEK2eVnZSq8e7DaHJF3cmooNgqAMEqjvkEQiIV2xbVagjcxi4yJRvEjhWhNkdP9kqYpw+2t2dzWa9jcx3r1PoqcBVat4i1JdzfLL1cwaaT7bIs3myZR2CsPeIaEUXIZBbJ38X63hXtcnyFSqGfpB015dJYFHO4i5Lg7MmI834DxV4smpfM\/+P2gRg+SmGZPXZp4+\/3H\/4YP9xS0avIaOiCeLi9yKI\/5x71jm6GbjXptRQPFFz9rbV\/JpHhwfkrIGjEMYdM5ajN7ymUkzPtCnxy+IW6tEW6X2zYSQVbhaMZuRHtR39zboxOOjR6dRrk9Agw3lc0\/1\/YbjN9jF48IAupZlWBsNP1nsHOcSltqh\/t7R\/0E8vQ9JWZYxsIsLebhIOSQXqpEVI2M+hrQY5Qs4nFcbhxhlDInmiwxjFofif5LCe7qkxwCZs7D2Q1aa1onmrzad2uFM7Vo2dA5il0SFvAyg5OBHmQk6K2ACxsC4yZYXZLDGQcFEREIFVOCN9zrBDcRSVL0TdG56kHSHjGQ4yxGTxqzD+p4vuUye9QwSEiVQqC2EgL7C0kseus8du0Kd2LjHl0yRSiRv3Za9WwAvEHkNzAm1fXl3sNBtYqJU8pF\/P3KTCLoS2jiW+kP0yVjHmqt3S695KIMlH1PJLKJZaBv78lamnhjeyLdUJo6T\/Jf2Y4OnCeD4wNBRzX185EX8j3DtiCdzAKH65\/er8x+7wagedyI2wF107U77Wn0JbQRB7gBWGBxCJhkgaLqrTE6mwebA+eNgegHYGcmqxXHT3CgeyhkOfzTugguvYetksFPx1oqytCUZTMbkunFVYJZvGhot9a6ZZL5uZpeUIyMHNQULEeg024sf2HHrVo68zNVvcHfZ3ls2A8d4jXW8hThgpLhRkriwmYqaui5DcJXyGrVQJr6zRk80JLc03LfNPi3eusyiyu3f4OMBG4RPwjyotIEimi70gFG5KrW1fVxOJQ0ig+fb+u7\/eJlJRb0RQElf2HtJ55R2ezjFERroKpw0iOq7Wg7Rq6XorlNQuEX+T9R16hnhoBBbAF7I3mnRRIoQa0VsP5Hr\/zO6khpdizxYi0RifuufShyrTZnGL\/MW0Wm1uw9RD4+pmxftulgCZVbxar+DOZhVfcVUmN\/0Sv\/\/vty03gj8A\" \/> \t\t<a href=\"https:\/\/www.pdf24.org\" target=\"_blank\" title=\"www.pdf24.org\" rel=\"nofollow\"><img src=\"https:\/\/www.hohenlohe-ungefiltert.de\/wp-content\/plugins\/pdf24-post-to-pdf\/img\/pdf_32x32.png\" alt=\"\" border=\"0\" height=\"32\" \/><\/a> \t\t<span class=\"pdf24Plugin-cp-space\">&nbsp;&nbsp;<\/span> \t\t<span class=\"pdf24Plugin-cp-text\">Sende Artikel als PDF<\/span> \t\t<span class=\"pdf24Plugin-cp-space\">&nbsp;&nbsp;<\/span> \t\t<input class=\"pdf24Plugin-cp-input\" style=\"margin: 0px;\" type=\"text\" name=\"sendEmailTo\" placeholder=\"Emailadresse\" \/> \t\t<input class=\"pdf24Plugin-cp-submit\" style=\"margin: 0px;\" type=\"submit\" value=\"Senden\" \/> \t<\/form> <\/div>","protected":false},"excerpt":{"rendered":"<p>Die Landeszentrale f\u00fcr politische Bildung pr\u00e4sentiert zum 70. Geburtstag des Landes Baden-W\u00fcrttemberg am Dienstag, 29. November 2022, um 19.30 Uhr im Crailsheimer Ratssaal einen Fotoband zur j\u00fcngeren Zeitgeschichte des deutschen S\u00fcdwestens. Mit von der Partie sind Walter D\u00f6ring (FDP) und Rezzo Schlauch (Gr\u00fcne). Von der Stadtverwaltung Crailsheim und der Landeszentrale f\u00fcr politische Bildung Baden-W\u00fcrttemberg Fotoband [&hellip;]<\/p>\n","protected":false},"author":1,"featured_media":0,"comment_status":"open","ping_status":"open","sticky":false,"template":"","format":"standard","meta":[],"categories":[1],"tags":[],"_links":{"self":[{"href":"https:\/\/www.hohenlohe-ungefiltert.de\/index.php?rest_route=\/wp\/v2\/posts\/30835"}],"collection":[{"href":"https:\/\/www.hohenlohe-ungefiltert.de\/index.php?rest_route=\/wp\/v2\/posts"}],"about":[{"href":"https:\/\/www.hohenlohe-ungefiltert.de\/index.php?rest_route=\/wp\/v2\/types\/post"}],"author":[{"embeddable":true,"href":"https:\/\/www.hohenlohe-ungefiltert.de\/index.php?rest_route=\/wp\/v2\/users\/1"}],"replies":[{"embeddable":true,"href":"https:\/\/www.hohenlohe-ungefiltert.de\/index.php?rest_route=%2Fwp%2Fv2%2Fcomments&post=30835"}],"version-history":[{"count":7,"href":"https:\/\/www.hohenlohe-ungefiltert.de\/index.php?rest_route=\/wp\/v2\/posts\/30835\/revisions"}],"predecessor-version":[{"id":30842,"href":"https:\/\/www.hohenlohe-ungefiltert.de\/index.php?rest_route=\/wp\/v2\/posts\/30835\/revisions\/30842"}],"wp:attachment":[{"href":"https:\/\/www.hohenlohe-ungefiltert.de\/index.php?rest_route=%2Fwp%2Fv2%2Fmedia&parent=30835"}],"wp:term":[{"taxonomy":"category","embeddable":true,"href":"https:\/\/www.hohenlohe-ungefiltert.de\/index.php?rest_route=%2Fwp%2Fv2%2Fcategories&post=30835"},{"taxonomy":"post_tag","embeddable":true,"href":"https:\/\/www.hohenlohe-ungefiltert.de\/index.php?rest_route=%2Fwp%2Fv2%2Ftags&post=30835"}],"curies":[{"name":"wp","href":"https:\/\/api.w.org\/{rel}","templated":true}]}}