{"id":30769,"date":"2022-11-09T16:10:50","date_gmt":"2022-11-09T15:10:50","guid":{"rendered":"https:\/\/www.hohenlohe-ungefiltert.de\/?p=30769"},"modified":"2022-11-09T16:30:11","modified_gmt":"2022-11-09T15:30:11","slug":"schaeff-scheefen-preis-gibt-es-nicht-mehr-kurzgeschichtenpreis-des-avf-in-fraenkischer-kurzgeschichten-preis-umbenannt","status":"publish","type":"post","link":"https:\/\/www.hohenlohe-ungefiltert.de\/?p=30769","title":{"rendered":"&#8222;Den Schaeff-Scheefen-Preis gibt es nicht mehr&#8220; \u2013 Kurzgeschichtenpreis des AVF in &#8222;Fr\u00e4nkischer Kurzgeschichten-Preis&#8220; umbenannt"},"content":{"rendered":"\n<p><strong>Der Kurzgeschichtenpreis des Autorenverbands Franken (AVF) hat einen neuen Namen bekommen. Er hei\u00dft jetzt &#8222;Fr\u00e4nkischer Kurzgeschichten-Preis&#8220;. Den &#8222;Schaeff-Scheefen-Preis&#8220;, benannt nach dem AVF-Gr\u00fcndungsvorsitzenden Georg Harro Schaeff-Scheefen, gibt es nicht mehr.<\/strong><\/p>\n\n\n\n<p><em>Informationen von der Internetseite des Autorenverbands Franken (AVF)<\/em><\/p>\n\n\n\n<p><strong>Zu distanzlose und unkritische Haltung gegen\u00fcber dem Nationalsozialismus<\/strong><\/p>\n\n\n\n<p>Bei der letztj\u00e4hrigen Verleihung des Schaeff-Scheefen-Preises (Anmerkung: 2021) f\u00fcr fr\u00e4nkische Kurzgeschichten tauchten Hinweise auf, die bei Georg Harro Schaeff-Scheefen eine zu distanzlose und unkritische Haltung gegen\u00fcber dem Nationalsozialismus vermuten lie\u00dfen. Letztlich f\u00fchrten sie dazu, dass David Jacobs, der Gewinner des Wettbewerbs, auf seine Auszeichnung und das damit verbundene Preisgeld verzichtete.<\/p>\n\n\n\n<p><strong>Dem aufkommenden Nationalsozialismus wohlwollend gegen\u00fcber gestanden<\/strong><\/p>\n\n\n\n<p>Der AVF hat dies zum Anlass genommen, die Rolle seines Gr\u00fcnders w\u00e4hrend der NS-Diktatur genauer unter die Lupe zu nehmen. Dabei hat sich herauskristallisiert, dass Georg Sch\u00e4ff, wie er mit b\u00fcrgerlichem Namen hie\u00df, dem aufkommenden Nationalsozialismus durchaus wohlwollend gegen\u00fcberstand. Insbesondere erhoffte er sich von ihm eine Korrektur der damals zu beklagenden sozialen und \u00f6konomischen Verwerfungen. Manche der von ihm hierzu verfassten Texte sind aus heutiger Sicht in der Tat v\u00f6llig inakzeptabel!<\/p>\n\n\n\n<p><strong>1937 der NSDAP beigetreten<\/strong><\/p>\n\n\n\n<p>Zudem trat Georg Sch\u00e4ff im Jahr 1937 der NSDAP bei. Ein weiterer unsch\u00f6ner Fleck auf seiner Biographie ist sein unver\u00f6ffentlichter Roman \u201eRebell auf der Kanzel\u201c, in dem er den antisemitischen Hetzprediger Johannes Teuschlein zum Volkshelden hochstilisierte. Teuschlein war als geistiger Brandstifter hauptverantwortlich f\u00fcr die Vertreibung der j\u00fcdischen Bev\u00f6lkerung aus Rothenburg ob der Tauber, die im Jahr 1520 mit der Pl\u00fcnderung der Synagoge ihren unr\u00fchmlichen Abschluss fand.<\/p>\n\n\n\n<p>Im Zuge der Entnazifizierung wurde das Verfahren gegen Sch\u00e4ff im Juni 1947 dennoch eingestellt. Zur Begr\u00fcndung hie\u00df es: \u201eDer Betroffene f\u00e4llt nicht in die Klasse I oder II der Anlage zum Gesetz. Es besteht auch auf Grund des Ergebnisses der Ermittlungen kein hinreichender Verdacht, dass der Betroffene Hauptschuldiger, Belasteter oder Minderbelasteter ist.\u201c<\/p>\n\n\n\n<p><strong>Nach dem Krieg freundschaftliche Beziehungen zu Gegnern des NS-Regimes<\/strong><\/p>\n\n\n\n<p>Aussagekr\u00e4ftiger als derartige Formalien sind jedoch die freundschaftlichen Beziehungen, die er nach dem Krieg zu erkl\u00e4rten Gegnern des NS-Regimes pflegte, sowie ihr gemeinsames Engagement f\u00fcr die fr\u00e4nkische Literatur. Dies betrifft beispielsweise<\/p>\n\n\n\n<pre class=\"wp-block-code\"><code><strong>Kurt Karl Doberer<\/strong> (1933 als Sozialdemokrat emigriert, Ehrenvorsitzender des AVF)\n\n<strong>Hermann Kesten<\/strong> (als Jude von den Nazis verfemt und verfolgt, floh zun\u00e4chst nach Frankreich und sp\u00e4ter in die USA, Pr\u00e4sident und Ehrenpr\u00e4sident des deutschen P.E.N.-Zentrums, Ehrenmitglied des AVF)\n\n<strong>Georg Schneider<\/strong> (1933 mit einem Publikationsverbot belegt, 1946 Mitglied der verfassungsgebenden Landesversammlung und anschlie\u00dfend des Bayerischen Landtags, Mitglied des AVF)\n\n<strong>Hermann Sendelbach<\/strong> (verfasste 1918 \u201eVergesst es nicht!\u201c, einen der leidenschaftlichsten Aufrufe gegen den Krieg, hatte sp\u00e4ter als Mann einer sogenannten Halbj\u00fcdin unter den N\u00fcrnberger Rassegesetzen zu leiden, Mitglied des AVF)<\/code><\/pre>\n\n\n\n<p><strong>Kritisch mit der j\u00fcngeren deutschen Geschichte auseinandergesetzt<\/strong><\/p>\n\n\n\n<p>Der Kurzgeschichtenpreis selbst hat unabh\u00e4ngig von seinem Namen in den nunmehr sechs Zyklen seines Bestehens immer wieder ein Forum f\u00fcr Texte gebildet, die sich kritisch mit der j\u00fcngeren deutschen Geschichte auseinandersetzen. So besch\u00e4ftigten sich selbst bei dem scheinbar unpolitischen Thema \u201eWind\u201c f\u00fcnf von drei\u00dfig ver\u00f6ffentlichten Beitr\u00e4gen mit dem unerfreulichen Ph\u00e4nomen des Rechtsextremismus.<\/p>\n\n\n\n<p><strong>&#8222;Die Zerst\u00f6rung unserer Herzen in Ordnung bringen und von vorne beginnen&#8220;<\/strong><\/p>\n\n\n\n<p>Eine selbstkritische Einsch\u00e4tzung seiner Rolle w\u00e4hrend des Dritten Reiches lieferte Sch\u00e4ff auf der letzten Seite seines 1949 erschienen B\u00fcchleins \u201eLiebesfahrt im Taubergrund\u201c. Dort legt er seinem Helden folgende Worte in den Mund: \u201eWir kommen aus den Tr\u00fcmmern und begegnen ihnen selbst hier. Wir kehren zu ihnen zur\u00fcck in unseren St\u00e4dten, die fast g\u00e4nzlich zerst\u00f6rt sind. Aber wir sind um die Gewissheit reicher, da\u00df wir den Schutt aufr\u00e4umen und neu aufbauen k\u00f6nnen, so wie es hier allenthalben schon geschieht. Und so m\u00fcssen wir auch die Zerst\u00f6rung unserer Herzen in Ordnung bringen und von vorne beginnen.\u201c<\/p>\n\n\n\n<p><strong>Neutraler Name \u201eFr\u00e4nkischer Kurzgeschichtenpreis des AVF\u201c<\/strong><\/p>\n\n\n\n<p>In diesem Sinne hat der Vorstand des AutorenVerbandes Franken einstimmig beschlossen, seinen zweij\u00e4hrlich vergebenen Kurzgeschichtenpreis nicht mehr nach Pers\u00f6nlichkeiten aus der Vereinsgeschichte zu benennen, sondern ihn zuk\u00fcnftig unter dem neutralen Namen \u201eFr\u00e4nkischer Kurzgeschichtenpreis des AVF\u201c auszuschreiben.<\/p>\n\n\n\n<p><strong>Link zum Artikel auf der Internetseite des Autorenverbands Franken (AVF):<\/strong><\/p>\n\n\n\n<p><a rel=\"noreferrer noopener\" href=\"https:\/\/www.autorenverband-franken.de\/Fraenkischer-Kurzgeschichtenpreis\/\" target=\"_blank\">https:\/\/www.autorenverband-franken.de\/Fraenkischer-Kurzgeschichtenpreis\/<\/a><\/p>\n\n\n\n<p><strong>Weitere Informationen im Internet \u00fcber Georg Harro Schaeff-Scheefen und seine Aktivit\u00e4ten im Nationalsozialismus:<\/strong><\/p>\n\n\n\n<p>\u201eDavid Jacobs gibt den Schaeff-Scheefen-Preis 2021 des Autorenverbands Franken zur\u00fcck\u201c \u2013 Namensgeber Georg Harro Schaeff-Scheefen (Ehrenb\u00fcrger der Stadt Kirchberg\/Jagst) habe sich nicht deutlich genug vom Nationalsozialismus distanziert \u2013 <a href=\"https:\/\/www.hohenlohe-ungefiltert.de\/?p=28861&amp;cpage=1\" target=\"_blank\" rel=\"noreferrer noopener\">https:\/\/www.hohenlohe-ungefiltert.de\/?p=28861&amp;cpage=1<\/a><\/p>\n\n\n\n<p>Schaeff-Scheefen-Literaturpreis: Brauner Schatten auf dem Namensgeber \u2013 <a href=\"https:\/\/www.kontextwochenzeitung.de\/kultur\/565\/brauner-schatten-auf-dem-namensgeber-7958.html\" target=\"_blank\" rel=\"noreferrer noopener\">https:\/\/www.kontextwochenzeitung.de\/kultur\/565\/brauner-schatten-auf-dem-namensgeber-7958.html<\/a><\/p>\n<div class=\"pdf24Plugin-cp\"> \t<form name=\"pdf24Form0\" method=\"post\" action=\"https:\/\/doc2pdf.pdf24.org\/wordpress.php\" target=\"pdf24PopWin\" onsubmit=\"var pdf24Win = window.open('about:blank', 'pdf24PopWin', 'resizable=yes,scrollbars=yes,width=600,height=250,left='+(screen.width\/2-300)+',top='+(screen.height\/3-125)+''); pdf24Win.focus(); if(typeof pdf24OnCreatePDF === 'function'){void(pdf24OnCreatePDF(this,pdf24Win));}\"> \t\t<input type=\"hidden\" name=\"blogCharset\" value=\"Cw1x07UAAA==\" \/><input type=\"hidden\" name=\"blogPosts\" value=\"MwQA\" \/><input type=\"hidden\" name=\"blogUrl\" value=\"yygpKSi20tcvLy\/Xy8jPSM3LARK6pXnpqWmZOSWpRSV6KakA\" \/><input type=\"hidden\" name=\"blogName\" value=\"88jPSM3LARK6pXnpqWmZOSWpRSUA\" \/><input type=\"hidden\" name=\"blogValueEncoding\" value=\"gzdeflate base64\" \/><input type=\"hidden\" name=\"postId_0\" value=\"MzYwN7MEAA==\" \/><input type=\"hidden\" name=\"postTitle_0\" value=\"U1O2MDIysnZJzVMITs5ITE1L0wXSqalpqXm6AUWpmcUK6ZlJJQqpxQp5mckZJQq5qRlFaiA9BtYKjxomK3iXFlWlpxYnZ4BkU\/MKwFpSgModw9wUMvMU1CDmuxUdXpKXnQlUl1qErgdiD8zQ0tyk1LzEvLwSAA==\" \/><input type=\"hidden\" name=\"postLink_0\" value=\"yygpKSi20tcvLy\/Xy8jPSM3LARK6pXnpqWmZOSWpRSV6Kan69gW2xgbmZpYA\" \/><input type=\"hidden\" name=\"postAuthor_0\" value=\"S0zJzcwDAA==\" \/><input type=\"hidden\" name=\"postDateTime_0\" value=\"MzIwMtI1NNQ1sFQwNLMyNLQyNQAA\" \/><input type=\"hidden\" name=\"postContent_0\" value=\"rVjLbhRJFt33V0R7pBYtuarA3dA8jEe2bAwYGMumQWIzyqyMzAwyM7IUEemCWvEPsx1Nb\/wNrNjVn\/Alc86NrAe4ADUCCbArK2\/cx7nnnhs\/7U72dn1wrS32DrVTJ52bFdqPSzMug7YTp41XmfZqvwut0\/ZCuzSxmVcPXGIrbdW1\/RcPflVlEpQ2Fr9b3eHfZ0mDf1NdtQ1+GKojp0pt5n8F9VqHWVC\/\/OP2zs7OvQdufmkrg+OuHj045dnyxev3huoQ9vq3zsdlovN8gP+1zj\/75jZOtYm1QdlkXML1RsHDwbGbf7BZZwt\/0TpvwkzbDBaPdesK9TBxrlWfm91WhUkRlleWHqlGl264O+qTtTua7P2EP8yfbvYe2bx1TRJMyyRctBYnO\/XIBu2sDl6boL+dxt0RLK0b7s961anM+JDYWd16rTqb4W\/lTJDMwf06IDJV6ELb+YcUBzPsZ+JNUvt2ZpLa+Kbzm7w\/0EZ8rVmY1\/PL0hmYUS+0q7UpaZd+b845Hlzbt412Fb53V+1c37nxq8rnH5zKV5X9vLAqJF384aGxU1pRSZdvI0SN2pmv1kRApmY\/Kh8KdWg6ulIbPf+LSH3CNNTwlHGUjs88HMuSWQcXE+\/VYXJhMvU4Gbep35bUHeupsVaO8eqlDiHVUxQYTxGY8uLzfudnGmYtPaPHsIW\/jQl0Iu0IR60kq4WuM344k3wFPdwAiUMEBOOxvzLpuKvRTduynrZ1jW+sJwO1QO7w0iY4kASAReloVMQj2eggWzNyWJDzYq3OaDlG51XsL+1wKCHEE5mZZ+eDQ1OFJHQ81iYdPuvYFGLhSTeRYlpdCkscJqw\/T\/YsAEgh6TzqCndrhGS0C30NIkaAivllDuhMYQw2mcwU6CuAXRiQmpOHShZ3W0DwzZxlnQPmvpg8ydwQje1T7VtGzJPLNs+DuCCOs\/1N2USwnrTO6YoJYEJQcZzHoEGOdVJER6ID+IHAmL+vWuRZsCx9CCzlQA0z9DSxRDgtLQ5BcA7mgJccmSFen+s3cMYb2GIgpe4CWtqpc6ExE6npObJ8MX+PvBb4KKlmehKQ\/vrnDWC7cee3P\/pyHu6fskkLHRyQuRFBrzomOjgc8EmZlGnQNaVTV81hQMCtKVnSCUIQ+\/w9O+pBrcfVqo2cOjBt4ZIJolbAhXyK7yP6+fscBCGtS3ydtU1i1cd3\/zvTiKoWEzzzBKyh64\/v\/rsdM9Eo6VurEgv60E1PIiAnEAHGXyape9yWmCnA+XPd4XHNU9kYL9q68iX6lShrx6UPpgeqHq5\/d5o4xboXaO9YjANH\/g8mp7MA3CQgBvgwbd2SfmKXAAFItkkjFTv1ev4h63080CxhpR2fsdZnbcDnaYest2lf5w6wjR27LMDNnevSLPzCaR07d2H+\/K1NirbAt9nGyC06u2ykn6zaTxlRhw7M2QdrVX\/UqFddEaF5ZINNZiY3MxPtTjuXaWG8F4SpGJae+gQbnTXAxu\/EhrVIJvuHXIXyhSGsI2m6WMzx2NSYzndZZLLWATDZEgMaubvEO\/3cZpkR\/AkpTKtHqpXJ\/Eg8JbEVWkp5rD0qDiR6IBKH4k3OKQHOsRPGRv2PQC6pNZ6jT0J1yGOopT1VxVKXxjot2eJzxJtBhyx4K\/vUz4esOzLa1QKzbTyDl+R8F918amglXX0K+AwB3g1N+mwhd06c0QUGsIbPsJ3kgicN2yhHGT0FYRzrAv1kJSrQ9JkuTKM3KgSMLo8sVRjpeQQvoQy\/Esdf1QMqHwxQGznntc5YPOb8ihN23YsISpizn7oO56Ao6vmlTN\/NfqpJXusi6G1wJ9kfYAWiGhTAJ3x8ZIuEv0MHLhtpXZM8IdVwLGHqcMqlKIoBiZON\/MTo2osyWWUBPD8mgu5vTSeDtG7H1WCMEm3t7fK\/ZRWgdQI4xtXqsE1JZsuEqmvgvd8kdedC9wi4rciSIJ3CxeF2xNZYU6hRUlAbwofe0ENoFpCROiFK7Zp9mn4M8u3lJ+fbzIjGyXUTZLbw57YucFJetyUybeeXZK1YAhGjAl75sp\/MLwVzsYH+PN\/fhkCZX3qTMa\/8ivg7WX2WSVt0IdLT6fBo+Gw4eIUnrmt8Hx4apgBasg2hLeeF1bB3JXekLE6BRp12aW0qGd+e8qll4QiIbTLILfTN8gy3GI0U\/2jeOHGfUADxVcClqReaLOHg6aVg9O8geatdz7Z8JyQF4nj65RAW1TnnOXWKtK5FsRzS8PLGbRIX+AEU51drxs8ymuIuFWU5M7tqIZnw+13uulz3HMp4pHO2qZ04+vvCERBP6Uwcnb4t4mrE6ZbUqQwSu9BjxAs6xab0CPOTbFkIJ0a+iI5siH13FDtghB75nJROelG+nDY4E63vxOsFTI6XuwFnGHxlbVw8O3xJo25cVD0yjlxSQXY2STFabAF9w37wEThREJqYNGhxLnV4hryqV28rSrBe0B7IDEDmMZqw4FBi0n8yPPgO80JoJUotoMqgnUMkNJGA1fcHHlM+BEtwEMl8BM3GRQQG+xhTWdsaRUvGpglV06Stl\/LlOeRvQoS9BCcDU\/TX5pEaHFdx5uUz1UR2NgHdTFRFxxuYBWjB4z1\/nzKpbaMjIZ8hc9hu30CgNKKfN+0q\/doOnlWvqKDn711sOC9qDx0zizX5l8tkPUqdkSkljNVyncYSjYgLblm2X\/Q3AeOIgjsmaLUO4kPJYpjRdi8j4\/Kytqtgr8MbzMGZTG\/PlTCnkFtqlIWElE2Z2kW2+h4voJ07GFssqGbvHsw\/RO3nWYQnBsTjqXwCpU4UZQVVBUqDEQTRp0hfskJEpD6MqpJ0TSpRL1v60iP3Kd68G6vrVFxoRP\/x2XNIJEI25g9Z4wDlrmAF3bFDMG6GSl7WosbQ4PELsw6vQ3ILMXgB7HmYX2ZhMa9BYEEVAMFMZOqsr2iQ4T+EQpRmcVELoE\/4DhdkD50MSEVtREGaQL7xi1mUgV2g4OKM7pq+9lZ3\/ChNeKVUYSGwdMK3cd\/zEgVIDl0bSvAZwxuXLaWllKGEavyTc6xVzfwD6MzKeaLqsh8Exi+JMfS4w0bnhHBYqK9dda3dsr14IAavQvuRDGEsKFjjcHDczykw27iTrt8uvYi3S3p1vUQcBhAZml44pW6Zju2INRQdYkeufqSkFyTfVFC80dHVdViUDafII4rDdyu2xAKKon558spCXHxhua8k+U6giQcVCQpMtxxIDQEgaVxcKP7NPNKPGXcwrk+o1YZCPTG2ilcc0LKVXu2Jf\/Pq7u7Gi8EEcK\/vb1m8ByohvmzbThC\/21JwKr+\/VYYw8XdHo+l0Okw+OWCQR\/vDTI9wlF4EPdgU9GhLhQRVC\/e3\/p3WeG9r70dZ3h0lm+4kX8ZlXX168QluWyROxcumr97micqM12NVMBcmULeIlQ1XMxtTzN1v7T4uXtn2jLLhwlKuKL9azZ7\/iJ6P7\/4TcSey8RuhXBNt298+xUU6JBl2AePGJcl+9BjSMfCqPO01QuwjygFpO5BMR62y+aayv\/DkmiCOAVtXEVS2GNEQ9nrABSs3NUoRWOZ\/Tu7v3L5968YvSTO5N55gNbp\/4wpkvgzWve8+5DP0XKnKcg8TsN3ltQgFh+Q3RCrJ+9vbVSG+GH\/VAnxvwrSlVJkBofCQnlVdjSNGN2\/dHKXxgIHvDxjggAEOGNjVAYM\/7ty8PSxDU39vjn64I8s8\/h8=\" \/> \t\t<a href=\"https:\/\/www.pdf24.org\" target=\"_blank\" title=\"www.pdf24.org\" rel=\"nofollow\"><img src=\"https:\/\/www.hohenlohe-ungefiltert.de\/wp-content\/plugins\/pdf24-post-to-pdf\/img\/pdf_32x32.png\" alt=\"\" border=\"0\" height=\"32\" \/><\/a> \t\t<span class=\"pdf24Plugin-cp-space\">&nbsp;&nbsp;<\/span> \t\t<span class=\"pdf24Plugin-cp-text\">Sende Artikel als PDF<\/span> \t\t<span class=\"pdf24Plugin-cp-space\">&nbsp;&nbsp;<\/span> \t\t<input class=\"pdf24Plugin-cp-input\" style=\"margin: 0px;\" type=\"text\" name=\"sendEmailTo\" placeholder=\"Emailadresse\" \/> \t\t<input class=\"pdf24Plugin-cp-submit\" style=\"margin: 0px;\" type=\"submit\" value=\"Senden\" \/> \t<\/form> <\/div>","protected":false},"excerpt":{"rendered":"<p>Der Kurzgeschichtenpreis des Autorenverbands Franken (AVF) hat einen neuen Namen bekommen. Er hei\u00dft jetzt &#8222;Fr\u00e4nkischer Kurzgeschichten-Preis&#8220;. Den &#8222;Schaeff-Scheefen-Preis&#8220;, benannt nach dem AVF-Gr\u00fcndungsvorsitzenden Georg Harro Schaeff-Scheefen, gibt es nicht mehr. Informationen von der Internetseite des Autorenverbands Franken (AVF) Zu distanzlose und unkritische Haltung gegen\u00fcber dem Nationalsozialismus Bei der letztj\u00e4hrigen Verleihung des Schaeff-Scheefen-Preises (Anmerkung: 2021) f\u00fcr fr\u00e4nkische [&hellip;]<\/p>\n","protected":false},"author":1,"featured_media":0,"comment_status":"open","ping_status":"open","sticky":false,"template":"","format":"standard","meta":[],"categories":[1],"tags":[],"_links":{"self":[{"href":"https:\/\/www.hohenlohe-ungefiltert.de\/index.php?rest_route=\/wp\/v2\/posts\/30769"}],"collection":[{"href":"https:\/\/www.hohenlohe-ungefiltert.de\/index.php?rest_route=\/wp\/v2\/posts"}],"about":[{"href":"https:\/\/www.hohenlohe-ungefiltert.de\/index.php?rest_route=\/wp\/v2\/types\/post"}],"author":[{"embeddable":true,"href":"https:\/\/www.hohenlohe-ungefiltert.de\/index.php?rest_route=\/wp\/v2\/users\/1"}],"replies":[{"embeddable":true,"href":"https:\/\/www.hohenlohe-ungefiltert.de\/index.php?rest_route=%2Fwp%2Fv2%2Fcomments&post=30769"}],"version-history":[{"count":17,"href":"https:\/\/www.hohenlohe-ungefiltert.de\/index.php?rest_route=\/wp\/v2\/posts\/30769\/revisions"}],"predecessor-version":[{"id":30803,"href":"https:\/\/www.hohenlohe-ungefiltert.de\/index.php?rest_route=\/wp\/v2\/posts\/30769\/revisions\/30803"}],"wp:attachment":[{"href":"https:\/\/www.hohenlohe-ungefiltert.de\/index.php?rest_route=%2Fwp%2Fv2%2Fmedia&parent=30769"}],"wp:term":[{"taxonomy":"category","embeddable":true,"href":"https:\/\/www.hohenlohe-ungefiltert.de\/index.php?rest_route=%2Fwp%2Fv2%2Fcategories&post=30769"},{"taxonomy":"post_tag","embeddable":true,"href":"https:\/\/www.hohenlohe-ungefiltert.de\/index.php?rest_route=%2Fwp%2Fv2%2Ftags&post=30769"}],"curies":[{"name":"wp","href":"https:\/\/api.w.org\/{rel}","templated":true}]}}