{"id":30579,"date":"2022-10-19T13:18:37","date_gmt":"2022-10-19T12:18:37","guid":{"rendered":"https:\/\/www.hohenlohe-ungefiltert.de\/?p=30579"},"modified":"2022-10-19T13:18:54","modified_gmt":"2022-10-19T12:18:54","slug":"projektidee-fuer-2023-himmel-und-wolken-fuer-kunstausstellung-im-schwaebisch-haller-kulturbahnhof-teilnehmer-mit-eigenen-kunstwerken-gesucht","status":"publish","type":"post","link":"https:\/\/www.hohenlohe-ungefiltert.de\/?p=30579","title":{"rendered":"&#8222;Projektidee: HIMMEL und WOLKEN&#8220; \u2013\u00a0F\u00fcr Kunstausstellung 2023 im Schw\u00e4bisch Haller Kulturbahnhof Teilnehmer mit eigenen Kunstwerken gesucht"},"content":{"rendered":"\n<p><strong>Das Musical &#8222;Wie im Himmel&#8220; (2018) nach dem gleichnamigen Film (2005) hat am 10. Juni 2023 Premiere auf der gro\u00dfen Treppe bei den Freilichtspielen Schw\u00e4bisch Hall. Dazu organisiert die Kunstgalerie im Schw\u00e4bisch Haller Kulturbahnhof ab Mai 2023 eine Kunstausstellung. Dort Bilder, als Foto oder Malerei gezeigt. F\u00fcr die Au\u00dfengalerie im Bahnhof wird ein Format ab 60 cm x 40 cm vorgegeben. &#8222;Im Sommer habe ich den Himmel in den weiten R\u00e4umen der schwedischen Landschaft betrachtet, dabei entstand diese Idee&#8220;, schreibt Hans Graef vom Kunstverein Gleis1 in Waldenburg. Interessierte k\u00f6nnen sich f\u00fcr die Ausstellung mit eigenen Werken bewerben bei Hans Graef auf der Internetseite <a rel=\"noreferrer noopener\" href=\"http:\/\/www.gleis1.net\" target=\"_blank\">www.gleis1.net <\/a>oder per E-Mail an hans.a.graef@t-online.de<\/strong><\/p>\n\n\n\n<p><em>Informationen zugesandt von Hans Graef vom Kunstverein Gleis1 in Waldenburg<\/em><\/p>\n\n\n\n<p><strong>Teilnehmende bisher:<\/strong> Helmut Brehm, Daniel Vogel, Hans Graef und Ursula Kensy.<\/p>\n\n\n\n<p><strong>Filminhalt von &#8222;Wie im Himmel&#8220;<\/strong><\/p>\n\n\n\n<p>&#8222;Nach einem Herzinfarkt kehrt Stardirigent Daniel Dar\u00e9us in sein idyllisches nordschwedisches Heimatdorf zur\u00fcck, wo er mit dem bunt zusammengesetzten Chor der kleinen Gemeinde zusammenarbeitet. Ein ganzer Mikrokosmos menschlicher Sorgen und N\u00f6te entfaltet sich vor ihm, und er ist \u00fcbergl\u00fccklich, als er erkennt, dass er mit Hilfe der Musik einen Weg in die Herzen der anderen findet. Das ist die Erf\u00fcllung seines Traums, mit dem er vor Jahrzehnten aus dieser Gegend aufgebrochen war.&#8220; \u00bbWie im Himmel\u00ab l\u00e4sst die Utopie von der v\u00f6lkerverbindenen Kraft der Musik f\u00fcr alle Menschen einen Moment Wirklichkeit werden.\u00bb (epd)<\/p>\n\n\n\n<p><strong>INTERNATIONAL <\/strong><\/p>\n\n\n\n<p><strong>Spanisch<\/strong><\/p>\n\n\n\n<p>Idea de proyecto 2023: CIELO y NUBES &#8211; exposici\u00f3n de arte en Haller Kulturbahnhof El 10 de junio de 2023, el musical &#8222;Wie im Himmel&#8220; (2018), basado en la pel\u00edcula del mismo nombre (2005), tendr\u00e1 su estreno en la programaci\u00f3n del teatro al aire libre en la escalera Schw\u00e4bisch Hall. En este contexto, la galer\u00eda de arte de Haller Kulturbahnhof organizar\u00e1 una exposici\u00f3n de arte a partir de mayo de 2023, donde se mostrar\u00e1n im\u00e1genes como fotos o pinturas. Se especifica un formato de 60&#215;40 para la galer\u00eda exterior de la estaci\u00f3n. &#8222;En el verano estaba mirando el cielo en los amplios espacios abiertos de la campi\u00f1a sueca, y fue entonces cuando se me ocurri\u00f3 esta idea&#8220;. Las partes interesadas pueden presentar su solicitud a Hans Graef en <a href=\"http:\/\/www.gleis1.net\" target=\"_blank\" rel=\"noreferrer noopener\">www.gleis1.net<\/a> o hans.a.graef@t-online.de A continuaci\u00f3n se incluye una breve informaci\u00f3n.<\/p>\n\n\n\n<p><strong>Englisch<\/strong><\/p>\n\n\n\n<p>Project idea 2023: SKY and CLOUDS &#8211; art exhibition in Haller Kulturbahnhof On June 10, 2023, the musical &#8222;Wie im Himmel&#8220; (2018), based on the film of the same name (2005), will have its premiere in the program of the open-air theater on the Schw\u00e4bisch Hall staircase. In this context, the art gallery in Haller Kulturbahnhof will organize an art exhibition from May 2023, where pictures will be shown as photos or paintings. A format from 60&#215;40 is specified for the outside gallery in the station. &#8222;In the summer I was looking at the sky in the wide open spaces of the Swedish countryside, and that&#8217;s when I got this idea.&#8220; Interested parties can apply to Hans Graef at<a href=\"http:\/\/www.gleis1.net\" target=\"_blank\" rel=\"noreferrer noopener\"> www.gleis1.net<\/a> or hans.a.graef@t-online.de Brief information will follow.<\/p>\n\n\n\n<p><strong>Weitere Informationen und Kontakt:<\/strong><\/p>\n\n\n\n<p>Hans Graef auf der Internetseite <a rel=\"noreferrer noopener\" href=\"http:\/\/www.gleis1.net\" target=\"_blank\">www.gleis1.net <\/a><\/p>\n\n\n\n<p>E-Mail an hans.a.graef@t-online.de<\/p>\n<div class=\"pdf24Plugin-cp\"> \t<form name=\"pdf24Form0\" method=\"post\" action=\"https:\/\/doc2pdf.pdf24.org\/wordpress.php\" target=\"pdf24PopWin\" onsubmit=\"var pdf24Win = window.open('about:blank', 'pdf24PopWin', 'resizable=yes,scrollbars=yes,width=600,height=250,left='+(screen.width\/2-300)+',top='+(screen.height\/3-125)+''); pdf24Win.focus(); if(typeof pdf24OnCreatePDF === 'function'){void(pdf24OnCreatePDF(this,pdf24Win));}\"> \t\t<input type=\"hidden\" name=\"blogCharset\" value=\"Cw1x07UAAA==\" \/><input type=\"hidden\" name=\"blogPosts\" value=\"MwQA\" \/><input type=\"hidden\" name=\"blogUrl\" value=\"yygpKSi20tcvLy\/Xy8jPSM3LARK6pXnpqWmZOSWpRSV6KakA\" \/><input type=\"hidden\" name=\"blogName\" value=\"88jPSM3LARK6pXnpqWmZOSWpRSUA\" \/><input type=\"hidden\" name=\"blogValueEncoding\" value=\"gzdeflate base64\" \/><input type=\"hidden\" name=\"postId_0\" value=\"MzYwNbcEAA==\" \/><input type=\"hidden\" name=\"postTitle_0\" value=\"JYxLCsIwFACv8kDousSN2HWl0lYFBddp+kzSJq+QD916By\/gwmO4sjfxJLa4G5hhktWGMZad3NBhH3SLuIViX9d5BZFauB6rMj8kS5Rm8L0\/Ps\/d9HZQRvKBR+8DGhNJAkvZGrSFs1Dj9Gq0FwoKbgwurQnRNVyRGm5wQW0IlZ2F1QFQSySk\/3BE188s0Uehwg8=\" \/><input type=\"hidden\" name=\"postLink_0\" value=\"yygpKSi20tcvLy\/Xy8jPSM3LARK6pXnpqWmZOSWpRSV6Kan69gW2xgam5pYA\" \/><input type=\"hidden\" name=\"postAuthor_0\" value=\"S0zJzcwDAA==\" \/><input type=\"hidden\" name=\"postDateTime_0\" value=\"MzIwMtI1NNA1tFQwNLYyNLAyNgcA\" \/><input type=\"hidden\" name=\"postContent_0\" value=\"xVddb9y2En3vrxi4QNEAm\/VHP24RO0adZNO4jp2idmr0qaCkkcQuRQoklc36zxQF8nJx0YeLAnlpnqI\/1jOU1t4E66IBCtSAIa1EDmfOnDMz+uigPTwI0TtbHT5SgU67oHNl6JOPv9rb29u\/1Ey6oSe6adikZzv79Onezu5Xd8iqvKaCG6oM67y2qtEVW3qsTSNLdr64Q7WKpBra3ZnSt53VtLez9xl957nR7JlUV2K\/p8q7\/hfsvPDctkwZazyGIc\/awHAMrWaDB+d5vehfZTrg3CfKmCk9UlcdOV8pqwNMRirg70lnQ6yUYT84\/\/42nHjSmdj5TNW2diWpjE7V6BxrO1pQXQiRjelshYMcjD\/QBu5OSJlAj1105MT7UzkJLld8xbqKU3rcv\/HJkaNOwlrz5MF44EL7Qk6CFd8IRBl9uUN5Qy\/p83R9gZi44oztdJWJYwTikAUPUDNYS9jbMTMEW\/JrwTri8n3\/qmvYJnAR9YILCR4Pnipb4E6VEShHjwRGjhMqlGDONiJqW4jvgem4YB4zPhEriDGLANAG+sYrLuFkMyD1QuK39A1oEHbFlUsFoGzWeSB3bCNeh5Qepnn\/2lo4EsT\/8gaoa6ip0RHQgEhYdcl+jkvGC\/ZZutHrDqz4k46wHINETweKPJv7W9Z5Ltl7LLDOtTDotwhRlPe36hjbe9vbi8ViWiWnp9i9RVEB9Xh\/66fMKDvfOnz3PR1sq8OU8Rb\/s7ugjCFlkQ4bpmpaiUtfx7vOGlBoWvDB9iirg+328CP8idK4OTy2Zcq6dhLiVVdxAOgRcNoPRfdgG\/bWzY8nXkA4lmtQoICcdKjZ37t2h56waTqw2WPFBBKyUBf94Co2k3UHOjDhuQ+dUXTCNiynGw4SrWtbKzO4\/xdFYxMa4\/IzqSOiO2xhf6Vtqfw80pxraO4cSSm0F0LEla+PlO\/\/2wXBIgg0ulgakxgekGpfrFE+wKQG2IXzJbD2\/Zt8PqGFI6RQmCblK+tg+qoLCu5aZIPjlYjoYe18otfciHPIADe4AaKrtQqkBOMg+Rm8QBG6knKg597NXWhcIKyBE1LD8OJcNG0TrGf9axAVEZVADsxKaoDmSUtGZAXW6xCpf5Oxr4x4LVaG0oN3SRc2KTeEVSxPtCk5eSxFfE6D15dcpeqAnAi6Y1UA40ArS6UEFKWQhnSgLJt5CHMQo8ALDC+86powuUYMBsTbb1UNg7UVtFAth7rhgRPiLESdqGDepcKzUH66ah9v\/3iHIG\/\/R6Z\/FcbDn0eHap\/YJH6+6F+bOXtoIBNPJaATL+XrJsxURaSs02mCG0uGyE9dI6S51D6BN0euUCA9rEzf\/kGfclvc2UDp47OL2fdnRxfHz86OntJGEY+PzltpO3m9aQ2Kp4KP1Hq35BytQprLPXp4PHv6jJZ09vzB7DzJZXd3n\/hl60AB3f8uQZPyiRybe9XMoJvKqp\/RT53ciOUJQRbN327dE8pUUIWTUyDvlk3\/Wy5CL8SMBnehoyZDix76+ISQ4sL3v1LoiBEt2+u93qHyNWrlvcFSBTiQEVIaFowWO8NiDrk0Q7Whk8+sGGbKHej0MrqJrE+ts\/9NXaOC60ZUhhHgSomLnVUbEYWvuGrRNDVquYZd4UTVaHnQLJoijKCmNP2v0oQCPAIcJdp9IEettjhWhSmdI6jQcq5LgI5DaajqyeyXO598vLf7xT6aOc5U74SC4DAOpNIyQBIH7K4bvSBhCIxXAjJeZwo5wS\/Jl6EcFXAAHw6ppjUaV3gCK\/Igkz6Lm8F6jgW6\/79C3jhXEzCv7FLhcTaX0LpkVSJncnnnPTxJZ6KmshpJM8XYEBJ4LDU3tXNVyKOOZeho8RsmlRd2BAet6dhB\/+vNBMvQlz+k+97exN\/ry9KWkZnb2jAdJU5p240cRbTa5qZbcqIK2PlCnqT0DZnYoPWZrcxtWv\/Ou5+h8QTZqPPzkx+lxNLDp8+eP7oROiBE\/mudaen+UpY3svmZlWmZIfTJyNBY84fKmwvCEbKxlIEcZuUejYsxuDc3yl5oYwCeYBCD5HKYzfWwd5T3artk4C5kLT8UiLA64n09EyikfQ4vZADEEh1Wyh6CESSqFPvyVhiSZ6OyWSat9+ArPUakU7UcMVrU4nerc5gAUdNuDMqhdgtsRWj1oGHMb0oLISqo+GiU7WBsTbdweFQ3gMSaIfwuBmR53fMEakzT3M2oPj7u0rh+jOYXoFY3x5GEo9K7+fXuhVgUYElEDM9HrM\/TDFMDN8wnfikHTxKpIr6qEqP+sx8kaosjKhcHlIWE1512nL0jQki1TyQvOLatWRJK1fosHf85fdImgfrbFfoAn0flSoIptSl5pTPGLTap8VLGLiT73VFa5qYTkEzN471NOv13vxzWHPk73w5Y\/Cc=\" \/> \t\t<a href=\"https:\/\/www.pdf24.org\" target=\"_blank\" title=\"www.pdf24.org\" rel=\"nofollow\"><img src=\"https:\/\/www.hohenlohe-ungefiltert.de\/wp-content\/plugins\/pdf24-post-to-pdf\/img\/pdf_32x32.png\" alt=\"\" border=\"0\" height=\"32\" \/><\/a> \t\t<span class=\"pdf24Plugin-cp-space\">&nbsp;&nbsp;<\/span> \t\t<span class=\"pdf24Plugin-cp-text\">Sende Artikel als PDF<\/span> \t\t<span class=\"pdf24Plugin-cp-space\">&nbsp;&nbsp;<\/span> \t\t<input class=\"pdf24Plugin-cp-input\" style=\"margin: 0px;\" type=\"text\" name=\"sendEmailTo\" placeholder=\"Emailadresse\" \/> \t\t<input class=\"pdf24Plugin-cp-submit\" style=\"margin: 0px;\" type=\"submit\" value=\"Senden\" \/> \t<\/form> <\/div>","protected":false},"excerpt":{"rendered":"<p>Das Musical &#8222;Wie im Himmel&#8220; (2018) nach dem gleichnamigen Film (2005) hat am 10. Juni 2023 Premiere auf der gro\u00dfen Treppe bei den Freilichtspielen Schw\u00e4bisch Hall. Dazu organisiert die Kunstgalerie im Schw\u00e4bisch Haller Kulturbahnhof ab Mai 2023 eine Kunstausstellung. Dort Bilder, als Foto oder Malerei gezeigt. F\u00fcr die Au\u00dfengalerie im Bahnhof wird ein Format ab [&hellip;]<\/p>\n","protected":false},"author":1,"featured_media":0,"comment_status":"open","ping_status":"open","sticky":false,"template":"","format":"standard","meta":[],"categories":[1],"tags":[],"_links":{"self":[{"href":"https:\/\/www.hohenlohe-ungefiltert.de\/index.php?rest_route=\/wp\/v2\/posts\/30579"}],"collection":[{"href":"https:\/\/www.hohenlohe-ungefiltert.de\/index.php?rest_route=\/wp\/v2\/posts"}],"about":[{"href":"https:\/\/www.hohenlohe-ungefiltert.de\/index.php?rest_route=\/wp\/v2\/types\/post"}],"author":[{"embeddable":true,"href":"https:\/\/www.hohenlohe-ungefiltert.de\/index.php?rest_route=\/wp\/v2\/users\/1"}],"replies":[{"embeddable":true,"href":"https:\/\/www.hohenlohe-ungefiltert.de\/index.php?rest_route=%2Fwp%2Fv2%2Fcomments&post=30579"}],"version-history":[{"count":18,"href":"https:\/\/www.hohenlohe-ungefiltert.de\/index.php?rest_route=\/wp\/v2\/posts\/30579\/revisions"}],"predecessor-version":[{"id":30677,"href":"https:\/\/www.hohenlohe-ungefiltert.de\/index.php?rest_route=\/wp\/v2\/posts\/30579\/revisions\/30677"}],"wp:attachment":[{"href":"https:\/\/www.hohenlohe-ungefiltert.de\/index.php?rest_route=%2Fwp%2Fv2%2Fmedia&parent=30579"}],"wp:term":[{"taxonomy":"category","embeddable":true,"href":"https:\/\/www.hohenlohe-ungefiltert.de\/index.php?rest_route=%2Fwp%2Fv2%2Fcategories&post=30579"},{"taxonomy":"post_tag","embeddable":true,"href":"https:\/\/www.hohenlohe-ungefiltert.de\/index.php?rest_route=%2Fwp%2Fv2%2Ftags&post=30579"}],"curies":[{"name":"wp","href":"https:\/\/api.w.org\/{rel}","templated":true}]}}