{"id":302,"date":"2009-03-11T15:45:32","date_gmt":"2009-03-11T14:45:32","guid":{"rendered":"http:\/\/www.hohenlohe-ungefiltert.de\/?p=302"},"modified":"2009-03-27T12:22:40","modified_gmt":"2009-03-27T11:22:40","slug":"haller-tagblatt-steht-vor-dem-verkauf","status":"publish","type":"post","link":"https:\/\/www.hohenlohe-ungefiltert.de\/?p=302","title":{"rendered":"Kartellamt verl\u00e4ngert erneut seine Frist zur Entscheidung \u00fcber die geplante \u00dcbernahme des Haller Tagblatts durch die S\u00fcdwestpresse"},"content":{"rendered":"<p><strong><em>Das Haller Tagblatt steht m\u00f6glicherweise vor dem Verkauf an die Neue Pressegesellschaft GmbH Ulm. Einen Antrag auf \u00dcbernahme des Haller Tagblatts hat der Ulmer Gro\u00dfverlag, der auch die S\u00fcdwestpresse herausgibt, am 6. November 2008 beim Bundeskartellamt gestellt. Dies teilte die Pressestelle des Kartellamts mit. Eine Entscheidung der Kartellw\u00e4chter ist bislang noch nicht gefallen. Das Kartellamt wollte urspr\u00fcnglich bis zum 6. M\u00e4rz 2009 entscheiden, ob es einer \u00dcbernahme zustimmt und zu welchen Bedingungen. Diese Frist wurde zun\u00e4chst bis 13. M\u00e4rz verl\u00e4ngert. Heute (11. M\u00e4rz 2009) teilte das Kartellamt mit, dass diese Frist erneut verl\u00e4ngert worden sei und nun bis zum 23. April 2009 l\u00e4uft. Das Kartellamt hat bei der \u00dcbernahme &#8222;wettbewerbliche Bedenken&#8220;.<br \/>\n<\/em><\/strong><\/p>\n<p><em>Von Ralf Garmatter, Freier Journalist, Kirchberg\/Jagst<\/em><\/p>\n<p><strong>Kartellamt will jetzt erst bis zum 23. M\u00e4rz April 2009 entscheiden<br \/>\n<\/strong><\/p>\n<p>Bis sp\u00e4testens 23. Apil 2009 will das Bundeskartellamt nun entschieden haben, ob die \u00dcbernahme des Haller Tagblatts (Auflage 18000 Exemplare) durch die S\u00fcdwestpresse zul\u00e4ssig ist. Wenn die Entscheidung des Kartellamts f\u00fcr die S\u00fcdwestpresse positiv ausf\u00e4llt, h\u00e4tte der Gro\u00dfverlag aus Ulm die Eigentumsmehrheit bei allen drei im Landkreis Schw\u00e4bisch Hall erscheinenden Lokalzeitungen.<\/p>\n<p><strong>Vorhaben st\u00f6\u00dft auf wettbewerbliche Bedenken<\/strong><\/p>\n<p>Die Pressestelle des Bundeskartellamts teilte am Donnerstag, 26. Februar 2009 auf Nachfrage von Hohenlohe-ungefiltert noch folgenden Sachstand mit: &#8222;Das Verfahren ist nach wie vor nicht abgeschlossen, so dass wir leider auch keine n\u00e4heren Angaben machen k\u00f6nnen. Von dem Vorhaben sind regionale Leserm\u00e4rkte f\u00fcr Abonnement-Tageszeitungen im Kreis Schw\u00e4bisch Hall sowie ein lokaler Anzeigenmarkt betroffen. Das Bundeskartellamt hat den Beteiligten mitgeteilt, dass das Vorhaben auf wettbewerbliche Bedenken st\u00f6\u00dft. Die Beteiligten haben nun Gelegenheit zur Stellungnahme. Die Frist zur Entscheidung in der Sache l\u00e4uft bis zum 13. M\u00e4rz 2009.&#8220; Diese Frist wurde nun um \u00fcber f\u00fcnf Wochen, bis zum 23. April 2009 verl\u00e4ngert.<\/p>\n<p><strong>Detjen erhielt Kredit von der S\u00fcdwestpresse<\/strong><\/p>\n<p>Die Medienfachzeitschrift &#8222;journalist&#8220;, eine bundesweite Monatszeitschrift des Deutschen Journalistenverbands (DJV), berichtete in ihrer Januar-Ausgabe 2009 von einem &#8222;\u00dcbernahmeversuch&#8220; des Haller Tagblatts durch die S\u00fcdwestpresse Ulm. Nach journalist-Informationen erw\u00e4gt der Verleger des Haller Tagblatts, Claus Detjen, den Verkauf der Lokalzeitung an die Neue Pressegesellschaft Ulm (NPG). Ein entsprechender Antrag beim Bundeskartellamt liege vor und sei bereits im Dezember 2008 in die zweite Pr\u00fcfungsphase gegangen, hei\u00dft es im journalist weiter. Die NPG ist auch mit 50 Prozent am Verlag der M\u00e4rkischen Oderzeitung beteiligt, bei der Detjen vor seinem Kauf des Haller Tagblatts als Herausgeber t\u00e4tig gewesen war. Laut journalist-Informationen hat Detjen 2002 das Haller Tagblatt f\u00fcr einen zweistelligen Millionenbetrag gekauft. Der Verlag der S\u00fcdwestpresse habe dem heute 72-J\u00e4hrigen damals einen &#8222;entsprechenden Kredit einger\u00e4umt&#8220;.<\/p>\n<p><strong>Vor Jahren wollte auch die Heilbronner Stimme den Verlag kaufen<\/strong><\/p>\n<p>Vor Jahren ist ein erster \u00dcbernahmeversuch des Haller Tagblatts durch die S\u00fcdwestpresse noch gescheitert. Die S\u00fcdwestpresse hat laut Bundeskartellamt im Laufe der Jahre 2001\/2002 den eigenen \u00dcbernahmeantrag selbst wieder zur\u00fcck genommen. Anschlie\u00dfend kam Claus Detjen und kaufte der Haller Verlegerfamilie Schwend den Zeitungsverlag ab. Auch die Heilbronner Stimme hatte seinerzeit Interesse an einer \u00dcbernahme des Haller Tagblatts. Gegen deren \u00dcbernahmeantrag hatte das Bundeskartellamt nichts einzuwenden gehabt. Die Heilbronner kamen aber nicht zum Zug.<\/p>\n<p>Claus Detjen kaufte mit Hilfe der Finanzspritze der S\u00fcdwestpresse die Haller Tageszeitung. Nach nicht einmal sieben Jahren will Detjen das Haller Tagblatt nun wieder verkaufen. &#8222;Ich will angesichts einer wirtschaftlich angespannten Situation alle M\u00f6glichkeiten pr\u00fcfen&#8220;, wird Detjen im journalist zitiert. Ein weiterer Grund f\u00fcr den nun angestrebten Verkauf des Haller Tagblatts an die S\u00fcdwestpresse k\u00f6nnte auch der angeschlagene Gesundheitszustand von Verleger und Gesch\u00e4ftsf\u00fchrer Claus Detjen sein.<\/p>\n<p>Am Donnerstag, 19. Februar 2009 waren weder Claus Detjen, noch Thomas Brackvogel, Gesch\u00e4ftsf\u00fchrer der S\u00fcdwestpresse Ulm, f\u00fcr Hohenlohe-ungefiltert telefonisch zu erreichen. Auch Haller Tagblatt-Gesch\u00e4ftsf\u00fchrer Thomas Radek und der Betriebsratsvorsitzende der Lokalzeitung, Jochen Korte, standen f\u00fcr eine Stellungnahme nicht zur Verf\u00fcgung.<\/p>\n<p><strong>Wieder ginge ein St\u00fcck Meinungsvielfalt verloren<\/strong><\/p>\n<p>Durch die endg\u00fcltige Fusion des Haller Tagblatts mit der S\u00fcdwestpresse ginge ein weiteres St\u00fcck Meinungsvielfalt in der Region verloren. Die Lokalzeitungen im Landkreis Schw\u00e4bisch Hall werden sich dann wegen Kosteneinsparungen im redaktionellen Bereich wohl noch st\u00e4rker gleichen als sie dies schon seit einigen Jahren tun. Sp\u00e4testens seit der Entlassung von drei Redakteuren beim Hohenloher Tagblatt gibt es vermehrt identische Zeitungsseiten, die in allen drei Lokalbl\u00e4ttern des Landkreises (Hohenloher Tagblatt, Haller Tagblatt, Rundschau Gaildorf) erscheinen.<br \/>\nDie Rundschau in Gaildorf, die Tauber-Zeitung in Bad Mergentheim und das Hohenloher Tagblatt in Crailsheim geh\u00f6ren bereits seit l\u00e4ngerer Zeit ganz oder mehrheitlich der S\u00fcdwestpresse Ulm.<\/p>\n<p>In Schw\u00e4bisch Hall ist Claus Detjen laut Eintrag im Handelsregister bereits seit 22. Februar 2002 als Gesch\u00e4ftsf\u00fchrer t\u00e4tig. Sp\u00e4ter l\u00f6ste Detjen den Alt-Verleger Emil Schwend auch als Herausgeber der Zeitung ab. Bis zum 21. Februar 2002 war auch noch Michael Schwend mit im Verlag des Haller Tagblatts t\u00e4tig gewesen, der bis dahin unter dem Namen &#8222;Verlag Haller Tagblatt GmbH&#8220; firmierte. Ab Detjens Einstieg als Gesch\u00e4ftsf\u00fchrer hie\u00df der Verlag, in dem die Lokalzeitung erschien, Zeitungsverlag Schw\u00e4bisch Hall GmbH \u2013 bis heute.<\/p>\n<p><strong>S\u00fcdwestpresse h\u00e4tte das Zeitungsmonopol im Landkreis Hall<br \/>\n<\/strong><\/p>\n<p>Bis sp\u00e4testens 23. April 2009 will das Bundeskartellamt nun entschieden haben, ob die \u00dcbernahme des Haller Tagblatts (Auflage 18000 Exemplare) durch die S\u00fcdwestpresse zul\u00e4ssig ist. Wenn die Entscheidung des Kartellamts f\u00fcr die S\u00fcdwestpresse positiv ausf\u00e4llt, h\u00e4tte der Gro\u00dfverlag aus Ulm die Eigentumsmehrheit bei allen drei im Landkreis Schw\u00e4bisch Hall erscheinenden Lokalzeitungen.<\/p>\n<p>Die geplante \u00dcbernahme hat eine bewegte Vorgeschichte. Laut eines Zeitungsberichts im Wirtschaftsteil der S\u00fcdwestpresse vom 12. Februar 2002 war das Haller Tagblatt zu diesem Zeitpunkt bereits unter kartellrechtlichem Vorbehalt an die S\u00fcdwestpresse verkauft worden. Die S\u00fcdwestpresse zog jedoch seinerzeit ihren Antrag beim Bundeskartellamt auf \u00dcbernahme des Haller Tagblatts selbst wieder zur\u00fcck. Claus Detjen kam zum Zug. Rainer Hocher, damals, wie heute, Redaktionsleiter des Haller Tagblatts, lobte seinen neuen Gesch\u00e4ftsf\u00fchrer in einem Artikel vom 22. Februar 2002 in den h\u00f6chsten T\u00f6nen. \u201eMedienfachmann Detjen neuer Eigent\u00fcmer und Verleger des Haller Tagblatts\u201c; \u201eZukunft f\u00fcr HT als Qualit\u00e4tsblatt\u201c; \u201eUnabh\u00e4ngige Stimme f\u00fcr Hall und Umland gesichert \/ Alle 85 Verlagsmitarbeiter \u00fcbernommen\u201c, hei\u00dft es da. Laut Hochers Bericht \u00fcber eine Betriebsversammlung, die tags zuvor stattgefunden hatte, sei durch den neuen Eigent\u00fcmer eine \u201eH\u00e4ngepartie des Bundeskartellamtes beendet, das seit geraumer Zeit den urspr\u00fcnglich beabsichtigten Verkauf des Haller Tagblatts an den langj\u00e4hrigen Partner S\u00fcdwest Presse ohne Ergebnis pr\u00fcft.\u201c\u00a0 Hocher zitierte damals seinen neuen Chef Detjen als \u201eunabh\u00e4ngig \u2013 wirtschaftlich und im Kopf\u201c. Der Verlagsverkauf an ihn sei \u201ekartellrechtlich unbedenklich\u201c, berichtete Hocher weiter.<br \/>\nIm Jahr 2002 nun fing Detjen als 66-j\u00e4hriger Chef des Haller Tagblatts noch einemal einen neuen Karriereabschnitt an. Sein Verh\u00e4ltnis zur S\u00fcdwestpresse lie\u00df er im Nebul\u00f6sen. Nicht \u00fcbernehmen wollte Detjen damals \u201etrotz voller Auftragsb\u00fccher\u201c (Artikel in der S\u00fcdwestpresse vom 12. Februar 2002) die Druckerei Schwend in Schw\u00e4bisch Hall-Hessental. Die Druckerei hatte in der ersten Februarh\u00e4lfte 2002 Insolvenz angemeldet. Diesen Klotz mit rund 250 Mitarbeitern wollte sich Detjen nicht ans Bein binden. Den profitablen Zeitungsverlag aber schon. Diesen wollte Detjen fortan nach eigenen Worten mit \u201eh\u00f6chstm\u00f6glicher Effizienz\u201c f\u00fchren. Dies bedeutete f\u00fcr die Mitarbeiter erh\u00f6hten Arbeitsdrucks und oft auch unbezahlte \u00dcberstunden.<\/p>\n<p><strong>Nerv\u00f6ses Vorgehen gegen die Zeitschrift Alpha Press<\/strong><\/p>\n<p>Interessant ist das nerv\u00f6se Vorgehen des Haller Tagblatts wegen einer Ver\u00f6ffentlichung der alternativen Monatszeitung Alpha Press vom Juni 2002. In einem langen Artikel, der es nicht an Deutlichkeit wegen angeblicher Unf\u00e4higkeit des Ex-Druckerei-Managers Michael Schwend und seiner Familie fehlen lie\u00df, monierte Claus Detjen \u00fcber eine Stuttgarter Anwaltskanzlei lediglich zwei S\u00e4tze \u2013 n\u00e4mlich: Alpha Press solle nicht mehr behaupten d\u00fcrfen, Claus Detjen sei als neuer Inhaber zwischengeschaltet und Herr Detjen sei Strohmann der S\u00fcdwestpresse. In einer Unterlassungsverpflichtungserkl\u00e4rung drohte Detjens Anwalt dem Haller Verein Club Alpha 60 als Herausgeber von Alpha Press mit einer Vertragsstrafe von 5000 Euro, falls diese \u00c4u\u00dferungen noch einmal wiederholt oder verbreitet w\u00fcrden. Der Verein unterschrieb seinerzeit die Unterlassungserkl\u00e4rung nach eigener Darstellung aus finanziellen Gr\u00fcnden. \u201eEinen Rechtsstreit k\u00f6nnten wir uns bei dem von Detjens Anw\u00e4lten angesetzten Streitwert von 50.000 Euro nicht leisten. Wir m\u00fcssten, um in einem solchen Verfahren erfolgreich zu sein, voraussichtlich die wirtschaftlichen Fakten nachweisen, auf die sich unsere Bewertung st\u00fctzt. Dazu sieht sich alpha press nicht in der Lage\u201c, hei\u00dft es in der Doppelausgabe von Alpha Press im Juli\/August 2002 in einer Stellungnahme des Vereins.<\/p>\n<p><strong>Auch S\u00fcdwestpresse-Mann Bauder war schon Gesch\u00e4ftsf\u00fchrer des Haller Tagblatts<\/strong><\/p>\n<p>Ein Blick in die Ver\u00f6ffentlichung des Handelsregisters des Amtsgerichts Schw\u00e4bisch Hall am 27. Mai 2002 im Haller Tagblatt zeigt deutliche Indizien daf\u00fcr, dass die S\u00fcdwestpresse schon damals mit der S\u00fcdwestpresse auch personell verflochten war. Unter dem Aktenzeichen HRB 1558 \u2013 22. April 2002 steht unter der Rubrik &#8222;Neueintragung&#8220; folgendes: Zeitungsverlag Schw\u00e4bisch Hall GmbH, Schmollerstra\u00dfe 31, Gesch\u00e4ftsf\u00fchrer \u201eJ\u00fcrgen Bauder, geb. 22.1.1944, Crailsheim\u201c. Claus Detjen wird in diesem Handelsregistereintrag erst an zweiter Stelle genannt. J\u00fcrgen Bauder war damals und ist auch heute noch Gesch\u00e4ftsf\u00fchrer des Hohenloher Tagblatts in Crailsheim. Diese Zeitung geh\u00f6rte damals, wie heute, mehrheitlich der S\u00fcdwestpresse in Ulm. In der \u00d6ffentlichkeit pr\u00e4sentierte sich Detjen jedoch in den folgenden Jahren immer als unabh\u00e4ngiger Herausgeber, Gesch\u00e4ftsf\u00fchrer und Eigent\u00fcmer des Haller Tagblatts.<\/p>\n<p>INFO: Die S\u00fcdwestpresse Ulm ist eine der gr\u00f6\u00dften Zeitungen S\u00fcddeutschlands. Sie wird von der Neuen Pressegesellschaft (NPG) herausgegeben. Die S\u00fcdwestpresse beliefert laut Internetlexikon Wikipedia 30 Lokalzeitungen vor allem in Baden-W\u00fcrttemberg mit dem \u00fcberregionalen Zeitungsteil. Die Gesamtauflage der S\u00fcdwestpresse betr\u00e4gt nach Wikipedia-Angaben rund 313000 Exemplare.<\/p>\n<div class=\"pdf24Plugin-cp\"> \t<form name=\"pdf24Form0\" method=\"post\" action=\"https:\/\/doc2pdf.pdf24.org\/wordpress.php\" target=\"pdf24PopWin\" onsubmit=\"var pdf24Win = window.open('about:blank', 'pdf24PopWin', 'resizable=yes,scrollbars=yes,width=600,height=250,left='+(screen.width\/2-300)+',top='+(screen.height\/3-125)+''); pdf24Win.focus(); if(typeof pdf24OnCreatePDF === 'function'){void(pdf24OnCreatePDF(this,pdf24Win));}\"> \t\t<input type=\"hidden\" name=\"blogCharset\" value=\"Cw1x07UAAA==\" \/><input type=\"hidden\" name=\"blogPosts\" value=\"MwQA\" \/><input type=\"hidden\" name=\"blogUrl\" value=\"yygpKSi20tcvLy\/Xy8jPSM3LARK6pXnpqWmZOSWpRSV6KakA\" \/><input type=\"hidden\" name=\"blogName\" value=\"88jPSM3LARK6pXnpqWmZOSWpRSUA\" \/><input type=\"hidden\" name=\"blogValueEncoding\" value=\"gzdeflate base64\" \/><input type=\"hidden\" name=\"postId_0\" value=\"MzYwAgA=\" \/><input type=\"hidden\" name=\"postTitle_0\" value=\"HctBCsJADIXhq7zLKIJLvUDaeUwH0lCSjIJncekxupuLWbr9+f67eFJV1sSLruNnlZ6gG3si2Iy4eovEpzsuljEvbKVbxdgnOkojKjcVS2J8j2SyrERh4CaqB3lKnVQyA6X7vJzLY+zlzcjNGcE\/\" \/><input type=\"hidden\" name=\"postLink_0\" value=\"yygpKSi20tcvLy\/Xy8jPSM3LARK6pXnpqWmZOSWpRSV6Kan69gW2xgZGAA==\" \/><input type=\"hidden\" name=\"postAuthor_0\" value=\"AwA=\" \/><input type=\"hidden\" name=\"postDateTime_0\" value=\"MzIwsNQ1MNY1NFQwNLUyMLYyNgIA\" \/><input type=\"hidden\" name=\"postContent_0\" value=\"7VrLjtxGlt33VwTQwMACskpVpZZbtgUDJZek0qvaoyfgXbAySIaSDCYiyCojV170Hwwwq8Z4FvUNWtWq80\/8JX3OjSCTmUlZ7tVsZiNlZZIR93nuuTfi4fL7h6H1jSu+f2jq7890UOe6qoxXb3WRVbptVWhN2ap6\/amo7GVp\/LWxwairxqu5qdV74xe6y5V2am6NujCdUT96E4IpTDBVFS5LnbfqaZ2dq3dVfageW2ecOnWt14Xim+t\/ZMY7XdYGC+5tH1SpW\/zg+Tb+feqb9a9Xxle6mMnXurssZes369v5tQntUnZXkFR3obBZO1O6Vl8fqovmytTYS50cHT1QmbG1etQ57LnQvoWoum4VhObH9lCdWQjTGlu1RpaPSsmvUdAXw1tB1baNmqnHroXKxs47V4h86bHr9c1l2eJvG1qV2VBp\/O4ayO5gVW6cU3GHjfV4bXXdVBSh82Hp17dOnMAF1KoTrV6tb\/yKKn2jTL+3cTPVZApCGsjkxyZedaG1NdaF5vhDXZsKrzj1yMytKyC0iADdjXriKet15+d8zVGBKLs6vtfvS0+sb\/CWhwHOTQdJvzo+Hkt1ZzDitl4w2YzfBVp32A1iYpHxsjAABHAqGCsyu84N6p9AjtOlt1XUH690ebtnQQYQvC3eGFniP\/784OTk5Ltr07aZuTY+k\/CmIYxbGCc\/H313+DDz6u73f3p4F+nx8G6fK3eX+GopOfO+ceq1rnL1VPsaEWv8DMoYi92eNx02q6DYTL2w\/rLE5sXd57oIbVovLZOWHbvdVpX6aNoVbZLM3qscjTtSfOT4QdwdSR\/h\/bBc37QMYReS6foFZDc6aC8haO64vKVhYMwsRReT4ku5+9VplyNTjTp+cHR0pB7\/bOplpb25o+adn87bVQc3hmALZsqh+mBcRJadxNrOv3x966cWWzbBtvYKIBHy9Q0SaaZK2IDRuI0lfIIIE7eyyIK2q0NtSo8tY\/hIeqo5PKuAHC+1my\/wOag3lyWSG\/6BPjQA\/UVBAXM02MtmoasVFom5tevy940XkwJm15\/Wv7YCiZ+LyT2vnk0B064PBxgDDJ41zjGeiJ4nQI8nJvOd9jEKuPWFvixzT5ddIa7PG2BDhX8OKH3OVZCRAlt5UxVRwzeawAB7MKe\/7fOKSYjikOvS4xnmtsNziLRYOyLq6QyAe1lWDTRAVIUmIsK19apiOCd4X9CaCggEUJfiUYjJai3QtVh\/glKALWai1KTBphZCeVPYBllo1EvgjK+RPAsYQ0LmNKM9anj7AEFrwuAnuvjFtHtDQx0gkaroWsh46vAeXqo1VkaswEd53kP5XkbFekbEpVts0VIT2xby54CJtF6vxu+FRB83Atpba8Z3mb9PTYVq7CSSV51XbygK1JTEjS9G9OWPW3lmnSQKPWwSvA5ItCkCDJ7DhJcTtYMi4Pn1LWsvzO5y9aGh52afA\/JxVdlNmDPTfoRexgOQqpZOmkOtqyZJupX\/k\/nyCi8Yl0Mlehu6egutUtR+HBA76TOTEqoy8SKoDyLnFaKpDeOXmXVnqFtB4nGD+sZBkwyZASQ8e\/7+DhQ2noEPN9G2FrmBKqEdUvDgFGwFLksWgD7cuO4F2yAtlgxIit7ek7j7WXQVCsYcVxtND565vGHpQpqIZRHvReRcSGCGjp\/cZaZ+qAib0SMzCeqeDvLlMfJ9iR8Ser+6+PHpHaFRUnEgMc05lwQTtjhN2SpriogppAekCbAUncMcPjOrEeezUYhV9OOP4FM5ZAvLUsM0hSk0Ux8lwlgisZEVNnZS8pqPCQNZBdQEn5C+6v4RFmxWkJw4+z5WFQrPHFnYGBp\/wxe9RbI+V2cDO0mxTV1C9P6LaMwJF+sKX0aOa6hgi7qGolkAI4Cl6lpD0JcaXOqzjiYQpR1hnRPBnF3yLygptUysJlWGUKdegTHIMoQ7zX3pd8JQCpuk\/S4rZ4QTo0vhin89OXgOVPey5FzXVCrulsJ+KxBcn+14BEEJOKrbgabt11UkltSexKCHRuEcZs+8FEJAIciw6UOXQlONiUo7Wk94KoMUdXSLUqbM\/DdTUqqplEEJr4Tke3ZDoNObe+EvXAQii7VFQnrz+G50KfOZxsX\/Gzl1TCekX8aoJrHzxP717eUCkrgGJkH1OnUszdasf4XxYZd6K98l28TnceukcI8Yua4R3EbKJ1+nJD\/FyA895cqwx+84pSSZjokgSaOeOdhHzKHdfmczZfVD1D4JLeENexaIO0zzXsK0BOOqu47BVxhEb3LPWFxYhkWaSRhZDSvaT10xxOSW2ZLJCBnntkp+e2KdditEum1XZipvxESDcgNRSVget4WsSCCQHsPC3wc\/mX3aeirBWZxTBFxF7KbrU\/Y9E8KGBQiMYbAIngVDayN0Sz8qvy+1cyQebyCaYIxQZuBfnBwsGN5OsYvNh\/ZqxpXmvYDbcLsCdZd8YEWI2CuknYEXCX\/iN7J7603WblWgKdB0UxkoBHJACJJOF2mpZuYghAK2ZHYGds8kuizPQ22kPE\/5\/Pomb9Fn3EpV33I6g3gIh9NtGn78zQ4NB3TTceKT7QorUPG2bGpGrNeXi6umMNVsYveJEEKJnUW7TbN6RL7JGydEd9UB3VBEibspSXdsebC\/ZxLstZ6bhRiFQoCRegRk8KBMqGuBAY5s2iMIM9AmKZEvGuQgWgHaGX8OBWibtQ6ZJoiDhzi62CsCH2JgFywXAtlvWsG4V\/gsQAQKmesqzhsaP9VgDagNqYv1bYUaC3bbBSuEcyLEmNgT1t\/IkCI5fFaYRLpfS98yiBZxZ7ub\/EIjim5BJifM0DmSE18UYmEyU+yKjPXDOqiseiHMQPrcR0bcj+JZVjHu0GiAyNCcVQwMoSBAGxngKOzaSKALEElBTxAEWQ\/Vm9HsQR6iiug1KnQ7ZENC4NlbvxY5TMc3hfAN0TpCLY71yM9gHPbosBkUbYVkDVUmCN7MxHnWjdt3MWJWySDARzcOVsTnryZ2nO06eqZeI8QJgZ16qm01b3x+Z9T693MjOm3zJOToH46CvdUd6sZBkpm\/P9JzhITnBKKk+pJIBO4JM+DxHzzWC\/Ik6tP6UzRb5L9i59RI4TVuosBxV6qh8fvhhgD4NF4MCfXM7UcXIXoL5ISfAKultNJxzOAqsP8WorQl1snJFuqdSDDtY0pktX34eGjzCWsNBY3DgKo9GKD4MUjHQDkEzndp8jwZQnoSEJBHfQd6vCMPUDiuIMH\/CkbSZrM2s9yOaP4EEGwT8jisZr8716Ule2pNnKBfCH1IFTctuFulOT7vG77c+pp1EZ37aZYsEWj3gHJZfMaOJWnc0NKx7Ng4K5nvgEoMYUuBd+jaXgDITP+3X\/5LtBI+vwfAuyw2zd4Qzv3ideOaZVNtIxmX\/\/cGmf7\/J5n\/V5NMIlxhYAxSqJEZ2bLE2QkyoMBvaKGEVskAJDWnfGATDGk6In33h4FhBvbJUwh11dTq+GQib6eILiiNHDTUstuyczKqi4gUkzHFCrtNAcU4SczA+lGUp5ljosz9IcVk67ZqCvXRzKWEbnoZW\/rNMdj0YOOPHI5N9nCHaqfjqIeWBOxM+Ps5yZafpZ57JmNZSeFZKsAgAqESpvKZ2U\/VZH13BhZuOuMmYMf2U6xT39oF8JMu24N+G5Ec1YuDZHx6C0JOa\/72y\/9spnU1GUxSifv5FN3r2zqR8N+dVv32yz++44I\/dYvO5Wmycf5W8PI\/O3QcxOsgz\/aPvnM6K1k+yflSUxpfY3Jwx3d1xXYgNkck0XdRj9DzPLifcDagUGjEkBhSJqCxu8YW4znTXKd8iH4JpF9CcOPQVNKoZ9KcMui6roQ0MybRRbCGydSohfig9J2LCNcKleZ0KYLU4Kqx6WR1qHsuTAGcsLXTBwn4KjPEgjiljoW8YHGte3rBHXaOKo3OpHWMU+kvtmdCJFzxcRgL\/Yj93Sj50\/hQNSWPWwEpGXqW2Fa2h7DrP\/83WbFvIE0\/WdoK1h9Kk\/fhxB9hgG7jb6lrO00uHc5jgWaZY5vxpCtcbU7BbRnPKrHeLqBghUzG9vxDImA0Dk4ypxljqn7PaiHRMU1YwHK0EWOpv\/76oLeUjypNGlY4jGSirtTYCig9CCpPH12WzrYEOrAt9ilQDcaoWicMaQ98ZTCkmOOgMCbryMyYsxebuHWmrDfzt2EIUSdzo663KyCCyIrySigMGQAMdoB1UHITaFj3R9H\/jiTEme8uF4T2ga7Zff56cM5VXKuriNqbl+JUKG0qQz7Xb0KDcHoj\/njmQlNdGfBpzgtqUyEx0tk5DFtROdJEmVec3D8ChxygYDCK9GY9qMUjMcfstzzkdrGkyNCkyfF2Vk1N0SClNF\/D3tsGz9FQIy7l9K2fBX5gky3HTnREAt7NFQ\/1OM\/tCri7oh8imKflFSO4k4gdqMpIMZ7LrD+VXPxUvgpz2jVI8jR5mpczD1a6rHrCEFoBrD36eGH8FcMqRO5QyhBO5nk29nn9AcxptSx1BIY9wthPDcFPpGchcrm08GbdybSJ\/XKceCEd1p94rCep3N\/u0JydOA1mxpn4cDDEn0cySaw+75yVwDlE5KSyWMmJQ18dY48AQfpIkEOlfnaWpOEbWXLTOwcuWNpiEaEXXcDPB0McH7zSDoQVxWS3eUnnJNTqSRrT5qZkbElSzxRIeQTOLR4xqkVv2g51hvDGw5lrWAFlwq1AGFSFgh2RnwcGSNobjjQJp259U\/OHb7dME5j\/SWOyVEXC1S0ZQXMEWE6OvjtLE+iLHOCZKyUDVtfxiEUYJr0Sb7ig9fPjF98gNiKT2EeUwS80bMvsktEEE22ZU3BJOyA9aL2XAMBaQ56FZAjpqjbDcGbyD1WXJZ2\/PtrrSDn5GBukjhOU+LpgIgJa5\/FA\/r40H51vZor3hfrLM+u\/d+tfTRrm9GBPrI\/EsGwgV5NmvBk5L8xzDesmgBkkFSIsSWWyMVtlvm3ZZGSFEbDA1NqHNKeTRiSXwbaNM6WnZAXzROziPbDXrI1UkLukOayT8\/\/OhXQuVovmIyuzKqVMCLwhw5mzrHBNChbNdNgbKoVWJYdX2Bp9harXtyHIcAi0eOCoiEQZa21uLeBDUxVxEIb+gQaZ8XQOmgmliaMT2GabKbBecIYVQVfuy+E9YT02QT60g8UB9BSZxgogY1CFdwa4k+WdO3lSS2hIhCZVUmV6ieTeoZHpl7NmuTRMGTlP3o0vSyiq7N3TrugAhz0DjyG3PWQlpMTICHvYLEPh7QQi4nCA1VEI9mFxJjg1nd4H2z3c5tT\/Ecy56I9tpxA47E6Zgnx5ila66JvJvbYW\/dDJXw\/VK22T9vV+t4iAZipH+DVAhrkURFQPlr3NzbVdVhJVTiTnM7NgqYFLyCrDVuZkXjWXUjTl2PbdMBs6ZRSt0rj1\/PUjdXz\/\/gMBUzZRw9jjJF3S7IdKXr3uMm8X\/VSJp+5xLgerDXOkdIEnfPuHJj0zfl0LWSMeAW7UveOpowfk9nOYiEgUQ2GGop0dUuLjw+Nv\/vKX2WhoKUR6C97lPCh6PJi9IWJSI96J0y4d5ae45RzC8RDqUG1LkIYC4hNh8f3BfTyFFsD8TJTuT13D9ti1vy3ZDxXjFHZoOrZa6y+NXLGwXNB4FvN4\/d9DtEuFR49zQ8oaa\/OYOqb5QmqkN1ez+hPruhauQu03La0fl6EpT9JU40Zx8oR1oFkXT\/727dT8g7OodGQeh1WFlxtLGypL\/MY783iDhh11QA8SYXU+XO25kIZl4u6I3Bvp7\/saajM9iMkM6E3OEiGTauGFzrSV+dkusMcHu7BLkBet7h3tnrOwt6bidZrQG3fwARGGPoGXS4qU6OmO03DhbMPVOcGKMsHK6KR1GiZOxADvU8j9G6mrg1AH\/aU3aSfuHd\/bmkJGL\/wL\" \/> \t\t<a href=\"https:\/\/www.pdf24.org\" target=\"_blank\" title=\"www.pdf24.org\" rel=\"nofollow\"><img src=\"https:\/\/www.hohenlohe-ungefiltert.de\/wp-content\/plugins\/pdf24-post-to-pdf\/img\/pdf_32x32.png\" alt=\"\" border=\"0\" height=\"32\" \/><\/a> \t\t<span class=\"pdf24Plugin-cp-space\">&nbsp;&nbsp;<\/span> \t\t<span class=\"pdf24Plugin-cp-text\">Sende Artikel als PDF<\/span> \t\t<span class=\"pdf24Plugin-cp-space\">&nbsp;&nbsp;<\/span> \t\t<input class=\"pdf24Plugin-cp-input\" style=\"margin: 0px;\" type=\"text\" name=\"sendEmailTo\" placeholder=\"Emailadresse\" \/> \t\t<input class=\"pdf24Plugin-cp-submit\" style=\"margin: 0px;\" type=\"submit\" value=\"Senden\" \/> \t<\/form> <\/div>","protected":false},"excerpt":{"rendered":"<p>Das Haller Tagblatt steht m\u00f6glicherweise vor dem Verkauf an die Neue Pressegesellschaft GmbH Ulm. Einen Antrag auf \u00dcbernahme des Haller Tagblatts hat der Ulmer Gro\u00dfverlag, der auch die S\u00fcdwestpresse herausgibt, am 6. November 2008 beim Bundeskartellamt gestellt. Dies teilte die Pressestelle des Kartellamts mit. Eine Entscheidung der Kartellw\u00e4chter ist bislang noch nicht gefallen. Das Kartellamt [&hellip;]<\/p>\n","protected":false},"author":3,"featured_media":0,"comment_status":"open","ping_status":"open","sticky":false,"template":"","format":"standard","meta":[],"categories":[],"tags":[],"_links":{"self":[{"href":"https:\/\/www.hohenlohe-ungefiltert.de\/index.php?rest_route=\/wp\/v2\/posts\/302"}],"collection":[{"href":"https:\/\/www.hohenlohe-ungefiltert.de\/index.php?rest_route=\/wp\/v2\/posts"}],"about":[{"href":"https:\/\/www.hohenlohe-ungefiltert.de\/index.php?rest_route=\/wp\/v2\/types\/post"}],"author":[{"embeddable":true,"href":"https:\/\/www.hohenlohe-ungefiltert.de\/index.php?rest_route=\/wp\/v2\/users\/3"}],"replies":[{"embeddable":true,"href":"https:\/\/www.hohenlohe-ungefiltert.de\/index.php?rest_route=%2Fwp%2Fv2%2Fcomments&post=302"}],"version-history":[{"count":24,"href":"https:\/\/www.hohenlohe-ungefiltert.de\/index.php?rest_route=\/wp\/v2\/posts\/302\/revisions"}],"predecessor-version":[{"id":386,"href":"https:\/\/www.hohenlohe-ungefiltert.de\/index.php?rest_route=\/wp\/v2\/posts\/302\/revisions\/386"}],"wp:attachment":[{"href":"https:\/\/www.hohenlohe-ungefiltert.de\/index.php?rest_route=%2Fwp%2Fv2%2Fmedia&parent=302"}],"wp:term":[{"taxonomy":"category","embeddable":true,"href":"https:\/\/www.hohenlohe-ungefiltert.de\/index.php?rest_route=%2Fwp%2Fv2%2Fcategories&post=302"},{"taxonomy":"post_tag","embeddable":true,"href":"https:\/\/www.hohenlohe-ungefiltert.de\/index.php?rest_route=%2Fwp%2Fv2%2Ftags&post=302"}],"curies":[{"name":"wp","href":"https:\/\/api.w.org\/{rel}","templated":true}]}}