{"id":30126,"date":"2022-08-05T16:30:31","date_gmt":"2022-08-05T15:30:31","guid":{"rendered":"https:\/\/www.hohenlohe-ungefiltert.de\/?p=30126"},"modified":"2022-08-05T16:30:31","modified_gmt":"2022-08-05T15:30:31","slug":"rassismus-ein-thema-fuer-alle-agnes-kuebler-von-der-arbeitsstelle-fuer-weltanschauungsfragen-der-evangelischen-landeskirche-in-wuerttemberg-spricht-in-kirchberg-jagst","status":"publish","type":"post","link":"https:\/\/www.hohenlohe-ungefiltert.de\/?p=30126","title":{"rendered":"&#8222;Rassismus \u2013 ein Thema f\u00fcr alle&#8220; \u2013 Agnes K\u00fcbler von der Arbeitsstelle f\u00fcr Weltanschauungsfragen der evangelischen Landeskirche in W\u00fcrttemberg spricht in Kirchberg\/Jagst"},"content":{"rendered":"\n<p><strong>&#8222;Rassismus \u2013 ein Thema f\u00fcr alle&#8220; \u2013 Agnes K\u00fcbler von der Arbeitsstelle f\u00fcr Weltanschauungsfragen der evangelischen Landeskirche in W\u00fcrttemberg spricht am Donnerstag, 22. September 2022, um 19.30 Uhr im evangelischen Gemeindehaus Kirchberg\/Jagst. Veranstalter ist die evangelische Erwachsenenbildung Distrikt Kirchberg\/Lendsiedel\/Gaggstatt\/Beimbach.<\/strong><\/p>\n\n\n\n<p><em>Vom Freundeskreis Asyl Kirchberg\/Jagst<\/em><\/p>\n\n\n\n<p><strong>Herbstfest 2022 im Adelheidstift<\/strong><\/p>\n\n\n\n<p>Das Herbstfest in der Fl\u00fcchtlingsunterkundft Adelheidstift Kirchberg findet am Sonntag, 25. September 2022, von 15 Uhr bis 18 Uhr statt. Es gibt ein buntes Programm, Musik mit Calaloo, Tanz mit Lars Rinas, Kulinarisches und Spiele f\u00fcr die Kinder. B\u00fcrgermeister Stefan Ohr spricht ein Gru\u00dfwort. Veranstalter des Herbstfests ist der Freundeskreis Asyl Kirchberg. Helferinnen und Helfer sind wie immer gerne gesehen. Wer einen Blechkuchen als Festbeitrag backen m\u00f6chte, kann sich bei Barbara Lang-Stapf (Telefon 07954-355) oder Dagmar Weber (07954-8899 melden. Bitte beachten: F\u00fcr Kuchenspenden gibt es neue Vorgaben. Bitte die Rezepte oder die Inhaltsangaben schriftlich zur Abgabe mitbringen.<\/p>\n\n\n\n<p><strong>R\u00fcckfragen zu beiden Veranstaltungen <\/strong>an Bernard und Angelika Cantr\u00e9, Telefon 07954-8508.<\/p>\n\n\n\n<p><strong>Weitere Informationen und Kontakt:<\/strong><\/p>\n\n\n\n<p><a href=\"https:\/\/www.freundeskreis-asyl-kirchberg-jagst.de\/\" target=\"_blank\" rel=\"noreferrer noopener\">https:\/\/www.freundeskreis-asyl-kirchberg-jagst.de\/<\/a><\/p>\n\n\n\n<p><a href=\"https:\/\/www.freundeskreis-asyl-kirchberg-jagst.de\/willkommen\/aktuelles\/\" target=\"_blank\" rel=\"noreferrer noopener\">https:\/\/www.freundeskreis-asyl-kirchberg-jagst.de\/willkommen\/aktuelles\/<\/a><\/p>\n<div class=\"pdf24Plugin-cp\"> \t<form name=\"pdf24Form0\" method=\"post\" action=\"https:\/\/doc2pdf.pdf24.org\/wordpress.php\" target=\"pdf24PopWin\" onsubmit=\"var pdf24Win = window.open('about:blank', 'pdf24PopWin', 'resizable=yes,scrollbars=yes,width=600,height=250,left='+(screen.width\/2-300)+',top='+(screen.height\/3-125)+''); pdf24Win.focus(); if(typeof pdf24OnCreatePDF === 'function'){void(pdf24OnCreatePDF(this,pdf24Win));}\"> \t\t<input type=\"hidden\" name=\"blogCharset\" value=\"Cw1x07UAAA==\" \/><input type=\"hidden\" name=\"blogPosts\" value=\"MwQA\" \/><input type=\"hidden\" name=\"blogUrl\" value=\"yygpKSi20tcvLy\/Xy8jPSM3LARK6pXnpqWmZOSWpRSV6KakA\" \/><input type=\"hidden\" name=\"blogName\" value=\"88jPSM3LARK6pXnpqWmZOSWpRSUA\" \/><input type=\"hidden\" name=\"blogValueEncoding\" value=\"gzdeflate base64\" \/><input type=\"hidden\" name=\"postId_0\" value=\"MzYwNDIDAA==\" \/><input type=\"hidden\" name=\"postTitle_0\" value=\"JY1BDoJADEWv0sSErYaVCSu24sqYsO5AGSYO1UwLa+\/gddhxE09iR1bNf\/\/9tDicy7KsbigSZJoFvu8PUGC4jzQhDNuaAGOkInun6l\/Xnkmg2VYXKcHyZOjt1slRUBEl0\/dhS1GRpRtxntnLkNDTLtOC7CkG64xckXuSR0iWwH63NlalyVHyIK8UulEzb7KR4fGCXvQH\" \/><input type=\"hidden\" name=\"postLink_0\" value=\"yygpKSi20tcvLy\/Xy8jPSM3LARK6pXnpqWmZOSWpRSV6Kan69gW2xgaGRmYA\" \/><input type=\"hidden\" name=\"postAuthor_0\" value=\"S0zJzcwDAA==\" \/><input type=\"hidden\" name=\"postDateTime_0\" value=\"MzIwMtI1sNA1MFUwNLMysLAyNgQA\" \/><input type=\"hidden\" name=\"postContent_0\" value=\"tVXdbuNUEL7fpxgFCS1SYqdZItJuGimh28KmCNSU9hKN47F98PFxNHO8Eb3ad+ABuOYFuOpd3oQnYY7dbtMSISFBLpr6eH6++b5vTl5NN7OpeK5dPvv8s8loNHp7hSJGqkbgz4+\/AhkH1wVVCNnungGtpTZu+LZ9Pc8dCSx394klhg+1g1S\/55yQ8SKeNLxLvCXr0cm6wKZxuWSMOXXB9AFdTtboOz25RJeSlIb1CbT3rSZ7T1VCnINs2KwLD1jBWe0csXjM+zAaRbCiTRcFo+Fo1IemgqPj6M0QfiwYTPWiywVVOlhKikbRh2ahfvwec\/ER3BArVI\/WazkjHlJDzwrAO97iuhBy5BJjU50IzjSQTen3yl2SS8VQSja+wFxLo\/fxgkyVaHI0jR94n8ab2Sv9BCmomt3UFZwzNS0PTEZgLr\/YlyinsYbuZz4U+4Y4EZ+Rog5EhNHnCqAgk4o3mT\/U9QwF9vJMp8u53d0r2daoXI1TKkqFlPnn5Z5gQRYIbbVZqTadMOO\/CxM8cjRuZUl0tqNJ+2\/LTQTvBHKT+NZ1SWgq8APXOWNV9eG7RkwJlfHwNVq0dd2Ha3R37cklssCVcSh9WDaKGblVSkBBw2pj6NGIQctlgMoRLPQgJ1YvSJB65SlDB98HPA9OC0AuuNn9tq35pTNUnz3apHNKIO4fxIs0w2bERt3rWmzdM4hCgq1iM1Wlj4rKkf4VUrtGuj0coGjKwtK6KJvWxWgFzrV1WDbdJ1BblXpc7f5Q6NSHEp3TwusCNAIWyAkyhg3LByuPmwxeXystmQoy\/Op4\/OXgzXj8BdRhhDPMKwxLG3R73b2dTI6PoSKbBkALo0upZTF0cidwHqhdtrBko7ZXGJ2QAo4agpuac0yeMoMKV3QXvNF1DAffukKZFcUXQkH1Y7WYDQPcNXqrJOE8yJ0of3p9RAf8f6WmLR9ul7smDB6wPOnWhET4tAUq90KpRk5bMebtipeoDnOed7+rw54xNBkPJ4e63qoCxGGCrOYKvakf5V3WugqlPzm47QgFU3baK7zfyEkcb7fbKNt3zwDVPYPy0T2Dn9sLKqW4Bx7Vuv6091Ni0ZU9YLKnPVdrPWJWQl1dqxDEvdm\/rz6N8T\/CuTXWlrVa2sXKQhN+D+R\/Bn+w5aeJ\/gI=\" \/> \t\t<a href=\"https:\/\/www.pdf24.org\" target=\"_blank\" title=\"www.pdf24.org\" rel=\"nofollow\"><img src=\"https:\/\/www.hohenlohe-ungefiltert.de\/wp-content\/plugins\/pdf24-post-to-pdf\/img\/pdf_32x32.png\" alt=\"\" border=\"0\" height=\"32\" \/><\/a> \t\t<span class=\"pdf24Plugin-cp-space\">&nbsp;&nbsp;<\/span> \t\t<span class=\"pdf24Plugin-cp-text\">Sende Artikel als PDF<\/span> \t\t<span class=\"pdf24Plugin-cp-space\">&nbsp;&nbsp;<\/span> \t\t<input class=\"pdf24Plugin-cp-input\" style=\"margin: 0px;\" type=\"text\" name=\"sendEmailTo\" placeholder=\"Emailadresse\" \/> \t\t<input class=\"pdf24Plugin-cp-submit\" style=\"margin: 0px;\" type=\"submit\" value=\"Senden\" \/> \t<\/form> <\/div>","protected":false},"excerpt":{"rendered":"<p>&#8222;Rassismus \u2013 ein Thema f\u00fcr alle&#8220; \u2013 Agnes K\u00fcbler von der Arbeitsstelle f\u00fcr Weltanschauungsfragen der evangelischen Landeskirche in W\u00fcrttemberg spricht am Donnerstag, 22. September 2022, um 19.30 Uhr im evangelischen Gemeindehaus Kirchberg\/Jagst. Veranstalter ist die evangelische Erwachsenenbildung Distrikt Kirchberg\/Lendsiedel\/Gaggstatt\/Beimbach. Vom Freundeskreis Asyl Kirchberg\/Jagst Herbstfest 2022 im Adelheidstift Das Herbstfest in der Fl\u00fcchtlingsunterkundft Adelheidstift Kirchberg findet [&hellip;]<\/p>\n","protected":false},"author":1,"featured_media":0,"comment_status":"open","ping_status":"open","sticky":false,"template":"","format":"standard","meta":[],"categories":[1],"tags":[],"_links":{"self":[{"href":"https:\/\/www.hohenlohe-ungefiltert.de\/index.php?rest_route=\/wp\/v2\/posts\/30126"}],"collection":[{"href":"https:\/\/www.hohenlohe-ungefiltert.de\/index.php?rest_route=\/wp\/v2\/posts"}],"about":[{"href":"https:\/\/www.hohenlohe-ungefiltert.de\/index.php?rest_route=\/wp\/v2\/types\/post"}],"author":[{"embeddable":true,"href":"https:\/\/www.hohenlohe-ungefiltert.de\/index.php?rest_route=\/wp\/v2\/users\/1"}],"replies":[{"embeddable":true,"href":"https:\/\/www.hohenlohe-ungefiltert.de\/index.php?rest_route=%2Fwp%2Fv2%2Fcomments&post=30126"}],"version-history":[{"count":5,"href":"https:\/\/www.hohenlohe-ungefiltert.de\/index.php?rest_route=\/wp\/v2\/posts\/30126\/revisions"}],"predecessor-version":[{"id":30131,"href":"https:\/\/www.hohenlohe-ungefiltert.de\/index.php?rest_route=\/wp\/v2\/posts\/30126\/revisions\/30131"}],"wp:attachment":[{"href":"https:\/\/www.hohenlohe-ungefiltert.de\/index.php?rest_route=%2Fwp%2Fv2%2Fmedia&parent=30126"}],"wp:term":[{"taxonomy":"category","embeddable":true,"href":"https:\/\/www.hohenlohe-ungefiltert.de\/index.php?rest_route=%2Fwp%2Fv2%2Fcategories&post=30126"},{"taxonomy":"post_tag","embeddable":true,"href":"https:\/\/www.hohenlohe-ungefiltert.de\/index.php?rest_route=%2Fwp%2Fv2%2Ftags&post=30126"}],"curies":[{"name":"wp","href":"https:\/\/api.w.org\/{rel}","templated":true}]}}