{"id":30083,"date":"2022-07-22T18:36:25","date_gmt":"2022-07-22T17:36:25","guid":{"rendered":"https:\/\/www.hohenlohe-ungefiltert.de\/?p=30083"},"modified":"2022-07-22T18:36:25","modified_gmt":"2022-07-22T17:36:25","slug":"simon-brecht-neuer-sprecher-silvia-ofori-neue-sprecherin-bewegung-im-kreisvorstand-der-partei-die-linke-in-schwaebisch-hall-hohenlohe","status":"publish","type":"post","link":"https:\/\/www.hohenlohe-ungefiltert.de\/?p=30083","title":{"rendered":"&#8222;Simon Brecht neuer Sprecher, Silvia Ofori neue Sprecherin&#8220; \u2013 Bewegung im Kreisvorstand der Partei die Linke in Schw\u00e4bisch Hall-Hohenlohe"},"content":{"rendered":"\n<p><strong>Es ist Bewegung im Kreisvorstand der Partei die Linke in Schw\u00e4bisch Hall-Hohenlohe. Die Mitgliederversammlung hat am 19. Juli 2022 in Kupferzell-Eschental weitreichende Beschl\u00fcsse gefasst. Simon Brecht aus Bretzfeld wurde zum neuen Sprecher und Silvia Ofori aus Oberscheffach zur neuen Sprecherin des Kreisverbandes Schw\u00e4bisch Hall-Hohenlohe gew\u00e4hlt.<\/strong><\/p>\n\n\n\n<p><em>Von der Partei Die Linke Schw\u00e4bisch Hall-Hohenlohe<\/em><\/p>\n\n\n\n<p><strong>Paul Fach neuer Kassier<\/strong><\/p>\n\n\n\n<p>Nachdem Simon Brecht bisher die Kreiskasse verantwortet hat, war auch diese Position neu zu besetzen. Paul Fach aus Gro\u00dfaltdorf wurde zum neuen Kassier gew\u00e4hlt. Renate H\u00e4berle aus Schw\u00e4bisch Hall wurde neu in den Kreisvorstand berufen. Die Neubesetzung war notwendig geworden, weil die zwei bisherigen Sprecher*innen Heidi Scharf und Cedric Schiele ihr Amt niedergelegt hatten. Ungern lassen die Mitglieder die beiden ziehen. Heidi Scharf wechselt ihren Wohnsitz von Schw\u00e4bisch Hall nach Fellbach und Cedric Schiele m\u00f6chte seine Energien b\u00fcndeln und sie als Vorsitzender bei den Naturfreunden einbringen. Das Engagement und der gro\u00dfe Einsatz f\u00fcr die Partei und f\u00fcr die Gestaltung der Gesellschaft im Sinne sozialer Gerechtigkeit, Frieden und Klimagerechtigkeit wurden von der Mitgliederversammlung dankbar gew\u00fcrdigt. Der nun amtierende Kreisvorstand hat das Ziel, die Partei vor Ort gut zu vertreten und stark zu machen. Die Klausur f\u00fcr das kommende Jahr ist in Planung.<\/p>\n\n\n\n<p><strong>Informationen zu den neu gew\u00e4hlten Sprecher*innen und dem f\u00fcr die Finanzen Verantwortlichen:<\/strong><\/p>\n\n\n\n<p><strong>Simon Brecht:<br><\/strong>Am 15. September 1998 in \u00d6hringen geboren, gelernter Kaufmann im Gro\u00df- und Au\u00dfenhandel, Kandidat bei der Landtagswahl 2021 in Hohenlohe und zuvor bei der Kreistagswahl 2019. Seit Januar 2019 Landesgesch\u00e4ftsf\u00fchrer der Linksjugend [&#8217;solid] Baden-W\u00fcrttemberg, dem Jugendverband der LINKEN und Mitglied in deren Bundespr\u00e4sidium.<\/p>\n\n\n\n<p><strong>Silvia Ofori:<br><\/strong>Am 28. Juli 1956 in Schw\u00e4bisch Hall geboren, verheiratet, bis 31. Mai 2022 Betriebsr\u00e4tin und Aufsichtsr\u00e4tin der Bausparkasse Schw\u00e4bisch Hall und nun im Ruhestand, Gr\u00fcndungsmitglied des Kreisverbandes der Linken und seither im Kreisvorstand, Mitglied in der VVN &#8211; Vereinigung der Verfolgten des Naziregimes &#8211; Bund der Antifaschist*innen, Vorsitzende des Vereins globalsolidarity e.V. und Sprecherin der Sparte Kreativspinnerei der WerkStadtHall e.V., Mitglied bei den Theatermachern e.V. und Feldenkrais-Practioner.<\/p>\n\n\n\n<p><strong>Paul Fach:<br><\/strong>Am 13. Februar 2001 in Schw\u00e4bisch Hall geboren, Landesfinanzrevisor der Linksjugend [<code>solid] Baden-W\u00fcrttemberg. Seit Februar 2022 Vertreter der Linksjugend [<\/code>solid] Schw\u00e4bisch Hall-Hohenlohe im Kreisvorstand.<\/p>\n\n\n\n<p><strong>Weitere Informationen und Kontakt:<\/strong><\/p>\n\n\n\n<p><a rel=\"noreferrer noopener\" href=\"https:\/\/die-linke-sha.de\/\" target=\"_blank\">https:\/\/die-linke-sha.de\/<\/a><\/p>\n<div class=\"pdf24Plugin-cp\"> \t<form name=\"pdf24Form0\" method=\"post\" action=\"https:\/\/doc2pdf.pdf24.org\/wordpress.php\" target=\"pdf24PopWin\" onsubmit=\"var pdf24Win = window.open('about:blank', 'pdf24PopWin', 'resizable=yes,scrollbars=yes,width=600,height=250,left='+(screen.width\/2-300)+',top='+(screen.height\/3-125)+''); pdf24Win.focus(); if(typeof pdf24OnCreatePDF === 'function'){void(pdf24OnCreatePDF(this,pdf24Win));}\"> \t\t<input type=\"hidden\" name=\"blogCharset\" value=\"Cw1x07UAAA==\" \/><input type=\"hidden\" name=\"blogPosts\" value=\"MwQA\" \/><input type=\"hidden\" name=\"blogUrl\" value=\"yygpKSi20tcvLy\/Xy8jPSM3LARK6pXnpqWmZOSWpRSV6KakA\" \/><input type=\"hidden\" name=\"blogName\" value=\"88jPSM3LARK6pXnpqWmZOSWpRSUA\" \/><input type=\"hidden\" name=\"blogValueEncoding\" value=\"gzdeflate base64\" \/><input type=\"hidden\" name=\"postId_0\" value=\"MzYwsDAGAA==\" \/><input type=\"hidden\" name=\"postTitle_0\" value=\"PYxLCsIwFEW3ckHoSEEyKnTWUUFBISuI6bN5mL7ISz9T9+AW3Ik7cSW2DpwcuBzuKTalMaay3CdBreTDAKGRFPa+LtItLMeJHU7XpPyTf8dSrP99hc\/jiZpm6kbpwD0OSpynpHlw0qJdemenAzFaJhxZbgQWWB\/m9+vC2Qc0LsZdkwJJXPAF\" \/><input type=\"hidden\" name=\"postLink_0\" value=\"yygpKSi20tcvLy\/Xy8jPSM3LARK6pXnpqWmZOSWpRSV6Kan69gW2xgYGFsYA\" \/><input type=\"hidden\" name=\"postAuthor_0\" value=\"S0zJzcwDAA==\" \/><input type=\"hidden\" name=\"postDateTime_0\" value=\"MzIwMtI1MNc1MlIwtLAyMLcyMgUA\" \/><input type=\"hidden\" name=\"postContent_0\" value=\"fVZNbxs3EL3nVwxcoIdCliIHaZ1EEWA1dhwrUYy4lYEWRcHVzu6y4nIFkmuh+iG99pLf0JNv+mN9w11Zsi0nB0fkDufjzZtHPhsshgMfXGXz4akn7QONeMl5bXPSJY0da39TOR+UTSllR5fKBdaUaqaP2s6ZtKWrWbFcf020nxV0row5PK8KtgZ\/uvQOhp90yI1mHL9h51VZGnFfqECqpP6rLl3URtPR86Mj8TauFxm7FcPPKTyyDcrQknVALrJMGSnig1nfes+Uc6a8D1260mVlaeR4VsBx7eVnWGVsUlrWDqdWdUmWa0bCC7FCNTWqutLmRiv6nFVOx3OfE2SJz1mmUNCqdg9OIceUfYsNuwTQYPk0CEgRXwoTuoNeC\/Wgtxg+wz9Bn8vhtLK74L67A\/dpp4Mezu26aT1fqtrQmSQuSTsaAxzNbl\/kCaxSLu8Dh1gCjPQ3FjhXAjLKVDYsK6QXpHEdWioHsBAGljC4rLwOGm4QFZBRgs2wYtulbUKC7XtXrf9VJqSVyx61pc11ixd9YasC0zkwYGc4uniISetGAsfO2Aesxck6k0wE1gnXTWrCQKnBVmEJTulcolZwZDtCNhMRWOFXi4jOdxjwg7YWy3PWqZZ8FIoRKv3MqdMz2dGMbHXh6KQMZCP3c2zlEb0g2fxqc3aWjOBrY7TtmMRlAu\/4stJciP29YEuk4dkECQGb66qwwH9FN9XjaSQr4J9hnhL5sSfPcv0fWs\/kWVumU4tcNbwm61sw29h4BI0hZTxNAauWzkqaiSgBLCcq1C5zDEOs4CXBkOQRc+XhMFc5lxjk6EkO5kIDhNLWK6SdrW+bmtsBELO7vfeMPpogDZOjWKIUFKeyIBJ1Jb0gX620MvFz5LHO51CMDp05AbQpYWx0iUR2vjfUsRE28b1fqFJl54lqaHnrQBUQ8x2sbW0hYAGMjaJ0n3WibimK\/w0Id3ZrgwV9doHyOsigIBCELbQp4qyby3apZsWGs2MD2kOFGkTgc16VZQx5ocAw0WwQ\/9IoJJR392jCBwttK5XMpxCqjj2TedkM2mNqN40qt10401ZZtJ2md1Jgohy\/3itq7dautLweJG54Z3wC5X8J0eZF4BIjinvg1bHUsf6naMiD7JLKyTzK5DgboprVWamslcZHKTmMmZ7UYJMtRIgB9hj\/6xT4N\/R09BEbQeV+qQoj10xf4mzlWTysaunL5kBs5c4JuaOuhC8XwBhMkJ3olX0uV9H6axY8oMIwuiYi1Nv\/VaOKlH7\/\/rvjo\/5Pb3xldPoHjRTQP7wGrqGpPO9EpC+idXufNE4+TMank5jehpiNwsnIj2TW\/MKtv3roQl1296K\/vdkeoX903N67\/Vcvf9x3i2\/xR1IFawclxkTBgF70u\/RJtVf2iAOGLPFIJWjb9iPzIEfY7Ek1I5B4AXbH++RRLDkl84S+fqkLjjPUQYtFgsBqX24A2HPzbgDfzBAaJVfYw+dL5yGKNJ1OKDan\/0ZoDd3S+UZmsM4qk8toSIyJWmnHuS7xe3NktFGzExs0HiFQUx+a+ens6mR00Pj3lJsqgY4KF5TT4W\/i7rTbvEN2nxcOS9ELKQGDe+MX4te1\/LxmN78KKg0RO\/GwU9xGlH8pcJJdVBJcNHdxcBPg89wp7Q8vnZpFWXDdb70lHo\/uiy78JK4Zhuf9b\/OnmZQsKojjG+2rPVMymFUpD58cknYAt0HBvGmrnfu89XbdfeNt9pAl+3C4RmRgT\/d1NF4pFV6n87BfAxU5Nm8PLEDAg1akwVbVggH2AUEpsrcHRQgL\/7rXg8AeGmHwoS9UN+XeAeEiyDm8Pfgzga7PD4ZPmg56qon6Pw==\" \/> \t\t<a href=\"https:\/\/www.pdf24.org\" target=\"_blank\" title=\"www.pdf24.org\" rel=\"nofollow\"><img src=\"https:\/\/www.hohenlohe-ungefiltert.de\/wp-content\/plugins\/pdf24-post-to-pdf\/img\/pdf_32x32.png\" alt=\"\" border=\"0\" height=\"32\" \/><\/a> \t\t<span class=\"pdf24Plugin-cp-space\">&nbsp;&nbsp;<\/span> \t\t<span class=\"pdf24Plugin-cp-text\">Sende Artikel als PDF<\/span> \t\t<span class=\"pdf24Plugin-cp-space\">&nbsp;&nbsp;<\/span> \t\t<input class=\"pdf24Plugin-cp-input\" style=\"margin: 0px;\" type=\"text\" name=\"sendEmailTo\" placeholder=\"Emailadresse\" \/> \t\t<input class=\"pdf24Plugin-cp-submit\" style=\"margin: 0px;\" type=\"submit\" value=\"Senden\" \/> \t<\/form> <\/div>","protected":false},"excerpt":{"rendered":"<p>Es ist Bewegung im Kreisvorstand der Partei die Linke in Schw\u00e4bisch Hall-Hohenlohe. Die Mitgliederversammlung hat am 19. Juli 2022 in Kupferzell-Eschental weitreichende Beschl\u00fcsse gefasst. Simon Brecht aus Bretzfeld wurde zum neuen Sprecher und Silvia Ofori aus Oberscheffach zur neuen Sprecherin des Kreisverbandes Schw\u00e4bisch Hall-Hohenlohe gew\u00e4hlt. Von der Partei Die Linke Schw\u00e4bisch Hall-Hohenlohe Paul Fach neuer [&hellip;]<\/p>\n","protected":false},"author":1,"featured_media":0,"comment_status":"open","ping_status":"open","sticky":false,"template":"","format":"standard","meta":[],"categories":[1],"tags":[],"_links":{"self":[{"href":"https:\/\/www.hohenlohe-ungefiltert.de\/index.php?rest_route=\/wp\/v2\/posts\/30083"}],"collection":[{"href":"https:\/\/www.hohenlohe-ungefiltert.de\/index.php?rest_route=\/wp\/v2\/posts"}],"about":[{"href":"https:\/\/www.hohenlohe-ungefiltert.de\/index.php?rest_route=\/wp\/v2\/types\/post"}],"author":[{"embeddable":true,"href":"https:\/\/www.hohenlohe-ungefiltert.de\/index.php?rest_route=\/wp\/v2\/users\/1"}],"replies":[{"embeddable":true,"href":"https:\/\/www.hohenlohe-ungefiltert.de\/index.php?rest_route=%2Fwp%2Fv2%2Fcomments&post=30083"}],"version-history":[{"count":7,"href":"https:\/\/www.hohenlohe-ungefiltert.de\/index.php?rest_route=\/wp\/v2\/posts\/30083\/revisions"}],"predecessor-version":[{"id":30090,"href":"https:\/\/www.hohenlohe-ungefiltert.de\/index.php?rest_route=\/wp\/v2\/posts\/30083\/revisions\/30090"}],"wp:attachment":[{"href":"https:\/\/www.hohenlohe-ungefiltert.de\/index.php?rest_route=%2Fwp%2Fv2%2Fmedia&parent=30083"}],"wp:term":[{"taxonomy":"category","embeddable":true,"href":"https:\/\/www.hohenlohe-ungefiltert.de\/index.php?rest_route=%2Fwp%2Fv2%2Fcategories&post=30083"},{"taxonomy":"post_tag","embeddable":true,"href":"https:\/\/www.hohenlohe-ungefiltert.de\/index.php?rest_route=%2Fwp%2Fv2%2Ftags&post=30083"}],"curies":[{"name":"wp","href":"https:\/\/api.w.org\/{rel}","templated":true}]}}