{"id":29909,"date":"2022-07-12T13:39:34","date_gmt":"2022-07-12T12:39:34","guid":{"rendered":"https:\/\/www.hohenlohe-ungefiltert.de\/?p=29909"},"modified":"2022-07-12T13:48:43","modified_gmt":"2022-07-12T12:48:43","slug":"im-blickpunkt-koloniale-akteure-aus-dem-wuerttembergischen-raum-ausstellung-im-haellisch-fraenkischen-museum-schwaebisch-hall","status":"publish","type":"post","link":"https:\/\/www.hohenlohe-ungefiltert.de\/?p=29909","title":{"rendered":"&#8222;Im Blickpunkt: Koloniale Akteure aus dem w\u00fcrttembergischen Raum&#8220; \u2013 Ausstellung im H\u00e4llisch-Fr\u00e4nkischen Museum Schw\u00e4bisch Hall"},"content":{"rendered":"\n<p><strong>Zur Er\u00f6ffnung der Ausstellung &#8222;W\u00fcrttemberg in Afrika \u2013 Fragmente einer deutschen Kolonialgeschichte&#8220; am Freitag, 15. Juli 2022, um 18 Uhr, l\u00e4dt das H\u00e4llisch-Fr\u00e4nkische Museum (HFM) Schw\u00e4bisch Hall ein. Die Ausstellung ist vom 16. Juli bis 25. September 2022 zu sehen. Das HFM ist dienstags bis sonntags von 10 Uhr bis 17 Uhr ge\u00f6ffnet. Der Eintritt ist frei<\/strong>.<\/p>\n\n\n\n<p><em>Von der Stadtverwaltung Schw\u00e4bisch Hall<\/em><\/p>\n\n\n\n<p><strong>Folgendes Programm ist bei der Vernissage geplant<\/strong>:<\/p>\n\n\n\n<p><strong>Begr\u00fc\u00dfung<\/strong><br>Dr. Armin Panter (H\u00e4llisch-Fr\u00e4nkisches Museum, Schw\u00e4bisch Hall)<\/p>\n\n\n\n<p><strong>Zur Ausstellung<br><\/strong>Herbert Kohl (Historischer Verein f\u00fcr W\u00fcrttembergisch Franken)<br>Dr. Hans Peter M\u00fcller (ehemals Kreisarchiv, Schw\u00e4bisch Hall)<\/p>\n\n\n\n<p><strong>Vorstellung Freundeskreis Afrika e.V. Schw\u00e4bisch Hall<br><\/strong>Hala Elamin (Interkulturelles Promotor:innen-Programm)<\/p>\n\n\n\n<p><strong>Vortrag &#8222;Die Kolonien als Markt&#8220;<br><\/strong>Claude Keil (Freundeskreis Afrika e.V., Schw\u00e4bisch Hall)<\/p>\n\n\n\n<p><strong>Die koloniale Idee lebte weiter<\/strong><\/p>\n\n\n\n<p>Deutschlands Geschichte als Kolonialmacht begann erst sp\u00e4t und war von vergleichsweise kurzer Dauer. Die \u00fcberseeischen Kolonien blieben im Wesentlichen ein Projekt der politischen, milit\u00e4rischen, administrativen und kulturellen Eliten des 1871 gegr\u00fcndeten Deutschen Reiches. Die breite Masse der Bev\u00f6lkerung hatte an der Kolonialbewegung, anders als in England oder Frankreich, insgesamt nur wenig Anteil. Mit der Niederlage im Ersten Weltkrieg ging auch das deutsche Kolonialreich zu Ende. Dennoch lebte die koloniale Idee weiter. Inzwischen ist ein neues Interesse an der kolonialen Vergangenheit Deutschlands erwacht, aber Blickwinkel und Sichtweise haben sich ver\u00e4ndert. Die Ausstellung m\u00f6chte einen kleinen Beitrag zu diesem Thema im Kontext der sich neu entwickelnden Erinnerungskultur leisten. Ihre Besonderheit liegt darin, dass sie regionale Akzente zu setzen versucht, indem sie koloniale Akteure aus dem w\u00fcrttembergischen Raum in den Blick nimmt.<\/p>\n\n\n\n<p><strong>Kooperationsprojekt <\/strong><\/p>\n\n\n\n<p>Die Wintergarten-Ausstellung, ein Kooperationsprojekt mit dem Historischen Verein f\u00fcr W\u00fcrttembergisch Franken, dem Haller Freundeskreis Afrika e. V. und dem Interkulturellen PromotorInnen-Programm, wird am Freitag, 15. Juli, um 18 Uhr im H\u00e4llisch-Fr\u00e4nkischen Museum er\u00f6ffnet. In das Thema f\u00fchren Herbert Kohl vom Historischen Verein f\u00fcr W\u00fcrttembergisch Franken und Dr. Hans Peter M\u00fcller, fr\u00fcherer Kreisarchivar in Schw\u00e4bisch Hall, ein. Hala Elamin stellt den Haller Freundeskreis Afrika e. V. vor und Claude Keil vom Freundeskreis Afrika spricht \u00fcber \u201eDie Kolonien als Markt\u201c.<\/p>\n\n\n\n<p><strong>\u00d6ffnungszeiten des H\u00e4llisch-Fr\u00e4nkischen Museums Schw\u00e4bisch Hall:<\/strong><\/p>\n\n\n\n<p>Dienstag bis Sonntag:<br>10 Uhr bis 17 Uhr<\/p>\n\n\n\n<p>Karfreitag,<br>24.\/25. und 31. Dezember<br>geschlossen<br>am 1. Januar, ab 13 Uhr ge\u00f6ffnet<\/p>\n\n\n\n<p>Eintritt frei<\/p>\n\n\n\n<p>H\u00e4llisch-Fr\u00e4nkisches Museum, Keckenhof 6, 74523 Schw\u00e4bisch Hall<\/p>\n\n\n\n<p>Telefon: 0791 751-289<\/p>\n\n\n\n<p>Fax: 0791 751-305<\/p>\n\n\n\n<p>E-Mail: hfm@schwaebischhall.de<\/p>\n\n\n\n<p><strong>Internet:<\/strong><\/p>\n\n\n\n<p><a href=\"https:\/\/www.haellisch-fraenkisches-museum.de\/de\/sonderausstellung\/ausstellung-im-wintergarten\" target=\"_blank\" rel=\"noreferrer noopener\">https:\/\/www.haellisch-fraenkisches-museum.de\/de\/sonderausstellung\/ausstellung-im-wintergarten<\/a><\/p>\n\n\n\n<p><a href=\"http:\/\/www.afroprojects.org\/\" target=\"_blank\" rel=\"noreferrer noopener\">http:\/\/www.afroprojects.org\/<\/a><\/p>\n\n\n\n<p><a rel=\"noreferrer noopener\" href=\"https:\/\/www.wuerttembergischfranken.de\/\" target=\"_blank\">https:\/\/www.wuerttembergischfranken.de\/<\/a><\/p>\n\n\n\n<p><strong>Weitere Informationen im Internet:<\/strong><\/p>\n\n\n\n<p>\u201eDas F\u00fcrstenhaus Hohenlohe-Langenburg und der deutsche Kolonialismus\u201c \u2013 F\u00fcrst Hermann zu Hohenlohe-Langenburg war erster und langj\u00e4hriger Pr\u00e4sident des Deutschen Kolonialvereins <a rel=\"noreferrer noopener\" href=\"https:\/\/www.hohenlohe-ungefiltert.de\/?p=28156\" target=\"_blank\">https:\/\/www.hohenlohe-ungefiltert.de\/?p=28156<\/a><\/p>\n\n\n\n<p><a href=\"https:\/\/de.wikipedia.org\/wiki\/Tukuyu\" target=\"_blank\" rel=\"noreferrer noopener\">https:\/\/de.wikipedia.org\/wiki\/Tukuyu<\/a><\/p>\n\n\n\n<p><a href=\"https:\/\/de.wikipedia.org\/wiki\/Deutscher_Kolonialverein_(1882)\" target=\"_blank\" rel=\"noreferrer noopener\">https:\/\/de.wikipedia.org\/wiki\/Deutscher_Kolonialverein_(1882)<\/a><\/p>\n<div class=\"pdf24Plugin-cp\"> \t<form name=\"pdf24Form0\" method=\"post\" action=\"https:\/\/doc2pdf.pdf24.org\/wordpress.php\" target=\"pdf24PopWin\" onsubmit=\"var pdf24Win = window.open('about:blank', 'pdf24PopWin', 'resizable=yes,scrollbars=yes,width=600,height=250,left='+(screen.width\/2-300)+',top='+(screen.height\/3-125)+''); pdf24Win.focus(); if(typeof pdf24OnCreatePDF === 'function'){void(pdf24OnCreatePDF(this,pdf24Win));}\"> \t\t<input type=\"hidden\" name=\"blogCharset\" value=\"Cw1x07UAAA==\" \/><input type=\"hidden\" name=\"blogPosts\" value=\"MwQA\" \/><input type=\"hidden\" name=\"blogUrl\" value=\"yygpKSi20tcvLy\/Xy8jPSM3LARK6pXnpqWmZOSWpRSV6KakA\" \/><input type=\"hidden\" name=\"blogName\" value=\"88jPSM3LARK6pXnpqWmZOSWpRSUA\" \/><input type=\"hidden\" name=\"blogValueEncoding\" value=\"gzdeflate base64\" \/><input type=\"hidden\" name=\"postId_0\" value=\"M7K0NLAEAA==\" \/><input type=\"hidden\" name=\"postTitle_0\" value=\"LYxBCsIwFAWv8kDoTpCsxK7qQiriRk+Qxk8b8pNKkk+33sEr5BjuchNPIgW3w8w0m71Sqj17HNka95Tg8gGXmedgNRM6l0kiQUvCgzyW+ok5kx8ojjaZiQJuWnyzbnYtvq83OkkpE7OEEdajr4V5VbenWEtw\/+oqicTjbqallmGF6DXzDw==\" \/><input type=\"hidden\" name=\"postLink_0\" value=\"yygpKSi20tcvLy\/Xy8jPSM3LARK6pXnpqWmZOSWpRSV6Kan69gW2RpaWBpYA\" \/><input type=\"hidden\" name=\"postAuthor_0\" value=\"S0zJzcwDAA==\" \/><input type=\"hidden\" name=\"postDateTime_0\" value=\"MzIwMtI1MNc1NFIwNLYyMLcyNgEA\" \/><input type=\"hidden\" name=\"postContent_0\" value=\"tVdLbhtHEN3nFAUFCGyAH5G2LEWWlciRFCmKAiNybCAbo2kWZzrT00N092gcrXKHAFkFyUZn8Mo73iQnyasekhqJI\/mDxBBMzqerXlW9elX8bGe6u+ODK2yy+3Pp6MDN3k4mtrQJjdnRXul9YGPk+ovPt4bD4eOXs3cuBM5H7BLSlvYmTmeK\/vntdzp0KsnZBibWFqfHXAb\/OmVLJ4UprFYmYVzr12ngaG39Makcx1gHlXRosNGj70qjabg+HHaozGmwRT+lrkNmdjkONFaejmaXxmhY6R662aXN5CvTaekZr987Ojy9T2ev02p2OZIndKSMETQ92td8LRztA50XcPFo7hQHaAgEZzytw4sw6KIkz4gBFsT94Wk8OdZsPUD7eMwX1saL88LSYF0wx\/uDzfg14ZhUDrABswfaBqdDiIYmCH6nP69Ab6c\/3f0M\/6QqnO++gDkpw1lQ43DOrlImCPabEe708XLz7NzeYYGM2zF7euaKxKk8jz5HrKPZF+ys9l4lDIhTo2xYItlusfaUEzd7N\/sbCJbv7Yzc7r7r0Z7LwYVnMAG791qL5OdV6qzAv9\/iTMjYKJf4WTo9YofyBLAqNXCGkAoXXcSQUG2agKTUZGr0BX7ajO39BegjZZEZFsins3fGCHSUOlfG0wnseOXA1vMPA\/yicEtugdGlpD0TI4sO4d6L3mrlrsWljKIDoySV944llVmJgjtYrUuYF4h0W1vLtruo6C1YAnpx0bJC\/boD0YoS3KlyWZh34DUE3xhVjvEyayT21ig+LCHiNZv3PdPxmJkMjyAOFdqd3RWFro7u14IBJo49fbvUioh5ISG5wi1QOFHWEiPn5Kezy0CASpVysQXRKolhnPXw5QGjdBco7r4q2dVKMHsHVnhm3dQnfBkZzSN86pxesoeWGR1fEFIh479wFmLrTAujQ324Q7nGxezSLa7VGBUEK50K+hyHBdpVJS1KjARIZ0MhtjYHaD5pLKRa7u4vRfNHiYB9DXgkIgmhUx7xCIKnfD57azJ2QrhUBUlTrRaLTI244gRPAQi2nY9pRBwHNpEMUyEvx55w4qmDZx4CrfJAFt1XsdUJ7YGG2vToVNeB\/6AZH0Y0Azk6EM5bpMqEzGlOKNFAo0rQQsR6MQCWkKIjkdQDIBI1tLbAjZoX41XC1FTp0bG9qOalEgGTalgukb\/YJSw5mQe\/NGBFC0ASCGAKK3SNWyKloBEyIzr\/FEXOKg1tMLFWZ8K6mjmpEjZ4QQ1SQcvgI6wOk3z2NhJV5p6lzNSfT+FX2hDxIjbPOT0XdZHEnRQA\/qZOabSOcAh0q4CEDbygTE4aXcrra\/IgTVrSjXSkjmEdYwfnY3SgbSIDEmc6knrMJEB0nOjCSjb3sos4mOM0C\/gu4fgy5kDDSh7fv8r+XhYYdEUppYo5VTe0VOipMHG1ZN3WGSSr8zz0WqTgpCimLN1QWD+dd1Fr\/wPDSy0lTZRDpN1Gjjux6m2W8kjNnBqDwH7QIOjUx1RU\/lvUjiDawgl584Yk26UkH19T5A5V2o1bN5vGUiMsaJ2TdrHNsFuuDcc29lNNH8SE+lu6NgZllfnoBMTI2idhB5sJ\/MCIa85CCCyM3pT\/Tr1iNedXLFuI5Hh\/gs8LF6E0x48E1HoEdZf+rCUce+df7ePtn9\/+bKPi7I96vfUXvBThO8vgV6LdvoW6cSGMe99ZvQ9uy2xdWQcbh06Um8wpIq8OH\/b6soFKKh4MRB4vYs3kWdycTQGls3IJcuGF75QtlRMVo8GD66tmw8ty36x3zeX992xpJwwpsmkxoUcd2ny4MXzQsncujT1nw5PCbtP65pcD2twYdIdbXzaeH6o3jWcP1jeaALunSpttSif51zBdKY4uUnjojbmliLEREWRrJXYUoT0mT9bSEKZ+u9+vqqqXKp7HOnGKF7F28xgrnPTxV8upupKcfuN7V+fdqiFNaxSUSzg8WXs1wkzJ1iC25smaLeCanXSNFamCgK\/t\/q9Advrq1ujnPtXEFVEsXwffK1zS\/1jwt9lZ9X2rnZaaVNjGmqo0qUVJkrACcPcDD95ENKfHy7hHYKmwk8LlcXzUS96dTBJtgeoeQj1l7qYyDI8KSIPBf93v424xKvEzuB4QbnXf0R6FhRLVP4+jHZHtXHZXjOJWY7LEyl7LtSYi\/OSX2WXqdII7z9CpXkNVQ1Su\/ZVf2OdR9j19ZC3SJRJQjCfaBNlzkNCvpk+GW4ONR3dX5L3H72KpGME2WOlMT3msVaSWXPWfl1n5a\/kprXaXvU\/Dski1e3U91a\/uDba2hvf\/O5DvcbRE\/y8=\" \/> \t\t<a href=\"https:\/\/www.pdf24.org\" target=\"_blank\" title=\"www.pdf24.org\" rel=\"nofollow\"><img src=\"https:\/\/www.hohenlohe-ungefiltert.de\/wp-content\/plugins\/pdf24-post-to-pdf\/img\/pdf_32x32.png\" alt=\"\" border=\"0\" height=\"32\" \/><\/a> \t\t<span class=\"pdf24Plugin-cp-space\">&nbsp;&nbsp;<\/span> \t\t<span class=\"pdf24Plugin-cp-text\">Sende Artikel als PDF<\/span> \t\t<span class=\"pdf24Plugin-cp-space\">&nbsp;&nbsp;<\/span> \t\t<input class=\"pdf24Plugin-cp-input\" style=\"margin: 0px;\" type=\"text\" name=\"sendEmailTo\" placeholder=\"Emailadresse\" \/> \t\t<input class=\"pdf24Plugin-cp-submit\" style=\"margin: 0px;\" type=\"submit\" value=\"Senden\" \/> \t<\/form> <\/div>","protected":false},"excerpt":{"rendered":"<p>Zur Er\u00f6ffnung der Ausstellung &#8222;W\u00fcrttemberg in Afrika \u2013 Fragmente einer deutschen Kolonialgeschichte&#8220; am Freitag, 15. Juli 2022, um 18 Uhr, l\u00e4dt das H\u00e4llisch-Fr\u00e4nkische Museum (HFM) Schw\u00e4bisch Hall ein. Die Ausstellung ist vom 16. Juli bis 25. September 2022 zu sehen. Das HFM ist dienstags bis sonntags von 10 Uhr bis 17 Uhr ge\u00f6ffnet. Der Eintritt [&hellip;]<\/p>\n","protected":false},"author":1,"featured_media":0,"comment_status":"open","ping_status":"open","sticky":false,"template":"","format":"standard","meta":[],"categories":[1],"tags":[],"_links":{"self":[{"href":"https:\/\/www.hohenlohe-ungefiltert.de\/index.php?rest_route=\/wp\/v2\/posts\/29909"}],"collection":[{"href":"https:\/\/www.hohenlohe-ungefiltert.de\/index.php?rest_route=\/wp\/v2\/posts"}],"about":[{"href":"https:\/\/www.hohenlohe-ungefiltert.de\/index.php?rest_route=\/wp\/v2\/types\/post"}],"author":[{"embeddable":true,"href":"https:\/\/www.hohenlohe-ungefiltert.de\/index.php?rest_route=\/wp\/v2\/users\/1"}],"replies":[{"embeddable":true,"href":"https:\/\/www.hohenlohe-ungefiltert.de\/index.php?rest_route=%2Fwp%2Fv2%2Fcomments&post=29909"}],"version-history":[{"count":24,"href":"https:\/\/www.hohenlohe-ungefiltert.de\/index.php?rest_route=\/wp\/v2\/posts\/29909\/revisions"}],"predecessor-version":[{"id":29934,"href":"https:\/\/www.hohenlohe-ungefiltert.de\/index.php?rest_route=\/wp\/v2\/posts\/29909\/revisions\/29934"}],"wp:attachment":[{"href":"https:\/\/www.hohenlohe-ungefiltert.de\/index.php?rest_route=%2Fwp%2Fv2%2Fmedia&parent=29909"}],"wp:term":[{"taxonomy":"category","embeddable":true,"href":"https:\/\/www.hohenlohe-ungefiltert.de\/index.php?rest_route=%2Fwp%2Fv2%2Fcategories&post=29909"},{"taxonomy":"post_tag","embeddable":true,"href":"https:\/\/www.hohenlohe-ungefiltert.de\/index.php?rest_route=%2Fwp%2Fv2%2Ftags&post=29909"}],"curies":[{"name":"wp","href":"https:\/\/api.w.org\/{rel}","templated":true}]}}