{"id":29858,"date":"2022-07-07T13:41:33","date_gmt":"2022-07-07T12:41:33","guid":{"rendered":"https:\/\/www.hohenlohe-ungefiltert.de\/?p=29858"},"modified":"2022-07-07T13:43:23","modified_gmt":"2022-07-07T12:43:23","slug":"neuwahlen-bei-den-linken-in-hohenlohe-mitgliederversammlung-in-kupferzell","status":"publish","type":"post","link":"https:\/\/www.hohenlohe-ungefiltert.de\/?p=29858","title":{"rendered":"&#8222;Neuwahlen bei den Linken in Hohenlohe&#8220; \u2013 Mitgliederversammlung in Kupferzell-Eschental"},"content":{"rendered":"\n<p><strong>Die Mitgliederversammlung des Kreisverbands DIE LINKE Schw\u00e4bisch Hall und Hohenlohe findet am Dienstag, 19. Juli 2022, statt. Ab 19 Uhr treffen sich die Mitglieder im Landhotel G\u00fcnzburg, Hauptstra\u00dfe 1, 74635 Kupferzell-Eschental. Interessierte Menschen sind herzlich eingeladen.<\/strong><\/p>\n\n\n\n<p>Von <em>Cedric Schiele, Kreissprecher Die Linke Schw\u00e4bisch Hall und Hohenlohe<\/em><\/p>\n\n\n\n<p><strong>Es steht einiges auf dem Programm:<\/strong><\/p>\n\n\n\n<ul><li>Ellena Schumacher Koelsch (Kreis- und Stadtr\u00e4tin in Schw\u00e4bisch Hall, Mitglied im Kreis- und Landesvorstand) berichtet \u00fcber den Bundesparteitag. Sie war Kandidatin f\u00fcr den Bundesvorstand und als Delegierte vor Ort. Anschlie\u00dfend ist eine Diskussion geplant.<\/li><\/ul>\n\n\n\n<p><strong>Neuwahlen sind geplant<\/strong>:<\/p>\n\n\n\n<ul><li>Der Kreisverband wird eine neue Spitze w\u00e4hlen: Heidi Scharf und Cedric Schiele geben nach \u00fcber drei Jahren den Vorsitz des Kreisverbands aus privaten Gr\u00fcnden ab. Der bisherige Kassier, Landesgesch\u00e4ftsf\u00fchrer der Linksjugend Baden W\u00fcrttemberg und ehemalige Landtagskandidat Simon Brecht wird f\u00fcr die Nachfolge von Cedric Schiele kandidieren. Die Kreisvorst\u00e4ndin und ehemalige Bundestagskandidatin Silvia Ofori kandidiert f\u00fcr die Nachfolge von Heidi Scharf als gleichberichtige Co-Sprecherin.<br>Sollte Simon Brecht gew\u00e4hlt werden, kandidiert f\u00fcr dessen Nachfolge als Kassier Paul Fach. Dieser war bislang als Jugendvertreter der Linksjugend Schw\u00e4bisch Hall und Hohenlohe beratendes Mitglied im Kreisvorstand. Weitere Kandidaturen f\u00fcr diese Posten sind derzeit nicht bekannt.<\/li><\/ul>\n\n\n\n<p><strong>Weitere Informationen im Internet und Kontakt:<\/strong><\/p>\n\n\n\n<p><a href=\"https:\/\/die-linke-sha.de\/eine-seite-2\/\" target=\"_blank\" rel=\"noreferrer noopener\">https:\/\/die-linke-sha.de\/eine-seite-2\/<\/a><\/p>\n\n\n\n<p><a href=\"https:\/\/die-linke-sha.de\/\" target=\"_blank\" rel=\"noreferrer noopener\">https:\/\/die-linke-sha.de\/<\/a><\/p>\n<div class=\"pdf24Plugin-cp\"> \t<form name=\"pdf24Form0\" method=\"post\" action=\"https:\/\/doc2pdf.pdf24.org\/wordpress.php\" target=\"pdf24PopWin\" onsubmit=\"var pdf24Win = window.open('about:blank', 'pdf24PopWin', 'resizable=yes,scrollbars=yes,width=600,height=250,left='+(screen.width\/2-300)+',top='+(screen.height\/3-125)+''); pdf24Win.focus(); if(typeof pdf24OnCreatePDF === 'function'){void(pdf24OnCreatePDF(this,pdf24Win));}\"> \t\t<input type=\"hidden\" name=\"blogCharset\" value=\"Cw1x07UAAA==\" \/><input type=\"hidden\" name=\"blogPosts\" value=\"MwQA\" \/><input type=\"hidden\" name=\"blogUrl\" value=\"yygpKSi20tcvLy\/Xy8jPSM3LARK6pXnpqWmZOSWpRSV6KakA\" \/><input type=\"hidden\" name=\"blogName\" value=\"88jPSM3LARK6pXnpqWmZOSWpRSUA\" \/><input type=\"hidden\" name=\"blogValueEncoding\" value=\"gzdeflate base64\" \/><input type=\"hidden\" name=\"postId_0\" value=\"M7K0MLUAAA==\" \/><input type=\"hidden\" name=\"postTitle_0\" value=\"U1O2MDIysvZLLS1PzMhJzVNISs1USAHSPpl52UAqM0\/BIz8jNS8HSKiB1BpYKzxqmKzgm1mSnpOZmpJaVJZaVJyYm5tTmpcOUu1dWpCWWlSVmpOj61qcDNRZkpgDAA==\" \/><input type=\"hidden\" name=\"postLink_0\" value=\"yygpKSi20tcvLy\/Xy8jPSM3LARK6pXnpqWmZOSWpRSV6Kan69gW2RpYWphYA\" \/><input type=\"hidden\" name=\"postAuthor_0\" value=\"S0zJzcwDAA==\" \/><input type=\"hidden\" name=\"postDateTime_0\" value=\"MzIwMtI1MAciBUNjKwNzK2NjAA==\" \/><input type=\"hidden\" name=\"postContent_0\" value=\"rVTLbttIELznKxo6JYAkJt5HEIEWEMfa2JbXMSAkOQZDs0lONJwhZoY24J\/Ziz7DN\/7YVlOSI8veTQJEEASBM6yurqruZ2kzTUP0zpbTY830t46l0Zyzv2YfVF2b1paUc6C5Zx3wMFM2D3R8OqPz04v5jBZX1U23ynS4quhEGUOtzenEVWwNfqjQNudIqibA2xBVOaRXb8Z01hpNBy8PDoaEhzGO6W2GA\/pYeYqei4ItBQ3M\/AEr0jWdg0HlIht6393Z26z1wDxRbRPRiOr+YXo1pNe\/\/\/nbHzRvm4L9LRszmoEg26jMmE5tZM8haPYR4KAlRygH5hWuG6nL2pZsVM52nCYbhdKkmT7DB6J9cpZSrqfvOPf6SlTQbHi4lik0ngHppWc613bJ35EpTQC1g761ZBagDldR2OgSLqi2gBs1XXpXetgzecytNdPU6OnMGLZK6ra16snMHRsp\/7znOOoZLKLKo+9WUVvCd5\/l8F56EX7nPfGAw7XzMM\/mLyhjqFBFON3d4T84Wjpq5U6jILKG72NaQI0bBSJ4RedKahbd3e7lLWBfQxnkDKKWa59wRh+8BEX8Aic4jVs69OowtA7LFqbCmJIbo2yEcRAiTaDInq4X3N6oymxN39y\/13KyL+axyLczAHSjfb4ua7mFu42Ot2iuWwnohE5Y51rUVL7oe3kYExTMUNvCl61eAKczVXk8Fjk+QQhAPjF5qg3UeH2tIq6995gAua+yMQlJWAerERWI3Ad8uLEK4bmqulURAyRHGVHd99kMX9tShDySrNNnGBIj1yBV9sy54loZQRQg+BiWG\/vgZw2xjyTrca3I2k7YfIHWCmdKsc3ud78GADnMVj8i6w7F+26FI7tXeJ2N3dISVW2utaIPhfP6G2L8LwoPHJFklYaR2E1upco7N1ps5lZj5jM\/XThjELwHbZbcm4x+2UOv4ePSWCzQ8Vt1KbYxgy5Va+gvHPV9BzyReYBpiF\/Z3zzrzYDbWILxCZe+s27RjwRDYvNocrfDNabPGEiofz+IrcRuK1xgunQhbmcjl\/2pI1nRCfjo9\/8mawt9amFMDaecBRIo9EvXYkEI4bnDJl7GyVObNVWEfBaHgyrGJkySBJxGRpboKFRqnHMiczcKUmh0kAwoKl9yPBx8yaDickCezeHAOmCwl6Bb5xq27AfTH0NME\/VzfH4Jhfuq\/wI=\" \/> \t\t<a href=\"https:\/\/www.pdf24.org\" target=\"_blank\" title=\"www.pdf24.org\" rel=\"nofollow\"><img src=\"https:\/\/www.hohenlohe-ungefiltert.de\/wp-content\/plugins\/pdf24-post-to-pdf\/img\/pdf_32x32.png\" alt=\"\" border=\"0\" height=\"32\" \/><\/a> \t\t<span class=\"pdf24Plugin-cp-space\">&nbsp;&nbsp;<\/span> \t\t<span class=\"pdf24Plugin-cp-text\">Sende Artikel als PDF<\/span> \t\t<span class=\"pdf24Plugin-cp-space\">&nbsp;&nbsp;<\/span> \t\t<input class=\"pdf24Plugin-cp-input\" style=\"margin: 0px;\" type=\"text\" name=\"sendEmailTo\" placeholder=\"Emailadresse\" \/> \t\t<input class=\"pdf24Plugin-cp-submit\" style=\"margin: 0px;\" type=\"submit\" value=\"Senden\" \/> \t<\/form> <\/div>","protected":false},"excerpt":{"rendered":"<p>Die Mitgliederversammlung des Kreisverbands DIE LINKE Schw\u00e4bisch Hall und Hohenlohe findet am Dienstag, 19. Juli 2022, statt. Ab 19 Uhr treffen sich die Mitglieder im Landhotel G\u00fcnzburg, Hauptstra\u00dfe 1, 74635 Kupferzell-Eschental. Interessierte Menschen sind herzlich eingeladen. Von Cedric Schiele, Kreissprecher Die Linke Schw\u00e4bisch Hall und Hohenlohe Es steht einiges auf dem Programm: Ellena Schumacher Koelsch [&hellip;]<\/p>\n","protected":false},"author":1,"featured_media":0,"comment_status":"open","ping_status":"open","sticky":false,"template":"","format":"standard","meta":[],"categories":[1],"tags":[],"_links":{"self":[{"href":"https:\/\/www.hohenlohe-ungefiltert.de\/index.php?rest_route=\/wp\/v2\/posts\/29858"}],"collection":[{"href":"https:\/\/www.hohenlohe-ungefiltert.de\/index.php?rest_route=\/wp\/v2\/posts"}],"about":[{"href":"https:\/\/www.hohenlohe-ungefiltert.de\/index.php?rest_route=\/wp\/v2\/types\/post"}],"author":[{"embeddable":true,"href":"https:\/\/www.hohenlohe-ungefiltert.de\/index.php?rest_route=\/wp\/v2\/users\/1"}],"replies":[{"embeddable":true,"href":"https:\/\/www.hohenlohe-ungefiltert.de\/index.php?rest_route=%2Fwp%2Fv2%2Fcomments&post=29858"}],"version-history":[{"count":9,"href":"https:\/\/www.hohenlohe-ungefiltert.de\/index.php?rest_route=\/wp\/v2\/posts\/29858\/revisions"}],"predecessor-version":[{"id":29867,"href":"https:\/\/www.hohenlohe-ungefiltert.de\/index.php?rest_route=\/wp\/v2\/posts\/29858\/revisions\/29867"}],"wp:attachment":[{"href":"https:\/\/www.hohenlohe-ungefiltert.de\/index.php?rest_route=%2Fwp%2Fv2%2Fmedia&parent=29858"}],"wp:term":[{"taxonomy":"category","embeddable":true,"href":"https:\/\/www.hohenlohe-ungefiltert.de\/index.php?rest_route=%2Fwp%2Fv2%2Fcategories&post=29858"},{"taxonomy":"post_tag","embeddable":true,"href":"https:\/\/www.hohenlohe-ungefiltert.de\/index.php?rest_route=%2Fwp%2Fv2%2Ftags&post=29858"}],"curies":[{"name":"wp","href":"https:\/\/api.w.org\/{rel}","templated":true}]}}