{"id":2979,"date":"2009-07-21T14:37:49","date_gmt":"2009-07-21T13:37:49","guid":{"rendered":"http:\/\/www.hohenlohe-ungefiltert.de\/?p=2979"},"modified":"2009-07-21T18:39:24","modified_gmt":"2009-07-21T17:39:24","slug":"polnischer-zwangsarbeiter-wurde-1942-in-bretzfeld-rappach-hingerichtet-%e2%80%93-private-initiative-setzt-sich-fur-ein-angemessenes-gedenken-ein","status":"publish","type":"post","link":"https:\/\/www.hohenlohe-ungefiltert.de\/?p=2979","title":{"rendered":"Ein polnischer Zwangsarbeiter wurde 1942 in Bretzfeld-Rappach hingerichtet \u2013 Eine private Initiative setzt sich f\u00fcr ein angemessenes Gedenken ein"},"content":{"rendered":"<p><strong> <\/strong><\/p>\n<div id=\"attachment_2982\" style=\"width: 216px\" class=\"wp-caption alignleft\"><strong><strong><a href=\"https:\/\/www.hohenlohe-ungefiltert.de\/wp-content\/uploads\/2009\/07\/Bretzfeld.jpg\"><img aria-describedby=\"caption-attachment-2982\" loading=\"lazy\" class=\"size-medium wp-image-2982\" title=\"Bretzfeld\" src=\"https:\/\/www.hohenlohe-ungefiltert.de\/wp-content\/uploads\/2009\/07\/Bretzfeld-206x300.jpg\" alt=\"Irena Maria Baran und ihre Familie vor dem Gedenkschild an ihren Vater Czeslaw Trzcinski.\" width=\"206\" height=\"300\" srcset=\"https:\/\/www.hohenlohe-ungefiltert.de\/wp-content\/uploads\/2009\/07\/Bretzfeld-206x300.jpg 206w, https:\/\/www.hohenlohe-ungefiltert.de\/wp-content\/uploads\/2009\/07\/Bretzfeld.jpg 510w\" sizes=\"(max-width: 206px) 100vw, 206px\" \/><\/a><\/strong><\/strong><p id=\"caption-attachment-2982\" class=\"wp-caption-text\">Irena Maria Baran und ihre Familie vor dem Gedenkschild an ihren Vater Czeslaw Trzcinski.<\/p><\/div>\n<p><strong>Irena Maria Baran, geborene Trzci\u0144ska, besuchte vor kurzem auf Einladung von Udo Grausam das Grab ihres Vaters Czes\u0142aw Trzci\u0144ski im Gr\u00e4berfeld der Universit\u00e4tsanatomie auf dem Stadt\u00adfriedhof von T\u00fcbingen. Au\u00dferdem suchte sie mit ihrer Familie das Gel\u00e4nde der Hin\u00adrich\u00adtung ihres Vaters bei Rappach in der Gemeinde Bretz\u00adfeld im heutigen Hohenlohekreis auf.<\/strong><\/p>\n<p><em>Vom Verein Gegen Vergessen \u2013 F\u00fcr Demokratie e.V., Regionale Arbeitsgruppe Ba\u00adden-W\u00fcrt\u00adtem\u00adberg, Sektion B\u00f6blingen-Herrenberg-T\u00fcbingen<\/em><\/p>\n<p><strong>Der Besuch<\/strong><\/p>\n<p>Irena Baran legte in T\u00fcbingen einen Blumenstrau\u00df des Vereins Gegen Vergessen \u2013 F\u00fcr Demokratie auf das Grab und stellte ein mitgebrachtes Grablicht auf. Sie selbst, ihr Ehemann Eugeniusz Baran, ihr Sohn Rados\u0142aw Baran und ihr Enkel Tomasz Baran beteten dort und gedachten des Toten.<\/p>\n<p>Irena Baran dankte den Vereinsmitgliedern Esther Peylo und Udo Grausam f\u00fcr den Hinweis auf das Grab. Zum ersten Mal seit ihrer Geburt im Februar 1939 besuche sie das wirkliche Grab ihres Vaters. Sie schilderte, wie die Familie bisher am Todestag von Czes\u0142aw Trzci\u0144ski zu seinem Gedenken auf den Friedh\u00f6fen von \u0141\u00f3d\u017a und B\u0119dzin am Kreuz f\u00fcr die Personen oh\u00adne Grab Kerzen auf\u00adstellte und betete. Der Besuch in T\u00fcbingen bedeute f\u00fcr sie Trauer um ih\u00adren Vater und Ab\u00adschied von ihm. Sie erfahre auch eine Art Abschluss ihrer Lebensge\u00adschich\u00adte in Bezug auf ihre Eltern.<\/p>\n<p>Irena Baran bemerkte die Stille \u00fcber dem Gr\u00e4berfeld, das einfach aber angemessen her\u00adge\u00adrich\u00adtet sei. Sie w\u00fcn\u00adsche sich, dass auch Angeh\u00f6rige von anderen dort Bestatteten diesen Ort be\u00adsu\u00adchen k\u00f6nnten. Sie bat darum, das mitgebrachte Grablicht zwischen Allerhei\u00adligen und dem Todestag des Vaters am 11. November wieder anzuz\u00fcnden. Udo Grausam versprach, dies zu tun.<\/p>\n<p><strong>Czes\u0142aw Trzci\u0144ski wurde in Bretzfeld-Rappach aufgeh\u00e4ngt<\/strong><\/p>\n<p>Am zweiten Tag ihres Besuches suchte die Familie die Hinrichtungsstelle in Rap\u00adpach in der Gemeinde Bretz\u00adfeld im baden-w\u00fcrttembergischen Hohenlohekreis auf. Czes\u0142aw Trzci\u0144ski war dort, an seinem ehemaligen Arbeitsort, au\u00dferhalb des Dorfes in einem Gel\u00e4ndeeinschnitt von der SS aus dem \u201ePolizeigef\u00e4ngnis\u201c Welz\u00adheim aufgeh\u00e4ngt worden. Ein Nach\u00adfahre aus der Familie seines Arbeitgebers leg\u00adte zum Zeichen der Verbunden\u00adheit mit der Familie Baran im Gel\u00e4nde eine Rose nieder.<\/p>\n<p><strong>Die Vorgeschichte<\/strong><\/p>\n<p>Vor ihrem Besuch hatte Irena Maria Baran eine Sammlung von historischen Dokumenten \u00fcber den Vater Czes\u0142aw Trzci\u0144ski und Erinnerungen aus der Familie seines Ar\u00adbeitgebers erhalten, au\u00dfer\u00addem einige Bilder vom Gr\u00e4berfeld X des T\u00fcbinger Stadtfriedhofs. Die Sammlung war seit 2002 entstanden durch Recherchen im Universit\u00e4tsarchiv T\u00fcbingen, im Staats\u00adarchiv Lud\u00adwigs\u00adburg, bei der Deutschen Dienststelle Berlin und beim In\u00adternationalen Suchdienst in Bad Arolsen. Der Band von 40 Seiten ist zur besseren Verst\u00e4ndlichkeit f\u00fcr die Familie Baran mit einer polnischen Einladung versehen.<\/p>\n<p>Der ehemalige Kriegsgefangene und \u201eZivilpole\u201c Czes\u0142aw Trzci\u0144ski wurde von seinem Ar\u00adbeitgeber in Rappach angezeigt und Ende Oktober 1942 als \u201eVolkssch\u00e4dling\u201c in das \u201ePolizei\u00adgef\u00e4ngnis\u201c Welzheim in der N\u00e4\u00adhe von Stuttgart eingeliefert. Sp\u00e4tere Aussagen einer Zeit\u00adzeu\u00adgin lassen vermuten, dass bei der Hinrichtung in Rappach am 11. November 1942 die B\u00fcrgermeis\u00adter der umlie\u00adgen\u00adden Ortschaf\u00adten beteiligt waren. Sie f\u00fchrten die Polen aus ihren D\u00f6rfern zur Hinrichtungsstelle und zwan\u00adgen sie dazu, Augenzeugen des Mordes zu werden. Vermutlich hatte der Landrat des Krei\u00adses sie dazu auf\u00adgefordert. Ein solches Vorgehen ist in mehreren Quellen f\u00fcr weitere Hinrich\u00adtungen anderswo belegt.<\/p>\n<p>Die Exekution von Czes\u0142aw Trzci\u0144ski muss wegen der antipolni\u00adschen Geh\u00e4ssigkeit der Datumswahl am 11. November 1942 als Mord bezeichnet wer\u00adden. Ziel war offen\u00adbar die Dem\u00fcti\u00adgung, Verh\u00f6hnung und Einsch\u00fcchterung der Polen an ihrem Na\u00adtio\u00adnal\u00adfeiertag. Der Hin\u00adrich\u00adtungstag 11. November war (und ist) der polnische Unab\u00adh\u00e4ngig\u00adkeitstag, von 1918 bis 1939 und heute wieder der Nationalfeiertag. Bereits 1941 waren an die\u00adsem Tag in Welzheim die bei\u00adden Polen Franciszek Dembinski und Stefan Szczepaniak ge\u00adhenkt wor\u00adden. Den niederen Beweggrund der Hinrichtung m\u00fcssen die B\u00fcrgermeister der Rap\u00adpacher Um\u00adgebung erkannt haben. Denn die meisten hatten den 11. No\u00advem\u00adber 1918 selbst erlebt; als Katastrophe der deutschen Kriegsniederlage. Es muss ihnen klar gewesen sein, dass die Stutt\u00adgar\u00adter und Welzheimer Gestapo am 11. November 1942 an Czes\u0142aw Trzci\u0144ski den f\u00fcr Deutsch\u00adland negativen Aus\u00adgang des Ersten Weltkrieges ger\u00e4cht hat. Sie m\u00fcssen sich als Er\u00adf\u00fcllungsgehilfen dieser Rache erkannt haben. Bisher konnte die Ge\u00addenk\u00adini\u00adtiative des Vereins Gegen Vergessen \u2013 F\u00fcr Demokratie keine staatsanwaltschaftliche Ermittlung und kein Gerichtsver\u00adfah\u00adren gegen die M\u00f6rder von Czes\u0142aw Trzci\u0144ski und ihre Gehilfen nachweisen. Der Mord scheint juristisch unges\u00fchnt geblieben zu sein.<\/p>\n<p><strong>Irena Baran schaltete 1989 bei der Suche nach ihrem Vater das Rote Kreuz ein<\/strong><\/p>\n<p>Irena Maria Baran hatte 1989 das Polnische Roten Kreuz um Auskunft \u00fcber ihren Vater gebeten. Der eingeschaltete Internationale Suchdienst in Bad Arolsen \u00fcbermittelte den 11. No\u00advember 1942 als den Todestag, den Ort Rappach als den Sterbeort und die Exekution als die Todesursache. In der Nachricht fehlte aber offenbar der Hinweis auf das Grab in T\u00fcbin\u00adgen, so erz\u00e4hlte Irena Baran beim Besuch. Dabei war bereits 1980 die Grabstelle durch eine Bron\u00adze\u00adtafel mit dem Namen von Czes\u0142aw Trzci\u0144ski bezeichnet worden. Au\u00dfer\u00addem hatte 1987 die Historikerin Benigna Sch\u00f6nhagen in ihrem Buch \u00fcber das Gr\u00e4\u00adber\u00adfeld X in T\u00fcbingen den Namen genannt. Es scheint in der Auskunft an die Frau Irena Maria Baran der Hinweis auf das Grab ihres Vaters vers\u00e4umt worden zu sein. Unsere Gedenkinitiative erfuhr im Herbst 2008 von der Suche der Familie nach Czes\u0142aw Trzci\u0144ski und lie\u00df \u00fcber den Such\u00addienst eine Einla\u00addung zu einem Totengedenken in T\u00fcbin\u00adgen aussprechen.<\/p>\n<p><strong>Uni T\u00fcbingen nutzte die Leichen der Hingerichteten zu Versuchszwecken <\/strong><\/p>\n<p>Auf dem Gr\u00e4berfeld X des T\u00fc\u00adbin\u00adger Stadtfriedhofs, dem Leichenfeld der Universit\u00e4tsanato\u00admie, sind mehrere Denkm\u00e4ler zu sehen: drei Grabkreuze von 1952, die nur die Auf\u00adschrift \u201e1939 \u2013 1945\u201c tragen, eine Stein\u00adplatte von 1960 mit einem Text, dann sechs Bronze\u00adtafeln von 1980 mit den Namen von 517 NS-Opfern und eine Gedenktafel von 1990, auf der die Uni\u00adversit\u00e4t T\u00fcbingen ausdr\u00fccklich ihre Verantwortung an der Ausbeutung der Leichen bekennt.<\/p>\n<p><strong>Unsere Initiative in der Gemeinde Bretzfeld im Hohenlohekreis<\/strong><\/p>\n<p>Seit Jahr 2002 hat unser Mitglied Udo Grausam in Rappach und in der Gemeinde Bretzfeld meh\u00adrere Veranstaltungen zum Gedenken an Czes\u0142aw Trzci\u0144ski durchge\u00adf\u00fchrt: einen Vortrag, zwei Seminare, eine Filmvorf\u00fchrung und zwei Mahnwachen. Unterst\u00fctzt wurde er dabei von der Regionalen Arbeitsgruppe Baden-W\u00fcrttemberg durch den pers\u00f6nli\u00adchen Einsatz der Mitglieder und durch eine Entschlie\u00dfung der Mitgliederversammlung von 2004. Beson\u00adders zu danken ist unserem Sprecher, Dr. Alfred Geisel aus Aalen, f\u00fcr seine pers\u00f6nli\u00adche Anwesenheit bei zwei Veranstaltungen und f\u00fcr seine wiederholte F\u00fcrspra\u00adche beim B\u00fcr\u00adger\u00admeister der Gemeinde Bretzfeld. Auch die Europaabgeordnete des zugeh\u00f6\u00adrenden Wahl\u00adkreises Schw\u00e4bisch Hall-Hohenlohe, unsere Vereinskollegin Evelyne Gebhardt, hat in einem Brief den B\u00fcr\u00adger\u00admeister F\u00f6hl der Gemeinde Bretzfeld um Unterst\u00fctzung der Initiative gebeten.<\/p>\n<p>Dem Bretzfelder Gemeinderat ist inzwischen mehrfach vorgeschla\u00adgen worden, ein Gedenkzeichen an Czes\u0142aw Trzci\u0144ski aufzustellen. Das Stra\u00dfenschild \u201eTrzcinskiplatz\u201c ist der Gemeinde als Spende angeboten worden. Seit 2006 steht das Schild in Bretz\u00adfeld in einem privaten Vorgarten und kann von Passanten gelesen werden.<\/p>\n<p>Bei ihrem Besuch haben Irena Maria Baran und ihre Familie das Schild besichtigt. Sie ge\u00adstatten unserer Initiative die weitere Verwendung zum Gedenken an den Vater und halten es als \u00f6ffentliches Zeichen des Eingedenkseins f\u00fcr ange\u00admessen. Die Familie Baran will das Gedenken!<\/p>\n<p><em>(\u00dcbersetzung der Gespr\u00e4che von El\u017cbieta Mauch und Marek Wojciechowski)<\/em><\/p>\n<div class=\"pdf24Plugin-cp\"> \t<form name=\"pdf24Form0\" method=\"post\" action=\"https:\/\/doc2pdf.pdf24.org\/wordpress.php\" target=\"pdf24PopWin\" onsubmit=\"var pdf24Win = window.open('about:blank', 'pdf24PopWin', 'resizable=yes,scrollbars=yes,width=600,height=250,left='+(screen.width\/2-300)+',top='+(screen.height\/3-125)+''); pdf24Win.focus(); if(typeof pdf24OnCreatePDF === 'function'){void(pdf24OnCreatePDF(this,pdf24Win));}\"> \t\t<input type=\"hidden\" name=\"blogCharset\" value=\"Cw1x07UAAA==\" \/><input type=\"hidden\" name=\"blogPosts\" value=\"MwQA\" \/><input type=\"hidden\" name=\"blogUrl\" value=\"yygpKSi20tcvLy\/Xy8jPSM3LARK6pXnpqWmZOSWpRSV6KakA\" \/><input type=\"hidden\" name=\"blogName\" value=\"88jPSM3LARK6pXnpqWmZOSWpRSUA\" \/><input type=\"hidden\" name=\"blogValueEncoding\" value=\"gzdeflate base64\" \/><input type=\"hidden\" name=\"postId_0\" value=\"M7I0twQA\" \/><input type=\"hidden\" name=\"postTitle_0\" value=\"FY2xDcJAEARb2QYIQCSkSBYiJSR77LX\/hDled4ctOaIH2iGjEyrhCVc7s9uIotxHFW8zDec56eDJLpSocX5YR6x32w0qtzfG0nPsVqdUSmozsuhAkzYHA9\/nC40oUUymFMRRJSSFTIRXM+CVRP95G1jn6hNvdKfScWBHvVL\/zQ8=\" \/><input type=\"hidden\" name=\"postLink_0\" value=\"yygpKSi20tcvLy\/Xy8jPSM3LARK6pXnpqWmZOSWpRSV6Kan69gW2RpbmlgA=\" \/><input type=\"hidden\" name=\"postAuthor_0\" value=\"AwA=\" \/><input type=\"hidden\" name=\"postDateTime_0\" value=\"MzIwsNQ1MNc1MlQwNLEyMLcysQQA\" \/><input type=\"hidden\" name=\"postContent_0\" value=\"tVrLjhtHlt3PV8TUygZYL7UfkkcSUJwqSW5bskaU5YE3g2BlMDPMzEgiI7IoceVu9B\/0qgFjelPbWjWgRUOr4uhH\/CVzzo3IZLJYNfAA3TBgs8iMiPs499xzI\/1w8fihD03t8sfq4WH69PBw8fhfHmb2Qtns0Z4OQZ8XlXHhv+49uH9vT\/nwrjSP9pY2C8VX6t7xF4u3e+q81N7jy8X+uV4EWzulS5u70szCXn9E\/1+tisbMHu0VISz8V4eHy+XyoKgL40r8a791uZnZMpgmHGTmkHvWLsCAw3ZR1jrzh\/eOjh4cHn15OG5MWM1MmR38tMhxjq1ypRur9zPjzxs7Ndn03aO9ZNH+xpP96Ak3sy5\/tFfq1bveB29XZr8ymW0rhbNtpXOTFgQb6Hp\/LILRnP8D3di\/d\/TF298dHYk7iGB4tPd1Y5xWz+mVGutGO9W6TFnETz3RlS2tURd1ozJTqacmM27uzwtbZgoP8iGn3mhYoP59ZXypl+p1szq3zs\/twZ6SDD7aw5l7qjA2L3AcDhenvAn\/JL8UPi9H6h+aevX58dESdiNzSOAnlX6738HzCPD8VB0fHV3gUPlrTx0C4vrxAO\/dh4Ug\/k687IB8P5i3wPc\/LUesxIeHqETU46ZSd44bqdxMa3xr4tqPf\/JzPVJT49vzIsTD522zwvm6nakz60qdIdT4wanvs1o9bXTrdaUy7fl5Kmb5aJYXuz7+sTOMm1tl4UqzvpyahjmAa4363tkLPG7D+jJ47XSoKzjOA+n4JOgsXF\/NGmuyop7J0a\/XH6aoP+MO1Em7\/qtp+GCy2WNtZYNY0vRhFANNub50mZFDn1l3fdXY8+L6KtCjLcOnxqpXerFAFpV18vxTUxnLxYIf2EPr4Uxh2mBhiXrWYXHeGOtp\/sENYkQiTPX4TV2pNwbPOOzJhfgjN97j068\/\/1k9WX9o1Kmp6nmjAww3B28ORuqVyYEaXRp10sC44POmXSxgjL6+Ai72f8AqBCmY6voKoc1HamLmwqbj9ftpKbHaf2YapJo\/7\/cBfHgIk3rzkrmn8HcsGNjxIEIoYrU0OeJtB+lQ8Ar\/HpctwI+VGslB9Hxy2P8mjyXxHZ5YDz6YEpXNzZlZQLbRTHV8pEQOg4RbTbDam3Lqw4j5VGeFqbRz6qzFqbb1qw71\/HFSFw5JzuoI0a3yU2dubkr1uq50twiYCPgHYKibIM\/lJhMznHj4usang9vClGk3DwSd68JAJwBKwAq2+VAg3C\/Nu7KWbYdlNWNouBBoXSZU9bE5UD+i0QCuNOG5LuF6D\/unZtrCTODzCaLV6kYdP\/jdg1TYsUa4zdI2c8bP7BZviqbwDUjVjPAwFtkNM02tp+Uw83WNCAQdaeG2ol+1NM71NAaDY3k79UTqev1+hs9c\/vEP679lH\/8uoRj\/z1+yFZKOI75pTLtK8cDZL2FhTajVqF+XzP\/GgKlk5+urDjPcJmbuQG1gvQ1adHsUsYm7MzSvEX48i+habL\/hWW52MsXmiIrJxFxbVDFS4DNN3tbcnr6iUgOexrNl633Ky7dmisLITdxDyEcqaGxWbS4xEfI\/YyO7HU1T8FAjeMKhk2BLcAI8MalLbKh1JBmGJTOymOYTGu5WsfCQuesr2pEo0ARmKLqyXH9wYiCBcl7IRj46doIdkKwGjCfuazBi0xXFmCAIqUqs4THf4espvW2vr7CfU\/P1e8e+HE+a6oDNm7aKxg6Le1Dbq6X1svgEzjYQHNdXpVAu80Gve\/xlGwoHZo6PD9SL+sJU9H0p9QaDV+0K\/mU0YVhq7EALHj0S2wlZ9IWDm9R4G7qXLfqPZLGXLV3zQEYZsEuXhx0qPangGUoWjrzWXQOK+MSH1M2GBcfPIAJmjC3LC8blYBx3ffVbutVUs1ss2S2CxCVPob2le91ayUtQCZM9ogZJNW1IszEjqTvFB6QzF7qcSl5Oa8DS08COCWI3JiGeF86GIIii9ZMJFntJ7a8\/\/\/fLuoQ8w\/YzxtFZ\/+vPv6gfTAm3gIVqGGO1rBvJLJSKeqGJ7K4qvezchVIs98lcYI6IQTuTclyh7n80VsLCNSDtaUvAyHlBxMVwr1iXduNRLP9XtTfKCep2UHSKZW9qNkFhgWB2wIFfBRFVx1gFK0vtCkY5a6Krqux0WWF9qJuU19N6zl5MkHUsMVSNN9PLijprrHOmaYUb7wwcdUYfOkkzzuiSTlFS0TTyxFg6CEzbVn7\/GdtmYuEm6rxO5aH9MEa9X4SdtDeo+HsK\/qDcmRKVtQ2C88rA2UYcRh629SS+xkDas\/2IT+AsHfz1Vfrx2za7vlraHN+gbeYj0X+0+RR9IcXRUtCkihubBpIq9RZs97UjcBoo1yjSnJogZZksEV7Q6BtNXXpCU7oQjJdcfXYEoSYUgKQBeQ1btBdKfcPOTjyRBOf0ve9+28gjHpmVRi3q0qW8D6Q69kGFbqiMBvQli8ZqTY6ONGNzcLFhouh+tBe2xH6GxXY36dGHxAJbkEikFDkQG7N+o2o6Y4F8Nw81nzp+8Nk9TKueJ76py7mH8evLjHqV55LMtB9wAFvWTRYQDki092J9ySIVsyahDSHXjQQnN4jXjMOhmiwAC0QYk4P3uhOtDUseCnpl0KlybMeJjZLENFUryJYm2AFjQMNbrt5oOuIfMzZG6gBykLIXqMgmbQWj6JITEc9mCf\/1jE9EvYksk9R00zVMQKBoUn9VCEqq0DgMnqIxz6gpiaNbGgXDv1pqJ0cmDbhqRwgE\/objeZKyz0mi0gGXJtLpG4kCgZh4iOZ\/CxA3bOB4FvIMyfHsW2nbKMOQLm7GuJOSfV1KcxPuKxLqqeoN1RH+\/o+WlroIdWmOTd\/z4qBmkujwyxoh4giyATaOPntr5q0MPndp0YpqbGnyxO7aBSt1ExUPhzJA0HubS80JC+jQVn6pi\/L2BBPAjBnsWbFvOIipZSRBxO5Hi0mC\/FXPZsz0VMcixsSz\/hAIaXg1YoghrApHREmdSFtcf2B3IBeLJSnjLrWGF5j+4CsUsC7Z4y0CrfNIMTfmW5FH24IIdnwi844Pn8ruPX2AQTVkrvRUi6bISHCDkQT1+MHxfYr\/OFJwh0Lkc1JYUoeJCTcmjTn5BK757DgCmm5kxL+ngtNSR309M0BTQop1Eb1+Aq47t35l5gzdVO455PRJIHmpyep8ZRbaWT1XFLbI5VwEQcrDKfaI7ZgTqgECMEO7bKeckRWp\/Btl2xVtL7V4cVER4VOugibHpBlQHtN0WNwhLnWxbJx035iF66uLNKzHgMa5FfuUZhr+TTD1jQ6asmBRxILL+m4USTt6U4LDUF0+AtsWnIrmJZKbw0c6Qn5O9BVnBvAi7NZNZCLGoIu7KEdkelHfgfTbSyrrKjb1S+hzNjhncuDggrKw9TzRRYV+FkdWHBrmdARfIcjrS2p9xCkyXZcGTiASjTPYi0NK6gH0K8yls27OYFYI2xtJGMcBdV5z4hDfnxoBw\/z6yrLggxX7\/t83FHMRXV5EhHZLSB\/h7RBH6bMGHTmUXSHP402P4MtfkBYgSeNUmUcWwo7PQd1RJLk7dZlMhk87xx085pVAJymEgIgOiwD81EL\/BdayImV6dA18C6ii4SA03Ty+o0uHgyZdKjnMIfX3H\/SdbyIXCE5mDSGhKCbZp1\/VwaRBHZvfcXU01K6xl8j2XP+y5x\/u5NJWUOOAz7x1s5Ak7PDqk2ojdDGQRr+x+2s3FGV3a7K4LZNmynRRM6jRLZrnb920OVKpaW\/af3oCjITBorsnyrbakjzDOwbu0jaewD2AqYk3zwsBipqZgrbI2C6NQ9pGpKqdm6DNdYa09hH6LGphtb6UPbZvD2w3USBkmkllH5j27Hz\/KBYKdk2qISpsQfwY+aREQuVoaPg0CbEPVebuhjvsimk8OxlMCT0IvkwDrkwvcxQMaRoTBIyfoBO+d4WoNdt1vzHHojTUSCAo\/qZSYHG+2LrkYV6infiLLCGc2RVM0o890GJvYs9pb5m57s7D8BKZwnt92Vad233Vob1S4qe7MDBRx0OYjNqi4YDyDADyMu3c30zFUnnDYUyq8C66wAPrvw6GPi5HxGMBSDplRsBXZCrYFmW83GPm3S3dNrCoNf2i4bC1yx2Yugbhdm1YJdL9djBLP5NZT0beECPCMQeW+dXSnPPE3WuS9B7g1tkRCY+23ZwfR7ImHf1\/vGm4vqqsQcFYRCypUDbvebW+LLFAUoYdvlIZKkSSPCcrmaSEPr8n10VwN4q6E7l7ZBEDRJhbRCKxhYBBPufEEhotFRrHdih8WL8opQTijl8c9QMdkmHeBrZuxy6OIEkF9vXn0pL7R6kS3aASPz\/+Ur2Y7H+3kImAgJAjI+Zi+cbVD45G6TI2uvA9O2MfpUFKkfysgSCVG+PYjZA86GfAW5ST7otoCh3QadYu\/VOD9LpwC26kGL7elMGtd1jdDdb2RdUOWjhNq99rVJHcFIBc4DsVwvN057516TcY3aTD3nkwoMGW3bkM+i\/TMMLbos2l9h36iBRKTRrHt6\/SaxJMQYTDSK4B1cRU1kEYJ2w8sWV1UTeyopMS8txzXUBySAkiV0FuCT6g2NJELmxIXu9oo3915HbeHfVvjtJdYOJ6AmlB8nrvSpvubTmO6LCSHZ\/3ry9if9s0iDNHJSTM06V\/8zAxNbynQoI+42Dga5l\/G5k4+bIkzYWSN74AjIzTjNRpg9ZRzhpk8SmlTynD7wl9G6XbezFj23h14kQIy+UdIyNhvJlHejLYIg4zRc0GSvnHu+G4W2yh+EpoB\/wxGA52kcNex5BSA7SQ8lpPcyiDzJkQdeeqlRt1EYQM\/A8YMzFxEdz4FY1vCdoTJfdMl+V+D\/9Rik8nXOc1mjUvLs4uTPlOKn1a6CYDf7AI+mvXMRgyvnm5xYcnmEDLu2qgrYZ46\/I7qNtOi20umqrN8sGevDSIg39\/s0\/qlfcUF+lWlI2JaYmtU2oildkq8ckdtQYqW7VRulAVojNPUGSQGy69Owcr9+\/JybwruWnyYdttyrTJwshHx5fkoTfmQK7sCN8v+GqyCNL\/J3H37i1Ad+XehX3R2AsdYtHzUiohjvOKFMNLjGdarmlzU8rYlu5eumCOgdkbF8JU8r\/h\/yAYWDc1HKeCzdOQJS+iQhxNI5y2EkrUdpcwgNkS4YhaYZvysq0XZPEmWAG8jOH6PcVrnIz84Frdk1GizPAyd0ntMdREo49jzc5V59KWZXqVH4\/\/1+Gb9U\/Wv\/A22mzAiWF2IYNl7K5n5Uc0MxMYsDZxPkJn5uqH+qdzC5apl0DFp5uX4v8L\" \/> \t\t<a href=\"https:\/\/www.pdf24.org\" target=\"_blank\" title=\"www.pdf24.org\" rel=\"nofollow\"><img src=\"https:\/\/www.hohenlohe-ungefiltert.de\/wp-content\/plugins\/pdf24-post-to-pdf\/img\/pdf_32x32.png\" alt=\"\" border=\"0\" height=\"32\" \/><\/a> \t\t<span class=\"pdf24Plugin-cp-space\">&nbsp;&nbsp;<\/span> \t\t<span class=\"pdf24Plugin-cp-text\">Sende Artikel als PDF<\/span> \t\t<span class=\"pdf24Plugin-cp-space\">&nbsp;&nbsp;<\/span> \t\t<input class=\"pdf24Plugin-cp-input\" style=\"margin: 0px;\" type=\"text\" name=\"sendEmailTo\" placeholder=\"Emailadresse\" \/> \t\t<input class=\"pdf24Plugin-cp-submit\" style=\"margin: 0px;\" type=\"submit\" value=\"Senden\" \/> \t<\/form> <\/div>","protected":false},"excerpt":{"rendered":"<p>Irena Maria Baran, geborene Trzci\u0144ska, besuchte vor kurzem auf Einladung von Udo Grausam das Grab ihres Vaters Czes\u0142aw Trzci\u0144ski im Gr\u00e4berfeld der Universit\u00e4tsanatomie auf dem Stadt\u00adfriedhof von T\u00fcbingen. Au\u00dferdem suchte sie mit ihrer Familie das Gel\u00e4nde der Hin\u00adrich\u00adtung ihres Vaters bei Rappach in der Gemeinde Bretz\u00adfeld im heutigen Hohenlohekreis auf. Vom Verein Gegen Vergessen \u2013 [&hellip;]<\/p>\n","protected":false},"author":3,"featured_media":0,"comment_status":"open","ping_status":"open","sticky":false,"template":"","format":"standard","meta":[],"categories":[],"tags":[],"_links":{"self":[{"href":"https:\/\/www.hohenlohe-ungefiltert.de\/index.php?rest_route=\/wp\/v2\/posts\/2979"}],"collection":[{"href":"https:\/\/www.hohenlohe-ungefiltert.de\/index.php?rest_route=\/wp\/v2\/posts"}],"about":[{"href":"https:\/\/www.hohenlohe-ungefiltert.de\/index.php?rest_route=\/wp\/v2\/types\/post"}],"author":[{"embeddable":true,"href":"https:\/\/www.hohenlohe-ungefiltert.de\/index.php?rest_route=\/wp\/v2\/users\/3"}],"replies":[{"embeddable":true,"href":"https:\/\/www.hohenlohe-ungefiltert.de\/index.php?rest_route=%2Fwp%2Fv2%2Fcomments&post=2979"}],"version-history":[{"count":6,"href":"https:\/\/www.hohenlohe-ungefiltert.de\/index.php?rest_route=\/wp\/v2\/posts\/2979\/revisions"}],"predecessor-version":[{"id":2986,"href":"https:\/\/www.hohenlohe-ungefiltert.de\/index.php?rest_route=\/wp\/v2\/posts\/2979\/revisions\/2986"}],"wp:attachment":[{"href":"https:\/\/www.hohenlohe-ungefiltert.de\/index.php?rest_route=%2Fwp%2Fv2%2Fmedia&parent=2979"}],"wp:term":[{"taxonomy":"category","embeddable":true,"href":"https:\/\/www.hohenlohe-ungefiltert.de\/index.php?rest_route=%2Fwp%2Fv2%2Fcategories&post=2979"},{"taxonomy":"post_tag","embeddable":true,"href":"https:\/\/www.hohenlohe-ungefiltert.de\/index.php?rest_route=%2Fwp%2Fv2%2Ftags&post=2979"}],"curies":[{"name":"wp","href":"https:\/\/api.w.org\/{rel}","templated":true}]}}