{"id":29647,"date":"2022-06-29T09:18:51","date_gmt":"2022-06-29T08:18:51","guid":{"rendered":"https:\/\/www.hohenlohe-ungefiltert.de\/?p=29647"},"modified":"2022-06-29T09:22:21","modified_gmt":"2022-06-29T08:22:21","slug":"berthold-krist-vorsitzender-und-marion-hannig-duemmler-stellvertreterin-in-ihren-aemtern-bestaetigt-hauptversammlung-mit-neuwahlen-und-ehrungen-des-sozialverbands-vdk-in-kuenzel","status":"publish","type":"post","link":"https:\/\/www.hohenlohe-ungefiltert.de\/?p=29647","title":{"rendered":"&#8222;Berthold Krist (Vorsitzender) und Marion Hannig-D\u00fcmmler (Stellvertreterin) in ihren \u00c4mtern best\u00e4tigt&#8220; \u2013\u00a0Hauptversammlung mit Neuwahlen und Ehrungen des Sozialverbands VdK K\u00fcnzelsau"},"content":{"rendered":"\n<p><strong>Die Hauptversammlung mit Neuwahlen und Ehrungen beim Sozialverband VdK in K\u00fcnzelsau hat vor kurzem stattgefunden. Nach einer l\u00e4ngeren Corona-Pause waren jetzt wieder alle Mitglieder des VdK-Ortsverbandes K\u00fcnzelsau zu einer Hauptversammlung eingeladen. Bei dem Treffen im Restaurant Anne-Sophie berichtete der Vorsitzende Berthold Krist von der immer gr\u00f6\u00dfer werdenden Nachfrage nach den Beratungsleistungen des Sozialverbandes.<\/strong><\/p>\n\n\n\n<p><em>Vom Sozialverband VdK, Ortsverband K\u00fcnzelsau<\/em><\/p>\n\n\n\n<p><strong>Rente, Pflegeversicherung, Arbeitslosigkeit und Schwerbehinderung<\/strong><\/p>\n\n\n\n<p>Oft gehe es auch darum, den Ratsuchenden erst einmal einen \u00dcberblick \u00fcber ihre sozialrechtlichen Anspr\u00fcche zu verschaffen. Dies betreffe die Themen Rente, Pflegeversicherung, Arbeitslosigkeit und Schwerbehinderung gleicherma\u00dfen. Kassiererin Josefine F\u00fcnfer informierte \u00fcber die finanzielle Situation des Ortsverbandes. Pandemiebedingt wuchs wegen ausgefallener Aktivit\u00e4ten das finanzielle Polster des Ortsverbandes. Nachdem J\u00f6rg Ziegler die Versammlung \u00fcber eine ordnungsgem\u00e4\u00dfe Kassenf\u00fchrung informiert hatte, stand einer Entlastung des Vorstands nichts mehr im Wege. Bei den Neuwahlen wurden Berthold Krist als Vorsitzender und Marion Hannig-D\u00fcmmler als Stellvertreterin best\u00e4tigt. Die Kasse betreut weiterhin Josefine F\u00fcnfer, Schriftf\u00fchrerin bleibt Ursula Mezger. Als Beisitzer fungieren in den kommenden zwei Jahren Siglinde Ziegler, Werner Hofacker und Karl Wolf. Kassenpr\u00fcfer sind J\u00fcrgen Hofmann und J\u00f6rg Ziegler.<\/p>\n\n\n\n<p><strong>Mehr Mitglieder<\/strong><\/p>\n\n\n\n<p>F\u00fcr den VdK-Kreisverband konnte der stellvertretende Vorsitzende Hermann Kern von einer erfreulichen Entwicklung der Mitgliederzahlen nach oben berichten. Mit der Aktion der N\u00e4chstenpflege r\u00fccke der VdK aktuell Unzul\u00e4nglichkeiten der Pflegeversicherung in das Licht der \u00d6ffentlichkeit. Die Pflege erfolge zum gr\u00f6\u00dften Teil immer noch im h\u00e4uslichen und damit famili\u00e4ren Umfeld. In diesem Bereich m\u00fcsse die Politik f\u00fcr die Entlastung der Pflegenden Sorge tragen und auch die finanziellen Rahmenbedingungen verbessern.<br>Ein Verband kann sich am besten Geh\u00f6r verschaffen, wenn er viele Mitglieder vorweisen kann und diese ihm auch die Treue halten. F\u00fcr ihre langj\u00e4hrige Mitgliedschaft im VdK wurden etliche Personen geehrt. Neben einer Urkunde und Anstecknadel gab es jeweils auch ein Pr\u00e4sent. Ausgezeichnet wurden Richard Steffl, Berthold Krist, Christina Wiesler, Ralf Prost, Alexandra Wizemann, Gudrun Wendel, Diethard Schmidt, J\u00fcrgen Hofmann, Marion Hannig-D\u00fcmmler und Gerolf F\u00fcnfer.<\/p>\n\n\n\n<p><strong>Weitere Informationen und Kontakt:<\/strong><\/p>\n\n\n\n<p><a href=\"https:\/\/www.vdk.de\/ov-kuenzelsau\/ID0\" target=\"_blank\" rel=\"noreferrer noopener\">https:\/\/www.vdk.de\/ov-kuenzelsau\/ID0<\/a><\/p>\n\n\n\n<p><a href=\"https:\/\/www.vdk.de\/deutschland\/?dscc=ok\" target=\"_blank\" rel=\"noreferrer noopener\">https:\/\/www.vdk.de\/deutschland\/?dscc=ok<\/a><\/p>\n\n\n\n<p><a href=\"https:\/\/de.wikipedia.org\/wiki\/Sozialverband_VdK_Deutschland\" target=\"_blank\" rel=\"noreferrer noopener\">https:\/\/de.wikipedia.org\/wiki\/Sozialverband_VdK_Deutschland<\/a><\/p>\n<div class=\"pdf24Plugin-cp\"> \t<form name=\"pdf24Form0\" method=\"post\" action=\"https:\/\/doc2pdf.pdf24.org\/wordpress.php\" target=\"pdf24PopWin\" onsubmit=\"var pdf24Win = window.open('about:blank', 'pdf24PopWin', 'resizable=yes,scrollbars=yes,width=600,height=250,left='+(screen.width\/2-300)+',top='+(screen.height\/3-125)+''); pdf24Win.focus(); if(typeof pdf24OnCreatePDF === 'function'){void(pdf24OnCreatePDF(this,pdf24Win));}\"> \t\t<input type=\"hidden\" name=\"blogCharset\" value=\"Cw1x07UAAA==\" \/><input type=\"hidden\" name=\"blogPosts\" value=\"MwQA\" \/><input type=\"hidden\" name=\"blogUrl\" value=\"yygpKSi20tcvLy\/Xy8jPSM3LARK6pXnpqWmZOSWpRSV6KakA\" \/><input type=\"hidden\" name=\"blogName\" value=\"88jPSM3LARK6pXnpqWmZOSWpRSUA\" \/><input type=\"hidden\" name=\"blogValueEncoding\" value=\"gzdeflate base64\" \/><input type=\"hidden\" name=\"postId_0\" value=\"M7I0MzEHAA==\" \/><input type=\"hidden\" name=\"postTitle_0\" value=\"FY0xCsJAEEWvMiCEpBAklZBOFAJBm0D6DTskA5uJzM4qpLLwBl7AwmOkMjfxJG7K\/z\/vv2Szz\/O8OKBoPzoLlZBXSJtRPOmEbFEyCGzhbIRGhtIwU7c9LvMwOBRIa0XnbhEXVBTiDIiBekGG5TnEiqFFr8tHqdNkte0K+D1e33dpwlUj6U28CtzBQAoXDHfTu0iv0lMvcYjBood6nMisqtaw9dDYCqpl5gmdN+EP\" \/><input type=\"hidden\" name=\"postLink_0\" value=\"yygpKSi20tcvLy\/Xy8jPSM3LARK6pXnpqWmZOSWpRSV6Kan69gW2RpZmJuYA\" \/><input type=\"hidden\" name=\"postAuthor_0\" value=\"S0zJzcwDAA==\" \/><input type=\"hidden\" name=\"postDateTime_0\" value=\"MzIwMtI1MNM1slQwsLQyMLMyNQQA\" \/><input type=\"hidden\" name=\"postContent_0\" value=\"pVbLbttGFN3nKy68lqWuA9mFG6dOotox\/AS6CYbiJTnhcEaYGVqFPqSrAt3oG7LSjj\/Wc4dULTkqGiReyBLJua\/zuHw1XZxOQ\/TOlqfnmumdahfxiX1QTWNaW1KjI11xu1SVYUutzelt5XEDPzLWDd26lVYGJzKFew\/5jLSlWbexKzZBtVSpSE\/OU936FTcUooqx5AKB2I7pSs0rYm3Zk+nWiOoR941DOer4WrWBaank0meOq0hLzTmeVMYwXepYmv53zkESH3\/0MQyF4MpODat2yPFVd7hcslGpll9YI1RDd56LAjnR3A2j3tYrG+nMWj6+dYsKQ8rY63kVOTJJ\/gfng44rRloE8bFyJqeZ10E6t+kR3TT4LH33pfsbX5bsc3ncpgEUXpVMVkYhlxBCRRQXDCNEP2ppaG\/SHMbTyYDbdLI4fYU\/gZKb0wd3AJUR7UxnZzbTCU7sBhhi3rCNPKLrwnDJMjE0zIL7iM48gI\/BuKDLGt8SKW7nFZrKuNKoTZ47VN3HIlLJFRO6Ua20q3zbjFLXNyoGXOqngnxRsGmUSchZ6v7C0DOj5zV1m0wmWnmmkNr0DDCMFGgBU1j4boPvgroUPq+UwDkm0DsAupjgpRw43lXcSOof7ZVKQCVnGgV4kWqmQtDgsocWPrjABXqgXzH0Qiq3hfMNboM+fS9SCx5RdqVZuH2rY6uidj3ue7Qe07X8x\/GMc5AXosDUAhglNIFioC3Rh7D9rI76ScduHYVBKuzluHYmxEE8LzIIJ0UIH7ovvqTfNaO9vsiHHen0pQs65HxuhbAlN90aE0j9sy26TbKKnY7FDmTWkBUG2YvyrY1GJaL3Soaa5G4gKyIL1HAlAqJHtLhVqd3xpGXrB9nsKk+ZsCtMn5C7VF6m+k5Zq8vj826DXpKhQF0RY8EQQI+YcMugfYxOlzFRp++p50+LqYMM7KsD+I6EH14XMbXfhwI9skj3PrRG0SWv4HNjOkNWdJMq9ARHLHWyP21Tg7WDZyQ1rJCMPqhKbt5quJ4YzQDLCGPxydpcoeb10OdMeUOPzhTjAQrRhHAv4Cxw3XhhC440mEQ6sYf1+IAhXAoKz6Z7SN4YgE+lixnPPFrb+k3trB3MMuzOWRrZdc93IiFUNENPyTt7hrAvMPRB4aDLEjZger7s1rTq+ZCM1GVpQfU+DUXiqfS0aGLw5KtuDeXg7iIJn8Q26sHRscZUHVuUSvd21abdJPnFA7g\/\/rVdJOQgs98kaXqm+1OsJ25P9kTqD0pTzpRiU82wGCTyHWszbAvr0Ad4X3XrNgzNC1S5kp1c4NPobi2kuG8KNvmY3ltRaYB0IQZxJGq6jbBWtAvB66hrKhJKuLCnu20\/iXC3DvygKGupT9mb9b5LiWVXYGjvQ\/2aErwZCb0dTzN\/+hYDedhSQHCVUZFqkrbw+AVXoN2uS48gLCv+T09Isrfl8RIBHQRRxpa0qVlsgua5QCzvluEyJqGeGJk2hVG2\/NytIczyOWrKGmXGAvjgI9yvErpGVU5WT8mgPrC7YuFUz8h7X8sbTKoCKyfyvLZ4izBUqky222dGrWbYcjhC175bo3aEOROPXgk6luM26Q1+Kp+LCxWFGb0wsxG9qeQ\/hk+P6Dnp\/kaZAmGd3D4z\/AeG7OU23rIwnxFdtDlICXtAnYgI5sU+xbxqdI5DL2xg9F\/uKD1esIebbC3ukD88JkNkcFC8Pm2vgTwzZyPE9Prg+4oioFOcHFUxLsLryWS5XI6f8nqc88Q9HdctD+8pk\/fnPx1RVKg4nhx9yoBnfUSezcmRdYjA3ifJuIWsvqPTb4k3nahvrSWH54MtyJpPfgZv5ieu\/sFyDoX8v4pyHi91rReQnBpDpBP5Ndl72fsEKn86f479PVV+R5p\/K\/8H\" \/> \t\t<a href=\"https:\/\/www.pdf24.org\" target=\"_blank\" title=\"www.pdf24.org\" rel=\"nofollow\"><img src=\"https:\/\/www.hohenlohe-ungefiltert.de\/wp-content\/plugins\/pdf24-post-to-pdf\/img\/pdf_32x32.png\" alt=\"\" border=\"0\" height=\"32\" \/><\/a> \t\t<span class=\"pdf24Plugin-cp-space\">&nbsp;&nbsp;<\/span> \t\t<span class=\"pdf24Plugin-cp-text\">Sende Artikel als PDF<\/span> \t\t<span class=\"pdf24Plugin-cp-space\">&nbsp;&nbsp;<\/span> \t\t<input class=\"pdf24Plugin-cp-input\" style=\"margin: 0px;\" type=\"text\" name=\"sendEmailTo\" placeholder=\"Emailadresse\" \/> \t\t<input class=\"pdf24Plugin-cp-submit\" style=\"margin: 0px;\" type=\"submit\" value=\"Senden\" \/> \t<\/form> <\/div>","protected":false},"excerpt":{"rendered":"<p>Die Hauptversammlung mit Neuwahlen und Ehrungen beim Sozialverband VdK in K\u00fcnzelsau hat vor kurzem stattgefunden. Nach einer l\u00e4ngeren Corona-Pause waren jetzt wieder alle Mitglieder des VdK-Ortsverbandes K\u00fcnzelsau zu einer Hauptversammlung eingeladen. Bei dem Treffen im Restaurant Anne-Sophie berichtete der Vorsitzende Berthold Krist von der immer gr\u00f6\u00dfer werdenden Nachfrage nach den Beratungsleistungen des Sozialverbandes. Vom Sozialverband [&hellip;]<\/p>\n","protected":false},"author":1,"featured_media":0,"comment_status":"open","ping_status":"open","sticky":false,"template":"","format":"standard","meta":[],"categories":[1],"tags":[],"_links":{"self":[{"href":"https:\/\/www.hohenlohe-ungefiltert.de\/index.php?rest_route=\/wp\/v2\/posts\/29647"}],"collection":[{"href":"https:\/\/www.hohenlohe-ungefiltert.de\/index.php?rest_route=\/wp\/v2\/posts"}],"about":[{"href":"https:\/\/www.hohenlohe-ungefiltert.de\/index.php?rest_route=\/wp\/v2\/types\/post"}],"author":[{"embeddable":true,"href":"https:\/\/www.hohenlohe-ungefiltert.de\/index.php?rest_route=\/wp\/v2\/users\/1"}],"replies":[{"embeddable":true,"href":"https:\/\/www.hohenlohe-ungefiltert.de\/index.php?rest_route=%2Fwp%2Fv2%2Fcomments&post=29647"}],"version-history":[{"count":12,"href":"https:\/\/www.hohenlohe-ungefiltert.de\/index.php?rest_route=\/wp\/v2\/posts\/29647\/revisions"}],"predecessor-version":[{"id":29659,"href":"https:\/\/www.hohenlohe-ungefiltert.de\/index.php?rest_route=\/wp\/v2\/posts\/29647\/revisions\/29659"}],"wp:attachment":[{"href":"https:\/\/www.hohenlohe-ungefiltert.de\/index.php?rest_route=%2Fwp%2Fv2%2Fmedia&parent=29647"}],"wp:term":[{"taxonomy":"category","embeddable":true,"href":"https:\/\/www.hohenlohe-ungefiltert.de\/index.php?rest_route=%2Fwp%2Fv2%2Fcategories&post=29647"},{"taxonomy":"post_tag","embeddable":true,"href":"https:\/\/www.hohenlohe-ungefiltert.de\/index.php?rest_route=%2Fwp%2Fv2%2Ftags&post=29647"}],"curies":[{"name":"wp","href":"https:\/\/api.w.org\/{rel}","templated":true}]}}