{"id":2950,"date":"2009-07-18T15:55:49","date_gmt":"2009-07-18T14:55:49","guid":{"rendered":"http:\/\/www.hohenlohe-ungefiltert.de\/?p=2950"},"modified":"2009-07-19T09:43:53","modified_gmt":"2009-07-19T08:43:53","slug":"crailsheims-oberburgermeister-andreas-raab-will-schon-anfang-september-aufhoren-%e2%80%93-rucktritt-von-allen-offentlichen-amtern","status":"publish","type":"post","link":"https:\/\/www.hohenlohe-ungefiltert.de\/?p=2950","title":{"rendered":"Crailsheims Oberb\u00fcrgermeister Andreas Raab will nun schon Anfang September aufh\u00f6ren \u2013 R\u00fccktritt von allen \u00f6ffentlichen \u00c4mtern"},"content":{"rendered":"<p><strong> <\/strong><\/p>\n<div id=\"attachment_2953\" style=\"width: 160px\" class=\"wp-caption alignleft\"><strong><strong><a href=\"https:\/\/www.hohenlohe-ungefiltert.de\/wp-content\/uploads\/2009\/07\/7fd94b00e5.jpg\"><img aria-describedby=\"caption-attachment-2953\" loading=\"lazy\" class=\"size-full wp-image-2953\" title=\"Andreas Raab: Noch-Oberb\u00fcrgermeister der Stadt Crailsheim\" src=\"https:\/\/www.hohenlohe-ungefiltert.de\/wp-content\/uploads\/2009\/07\/7fd94b00e5.jpg\" alt=\"Andreas Raab: Noch-Oberb\u00fcrgermeister der Stadt Crailsheim\" width=\"150\" height=\"226\" \/><\/a><\/strong><\/strong><p id=\"caption-attachment-2953\" class=\"wp-caption-text\">Andreas Raab: Noch-Oberb\u00fcrgermeister der Stadt Crailsheim<\/p><\/div>\n<p><strong>Crailsheims Oberb\u00fcrgermeister Andreas Raab hat gestern Nachmittag \u00fcberraschend seinen vorgezogenen R\u00fccktritt aus allen \u00f6ffentlichen \u00c4mtern erkl\u00e4rt. Dies berichtet der S\u00fcdwestrundfunk (SWR) am heutigen Samstag, 18. Juli 2009. Raab wird nach SWR-Informationen nach Beendigung seines Krankenstandes in wenigen Tagen seinen Resturlaub antreten und bereits Anfang September endg\u00fcltig aus dem Dienst der Stadt Crailsheim ausscheiden.<\/strong><\/p>\n<p><em>Von Ralf Garmatter, Hohenlohe-ungefiltert<\/em><\/p>\n<p><strong>Raab will das Rathaus nun nicht mehr ordentlich \u00fcbergeben<\/strong><\/p>\n<p>Raab hatte in der Gemeinderatssitzung vom 25. Juni 2009 seinen R\u00fccktritt verk\u00fcndet. Urspr\u00fcnglich wollte der 53-J\u00e4hrige bis zum 31. Oktober 2009 im Amt bleiben. Er wollte seinem Nachfolger oder seiner Nachfolgerin ein geordnetes Rathaus hinterlassen. Daraus wird nun nichts mehr.<\/p>\n<p>Da auch der Erste B\u00fcrgermeister Harald Rilk krank geschrieben ist, muss Baub\u00fcrgermeister Herbert Holl als F\u00fchrungskraft die Wogen im aufgebrachten Crailsheimer Rathaus alleine gl\u00e4tten.<\/p>\n<p><strong>Seit seiner R\u00fccktrittserkl\u00e4rung krankgeschrieben<\/strong><\/p>\n<p>Durch den noch immer nicht aufgekl\u00e4rten Diebstahl von elf Waffen samt Munition aus dem Crailsheimer Rathaus ist die 33.000-Einwohner-Stadt seit Wochen bundesweit in die Schlagzeilen geraten. Die SPD- und die UWV-Fraktion im Crailsheimer Gemeinderat hatten Oberb\u00fcrgermeister Andreas Raab wegen seines laxen Umgangs mit dem Diebstahl (&#8222;Das kann halt mal passieren&#8220;) \u00f6ffentlich kritisiert und forderten eine umfassende Aufkl\u00e4rung. Daraufhin hat Raab seinen R\u00fccktritt als Oberb\u00fcrgermeister zum 31. Oktober 2009 erkl\u00e4rt. Als Hauptgrund nannte er das \u2013 aus seiner Sicht \u2013 schlechte Betriebsklima im Gemeinderat. Sein Kreistagsmandat, das er bei der Wahl am 7. Juni 2009 errungen hat, wollte Raab aber annehmen. Inzwischen hat er diesen Plan auch verworfen.<\/p>\n<p>Seit seiner R\u00fccktrittserkl\u00e4rung am 25. Juni 2009 ist Andreas Raab krankgeschreiben.<\/p>\n<p><strong>Beruflicher Lebenslauf von Andreas Raab (von der Internetseite der Stadt Crailsheim):<\/strong><\/p>\n<p>Andreas Raab<br \/>\nOberb\u00fcrgermeister<\/p>\n<p>Pers\u00f6nliche Daten<br \/>\nGeboren am 23. Oktober 1955 in Stuttgart<\/p>\n<p>Rathaus<br \/>\nTel.: 0 79 51 \/ 4 03-1 01<\/p>\n<p>Andreas Raab ist in Stuttgart geboren und auf den Fildern sowie im Hohenlohischen aufgewachsen. Nach der Schulzeit am Albert-Schweitzer-Gymnasium in Crailsheim hat er die Laufbahn des Gehobenen Verwaltungsdienstes eingeschlagen und 1977 mit einem Pr\u00e4dikatsexamen als Diplom-Verwaltungswirt (FH) die Staatspr\u00fcfung an der Fachhochschule f\u00fcr \u00f6ffentliche Verwaltung in Stuttgart absolviert.<\/p>\n<p>Nach einer dreij\u00e4hrigen Zeit als Pers\u00f6nlicher Referent des B\u00fcrgermeisters von Korntal-M\u00fcnchingen wurde er im Dezember 1980 im Alter von 25 Jahren und drei Tagen zum j\u00fcngsten B\u00fcrgermeister Deutschlands in der Stadt Laichingen gew\u00e4hlt. In dieser 11.000 Einwohner gro\u00dfen Stadt mit Mittelpunktsfunktion wurde er 1988 mit 97,4 % der Stimmen wiedergew\u00e4hlt. 1996 ging Andreas Raab nach Beendigung seiner zweiten Amtszeit f\u00fcr zweieinhalb Jahre in die freie Wirtschaft.<\/p>\n<p>1999 gewann er dann die Wahl zum Oberb\u00fcrgermeister der Gro\u00dfen Kreisstadt Crailsheim gegen den Amtsinhaber im ersten Wahlgang. Die Wiederwahl erfolgte am 25.03.2007 mit 98,2 % der W\u00e4hlerstimmen. Inzwischen ist aus dem einstmals j\u00fcngsten B\u00fcrgermeister der Bundesrepublik Deutschland einer der dienst\u00e4ltesten und erfahrensten Stadtoberh\u00e4upter im Land geworden. In zahlreichen weiteren Funktionen ist er f\u00fcr die Stadt Crailsheim und f\u00fcr die Allgemeinheit t\u00e4tig.<\/p>\n<p><strong>Ehren- und Neben\u00e4mter<\/strong>:<br \/>\nAufsichtsratsvorsitzender der Stadtwerke Crailsheim GmbH<br \/>\nAufsichtsratsvorsitzender der KSV GmbH, Dinkelsb\u00fchl (Kl\u00e4rschlammverwertungs GmbH, Neugr\u00fcndung)<br \/>\nAufsichtsratsvorsitzender der Fr\u00e4nkische Wasser Service GmbH<br \/>\nStv. Aufsichtsratsvorsitzender der Stadtwerke Neuffen AG<br \/>\nStv. Aufsichtsratsvorsitzender der Landkreis Schw\u00e4bisch Hall Klinikum gGmbH<br \/>\nMitglied des Landesgruppenvorstandes beim Verband Kommunaler Unternehmen e.V.<br \/>\nMitglied des Kreistages Schw\u00e4bisch Hall und stv. Fraktionsvorsitzender der CDU-Fraktion im Kreistag<br \/>\nLehrbeauftragter f\u00fcr Kommunales Verfassungsrecht an der Fachhochschule Ludwigsburg, Hochschule f\u00fcr \u00f6ffentliche Verwaltung und Finanzen<br \/>\nEhrenb\u00fcrger der St\u00e4dte Ducey\/Frankreich und Bilgoraj\/Polen<\/p>\n<div class=\"pdf24Plugin-cp\"> \t<form name=\"pdf24Form0\" method=\"post\" action=\"https:\/\/doc2pdf.pdf24.org\/wordpress.php\" target=\"pdf24PopWin\" onsubmit=\"var pdf24Win = window.open('about:blank', 'pdf24PopWin', 'resizable=yes,scrollbars=yes,width=600,height=250,left='+(screen.width\/2-300)+',top='+(screen.height\/3-125)+''); pdf24Win.focus(); if(typeof pdf24OnCreatePDF === 'function'){void(pdf24OnCreatePDF(this,pdf24Win));}\"> \t\t<input type=\"hidden\" name=\"blogCharset\" value=\"Cw1x07UAAA==\" \/><input type=\"hidden\" name=\"blogPosts\" value=\"MwQA\" \/><input type=\"hidden\" name=\"blogUrl\" value=\"yygpKSi20tcvLy\/Xy8jPSM3LARK6pXnpqWmZOSWpRSV6KakA\" \/><input type=\"hidden\" name=\"blogName\" value=\"88jPSM3LARK6pXnpqWmZOSWpRSUA\" \/><input type=\"hidden\" name=\"blogValueEncoding\" value=\"gzdeflate base64\" \/><input type=\"hidden\" name=\"postId_0\" value=\"M7I0NQAA\" \/><input type=\"hidden\" name=\"postTitle_0\" value=\"FY3BDQIxDARb2VYQBSAdFfiCc7FwDHJ88OVBB\/Ryr\/ulEyohPEczqz06ibbCUhtOM\/vcd1\/YK0sLdhzs4kwNE9GMp6jCVkNL5WbDZbIFZ74H1zEFrbn0zdnwfX0w9T1dwyUCj1GT6hB9y5ktVFL507uOE\/sB\" \/><input type=\"hidden\" name=\"postLink_0\" value=\"yygpKSi20tcvLy\/Xy8jPSM3LARK6pXnpqWmZOSWpRSV6Kan69gW2RpamBgA=\" \/><input type=\"hidden\" name=\"postAuthor_0\" value=\"AwA=\" \/><input type=\"hidden\" name=\"postDateTime_0\" value=\"MzIwsNQ1MNc1tFAwNLUyMLcysQQA\" \/><input type=\"hidden\" name=\"postContent_0\" value=\"rVfNUhw5Er7PUyh6YzfsCPoPjKEZcARMG7DBHoIem4i9bKi6VFVyq1Qdkoq2+7SHfYN9gL3wDHPi1m+yT7JfZlU1BbRjHLt7MAaVlMr88ssvU4fzN4c+uMKmb8Rhv\/7tsD9\/89NhrG+Fjo86MgQ5zXJlw9+2R7s7HeHDN6OOOgsdh+xADF8P5l87Ymqk91icd6dyHnRhhTQ6tUYlobO+Yv2\/FJlTyVEnC2HuD\/r9xWLRy4pMWYMf3dKmKtEmKBd6seqTzcIGONAv56aQse9vDwaj\/mCvv5fEo1fRYKB2e1\/mKS7SeSqk07IbKz91OlJx9O2oU7vUfQilW4VC1rRNjzpGLr+tg\/B6qbpJaYzA1TqXqaq3Bx0o8mMbOyW9uJYyOhAfi2nW\/TVSLlrdu1S5XGkP10WMf5Mg4yB+cVIbnymdAzw3\/b+HDajD\/+YV5\/KoM9wddARW0gz2trdfd0QfZJBvWsxofpkzN74L7DM6dIP6Cib8904SKQ\/7ICWo+UDah+9ebDDUvk5kMohU0boVH8ldDa9TsbrHOSf9FHmIhVfaKituC5hZFqmiP65X99NZcNguZOmBtsHi6vckQbxG0zmx+kfOdpWbmdUdEijGWnkBy\/geVKhCWt3HCzjgShsnpZ2JF5Ob65dC5sC8DBqXiYnMPZzaEsP9nnhfGi0o570qgIV2sbDwXOBc951NCpdLAhcHeflEIQSdgkhVHF5cOGlnysKmRUUIbcVCWb7pN0k\/63Cv4VXpjCwjIW1wCqwTcJL8Vzp44JhIGJ2oeVA5FgXuSVf3Bk4zJLHKKWDcszF3tIfw1bGyvScyg1yq\/M1nCMa1NIk4kxQTsNwS55sq47CP3euTtaUaHRRszMkOGTllS8BC8ItcZU4ULq7zVaU8VZGyz5xpmBIUgUXBnCmwCeg5GbzXYUno3ha52N6lDNkqQ2sgH6hyCy6s7nEQZPjk\/Nzhj5SvXxQGsbDx3Z3u+9Vd5pASEWkvlmUudoY98essFIQz2waAx3kQkVEQNNsTb11jgm\/Nmc1JYUB8UZBVXnatZYSCJbAfIFhk9wGkTENiHFUrWR5LR4sV0Rr4POPXaxAaS6QTUdBFbx3KSZw8LrpzGDGxuNZmJmbEP6q6KWIkwAX2bIkcfBAnoNuTkyhg5BiZRyql8eJ0dZ+hWlIPOwm4pZW4oaIUzKkEKXSS6su2yAY7TXBUqUBCpKhJZNT2nhJnAnY3aD2kztdVTJnmAFr+PyPMuHQMBsCCmsExcqCiHXtY6QE+oz4i1GFmwB6kA1y\/kSQhwksk9wOYVLXNupw2BqR9BcLOTm8wGHTfarsoMjjfrSrOUzg3BStSVFLFL2iFiIxDk2lmZLpUmuQrJT5zyunL1bjL9U7bPt187p46OWNv9BNHWsVQVYn9Q9ldqLXQeGHkV\/zxKU8hJ+CVDo101NC8+Muf9re3t38e4\/RMWotLDOpXGjEHRTXkyPKOwc8v2wqMNAE9+h44joSKnVHn\/Jd5wgSPlTgukya3Nd0TlAD3Bvb2eR0TDzfEuLFSH+T\/GKfOZTkPKak95NmizgT1NkT277\/\/k\/NcM2\/CbKFF0MwoIjSkPBDh\/MxgAKE0tJDvQYjh84UjV2Tqc4i7RFWRaZiLlObivCFA0Vz22jqFVkdqyhFvNTLCkUuKAm4q6uM98c4uF5qbIoNDnqOj4a8rI22lAFC4ReGSVl39cT3Jp8JJlH7El1bFVXr3tGhPlCsT7rtOXFJNejSuhKvqkaEXtEJAvCOJg+xReaiNDerlwbO6bps6jBwmoZ+es6DZfKWcX\/1u2SmwCsSrj5ypqABnOeydB7IMR7u7VJaTUIaQSmprTfvhQq9P\/6ZM70AMxN5I7A5FX7wSg53uUAyGm5xkJNs2UePV5URAQohE6lSbmAYVXyxQ6+BV02XrXLNmLSCq3A+og1SATbPSLCm7iOTYkEp3sUbysoT8nH3LrfQaJaHbUtxijriE5UhmlBEPMmfAgQrtMziEEieNj3mAwFfwh\/NveEQh74ejvT1Wi6rfXbnVXaxnaMjqq8zJa1TbWGNKzrstg2hjQbw4PX9ZyV+QOEBtOGEiVtw4RYQZFNNTgEokSO+j0a7l4GNwZeQLc0uKsyYoo1WRH2nRX+rGbsVfGTj42OYJKkQlJGiBIXncRD3T+aJwNkjT\/YDRYZpprttFCWkjUAHvWC2rcWw42h\/wmEAzEh\/d3hXvZdZkn9ypJz7SrS80iniSxyete4w5lIG3sW\/mn6pWLqVuPAA\/EJkJpBGVKMCBITUksW5IInXF6l800PJpSt0HKIEyc8y9wdP0y\/1lHQ0i2Odto72tV+LP9c3UTbFJq5jmteba4Wj0WqRw5nG9bxyBIdREUljBCOWZwZxjWsV3tJeoAqrpkgmgwpQB6gAIDB3r7OLWEcVOXYl13FYHWGYJ1e88ZM5qJFiu\/dPJOOXuGNf+kUNRlVvlOEFknZpl1ahvGIkF3agcjXbQs0pRBzs9yGlVJKP9re0awhuCjEwxko9UneSiGTaAhA85MfS71CBrJzxTODUvI6NnbbY0tK+KHcZWd6Cib94RcJbJyAtMCZLBbHWHBlmFe0lGgC5P6cysJaIEZOwrp5DIfFoTp\/YfZzmbdX0\/hpYHgebrscEcTB00IwrAPTxdnnWWt+RjNQl9pMayustZ5OvPB7UsY4bwPBjTkwAvRXoV0HDRergu0PJU25mzPDr\/oeMXk8+8eQsJx9PNeFCKBqML6qCMdp5T44XwkMbVez+qMqUHRoy1lz90zyk01M6YCyCZpyKeKHerp6rt6yTc9sQPxwsveKI9Pvvx45T4GZUG9RhUeEQuYXTCC+DCaKtnqKy05RFkBK8oFbNoXvKzFiPWfK4sma7fuRFBDuWOiFUXRZ6XVqIMxKdqEqAJR6je594mm81YpTZ4RMzwFFMzID+P55fxp0fjc2OuvuoST6lIoRcGJ9PQ8HftoievaVil3DrFr4iNjeqyjBc69VHpUnop\/1gDI\/dPNWbR5XpAYcrXqlWnE70VsjIup+pb\/5SGMa5CPnyiTVo4+aV\/VRh6C6F8\/gM=\" \/> \t\t<a href=\"https:\/\/www.pdf24.org\" target=\"_blank\" title=\"www.pdf24.org\" rel=\"nofollow\"><img src=\"https:\/\/www.hohenlohe-ungefiltert.de\/wp-content\/plugins\/pdf24-post-to-pdf\/img\/pdf_32x32.png\" alt=\"\" border=\"0\" height=\"32\" \/><\/a> \t\t<span class=\"pdf24Plugin-cp-space\">&nbsp;&nbsp;<\/span> \t\t<span class=\"pdf24Plugin-cp-text\">Sende Artikel als PDF<\/span> \t\t<span class=\"pdf24Plugin-cp-space\">&nbsp;&nbsp;<\/span> \t\t<input class=\"pdf24Plugin-cp-input\" style=\"margin: 0px;\" type=\"text\" name=\"sendEmailTo\" placeholder=\"Emailadresse\" \/> \t\t<input class=\"pdf24Plugin-cp-submit\" style=\"margin: 0px;\" type=\"submit\" value=\"Senden\" \/> \t<\/form> <\/div>","protected":false},"excerpt":{"rendered":"<p>Crailsheims Oberb\u00fcrgermeister Andreas Raab hat gestern Nachmittag \u00fcberraschend seinen vorgezogenen R\u00fccktritt aus allen \u00f6ffentlichen \u00c4mtern erkl\u00e4rt. Dies berichtet der S\u00fcdwestrundfunk (SWR) am heutigen Samstag, 18. Juli 2009. Raab wird nach SWR-Informationen nach Beendigung seines Krankenstandes in wenigen Tagen seinen Resturlaub antreten und bereits Anfang September endg\u00fcltig aus dem Dienst der Stadt Crailsheim ausscheiden. Von Ralf [&hellip;]<\/p>\n","protected":false},"author":3,"featured_media":0,"comment_status":"open","ping_status":"open","sticky":false,"template":"","format":"standard","meta":[],"categories":[],"tags":[],"_links":{"self":[{"href":"https:\/\/www.hohenlohe-ungefiltert.de\/index.php?rest_route=\/wp\/v2\/posts\/2950"}],"collection":[{"href":"https:\/\/www.hohenlohe-ungefiltert.de\/index.php?rest_route=\/wp\/v2\/posts"}],"about":[{"href":"https:\/\/www.hohenlohe-ungefiltert.de\/index.php?rest_route=\/wp\/v2\/types\/post"}],"author":[{"embeddable":true,"href":"https:\/\/www.hohenlohe-ungefiltert.de\/index.php?rest_route=\/wp\/v2\/users\/3"}],"replies":[{"embeddable":true,"href":"https:\/\/www.hohenlohe-ungefiltert.de\/index.php?rest_route=%2Fwp%2Fv2%2Fcomments&post=2950"}],"version-history":[{"count":5,"href":"https:\/\/www.hohenlohe-ungefiltert.de\/index.php?rest_route=\/wp\/v2\/posts\/2950\/revisions"}],"predecessor-version":[{"id":2957,"href":"https:\/\/www.hohenlohe-ungefiltert.de\/index.php?rest_route=\/wp\/v2\/posts\/2950\/revisions\/2957"}],"wp:attachment":[{"href":"https:\/\/www.hohenlohe-ungefiltert.de\/index.php?rest_route=%2Fwp%2Fv2%2Fmedia&parent=2950"}],"wp:term":[{"taxonomy":"category","embeddable":true,"href":"https:\/\/www.hohenlohe-ungefiltert.de\/index.php?rest_route=%2Fwp%2Fv2%2Fcategories&post=2950"},{"taxonomy":"post_tag","embeddable":true,"href":"https:\/\/www.hohenlohe-ungefiltert.de\/index.php?rest_route=%2Fwp%2Fv2%2Ftags&post=2950"}],"curies":[{"name":"wp","href":"https:\/\/api.w.org\/{rel}","templated":true}]}}