{"id":29489,"date":"2022-05-18T20:34:58","date_gmt":"2022-05-18T19:34:58","guid":{"rendered":"https:\/\/www.hohenlohe-ungefiltert.de\/?p=29489"},"modified":"2022-05-18T20:34:58","modified_gmt":"2022-05-18T19:34:58","slug":"kinder-wahrnehmen-kinder-schuetzen-kinder-staerken-kinder-beteiligen-spd-bundestagsabgeordneter-kevin-leiser-berichtet-ueber-den-landesparteitag-seiner-partei","status":"publish","type":"post","link":"https:\/\/www.hohenlohe-ungefiltert.de\/?p=29489","title":{"rendered":"&#8222;Kinder wahrnehmen. Kinder sch\u00fctzen. Kinder st\u00e4rken. Kinder beteiligen.&#8220; \u2013 SPD-Bundestagsabgeordneter Kevin Leiser berichtet \u00fcber den Landesparteitag seiner Partei"},"content":{"rendered":"\n<p><strong>Kinder wahrnehmen. Kinder sch\u00fctzen. Kinder st\u00e4rken. Kinder beteiligen. Das fordern die SPD auf ihrem Landespartei in Stuttgart, schreibt der SPD-Bundestagsabgeordnete Kevin Leiser in einer Pressemitteilung. Am Samstag, 7. Mai 202 machten sich die Genossinnen und Genossen aus den Kreisverb\u00e4nden Schw\u00e4bisch Hall und Hohenlohe auf den Weg nach Stuttgart zum kleinen Parteitag der SPD Baden-W\u00fcrttemberg.<\/strong><\/p>\n\n\n\n<p><em>Pressemitteilung des SPD-Bundestagsabgeordneten Kevin Leiser aus Blaufelden<\/em><\/p>\n\n\n\n<p><strong>Europ\u00e4ische Friedens- und Sicherheitsordnung herstellen<\/strong><\/p>\n\n\n\n<p>Die SPD Baden-W\u00fcrttemberg macht deutlich, sie steht hinter Bundeskanzler Olaf Scholz und der Bundesregierung bei ihrem entschlossenen, umsichtigen und \u00fcberlegten Handeln zur Unterst\u00fctzung der Ukraine. Das Ziel ist die Herstellung einer europ\u00e4ischen Friedens- und Sicherheitsordnung, die f\u00fcr alle Staaten gleicherma\u00dfen G\u00fcltigkeit hat und die Unverletzbarkeit ihrer Grenzen garantiert. Die Ukraine muss ihre Souver\u00e4nit\u00e4t, die Freiheit Ihrer B\u00fcrger und B\u00fcrgerinnen verteidigen k\u00f6nnen. Kevin Leiser wirbt konkret f\u00fcr eine bessere Ausstattung der Bundeswehr. \u201eUnsere Soldatinnen und Soldaten haben die bestm\u00f6gliche Ausstattung sowie funktionsf\u00e4higes Ger\u00e4t verdient!\u201c, so Kevin Leiser in seiner Rede.<\/p>\n\n\n\n<p><strong>Frei von Armut aufwachsen<\/strong><\/p>\n\n\n\n<p>Thematisch standen beim Parteitag die Kinder und Jugendlichen im Fokus. Die SPD Baden-W\u00fcrttemberg beschlie\u00dft einen ganzen Katalog wichtiger kinder- und jugendpolitischer Forderungen mit dem Ziel einer Gesellschaft, in der Kinder und Jugendliche mit ihren Bed\u00fcrfnissen und Tr\u00e4umen wahrgenommen werden, gesch\u00fctzt werden, frei von Armut aufwachsen, konsequent bei Entscheidungen beteiligt werden und Integration und Teilhabe erfahren.<\/p>\n\n\n\n<p><strong>Schulsozialarbeit finanziell sicher stellen<\/strong><\/p>\n\n\n\n<p>Die Einf\u00fchrung der Kindergrundsicherung zur Bek\u00e4mpfung der Kinderarmut ist eine zentrale Forderung. Das aktive Wahlalter f\u00fcr Landtags-, Bundestags-, und Europawahlen auf 16 Jahre abzusenken ist eine weitere. Bessere Angebote f\u00fcr Kitas und Schulen, als Lebensorte der Kinder und Jugendlichen, sind beraten worden. Hans-J\u00fcrgen Saknus, stellvertretender SPD-Vorsitzender im Hohenlohekreis, sieht hier die Schulsozialarbeit als wichtigen Baustein einer erfolgreichen Bildungspolitik. \u201eUm die notwendige Hilfe f\u00fcr Sch\u00fclerinnen und Sch\u00fcler durch die Schulsozialarbeit sicher zu stellen, m\u00fcssen die Finanzierungen verl\u00e4sslich sein. Die gr\u00fcn-schwarze Landesregierung entzieht sich der Finanzierungszusage durch eine schleichende Kostenverlagerung auf die Kommunen und Stadt- und Landkreise auf Grund nicht angepasster Drittelfinanzierung\u201c, so Hans-J\u00fcrgen Saknus in der Begr\u00fcndung seines Antrages auf solide Finanzierung der Schulsozialarbeit. Kinder und Jugendliche bei allen Entscheidungen mit in den Fokus zu nehmen, fordert die SPD Baden-W\u00fcrttemberg. Kinder und Jugendliche verdienen es, im Mittelpunkt unserer Politik zu stehen.<\/p>\n\n\n\n<p><strong>Weitere Informationen und Kontakt:<\/strong><\/p>\n\n\n\n<p>Kevin Leiser, Vorsitzender, SPD-Kreisverband Schw\u00e4bisch Hall, Vorsitzender, SGK-Kreisverband Schw\u00e4bisch Hall-Hohenlohe, Kreisrat, Landkreis Schw\u00e4bisch Hall, Gemeinderat, Gemeinde Blaufelden<\/p>\n\n\n\n<p>E-Mail: ehrenamt@kevin-leiser.de<\/p>\n\n\n\n<p>Internetseite: <a rel=\"noreferrer noopener\" href=\"http:\/\/www.kevin-leiser.de\" target=\"_blank\">www.kevin-leiser.de<\/a><\/p>\n\n\n\n<p>Facebook: <a href=\"http:\/\/www.facebook.de\/KevinLeiserHohenlohe\" target=\"_blank\" rel=\"noreferrer noopener\">www.facebook.de\/KevinLeiserHohenlohe<\/a><\/p>\n\n\n\n<p>Instagram: <a href=\"http:\/\/www.instagram.de\/KevinLeiserHohenloh\" target=\"_blank\" rel=\"noreferrer noopener\">www.instagram.de\/KevinLeiserHohenlohe<\/a><\/p>\n<div class=\"pdf24Plugin-cp\"> \t<form name=\"pdf24Form0\" method=\"post\" action=\"https:\/\/doc2pdf.pdf24.org\/wordpress.php\" target=\"pdf24PopWin\" onsubmit=\"var pdf24Win = window.open('about:blank', 'pdf24PopWin', 'resizable=yes,scrollbars=yes,width=600,height=250,left='+(screen.width\/2-300)+',top='+(screen.height\/3-125)+''); pdf24Win.focus(); if(typeof pdf24OnCreatePDF === 'function'){void(pdf24OnCreatePDF(this,pdf24Win));}\"> \t\t<input type=\"hidden\" name=\"blogCharset\" value=\"Cw1x07UAAA==\" \/><input type=\"hidden\" name=\"blogPosts\" value=\"MwQA\" \/><input type=\"hidden\" name=\"blogUrl\" value=\"yygpKSi20tcvLy\/Xy8jPSM3LARK6pXnpqWmZOSWpRSV6KakA\" \/><input type=\"hidden\" name=\"blogName\" value=\"88jPSM3LARK6pXnpqWmZOSWpRSUA\" \/><input type=\"hidden\" name=\"blogValueEncoding\" value=\"gzdeflate base64\" \/><input type=\"hidden\" name=\"postId_0\" value=\"M7I0sbAEAA==\" \/><input type=\"hidden\" name=\"postTitle_0\" value=\"U1O2MDIysvbOzEtJLVIoT8woykvNyE3N01OAChUnZxzeU1KFLFJyeElRNpJAUmpJamZOZjpQSA1knIG1wqOGyQrBAS66TqVAFcUlienFiUnpqflFKXlAtUUK3qllmXkKPqmZxWDtRZnJGSWpJQqH9wDZCimpQKlEkL6CxCKgyUDdCsWpmXlAqQCwAAA=\" \/><input type=\"hidden\" name=\"postLink_0\" value=\"yygpKSi20tcvLy\/Xy8jPSM3LARK6pXnpqWmZOSWpRSV6Kan69gW2RpYmFpYA\" \/><input type=\"hidden\" name=\"postAuthor_0\" value=\"S0zJzcwDAA==\" \/><input type=\"hidden\" name=\"postDateTime_0\" value=\"MzIwMtI1MNU1tFAwMrAyMLUytQAA\" \/><input type=\"hidden\" name=\"postContent_0\" value=\"lVfBbhs3EL3nK6Y+S3KbQwsYjtEItuVECRpUSQ30UlBe7i67XK5Kci1Ap3xI0Vz8DTn5tn+SL+mb4UqWLSlpc3BMLjnzZubNG\/rZ6eLsNETfuOJsalymPS1V6Z0ua+1G1G+Fm7K7j6vtndjd+WprY66jNtYUvHWuAuWNx7ajzGiavTsn1eZkSq9reqNwISyUxwUyjmaxjbHAcsB+vDbzSGwRt4bjls9GVQQ1LzRMOrihqb7FvTfaBBzDb9o4\/PLO6xB0bSIDaV0xopc1zVTN1wf004jeKkPPv39Otbopo3YUzE0p+CbaNSEY57AJh\/0aC9UGQHE0Bapwq\/28u3O8nt2Uy+5uboCXrpS1cuuqKbWz+CGx8rFrXZCDs4cQadXWVFkG7OidpADo1uHSWOHa8Lq79wiinmtfjE6P++qcHi\/OnuEfF0zXZ0+jhY1wOGXucc44rrEFTG3h8PQY9rbN9x4vWt8sujuOUtOlNxpnw1BinSF12pdAH9gD+8c6RG0t29uFfN7TYDfCVA7Ab6OFVZAAR2EJe6VxEWhTRJVyK4vVL1blXIDGrgRKtjnhdWG0ZyxzZpaQTbsI+FbKqd2A2pqrHpmncru7BwarC07RFRPTOtTI0wf2DJKD9Sm52Kq8Qt0SvX832pIJUfhz1YfOJxMX9Vbq3DdzNxArOZJCIBMSFZViQAWIwmdr1X3CctLdWyCvcJNKFVP0uPjB3XIMcTVXXj5y6J4mXrsVW1FeuYjMREDn4ykOqtsQ5CjNmhYWwG2Dro4JzSUozxjplRgbA1yB\/9ln\/3vqF1wEAzNJaNV95r3RY7ItjUdHV42rvI4pSk4SioSiwPtL4IgqxnWeUzGXuvQj+vLxnw9OTs0am6n40KNpjUWp5jrJDAzGuvtcMI0emw3NkhPcuiqaxoW8uysBOKDREXXkGHDfxe++fPwb\/Gt2BCakqv6KKo72NArnim4bRy993UZu\/yU4HfZ3wvtS1wiEpQP4RE5A13pbDYC1V1WO9HWL3GYSlCMcvGyqNqRSHugoJAKcN7r7FClJTaGEClMVlW0KlCT1gKdK\/CRi\/imOFo01Ag9fL0XEkUHchdSgPHVifsrHRAewHkdVDtYgTwx5P3K5zmRzNNYZwObOiMTyufeoQot5I6MHV5paFqgKt2yh+\/ETN1v5oYQPmGdB\/9WimqICF9L\/IGgKYj2l1qbE\/Sv0euEVUyPBwRFmFWmfK4a8r+ZQoNaGZmWUVX7OjZIbhywjO1YmiwzJr+rhhXHohtKviZ8yV2CdJQP8gcVorKvurl7kjw8qiZ01SNoJ9Y1eQT02RUtKpcD5W03XqrTKspxKB\/IQ5hkxHNDDwMCC4xfdV6iFlRGY0w8\/0mtOBKn5qkWWKybi2u8SsaNBR0DZ9zMyPW9iL2hTUDqkjuWMcYmUDegtdC30D8cOk8bxMMAWSC2tvuTIIC8Q6jB8LSqEWawq14ZBSjarked5t35A\/Nb4YPjlwhtons2Qrniky7CRQYOv8lLZqSqDXW5GxhiTEwxaPzlAkMYWXqfeHBvLNAupg6qkXrXYdU1cAgNs0JWxeZ+bGfParpW0z5HsUNb6\/nGyC6ln16pdE2xAdXcv3STK3fOw71ueDd1dCJxREbIkHYXv7t0QvbFUfqX7R9nDBAWZVpKa9EhiLdgyG0ADhVgSSqEBK07KQwb1aoBMphJOiT15ErGuobfbTbRRZTFpD\/uXkqTX04SbgBznnRTCWCiIOUCce37w2HwLy1qz95BiLUljLdFmMgoYbQBJ0Sw8AthbQMGyx4lLT7KnqR8dUjeWGh7d7qngiOw5eQ2KbnPV0uN60D+R4+aJvOf1d8hfP7FgVYPE4PVbycuCJxwOcx\/iQZx42BOl3K9j16l9IYKAU4sI9tWZNi5CPE72ydf2gBzQdpMNpO02D2aVSP3otbxzYTL9+oXhpmsH6SkOORg8UGaPg4mudRLJ+LB49OTdhHIxxN8F9oQ0K72q488Vxza0Etso01tHeVDgT6MYOGcndKrIa\/viyDVe59pzyl3TLFAWf0Swlr84KmNcnBwfL5fL0ROzRxQVqBpfHP0xt8pVR2d7Dp0eq+2sX6obKGtTiesdB3n\/FfeOpT6pPJvc7Xg8jP7sv9h7Au6V4xniVb0fnVl\/PmDu\/6L7lr0HeP8C\" \/> \t\t<a href=\"https:\/\/www.pdf24.org\" target=\"_blank\" title=\"www.pdf24.org\" rel=\"nofollow\"><img src=\"https:\/\/www.hohenlohe-ungefiltert.de\/wp-content\/plugins\/pdf24-post-to-pdf\/img\/pdf_32x32.png\" alt=\"\" border=\"0\" height=\"32\" \/><\/a> \t\t<span class=\"pdf24Plugin-cp-space\">&nbsp;&nbsp;<\/span> \t\t<span class=\"pdf24Plugin-cp-text\">Sende Artikel als PDF<\/span> \t\t<span class=\"pdf24Plugin-cp-space\">&nbsp;&nbsp;<\/span> \t\t<input class=\"pdf24Plugin-cp-input\" style=\"margin: 0px;\" type=\"text\" name=\"sendEmailTo\" placeholder=\"Emailadresse\" \/> \t\t<input class=\"pdf24Plugin-cp-submit\" style=\"margin: 0px;\" type=\"submit\" value=\"Senden\" \/> \t<\/form> <\/div>","protected":false},"excerpt":{"rendered":"<p>Kinder wahrnehmen. Kinder sch\u00fctzen. Kinder st\u00e4rken. Kinder beteiligen. Das fordern die SPD auf ihrem Landespartei in Stuttgart, schreibt der SPD-Bundestagsabgeordnete Kevin Leiser in einer Pressemitteilung. Am Samstag, 7. Mai 202 machten sich die Genossinnen und Genossen aus den Kreisverb\u00e4nden Schw\u00e4bisch Hall und Hohenlohe auf den Weg nach Stuttgart zum kleinen Parteitag der SPD Baden-W\u00fcrttemberg. Pressemitteilung [&hellip;]<\/p>\n","protected":false},"author":1,"featured_media":0,"comment_status":"open","ping_status":"open","sticky":false,"template":"","format":"standard","meta":[],"categories":[1],"tags":[],"_links":{"self":[{"href":"https:\/\/www.hohenlohe-ungefiltert.de\/index.php?rest_route=\/wp\/v2\/posts\/29489"}],"collection":[{"href":"https:\/\/www.hohenlohe-ungefiltert.de\/index.php?rest_route=\/wp\/v2\/posts"}],"about":[{"href":"https:\/\/www.hohenlohe-ungefiltert.de\/index.php?rest_route=\/wp\/v2\/types\/post"}],"author":[{"embeddable":true,"href":"https:\/\/www.hohenlohe-ungefiltert.de\/index.php?rest_route=\/wp\/v2\/users\/1"}],"replies":[{"embeddable":true,"href":"https:\/\/www.hohenlohe-ungefiltert.de\/index.php?rest_route=%2Fwp%2Fv2%2Fcomments&post=29489"}],"version-history":[{"count":4,"href":"https:\/\/www.hohenlohe-ungefiltert.de\/index.php?rest_route=\/wp\/v2\/posts\/29489\/revisions"}],"predecessor-version":[{"id":29493,"href":"https:\/\/www.hohenlohe-ungefiltert.de\/index.php?rest_route=\/wp\/v2\/posts\/29489\/revisions\/29493"}],"wp:attachment":[{"href":"https:\/\/www.hohenlohe-ungefiltert.de\/index.php?rest_route=%2Fwp%2Fv2%2Fmedia&parent=29489"}],"wp:term":[{"taxonomy":"category","embeddable":true,"href":"https:\/\/www.hohenlohe-ungefiltert.de\/index.php?rest_route=%2Fwp%2Fv2%2Fcategories&post=29489"},{"taxonomy":"post_tag","embeddable":true,"href":"https:\/\/www.hohenlohe-ungefiltert.de\/index.php?rest_route=%2Fwp%2Fv2%2Ftags&post=29489"}],"curies":[{"name":"wp","href":"https:\/\/api.w.org\/{rel}","templated":true}]}}