{"id":29239,"date":"2022-03-05T16:16:36","date_gmt":"2022-03-05T15:16:36","guid":{"rendered":"https:\/\/www.hohenlohe-ungefiltert.de\/?p=29239"},"modified":"2022-03-05T16:18:48","modified_gmt":"2022-03-05T15:18:48","slug":"krieg-ist-ein-versagen-der-politik-rede-von-jochen-duerr-dgb-bei-der-friedenskundgebung-in-schwaebisch-hall","status":"publish","type":"post","link":"https:\/\/www.hohenlohe-ungefiltert.de\/?p=29239","title":{"rendered":"&#8222;Krieg ist ein Versagen der Politik&#8220; \u2013\u00a0Rede von Jochen D\u00fcrr (DGB) bei der Friedenskundgebung in Schw\u00e4bisch Hall"},"content":{"rendered":"\n<p><strong>Jochen D\u00fcrr, DGB-Kreisvorsitzender Schw\u00e4bisch Hall, hat bei der Kundgebung f\u00fcr Frieden in der Ukraine am  Donnerstag, 3. M\u00e4rz 2022 auf dem Marktplatz in Schw\u00e4bisch Hall gesprochen. Hohenlohe-ungefiltert ver\u00f6ffentlicht die Rede in voller L\u00e4nge.<\/strong><\/p>\n\n\n\n<p><em>Rede von Jochen D\u00fcrr bei der Kundgebung in Schw\u00e4bisch Hall f\u00fcr Frieden in der Ukraine<\/em><\/p>\n\n\n\n<p><strong>Liebe Freund<em>innen. Liebe Kolleg<\/em>innen,<\/strong><\/p>\n\n\n\n<p>der DGB (Deutscher Gewerkschaftsbund) und seine Mitgliedsgewerkschaften verurteilen die kriegerische Aggression Russlands auf die Ukraine auf das Sch\u00e4rfste. Dieser Krieg stellt einen beispiellosen Angriff auf die europ\u00e4ische Friedensordnung dar, die auf Freiheit, Menschenrechten, Selbstbestimmung und Gerechtigkeit basiert. Wir stehen in unserer Geschichte und auch heute auf dem Haller Marktplatz mit einer klaren Haltung: Nationalismus und Militarismus l\u00f6sen keine Probleme, sondern schaffen Elend, Flucht und Armut.<\/p>\n\n\n\n<p><strong> An diplomatischen L\u00f6sungen arbeiten<\/strong><\/p>\n\n\n\n<p>Deswegen haben auch Gewerkschafterinnen in den<em> <\/em>letzten Jahrzehnten in Schw\u00e4bisch Hall in B\u00fcndnissen aktiv u.a. gegen den NATO-Krieg 1999 im ehemaligen Jugoslawien aktiv auf der Stra\u00dfe protestiert. Krieg ist kein Mittel der Politik, sondern ein Versagen der Politik. Die Gewerkschaften erwarten von allen demokratischen Parteien, vor allen den Regierungsparteien: Es muss mit Hochdruck weiter an diplomatischen L\u00f6sungen gearbeitet werden. Der deutschen Bundesregierung kommt eine zentrale Rolle zu und sie ist besonders gefordert bei der Suche nach diplomatischen L\u00f6sungen, die den Krieg beenden und die Perspektive auf eine neue gesamteurop\u00e4ische Architektur des Friedens und der Sicherheit er\u00f6ffnen. Ein gemeinsames Haus Europa ist nur als eine Gemeinschaft souver\u00e4ner, nach au\u00dfen friedlicher und im inneren demokratischer Staaten denkbar, nicht aber in einer Neuauflage des kalten Krieges. Allerdings straft Russland dieses Ziel und verfolgt im Inneren die Opposition gegen den Krieg mit harten Bandagen, mit staatlicher Medienzensur und mehreren tausend verhafteten Demonstrantinnen. Ja, es leiden unter diesem Krieg auch in Russland und hier in Deutschland lebende Menschen russischer Herkunft, die sich nach Frieden und Demokratie sehnen.<\/p>\n\n\n\n<p><strong>Keinen globalen Krieg provozieren<\/strong><\/p>\n\n\n\n<p>Vor diesem erschreckenden Hintergrund glaubt mancher, eine umfassende Militarisierung von Politik, Gesellschaft und internationalen Systemen sei die Ultima Ratio der Stunde. Dazu geh\u00f6rt der Ruf nach einer weiteren Ausweitung der NATO, nach einer gro\u00dfen Finanzspritze f\u00fcr die Bundeswehr und nun auch noch nach einer allgemeinen Wehrpflicht. Dabei steht eins fest: Jede aktive milit\u00e4rische Eskalation von Seiten der NATO k\u00f6nnte einen globalen Krieg provozieren, und dann, liebe Kolleginnen und Kollegen, stehen wir wirklich am Ende der Geschichte.<\/p>\n\n\n\n<p><strong>Entschieden gegen Aufr\u00fcstung eintreten<\/strong><\/p>\n\n\n\n<p>Darum lehnt der DGB das von Bundeskanzler Scholz am Sonntag vorgeschlagene Sonderverm\u00f6gen f\u00fcr Aufr\u00fcstung in H\u00f6he von 100 Milliarden Euro und dauerhafte R\u00fcstungsausgaben von \u00fcber zwei Prozent des Bruttoinlandsprodukts ab. Es darf keine milit\u00e4rische Aufr\u00fcstung auf Kosten von sozialen Leistungen geben. Die KollegInnen in Ver.di streiken u.a. n\u00e4chste Woche auch im Landkreis Schw\u00e4bisch Hall f\u00fcr eine Aufwertung der Erziehungsberufe in Kindertagesst\u00e4tten, der Jugendhilfe und Behindertenhilfe \u2013 das bedarf einer gr\u00f6\u00dferen finanziellen Summe f\u00fcr die Haushalte in den Kommunen, den Bundesl\u00e4ndern und dem Bund. In der Pflege bedarf es gro\u00dfer Investitionen f\u00fcr eine gesetzliche Personalbemessung. Doch jede noch so kleine soziale Forderung wird zur Disposition stehen, wenn wir nicht entschieden gegen Aufr\u00fcstung eintreten.<\/p>\n\n\n\n<p><strong>Engagiert gegen Krieg und Militarismus<\/strong><\/p>\n\n\n\n<p>Die Geschichte der Gewerkschaften war und ist immer auch eine Geschichte des Engagements gegen Krieg und Militarismus. Entschieden gegen den Aggressor, aber auch gegen milit\u00e4rische Eskalation und Aufr\u00fcstung auf allen Seiten. Daf\u00fcr gehen wir auf die Stra\u00dfe, heute und morgen auch. Vielen Dank f\u00fcr die Aufmerksamkeit!<\/p>\n\n\n\n<p><strong>Weitere Informationen \u00fcber den DGB Schw\u00e4bisch Hall:<\/strong><\/p>\n\n\n\n<p><a href=\"https:\/\/www.agmav-wuerttemberg.de\/index.php\/agmav-vorstand\/vs-jochen-duerr\" target=\"_blank\" rel=\"noreferrer noopener\">https:\/\/www.agmav-wuerttemberg.de\/index.php\/agmav-vorstand\/vs-jochen-duerr<\/a><\/p>\n\n\n\n<p><a href=\"https:\/\/stuttgart.dgb.de\/++co++8b161cae-2c3d-11ec-9355-001a4a160123\" target=\"_blank\" rel=\"noreferrer noopener\">https:\/\/stuttgart.dgb.de\/++co++8b161cae-2c3d-11ec-9355-001a4a160123<\/a><\/p>\n\n\n\n<p><a href=\"https:\/\/stuttgart.dgb.de\/ueber-uns\/kreisverbaende\" target=\"_blank\" rel=\"noreferrer noopener\">https:\/\/stuttgart.dgb.de\/ueber-uns\/kreisverbaende<\/a><\/p>\n\n\n\n<p><a href=\"https:\/\/www.swp.de\/lokales\/schwaebisch-hall\/wechsel-im-kreisvorstand-des-dgb-schwaebisch-hall-jochen-duerr-folgt-auf-siggi-hubele-59554211.html\" target=\"_blank\" rel=\"noreferrer noopener\">https:\/\/www.swp.de\/lokales\/schwaebisch-hall\/wechsel-im-kreisvorstand-des-dgb-schwaebisch-hall-jochen-duerr-folgt-auf-siggi-hubele-59554211.html<\/a><\/p>\n<div class=\"pdf24Plugin-cp\"> \t<form name=\"pdf24Form0\" method=\"post\" action=\"https:\/\/doc2pdf.pdf24.org\/wordpress.php\" target=\"pdf24PopWin\" onsubmit=\"var pdf24Win = window.open('about:blank', 'pdf24PopWin', 'resizable=yes,scrollbars=yes,width=600,height=250,left='+(screen.width\/2-300)+',top='+(screen.height\/3-125)+''); pdf24Win.focus(); if(typeof pdf24OnCreatePDF === 'function'){void(pdf24OnCreatePDF(this,pdf24Win));}\"> \t\t<input type=\"hidden\" name=\"blogCharset\" value=\"Cw1x07UAAA==\" \/><input type=\"hidden\" name=\"blogPosts\" value=\"MwQA\" \/><input type=\"hidden\" name=\"blogUrl\" value=\"yygpKSi20tcvLy\/Xy8jPSM3LARK6pXnpqWmZOSWpRSV6KakA\" \/><input type=\"hidden\" name=\"blogName\" value=\"88jPSM3LARK6pXnpqWmZOSWpRSUA\" \/><input type=\"hidden\" name=\"blogValueEncoding\" value=\"gzdeflate base64\" \/><input type=\"hidden\" name=\"postId_0\" value=\"M7I0MrYEAA==\" \/><input type=\"hidden\" name=\"postTitle_0\" value=\"U1O2MDIysvYuykxNV8gsLlFIzcxTCEstKk5MT81TSEktUgjIz8ksycxWAyk0sFZ41DD50IKg1JRUhbL8PAWv\/OQMoDqXw3uKihQ0XNydNBWSUjPB+tyARqak5hVnl+alpKcmleYBzc9TCE7OKD+8JCmzODlDwSMxJwcA\" \/><input type=\"hidden\" name=\"postLink_0\" value=\"yygpKSi20tcvLy\/Xy8jPSM3LARK6pXnpqWmZOSWpRSV6Kan69gW2RpZGxpYA\" \/><input type=\"hidden\" name=\"postAuthor_0\" value=\"S0zJzcwDAA==\" \/><input type=\"hidden\" name=\"postDateTime_0\" value=\"MzIwMtI1MNY1MFUwNLMyMLYyNgMA\" \/><input type=\"hidden\" name=\"postContent_0\" value=\"zVjBcty4Eb3vVyA6JeXhjEZeb8UuWVVySbZWsrwuK7GrckmBQ5DEEgSnAFCz0Sn\/kA\/IRd+gk2\/zJ\/mSvAeQ45F25E02e4irLM2QQHej+73XDX1zuDw69MF1tjo67xa1suJk\/dm5iTh58yq7cEr76855HW6ULZQTV4t6tb7NtV\/U4kwaMxG1DCJXWvDtRW+LSuW9rUQJK+K106qASW3j6z83TmqrhGyFOOmsVc4HWU3E06m4XN+6G3Gwf3AgZF9idSsupWvC0shww\/0PHYtK+aWLEU\/FWYdfBj8yuFalNkG5IK6VW9+VpbLB6EUdRKGV+IB4aO66MwYRvV3fYsP0cDak4HC2PPoG\/5gV1R7F1dedFdup2XXaXQF+JQOHMxjf9jW4f6tVrrBHwTL9a+QIx0uPLxhyFbfG55NdUdMJKid+f6L6gFDw9Y1aKdfgsyyDR7TFHwR+CK9YiksdKoMQfbW1CvEid70LSht8Zt4anKNSjqdT4riqnPJeIzEfeu+NtIVPZcPKTZH5XXrmBbUtfVBTcaKVZ+JoTOCJMUEwDMuc+qXGg87j27GtnC7LjU3Vu265vk3eh5T6zhWWuS8k0MpVXI3c6VrpMBGXWMKiOYXaI1viSpnch1z5oNuWG5mFNyq+11WDTSKXXgM5U\/FJO8ZXp8r1FlHHTMIioaTiXtmj1DXyrDaYZeGxcAu6rU5HdKIx0sEelgR4fyHeyYAMSqN92\/to8FIbHaRLD8z6jqloYpneuy43qlUT4Tvy0IpYKWBbnKJExUS8Nj0xTjPHru3DdAe8kFckamm6Fq5jckCAO0\/OWCEdaoBE7ULVifIrxUW1zLmUB9+GFYBBRCaUWyJXRJwaFW6IpnNZuxtV25DW\/IwqePZq\/dkWVnueWTZBX4t+KqdgOd2SQe+O\/\/RDlpAzf\/78udCtQH1a5I8rzvuqAxBXerM9lQSKFZxc\/1MJiEVg7WN9kx3tQ8wvWQAwxuXvO9RAN18SzfcfoVQyBbJZEdF8PwtY7FbSRf6AG8QCt7QdKDEm\/D3fa+IRurpZAiKpCqGhFH45rHghTr0AEnzE0BkUqHD9ohErlglbv1LLSg3VDFjtCmrICbYUgyYg28CJ8m70KZqubRNOBYQeGTOQSuqNuOmTWuCsTBfoE\/Pi4aMEA6mzox5e9aSnlajqY5ElovK8qQK5Ylux0QXfvIflpWL9EqdiRFb1inIv23BPCI4d2BiwuufR\/EYYkjUGpCmAlAORWkFU01PNBLUwDYvYdibBtlMalvGItmddfPL9Ji2M9QUkevaUW7B5ks4pe0DLipKeTfQWnQObJIR7WH6iUcqQSt7kFC4bWxNo5ciCpBTvVI\/DGyAunquBYowZU34qjqkxhQZUoFGOgY0qzBx67PgLlDQGgnDLzlSBEX0\/RoQ8\/7BcdmjqVPAvDEslIdjqBOJXMClj1fjQM\/ThkJcKViyg4vt04lbVLloPyKZKniMnaOcEObAM1Yaho53LiUCcRulUfQI6xt4OUUSJ0V\/6S3RS65SlobfF5watERDayL1w2DEk+wzU7G0ZEuo8Qk9VG5sybZ6M9cECKBSC2yGcF6lJVabLpdlkCopy3d1oHnuXaH7sNmcCqhfIz6JJaD\/TPHDl6L8yss+DaKVlyJOEur4tJZWQ5xp7wsBUCstGo9CQ0DIHdEbg0bAdGgs8Xf0NXazFB0+OsjsbdD8pPnDJII+UAuiDBNMrVa\/vwGi++AD6xWwlTCbVYW\/uPT\/HzkusQpYn2wsr10VOvNZW2hvMaJwd0zDEAJLyrACXGDA6eKq17cbqJDNQxkRSmPqE1csyDnEMlHrD5hwFy4sSqv5CnHNUk0k5WuYMQ0eSiVMPAsWUxORdxS63iV006zuLrIlfKvEkyYq0+GS2BrLU+fgufefKYXRYYYrA\/4aRc+g9ZUGLe4PELrSdWqI7QTSx87gv3fqzj0lHnMGpxxq1dH0LTqDVinEU5BDGg6fMNyiKSYN8Z24Y1RUmcYzh7EeVirSCS8XHsAAat+s7xhAruB0IiHi2vqvTgDzf3ydUjZZsN1FOh3z1gxCID8NGD4Wo4hzBjevPlL4bQIpDDptP1LxXrg+h0zbOlqhC0TcBM2Y+ZVPExFcOg9H9Um+Hx\/Zx0fmxGXuUMRb2LSbNMLbJPLZGPdby+3GKQcOfFkQZxsmG5eUsYte3ixoGxSfeBgaJasVbhNjwovTIFSDGicjQiTesOXUAVc1k4PR9Ga8kF5oJRyUwWuNIIQ6tXIzZBlJQa1OmufOVqtNSZdPDf\/39H7HKuYqZGXm4vgMRSdkyUpHTNSWhb9stPrL71Wwww\/CGTHA6Tr5H0Bj0vDgMpc7axsdTdJQ0EJWE\/ca7HyTA4f01Jy5SbwRQTAZOiMEwtpLY8SlWOcjuOSSgHpSCH8nnKAq+w+gc9w01FK\/j4MFcgl0FRhQAHdeHsaMl9k0gWTZxMPVY9Z\/RajcjK8lRKQwbkzg8HNl3EjLOiJtrQ\/HgPkaRkMPM4NmlW0pfP6jg\/Z0YUhgG5Tz4rwYCkvzsrPw03Ns6tJk4cERH6fWjkhkvFA9olabWJKQU5FjZaiN5461tmLwnwx0pjgnUmKT4U\/ERiOR0IG3zBY\/w1TI9suWN7Hc7ivEpdSKgCwNoKwd0JR3hKal5D5n4YucNXwo05fLlXh3C0r+YzVar1VRWrbzOVlAtELCFzWpaqBn59tN0WS9n6T3\/JhLA+9m1z36MfxvICmxxe5h\/cMLwcu+vOaSr2RNOmZd7toMfvEaEtuuWkFe3d\/TbeT2cya+eC5ULocJMNy2qnIafPFl0T578MZ9\/N19IlR0snhbZfK4W2fOnz55l+\/tz+a2cf7c\/P3j6aw70P7j7r0\/SQ8Jdhgv6LEow2lUuOTf9JnE\/ZvyXomRF\/WpJE6YDk5SfAYgrqSIgM8itma0UeokymW6zZvwrG2ubgegZ\/GcPd9yreBan+gxMy7yuKp3VfQ4yZc+eP3v27cF8Pq1Da34tGP8PQt9k+N8=\" \/> \t\t<a href=\"https:\/\/www.pdf24.org\" target=\"_blank\" title=\"www.pdf24.org\" rel=\"nofollow\"><img src=\"https:\/\/www.hohenlohe-ungefiltert.de\/wp-content\/plugins\/pdf24-post-to-pdf\/img\/pdf_32x32.png\" alt=\"\" border=\"0\" height=\"32\" \/><\/a> \t\t<span class=\"pdf24Plugin-cp-space\">&nbsp;&nbsp;<\/span> \t\t<span class=\"pdf24Plugin-cp-text\">Sende Artikel als PDF<\/span> \t\t<span class=\"pdf24Plugin-cp-space\">&nbsp;&nbsp;<\/span> \t\t<input class=\"pdf24Plugin-cp-input\" style=\"margin: 0px;\" type=\"text\" name=\"sendEmailTo\" placeholder=\"Emailadresse\" \/> \t\t<input class=\"pdf24Plugin-cp-submit\" style=\"margin: 0px;\" type=\"submit\" value=\"Senden\" \/> \t<\/form> <\/div>","protected":false},"excerpt":{"rendered":"<p>Jochen D\u00fcrr, DGB-Kreisvorsitzender Schw\u00e4bisch Hall, hat bei der Kundgebung f\u00fcr Frieden in der Ukraine am Donnerstag, 3. M\u00e4rz 2022 auf dem Marktplatz in Schw\u00e4bisch Hall gesprochen. Hohenlohe-ungefiltert ver\u00f6ffentlicht die Rede in voller L\u00e4nge. Rede von Jochen D\u00fcrr bei der Kundgebung in Schw\u00e4bisch Hall f\u00fcr Frieden in der Ukraine Liebe Freundinnen. Liebe Kolleginnen, der DGB (Deutscher [&hellip;]<\/p>\n","protected":false},"author":1,"featured_media":0,"comment_status":"open","ping_status":"open","sticky":false,"template":"","format":"standard","meta":[],"categories":[1],"tags":[],"_links":{"self":[{"href":"https:\/\/www.hohenlohe-ungefiltert.de\/index.php?rest_route=\/wp\/v2\/posts\/29239"}],"collection":[{"href":"https:\/\/www.hohenlohe-ungefiltert.de\/index.php?rest_route=\/wp\/v2\/posts"}],"about":[{"href":"https:\/\/www.hohenlohe-ungefiltert.de\/index.php?rest_route=\/wp\/v2\/types\/post"}],"author":[{"embeddable":true,"href":"https:\/\/www.hohenlohe-ungefiltert.de\/index.php?rest_route=\/wp\/v2\/users\/1"}],"replies":[{"embeddable":true,"href":"https:\/\/www.hohenlohe-ungefiltert.de\/index.php?rest_route=%2Fwp%2Fv2%2Fcomments&post=29239"}],"version-history":[{"count":7,"href":"https:\/\/www.hohenlohe-ungefiltert.de\/index.php?rest_route=\/wp\/v2\/posts\/29239\/revisions"}],"predecessor-version":[{"id":29246,"href":"https:\/\/www.hohenlohe-ungefiltert.de\/index.php?rest_route=\/wp\/v2\/posts\/29239\/revisions\/29246"}],"wp:attachment":[{"href":"https:\/\/www.hohenlohe-ungefiltert.de\/index.php?rest_route=%2Fwp%2Fv2%2Fmedia&parent=29239"}],"wp:term":[{"taxonomy":"category","embeddable":true,"href":"https:\/\/www.hohenlohe-ungefiltert.de\/index.php?rest_route=%2Fwp%2Fv2%2Fcategories&post=29239"},{"taxonomy":"post_tag","embeddable":true,"href":"https:\/\/www.hohenlohe-ungefiltert.de\/index.php?rest_route=%2Fwp%2Fv2%2Ftags&post=29239"}],"curies":[{"name":"wp","href":"https:\/\/api.w.org\/{rel}","templated":true}]}}