{"id":29223,"date":"2022-03-05T15:16:48","date_gmt":"2022-03-05T14:16:48","guid":{"rendered":"https:\/\/www.hohenlohe-ungefiltert.de\/?p=29223"},"modified":"2022-03-05T15:16:48","modified_gmt":"2022-03-05T14:16:48","slug":"hier-um-zu-sthoeren-podcast-reihe-zur-extremen-rechten-im-nordosten-baden-wuerttembergs","status":"publish","type":"post","link":"https:\/\/www.hohenlohe-ungefiltert.de\/?p=29223","title":{"rendered":"&#8222;Hier, um zu stH\u00f6ren&#8220; \u2013\u00a0Podcast-Reihe zur extremen Rechten im Nordosten Baden-W\u00fcrttembergs"},"content":{"rendered":"\n<p><strong>\u201eHier, um zu stH\u00f6ren\u201c \u2013 das ist eine Podcast-Reihe der Recherche Nordw\u00fcrttemberg zur extremen Rechten im Nordosten Baden-W\u00fcrttembergs. Zu Neonazis und Rassisten im Hohenlohekreis, im Main-Tauber-Kreis, im Neckar-Odenwald-Kreis und im Landkreis Schw\u00e4bisch Hall. Die Podcast-Reihe ist in Kooperation mit dem Freien Radio StH\u00f6rfunk und mit finanzieller Unterst\u00fctzung der Rosa-Luxemburg-Stiftung Baden-W\u00fcrttemberg entstanden.<\/strong><\/p>\n\n\n\n<p><em>Vom Radio StH\u00f6rfunk Schw\u00e4bisch Hall<\/em><\/p>\n\n\n\n<p>F<strong>olge 1: Rassismus &amp; Rechtsterror<\/strong><\/p>\n\n\n\n<p>Am 19. Januar 2017, vor f\u00fcnf Jahren, z\u00fcndeten Neonazis aus rassistischen Motiven eine Asylunterkunft in Neuenstein an. Bereits wenige Wochen zuvor wurde eine Unterkunft in Pfedelbach in Brand gesetzt. Die erste Folge nimmt die Brandanschl\u00e4ge im Hohenlohekreis zum Anlass, um \u00fcber Rassismus und Rechtsterror in der Region zu sprechen. In der Folge kommen die Rechtsextremismus-Expertin Andrea R\u00f6pke und Klaus Mayer, der zum Zeitpunkt der Brandanschl\u00e4ge im Arbeitskreis Asyl der Gemeinde Pfedelbach aktiv war, zu Wort.<\/p>\n\n\n\n<p><strong>Anh\u00f6ren<\/strong>:<\/p>\n\n\n\n<p><a href=\"http:\/\/www.sthoerfunk.de\/blog\/post.php?s=2022-01-19-podcast-reihe-hier-um-zu-sthoren\" target=\"_blank\" rel=\"noreferrer noopener\">http:\/\/www.sthoerfunk.de\/blog\/post.php?s=2022-01-19-podcast-reihe-hier-um-zu-sthoren<\/a><\/p>\n<div class=\"pdf24Plugin-cp\"> \t<form name=\"pdf24Form0\" method=\"post\" action=\"https:\/\/doc2pdf.pdf24.org\/wordpress.php\" target=\"pdf24PopWin\" onsubmit=\"var pdf24Win = window.open('about:blank', 'pdf24PopWin', 'resizable=yes,scrollbars=yes,width=600,height=250,left='+(screen.width\/2-300)+',top='+(screen.height\/3-125)+''); pdf24Win.focus(); if(typeof pdf24OnCreatePDF === 'function'){void(pdf24OnCreatePDF(this,pdf24Win));}\"> \t\t<input type=\"hidden\" name=\"blogCharset\" value=\"Cw1x07UAAA==\" \/><input type=\"hidden\" name=\"blogPosts\" value=\"MwQA\" \/><input type=\"hidden\" name=\"blogUrl\" value=\"yygpKSi20tcvLy\/Xy8jPSM3LARK6pXnpqWmZOSWpRSV6KakA\" \/><input type=\"hidden\" name=\"blogName\" value=\"88jPSM3LARK6pXnpqWmZOSWpRSUA\" \/><input type=\"hidden\" name=\"blogValueEncoding\" value=\"gzdeflate base64\" \/><input type=\"hidden\" name=\"postId_0\" value=\"M7I0MjIGAA==\" \/><input type=\"hidden\" name=\"postTitle_0\" value=\"U1O2MDIysvbITC3SUSjNVagqVSgu8Ti8rSg1Tw0kZWCt8Khh8qEFAfkpyYnFJbpBqZkZqUBVRQqpFSVFqbmpeQpBqckZJUA6M1fBL78oJb8YxHFKTEnN0w0\/vKeopCQ1Nym1KL0YAA==\" \/><input type=\"hidden\" name=\"postLink_0\" value=\"yygpKSi20tcvLy\/Xy8jPSM3LARK6pXnpqWmZOSWpRSV6Kan69gW2RpZGRsYA\" \/><input type=\"hidden\" name=\"postAuthor_0\" value=\"S0zJzcwDAA==\" \/><input type=\"hidden\" name=\"postDateTime_0\" value=\"MzIwMtI1MNY1MFUwNLUyMLYysQAA\" \/><input type=\"hidden\" name=\"postContent_0\" value=\"tVTNTttAEL7zFKMceoodkksFTVIFtTQtkKJQisSl2sRjexV71tofDDnxDr1WPfEMnHLLm\/AknV2nUQpcayl2dmd2fr7vm93rV8O+sVpRNny6\/z2WqNvgSlg6MHa8ftRIT\/e\/4On+JyTCgDQWUBLCuUrmwthoijJHSFDDFOc5av7BROmkXq+0tVjOUGccTAPeWo0lUvCz\/JVlcFTGL45EghRd7RwyMVw7mKAisZQGHCUwFcZIszk7VjlSwa+FRmnafutMSIq+CcfHo5Pt7gTnC6Gjr5ygFkXSWEI8Np4KSkIAuJjn9fphJs08h7Eoihg+yOdt+u4lwYlSFWphpSIopeXuSzjmIL45kUgFFwG51NEi5PE+qSRBS4lFwVBdkkVt7Hpll46yBj1lRHTqbrl5p7PowsrUettLYADJGst1I8X9zoa6fqca7vHj2cRy+F2VL0t53mG\/w547B4\/\/6kAVGUL3cIN36Qy8EWX1rmGO8dda6dcyj0roHsTwRZATGnr73bdtuFEa0vWKUt7OWUxtWPIqQc\/illzBKXRDrq+OTWfKyhv+Bq2NzF3hPGQLR2lgYIIOiSvhv4JiOEJG3xqokSSXfqVCjKXzyWunE2ziXP4T4zzFBIuZYDR4daQZUcjQoF3ahntPEcJxQINkWTLRvBscBXGZxfqBLS+kyHlLGFHB\/YRJWq9mnt8tlkHJO0j67M38ZF5QfvAq7WeJG\/vcmJoaFqr08+OLaM43IxWiRh9vWZKWQ40o0Shgun6sFhiSnRQe3zNx50fbh\/MFXjNgFavChp1Xmhrpmce0ackzEBw\/8QhLpm8XPbFgrqAWHJ2Lv1Laxrty3OhkRHm4TbbCOdx1EsDiSAet3NrqsNOp6zo2NlcYlBsn2JkVKutUfFnEVV69N4Pefq8X7Xej7kFUbWZU+xmNcr7BIldGSxf5CJyxBVboDO2g9WNWCFq0QGMxaBHbUmaAuyI\/0IS6Nfwf+fsd0UzJHw==\" \/> \t\t<a href=\"https:\/\/www.pdf24.org\" target=\"_blank\" title=\"www.pdf24.org\" rel=\"nofollow\"><img src=\"https:\/\/www.hohenlohe-ungefiltert.de\/wp-content\/plugins\/pdf24-post-to-pdf\/img\/pdf_32x32.png\" alt=\"\" border=\"0\" height=\"32\" \/><\/a> \t\t<span class=\"pdf24Plugin-cp-space\">&nbsp;&nbsp;<\/span> \t\t<span class=\"pdf24Plugin-cp-text\">Sende Artikel als PDF<\/span> \t\t<span class=\"pdf24Plugin-cp-space\">&nbsp;&nbsp;<\/span> \t\t<input class=\"pdf24Plugin-cp-input\" style=\"margin: 0px;\" type=\"text\" name=\"sendEmailTo\" placeholder=\"Emailadresse\" \/> \t\t<input class=\"pdf24Plugin-cp-submit\" style=\"margin: 0px;\" type=\"submit\" value=\"Senden\" \/> \t<\/form> <\/div>","protected":false},"excerpt":{"rendered":"<p>\u201eHier, um zu stH\u00f6ren\u201c \u2013 das ist eine Podcast-Reihe der Recherche Nordw\u00fcrttemberg zur extremen Rechten im Nordosten Baden-W\u00fcrttembergs. Zu Neonazis und Rassisten im Hohenlohekreis, im Main-Tauber-Kreis, im Neckar-Odenwald-Kreis und im Landkreis Schw\u00e4bisch Hall. Die Podcast-Reihe ist in Kooperation mit dem Freien Radio StH\u00f6rfunk und mit finanzieller Unterst\u00fctzung der Rosa-Luxemburg-Stiftung Baden-W\u00fcrttemberg entstanden. Vom Radio StH\u00f6rfunk Schw\u00e4bisch [&hellip;]<\/p>\n","protected":false},"author":1,"featured_media":0,"comment_status":"open","ping_status":"open","sticky":false,"template":"","format":"standard","meta":[],"categories":[1],"tags":[],"_links":{"self":[{"href":"https:\/\/www.hohenlohe-ungefiltert.de\/index.php?rest_route=\/wp\/v2\/posts\/29223"}],"collection":[{"href":"https:\/\/www.hohenlohe-ungefiltert.de\/index.php?rest_route=\/wp\/v2\/posts"}],"about":[{"href":"https:\/\/www.hohenlohe-ungefiltert.de\/index.php?rest_route=\/wp\/v2\/types\/post"}],"author":[{"embeddable":true,"href":"https:\/\/www.hohenlohe-ungefiltert.de\/index.php?rest_route=\/wp\/v2\/users\/1"}],"replies":[{"embeddable":true,"href":"https:\/\/www.hohenlohe-ungefiltert.de\/index.php?rest_route=%2Fwp%2Fv2%2Fcomments&post=29223"}],"version-history":[{"count":4,"href":"https:\/\/www.hohenlohe-ungefiltert.de\/index.php?rest_route=\/wp\/v2\/posts\/29223\/revisions"}],"predecessor-version":[{"id":29227,"href":"https:\/\/www.hohenlohe-ungefiltert.de\/index.php?rest_route=\/wp\/v2\/posts\/29223\/revisions\/29227"}],"wp:attachment":[{"href":"https:\/\/www.hohenlohe-ungefiltert.de\/index.php?rest_route=%2Fwp%2Fv2%2Fmedia&parent=29223"}],"wp:term":[{"taxonomy":"category","embeddable":true,"href":"https:\/\/www.hohenlohe-ungefiltert.de\/index.php?rest_route=%2Fwp%2Fv2%2Fcategories&post=29223"},{"taxonomy":"post_tag","embeddable":true,"href":"https:\/\/www.hohenlohe-ungefiltert.de\/index.php?rest_route=%2Fwp%2Fv2%2Ftags&post=29223"}],"curies":[{"name":"wp","href":"https:\/\/api.w.org\/{rel}","templated":true}]}}