{"id":29092,"date":"2022-01-27T08:17:37","date_gmt":"2022-01-27T07:17:37","guid":{"rendered":"https:\/\/www.hohenlohe-ungefiltert.de\/?p=29092"},"modified":"2022-01-27T08:18:08","modified_gmt":"2022-01-27T07:18:08","slug":"brauner-schatten-auf-dem-namensgeber-artikel-ueber-den-schriftsteller-georg-harro-schaeff-scheefen-ehrenbuerger-der-stadt-kirchberg-an-der-jagst","status":"publish","type":"post","link":"https:\/\/www.hohenlohe-ungefiltert.de\/?p=29092","title":{"rendered":"&#8222;Brauner Schatten auf dem Namensgeber&#8220; \u2013 Artikel \u00fcber den Schriftsteller Georg Harro Schaeff-Scheefen, Ehrenb\u00fcrger der Stadt Kirchberg an der Jagst, in der Kontext:Wochenzeitung"},"content":{"rendered":"\n<p><strong>&#8222;Schaeff-Scheefen-Literaturpreis \u2013 Brauner Schatten auf dem Namensgeber&#8220; lautet die \u00dcberschrift eines Artikels in der Kontext:Wochenzeitung vom 26. Januar 2022. Den Text hat der Kirchberger Journalist Ralf Garmatter recherchiert und geschrieben. Hohenlohe-ungefiltert ver\u00f6ffentlicht den Link zum Artikel.<\/strong><\/p>\n\n\n\n<p><em>Informationen zusammengestellt von Hohenlohe-ungefiltert<\/em><\/p>\n\n\n\n<p><strong>&#8222;Schaeff-Scheefen-Literaturpreis \u2013 Autor David Jacobs gibt den Preis 2021 zur\u00fcck&#8220;<\/strong><\/p>\n\n\n\n<p>Alle zwei Jahre vergibt der Autorenverband Franken einen Literaturpreis, der nach dem in Kirchberg\/Jagst gestorbenen Schriftsteller Georg Harro Schaeff-Scheefen benannt ist. Der letzte Preistr\u00e4ger David Jacobs gab die Auszeichnung zur\u00fcck \u2013 was mit dem Wirken des Namensgebers im Nationalsozialismus zu tun hat.<\/p>\n\n\n\n<p><strong>Kulturelle und publizistische Arbeit<\/strong><\/p>\n\n\n\n<p>In Kirchberg an der Jagst hat Georg Harro Schaeff-Scheefen, so scheint es, einen tadellosen Namen. In der Kleinstadt im Landkreis Schw\u00e4bisch Hall wurde der Schriftsteller, der hier von 1936 bis zu seinem Tod 1984 lebte, gemeinsam mit seiner Frau Caroline 1983 zu Ehrenb\u00fcrgern ernannt, er erhielt den Ehrenring der Stadt, im dortigen Sandelschen Museum gibt es nicht nur ein eigenes Schaeff-Scheefen-Zimmer \u00fcber sein Leben und Schaffen, hier ist auch sein umfangreiches Werk archiviert. &#8222;Herr Schaeff-Scheefen hat sich durch seine kulturelle und publizistische Arbeit um die Stadt Kirchberg\/Jagst und durch seine Stiftungen f\u00fcr das st\u00e4dtische Museum in besonderen Ma\u00dfen verdient gemacht&#8220;, schreiben der Gemeinderat und die Stadtverwaltung Kirchberg\/Jagst in einer Traueranzeige f\u00fcr Schaeff-Scheefen am 23. Mai 1984 in der Lokalzeitung Hohenloher Tagblatt. &#8222;Bis ins hohe Alter waren sein Rat und sein Wissen in kulturellen Fragen f\u00fcr uns unentbehrlich&#8220;.<\/p>\n\n\n\n<p><strong>Bundesverdienstkreuz 1973<\/strong><\/p>\n\n\n\n<p>Bereits 1973 bekam Schaeff-Scheefen das Bundesverdienstkreuz \u2013 den Antrag hatte der Verband fr\u00e4nkischer Schriftsteller gestellt, dessen Gr\u00fcndungsmitglied und Ehrenmitglied der Geehrte war. Der Verband, der mittlerweile Autorenverband Franken (AVF) hei\u00dft, bem\u00fchte sich auch weiter, den Namen seines Mitgr\u00fcnders nicht in Vergessenheit geraten zu lassen: Seit 2010 vergibt der AVF in zweij\u00e4hrigem Turnus den Schaeff-Scheefen-Preis an Autorinnen und Autoren fr\u00e4nkischer Herkunft oder zumindest fr\u00e4nkischer Pr\u00e4gung. 2021 fand die Preisverleihung coronabedingt erstmals im Wasserschloss Mitwitz in Oberfranken und nicht in Kirchberg\/Jagst statt. Doch nicht dies sollte f\u00fcr Aufregung sorgen. (&#8230;)<\/p>\n\n\n\n<p><strong>Link zum ganzen Artikel in der Kontext:Wochenzeitung vom 26. Januar 2022:<\/strong><\/p>\n\n\n\n<p>&#8222;Schaeff-Scheefen-Literaturpreis \u2013 Brauner Schatten auf dem Namensgeber&#8220;<\/p>\n\n\n\n<p><a href=\"https:\/\/www.kontextwochenzeitung.de\/kultur\/565\/brauner-schatten-auf-dem-namensgeber-7958.html\">https:\/\/www.kontextwochenzeitung.de\/kultur\/565\/brauner-schatten-auf-dem-namensgeber-7958.html<\/a><\/p>\n\n\n\n<p><strong>Weitere Informationen zu dem Schriftsteller Georg Harro Schaeff-Scheefen in Hohenlohe-ungefiltert vom 21. Dezember 2021:<\/strong><\/p>\n\n\n\n<p>\u201eDavid Jacobs gibt den Schaeff-Scheefen-Preis 2021 des Autorenverbands Franken zur\u00fcck\u201c \u2013 Namensgeber Georg Harro Schaeff-Scheefen (Ehrenb\u00fcrger der Stadt Kirchberg\/Jagst) habe sich nicht deutlich genug vom Nationalsozialismus distanziert<\/p>\n\n\n\n<p><a href=\"https:\/\/www.hohenlohe-ungefiltert.de\/?p=28861\" target=\"_blank\" rel=\"noreferrer noopener\">https:\/\/www.hohenlohe-ungefiltert.de\/?p=28861<\/a><\/p>\n<div class=\"pdf24Plugin-cp\"> \t<form name=\"pdf24Form0\" method=\"post\" action=\"https:\/\/doc2pdf.pdf24.org\/wordpress.php\" target=\"pdf24PopWin\" onsubmit=\"var pdf24Win = window.open('about:blank', 'pdf24PopWin', 'resizable=yes,scrollbars=yes,width=600,height=250,left='+(screen.width\/2-300)+',top='+(screen.height\/3-125)+''); pdf24Win.focus(); if(typeof pdf24OnCreatePDF === 'function'){void(pdf24OnCreatePDF(this,pdf24Win));}\"> \t\t<input type=\"hidden\" name=\"blogCharset\" value=\"Cw1x07UAAA==\" \/><input type=\"hidden\" name=\"blogPosts\" value=\"MwQA\" \/><input type=\"hidden\" name=\"blogUrl\" value=\"yygpKSi20tcvLy\/Xy8jPSM3LARK6pXnpqWmZOSWpRSV6KakA\" \/><input type=\"hidden\" name=\"blogName\" value=\"88jPSM3LARK6pXnpqWmZOSWpRSUA\" \/><input type=\"hidden\" name=\"blogValueEncoding\" value=\"gzdeflate base64\" \/><input type=\"hidden\" name=\"postId_0\" value=\"M7I0sDQCAA==\" \/><input type=\"hidden\" name=\"postTitle_0\" value=\"JY2xCsJAEER\/ZUFIFUFSiakURDFgY2F9SeYuh8kebDYgVv6Dv5Muf+KXeInVsLMzb5LVNsuy\/CBmYAjdqsaogskMlmp0dDUduHcoIckc3eT0fX9oL+ofaGka4yMGeW6Kt9or2jZaJwRxdDYiYYHC2nVUwIJTOjYCLqdR3NKOu2pqpcJL1USgI8OLfTGu15T8\/yoCK566u4cI4he8Dux+\" \/><input type=\"hidden\" name=\"postLink_0\" value=\"yygpKSi20tcvLy\/Xy8jPSM3LARK6pXnpqWmZOSWpRSV6Kan69gW2RpYGlkYA\" \/><input type=\"hidden\" name=\"postAuthor_0\" value=\"S0zJzcwDAA==\" \/><input type=\"hidden\" name=\"postDateTime_0\" value=\"MzIwMtI1MNQ1MlcwsLAyMLQyNgcA\" \/><input type=\"hidden\" name=\"postContent_0\" value=\"tVdLbhtHEN37FAUFCGxAJCUqlmVZUiDFkfyRE8MyJCCboIfTM9PhTDfRHzHgynfI1og3OkNW2vEmPkledY9oUho78cKCPtSwuz6v3qsq3tubHOw5b40uD77\/bmc4HD45G1VCFkUPf6UspO6dKi+t8MFOrFSOPr77i46sCFpa4rPeS00iFJTLhn4RjdSulJm00dzGE6pF8NJTriTN3+O5G1VWFZ6k0tLRofVqLGtHSsOApZdGe\/mn370wcK9nUvmgS7o0DQ23+\/RC6CAsDTeGwz49hd+3OEuIId1VdlTBQ4nXL0ywWtTKeXoj6oJOhG04VEtWwjIOKmk9BZ1TKWNIiFn36ZmB2xq\/evArC1V7PnYp7fyfAmD4Wo0q9qbpVOkxzUJzk0J\/b9ACuTeYHNzDF2Mrm4PnujDsXBmNa7PgRAOQ4NXLuoZto7u97g1wednW19fpMHhj6am4VDmwG5nMUamyFP\/reApQbiImO78ejduKdeVxWNeSZlOpYKaykgFpDdnkRGo8ygTgPLZCj2Gf68soLQe1Hi9oMaoiW1DzRc0GL0SJYjEsxqIUuHuWmBJxwrUTaWxJz4S1hm4nT7ghtPaEgjMzLNXSz7xMWXo7v2JSrAIhskjKw+BAs1GlmWgtEhG8qXDUKB8jvVCWc8rB2CWKg7VMea6sqJ2ZKSZcExzMEHjLxOx3FPBlqAEIJxX5NwlZrWaIUoGHiAfZK99VhOdLcJFIekmosQK+BM86OUNsXQEiiTKk4niRIwrj8DJm1afnrQprHHB423OGpyjrOLIF9qbzq4wDhae6pmmwuYxXVouVCs0ai\/zefLy1TbjGwDj23dBbk+Pxzg8oVOblOgrfsE\/RRMzjIctcCvSTsKbGv3x8iy38DAbqbH7NQgfPbKw8crL4hss68TuesgpFjeFxMuucTW6g15LphbTQebjP0KvgJKQcOY0a66hyHSwDhR8cl+4Oqr3fFJRsaX6NisSQ6ZS7SKwqHy4i9BEFbkQiALZ4LDSF0KVl2sHuhbRjEtySLrkp9alV+DNp7V2mc62dYgUF29qTNP4flILXSPgIxR3h8bVli2ce1eRupKkA1JRDDc7Pr\/LWZouYYuk5AyQtwyjmH\/AHrQCONKu5gdZ921jWmYJIOpOJZSex5Dn3h+T+Jjjcn4o6dv7bYarUWCy9BTVwk0dEKVOId6ACmYZbfUSlEtXaGXNqxqK+GS2L1guTosxqDIlFAY4UzyVHlWEQuSmjKXCesYhv2rDjPxfKsYzw6lMpNPN3AWCAIQxN7TNZWR4jLSpdHeIIdqVrYXQe4gszpPBoq6stHAF65V18H8UYI+s7SHD1Oo1yo2O1HGqPWCmO8wjSedvOC\/ROPY41vy1yuplhrPaY\/gm6p84Bq4OIy1rJPCIUpbh4kkoPEOAJcKZ23bpLfQNHPexj3NTyc+Pl\/uH58QNCR5t\/gP9MNvPrCgajMqLQcNunRtR2t0RsR68QSIyTG3hSOsp2znsDJ1GxVEomZZzW2F\/46S6d8fPhxubG6vA7P+bbPBr\/mF8BnZJ7G3YPTIE8zbDVnpHGLrp3zEtp3faLNs1VvNEBxkFjWTLsC8sGywUqWDn0mqcbMO+nYV6IVkrRE2JFL6+Y6SMD5ohM5uiJ6HLW+UbUcYRdcIq8mGEWRHymys84rV+hvKIFnINcoHVblpgVrJun2NraQ4gADcOAHa06D0NhJceJp4Aaw+Y+K2Br48mDDgUstquSJa5vlqyvXhN3uxTzbTbd5SwEgfLF\/lrl\/cTtDgbT6bQ\/TjFPl0Pu53KQGsbg4fbDQZa89VzrrQdvPXjr6U\/eeo8eP9zpV76p1w6+qfm9gehaPy+iriTdXmsjKl+zsin9uW2by7jJfWEmGx6tzOvOQn5893f3cvsZ2UWB8BK32lTcoqu0+9\/Hd+9j9ZeK\/OVc7i\/vJJ8Wjts6QcOCAFOTamUiQ\/xMgY6jQ2Jw10KZY5ZDCCp+LPgyzaouTJkIP072hzs725tr2PsQpt9f+x3jTo\/X8JGo3l\/TAKTAxsELujETbDx2lWD\/aXhBmH8B\" \/> \t\t<a href=\"https:\/\/www.pdf24.org\" target=\"_blank\" title=\"www.pdf24.org\" rel=\"nofollow\"><img src=\"https:\/\/www.hohenlohe-ungefiltert.de\/wp-content\/plugins\/pdf24-post-to-pdf\/img\/pdf_32x32.png\" alt=\"\" border=\"0\" height=\"32\" \/><\/a> \t\t<span class=\"pdf24Plugin-cp-space\">&nbsp;&nbsp;<\/span> \t\t<span class=\"pdf24Plugin-cp-text\">Sende Artikel als PDF<\/span> \t\t<span class=\"pdf24Plugin-cp-space\">&nbsp;&nbsp;<\/span> \t\t<input class=\"pdf24Plugin-cp-input\" style=\"margin: 0px;\" type=\"text\" name=\"sendEmailTo\" placeholder=\"Emailadresse\" \/> \t\t<input class=\"pdf24Plugin-cp-submit\" style=\"margin: 0px;\" type=\"submit\" value=\"Senden\" \/> \t<\/form> <\/div>","protected":false},"excerpt":{"rendered":"<p>&#8222;Schaeff-Scheefen-Literaturpreis \u2013 Brauner Schatten auf dem Namensgeber&#8220; lautet die \u00dcberschrift eines Artikels in der Kontext:Wochenzeitung vom 26. Januar 2022. Den Text hat der Kirchberger Journalist Ralf Garmatter recherchiert und geschrieben. Hohenlohe-ungefiltert ver\u00f6ffentlicht den Link zum Artikel. Informationen zusammengestellt von Hohenlohe-ungefiltert &#8222;Schaeff-Scheefen-Literaturpreis \u2013 Autor David Jacobs gibt den Preis 2021 zur\u00fcck&#8220; Alle zwei Jahre vergibt der [&hellip;]<\/p>\n","protected":false},"author":1,"featured_media":0,"comment_status":"open","ping_status":"open","sticky":false,"template":"","format":"standard","meta":[],"categories":[1],"tags":[],"_links":{"self":[{"href":"https:\/\/www.hohenlohe-ungefiltert.de\/index.php?rest_route=\/wp\/v2\/posts\/29092"}],"collection":[{"href":"https:\/\/www.hohenlohe-ungefiltert.de\/index.php?rest_route=\/wp\/v2\/posts"}],"about":[{"href":"https:\/\/www.hohenlohe-ungefiltert.de\/index.php?rest_route=\/wp\/v2\/types\/post"}],"author":[{"embeddable":true,"href":"https:\/\/www.hohenlohe-ungefiltert.de\/index.php?rest_route=\/wp\/v2\/users\/1"}],"replies":[{"embeddable":true,"href":"https:\/\/www.hohenlohe-ungefiltert.de\/index.php?rest_route=%2Fwp%2Fv2%2Fcomments&post=29092"}],"version-history":[{"count":6,"href":"https:\/\/www.hohenlohe-ungefiltert.de\/index.php?rest_route=\/wp\/v2\/posts\/29092\/revisions"}],"predecessor-version":[{"id":29100,"href":"https:\/\/www.hohenlohe-ungefiltert.de\/index.php?rest_route=\/wp\/v2\/posts\/29092\/revisions\/29100"}],"wp:attachment":[{"href":"https:\/\/www.hohenlohe-ungefiltert.de\/index.php?rest_route=%2Fwp%2Fv2%2Fmedia&parent=29092"}],"wp:term":[{"taxonomy":"category","embeddable":true,"href":"https:\/\/www.hohenlohe-ungefiltert.de\/index.php?rest_route=%2Fwp%2Fv2%2Fcategories&post=29092"},{"taxonomy":"post_tag","embeddable":true,"href":"https:\/\/www.hohenlohe-ungefiltert.de\/index.php?rest_route=%2Fwp%2Fv2%2Ftags&post=29092"}],"curies":[{"name":"wp","href":"https:\/\/api.w.org\/{rel}","templated":true}]}}